{"id":3415,"date":"2015-10-06T18:09:08","date_gmt":"2015-10-06T18:09:08","guid":{"rendered":"http:\/\/alume.org\/?p=3415"},"modified":"2016-04-19T06:27:15","modified_gmt":"2016-04-19T06:27:15","slug":"a-antesala-luminosa-unha-novela-que-racha-prexuizos","status":"publish","type":"post","link":"https:\/\/alume.org\/es\/a-antesala-luminosa-unha-novela-que-racha-prexuizos\/","title":{"rendered":"\u00abA Antesala Luminosa\u00bb, unha novela que racha prexu\u00edzos"},"content":{"rendered":"<div>Antonio Tiz\u00f3n presentou en Lugo o 18 de setembro a s\u00faa novela \u00abA Antesala Luminosa\u00bb, nun acto celebrado na Librer\u00eda Trama, \u00f3 que acudiron, adem\u00e1is do propio autor, o editor Manuel Bragado, o xornalista Angel Vaqueiro e o presidente de Alume, Manuel Fern\u00e1ndez.<\/div>\n<div><\/div>\n<div>\u00abA Antesala Luminosa\u00bb ten d\u00faas tramas entrelazadas, unha policiaca e outra dram\u00e1tica, persoal e autobiogr\u00e1fica, protagonizada por un home que sofre un transtorno bipolar. Tiz\u00f3n converteu en novela a s\u00faa propia experiencia, dun xeito realista pero \u00f3 mesmo tempo literario. O dominio da t\u00e9cnica narrativa, o seu talento e \u00f3 mesmo tempo as s\u00faas vivencias como v\u00edtima da bipolaridade lle permitiron crear unha obra que racha prexu\u00edzos contra as enfermidades mentais.<\/div>\n<div><\/div>\n<div>\u00abA Antesala Luminosa\u00bb \u00e9 real e realista, axuda a entender dende dentro a enfermidade e a ver como enfermo a quen a padece, con cercan\u00eda pero sen paternalismos nin sentimentalismos; con humor, pero sen burla, coa dignidade e o respeto que merece a verdade.<\/div>\n<div><\/div>\n<div>Manuel Fern\u00e1ndez salientou a importancia do enfoque que aporta \u00abA Antesala Luminosa\u00bb no tratamento literario da enfermidade mental, pois \u00abemprega a literatura para achegar unha realidade e uns sentimentos que non doutro xeito se poden achegar e, m\u00e1is al\u00f3 da valent\u00eda de contar a propia vida, m\u00e1is al\u00f3 de construir unha narraci\u00f3n s\u00f3lida e interesante, que tam\u00e9n, Antonio Tiz\u00f3n fai unha gran aportaci\u00f3n contra o estigma\u00bb.<\/div>\n","protected":false},"excerpt":{"rendered":"<p>Antonio Tiz\u00f3n presentou en Lugo o 18 de setembro a s\u00faa novela \u00abA Antesala Luminosa\u00bb, nun acto celebrado na Librer\u00eda Trama, \u00f3 que acudiron, adem\u00e1is do propio autor, o editor Manuel Bragado, o xornalista Angel Vaqueiro e o presidente de Alume, Manuel Fern\u00e1ndez. \u00abA Antesala Luminosa\u00bb ten d\u00faas tramas entrelazadas, unha policiaca e outra dram\u00e1tica, [&hellip;]<\/p>\n","protected":false},"author":1,"featured_media":3416,"comment_status":"open","ping_status":"closed","sticky":false,"template":"","format":"standard","meta":{"ngg_post_thumbnail":0,"footnotes":""},"categories":[62],"tags":[92,93,94],"class_list":{"0":"post-3415","1":"post","2":"type-post","3":"status-publish","4":"format-standard","5":"has-post-thumbnail","7":"category-novas","8":"tag-estigma","9":"tag-literatura","10":"tag-transtorno-bipolar"},"yoast_head":"<!-- This site is optimized with the Yoast SEO plugin v27.5 - https:\/\/yoast.com\/product\/yoast-seo-wordpress\/ -->\n<title>&quot;A Antesala Luminosa&quot;, unha novela que racha prexu\u00edzos - Alume<\/title>\n<meta name=\"robots\" content=\"index, follow, max-snippet:-1, max-image-preview:large, max-video-preview:-1\" \/>\n<link rel=\"canonical\" href=\"https:\/\/alume.org\/a-antesala-luminosa-unha-novela-que-racha-prexuizos\/\" \/>\n<meta property=\"og:locale\" content=\"es_ES\" \/>\n<meta property=\"og:type\" content=\"article\" \/>\n<meta property=\"og:title\" content=\"&quot;A Antesala Luminosa&quot;, unha novela que racha prexu\u00edzos - Alume\" \/>\n<meta property=\"og:description\" content=\"Antonio Tiz\u00f3n presentou en Lugo o 18 de setembro a s\u00faa novela \u00abA Antesala Luminosa\u00bb, nun acto celebrado na Librer\u00eda Trama, \u00f3 que acudiron, adem\u00e1is do propio autor, o editor Manuel Bragado, o xornalista Angel Vaqueiro e o presidente de Alume, Manuel Fern\u00e1ndez. \u00abA Antesala Luminosa\u00bb ten d\u00faas tramas entrelazadas, unha policiaca e outra dram\u00e1tica, [&hellip;]\" \/>\n<meta property=\"og:url\" content=\"https:\/\/alume.org\/a-antesala-luminosa-unha-novela-que-racha-prexuizos\/\" \/>\n<meta property=\"og:site_name\" content=\"Alume\" \/>\n<meta property=\"article:published_time\" content=\"2015-10-06T18:09:08+00:00\" \/>\n<meta property=\"article:modified_time\" content=\"2016-04-19T06:27:15+00:00\" \/>\n<meta property=\"og:image\" content=\"https:\/\/alume.org\/wp-content\/uploads\/2015\/10\/AAntesalaLuminosa.jpg\" \/>\n\t<meta property=\"og:image:width\" content=\"900\" \/>\n\t<meta property=\"og:image:height\" content=\"501\" \/>\n\t<meta property=\"og:image:type\" content=\"image\/jpeg\" \/>\n<meta name=\"author\" content=\"alume\" \/>\n<meta name=\"twitter:card\" content=\"summary_large_image\" \/>\n<meta name=\"twitter:label1\" content=\"Escrito por\" \/>\n\t<meta name=\"twitter:data1\" content=\"alume\" \/>\n\t<meta name=\"twitter:label2\" content=\"Tiempo de lectura\" \/>\n\t<meta name=\"twitter:data2\" content=\"1 minuto\" \/>\n<script type=\"application\/ld+json\" class=\"yoast-schema-graph\">{\"@context\":\"https:\\\/\\\/schema.org\",\"@graph\":[{\"@type\":\"Article\",\"@id\":\"https:\\\/\\\/alume.org\\\/a-antesala-luminosa-unha-novela-que-racha-prexuizos\\\/#article\",\"isPartOf\":{\"@id\":\"https:\\\/\\\/alume.org\\\/a-antesala-luminosa-unha-novela-que-racha-prexuizos\\\/\"},\"author\":{\"name\":\"alume\",\"@id\":\"https:\\\/\\\/alume.org\\\/es\\\/#\\\/schema\\\/person\\\/6e8d9dc61906f446062bcd178142786e\"},\"headline\":\"\u00abA Antesala Luminosa\u00bb, unha novela que racha prexu\u00edzos\",\"datePublished\":\"2015-10-06T18:09:08+00:00\",\"dateModified\":\"2016-04-19T06:27:15+00:00\",\"mainEntityOfPage\":{\"@id\":\"https:\\\/\\\/alume.org\\\/a-antesala-luminosa-unha-novela-que-racha-prexuizos\\\/\"},\"wordCount\":252,\"commentCount\":0,\"image\":{\"@id\":\"https:\\\/\\\/alume.org\\\/a-antesala-luminosa-unha-novela-que-racha-prexuizos\\\/#primaryimage\"},\"thumbnailUrl\":\"https:\\\/\\\/alume.org\\\/wp-content\\\/uploads\\\/2015\\\/10\\\/AAntesalaLuminosa.jpg\",\"keywords\":[\"estigma\",\"literatura\",\"transtorno bipolar\"],\"articleSection\":[\"Novas\"],\"inLanguage\":\"es\",\"potentialAction\":[{\"@type\":\"CommentAction\",\"name\":\"Comment\",\"target\":[\"https:\\\/\\\/alume.org\\\/a-antesala-luminosa-unha-novela-que-racha-prexuizos\\\/#respond\"]}]},{\"@type\":\"WebPage\",\"@id\":\"https:\\\/\\\/alume.org\\\/a-antesala-luminosa-unha-novela-que-racha-prexuizos\\\/\",\"url\":\"https:\\\/\\\/alume.org\\\/a-antesala-luminosa-unha-novela-que-racha-prexuizos\\\/\",\"name\":\"\\\"A Antesala Luminosa\\\", unha novela que racha prexu\u00edzos - Alume\",\"isPartOf\":{\"@id\":\"https:\\\/\\\/alume.org\\\/es\\\/#website\"},\"primaryImageOfPage\":{\"@id\":\"https:\\\/\\\/alume.org\\\/a-antesala-luminosa-unha-novela-que-racha-prexuizos\\\/#primaryimage\"},\"image\":{\"@id\":\"https:\\\/\\\/alume.org\\\/a-antesala-luminosa-unha-novela-que-racha-prexuizos\\\/#primaryimage\"},\"thumbnailUrl\":\"https:\\\/\\\/alume.org\\\/wp-content\\\/uploads\\\/2015\\\/10\\\/AAntesalaLuminosa.jpg\",\"datePublished\":\"2015-10-06T18:09:08+00:00\",\"dateModified\":\"2016-04-19T06:27:15+00:00\",\"author\":{\"@id\":\"https:\\\/\\\/alume.org\\\/es\\\/#\\\/schema\\\/person\\\/6e8d9dc61906f446062bcd178142786e\"},\"breadcrumb\":{\"@id\":\"https:\\\/\\\/alume.org\\\/a-antesala-luminosa-unha-novela-que-racha-prexuizos\\\/#breadcrumb\"},\"inLanguage\":\"es\",\"potentialAction\":[{\"@type\":\"ReadAction\",\"target\":[\"https:\\\/\\\/alume.org\\\/a-antesala-luminosa-unha-novela-que-racha-prexuizos\\\/\"]}]},{\"@type\":\"ImageObject\",\"inLanguage\":\"es\",\"@id\":\"https:\\\/\\\/alume.org\\\/a-antesala-luminosa-unha-novela-que-racha-prexuizos\\\/#primaryimage\",\"url\":\"https:\\\/\\\/alume.org\\\/wp-content\\\/uploads\\\/2015\\\/10\\\/AAntesalaLuminosa.jpg\",\"contentUrl\":\"https:\\\/\\\/alume.org\\\/wp-content\\\/uploads\\\/2015\\\/10\\\/AAntesalaLuminosa.jpg\",\"width\":900,\"height\":501},{\"@type\":\"BreadcrumbList\",\"@id\":\"https:\\\/\\\/alume.org\\\/a-antesala-luminosa-unha-novela-que-racha-prexuizos\\\/#breadcrumb\",\"itemListElement\":[{\"@type\":\"ListItem\",\"position\":1,\"name\":\"Portada\",\"item\":\"https:\\\/\\\/alume.org\\\/es\\\/\"},{\"@type\":\"ListItem\",\"position\":2,\"name\":\"&#8220;A Antesala Luminosa&#8221;, unha novela que racha prexu\u00edzos\"}]},{\"@type\":\"WebSite\",\"@id\":\"https:\\\/\\\/alume.org\\\/es\\\/#website\",\"url\":\"https:\\\/\\\/alume.org\\\/es\\\/\",\"name\":\"Alume\",\"description\":\"Sa\u00fade Mental\",\"potentialAction\":[{\"@type\":\"SearchAction\",\"target\":{\"@type\":\"EntryPoint\",\"urlTemplate\":\"https:\\\/\\\/alume.org\\\/es\\\/?s={search_term_string}\"},\"query-input\":{\"@type\":\"PropertyValueSpecification\",\"valueRequired\":true,\"valueName\":\"search_term_string\"}}],\"inLanguage\":\"es\"},{\"@type\":\"Person\",\"@id\":\"https:\\\/\\\/alume.org\\\/es\\\/#\\\/schema\\\/person\\\/6e8d9dc61906f446062bcd178142786e\",\"name\":\"alume\"}]}<\/script>\n<!-- \/ Yoast SEO plugin. -->","yoast_head_json":{"title":"\"A Antesala Luminosa\", unha novela que racha prexu\u00edzos - Alume","robots":{"index":"index","follow":"follow","max-snippet":"max-snippet:-1","max-image-preview":"max-image-preview:large","max-video-preview":"max-video-preview:-1"},"canonical":"https:\/\/alume.org\/a-antesala-luminosa-unha-novela-que-racha-prexuizos\/","og_locale":"es_ES","og_type":"article","og_title":"\"A Antesala Luminosa\", unha novela que racha prexu\u00edzos - Alume","og_description":"Antonio Tiz\u00f3n presentou en Lugo o 18 de setembro a s\u00faa novela \u00abA Antesala Luminosa\u00bb, nun acto celebrado na Librer\u00eda Trama, \u00f3 que acudiron, adem\u00e1is do propio autor, o editor Manuel Bragado, o xornalista Angel Vaqueiro e o presidente de Alume, Manuel Fern\u00e1ndez. \u00abA Antesala Luminosa\u00bb ten d\u00faas tramas entrelazadas, unha policiaca e outra dram\u00e1tica, [&hellip;]","og_url":"https:\/\/alume.org\/a-antesala-luminosa-unha-novela-que-racha-prexuizos\/","og_site_name":"Alume","article_published_time":"2015-10-06T18:09:08+00:00","article_modified_time":"2016-04-19T06:27:15+00:00","og_image":[{"width":900,"height":501,"url":"https:\/\/alume.org\/wp-content\/uploads\/2015\/10\/AAntesalaLuminosa.jpg","type":"image\/jpeg"}],"author":"alume","twitter_card":"summary_large_image","twitter_misc":{"Escrito por":"alume","Tiempo de lectura":"1 minuto"},"schema":{"@context":"https:\/\/schema.org","@graph":[{"@type":"Article","@id":"https:\/\/alume.org\/a-antesala-luminosa-unha-novela-que-racha-prexuizos\/#article","isPartOf":{"@id":"https:\/\/alume.org\/a-antesala-luminosa-unha-novela-que-racha-prexuizos\/"},"author":{"name":"alume","@id":"https:\/\/alume.org\/es\/#\/schema\/person\/6e8d9dc61906f446062bcd178142786e"},"headline":"\u00abA Antesala Luminosa\u00bb, unha novela que racha prexu\u00edzos","datePublished":"2015-10-06T18:09:08+00:00","dateModified":"2016-04-19T06:27:15+00:00","mainEntityOfPage":{"@id":"https:\/\/alume.org\/a-antesala-luminosa-unha-novela-que-racha-prexuizos\/"},"wordCount":252,"commentCount":0,"image":{"@id":"https:\/\/alume.org\/a-antesala-luminosa-unha-novela-que-racha-prexuizos\/#primaryimage"},"thumbnailUrl":"https:\/\/alume.org\/wp-content\/uploads\/2015\/10\/AAntesalaLuminosa.jpg","keywords":["estigma","literatura","transtorno bipolar"],"articleSection":["Novas"],"inLanguage":"es","potentialAction":[{"@type":"CommentAction","name":"Comment","target":["https:\/\/alume.org\/a-antesala-luminosa-unha-novela-que-racha-prexuizos\/#respond"]}]},{"@type":"WebPage","@id":"https:\/\/alume.org\/a-antesala-luminosa-unha-novela-que-racha-prexuizos\/","url":"https:\/\/alume.org\/a-antesala-luminosa-unha-novela-que-racha-prexuizos\/","name":"\"A Antesala Luminosa\", unha novela que racha prexu\u00edzos - Alume","isPartOf":{"@id":"https:\/\/alume.org\/es\/#website"},"primaryImageOfPage":{"@id":"https:\/\/alume.org\/a-antesala-luminosa-unha-novela-que-racha-prexuizos\/#primaryimage"},"image":{"@id":"https:\/\/alume.org\/a-antesala-luminosa-unha-novela-que-racha-prexuizos\/#primaryimage"},"thumbnailUrl":"https:\/\/alume.org\/wp-content\/uploads\/2015\/10\/AAntesalaLuminosa.jpg","datePublished":"2015-10-06T18:09:08+00:00","dateModified":"2016-04-19T06:27:15+00:00","author":{"@id":"https:\/\/alume.org\/es\/#\/schema\/person\/6e8d9dc61906f446062bcd178142786e"},"breadcrumb":{"@id":"https:\/\/alume.org\/a-antesala-luminosa-unha-novela-que-racha-prexuizos\/#breadcrumb"},"inLanguage":"es","potentialAction":[{"@type":"ReadAction","target":["https:\/\/alume.org\/a-antesala-luminosa-unha-novela-que-racha-prexuizos\/"]}]},{"@type":"ImageObject","inLanguage":"es","@id":"https:\/\/alume.org\/a-antesala-luminosa-unha-novela-que-racha-prexuizos\/#primaryimage","url":"https:\/\/alume.org\/wp-content\/uploads\/2015\/10\/AAntesalaLuminosa.jpg","contentUrl":"https:\/\/alume.org\/wp-content\/uploads\/2015\/10\/AAntesalaLuminosa.jpg","width":900,"height":501},{"@type":"BreadcrumbList","@id":"https:\/\/alume.org\/a-antesala-luminosa-unha-novela-que-racha-prexuizos\/#breadcrumb","itemListElement":[{"@type":"ListItem","position":1,"name":"Portada","item":"https:\/\/alume.org\/es\/"},{"@type":"ListItem","position":2,"name":"&#8220;A Antesala Luminosa&#8221;, unha novela que racha prexu\u00edzos"}]},{"@type":"WebSite","@id":"https:\/\/alume.org\/es\/#website","url":"https:\/\/alume.org\/es\/","name":"Alume","description":"Sa\u00fade Mental","potentialAction":[{"@type":"SearchAction","target":{"@type":"EntryPoint","urlTemplate":"https:\/\/alume.org\/es\/?s={search_term_string}"},"query-input":{"@type":"PropertyValueSpecification","valueRequired":true,"valueName":"search_term_string"}}],"inLanguage":"es"},{"@type":"Person","@id":"https:\/\/alume.org\/es\/#\/schema\/person\/6e8d9dc61906f446062bcd178142786e","name":"alume"}]}},"_links":{"self":[{"href":"https:\/\/alume.org\/es\/wp-json\/wp\/v2\/posts\/3415","targetHints":{"allow":["GET"]}}],"collection":[{"href":"https:\/\/alume.org\/es\/wp-json\/wp\/v2\/posts"}],"about":[{"href":"https:\/\/alume.org\/es\/wp-json\/wp\/v2\/types\/post"}],"author":[{"embeddable":true,"href":"https:\/\/alume.org\/es\/wp-json\/wp\/v2\/users\/1"}],"replies":[{"embeddable":true,"href":"https:\/\/alume.org\/es\/wp-json\/wp\/v2\/comments?post=3415"}],"version-history":[{"count":0,"href":"https:\/\/alume.org\/es\/wp-json\/wp\/v2\/posts\/3415\/revisions"}],"wp:featuredmedia":[{"embeddable":true,"href":"https:\/\/alume.org\/es\/wp-json\/wp\/v2\/media\/3416"}],"wp:attachment":[{"href":"https:\/\/alume.org\/es\/wp-json\/wp\/v2\/media?parent=3415"}],"wp:term":[{"taxonomy":"category","embeddable":true,"href":"https:\/\/alume.org\/es\/wp-json\/wp\/v2\/categories?post=3415"},{"taxonomy":"post_tag","embeddable":true,"href":"https:\/\/alume.org\/es\/wp-json\/wp\/v2\/tags?post=3415"}],"curies":[{"name":"wp","href":"https:\/\/api.w.org\/{rel}","templated":true}]}}