{"id":4277,"date":"2009-10-16T00:00:00","date_gmt":"2009-10-16T00:00:00","guid":{"rendered":"http:\/\/alume.org\/premio-para-alume-polo-seu-blog-3\/"},"modified":"2009-10-16T00:00:00","modified_gmt":"2009-10-16T00:00:00","slug":"premio-para-alume-polo-seu-blog-3","status":"publish","type":"post","link":"https:\/\/alume.org\/es\/premio-para-alume-polo-seu-blog-3\/","title":{"rendered":"Premio para ALUME polo seu blog"},"content":{"rendered":"<p><strong><object width=\"335\" height=\"239\"><param value=\"http:\/\/www.youtube.com\/v\/r0KXDnKDT3U&amp;hl=es&amp;fs=1&amp;\" name=\"movie\"\/><param value=\"true\" name=\"allowFullScreen\"\/><param value=\"always\" name=\"allowscriptaccess\"\/><embed allowscriptaccess=\"always\" width=\"335\" src=\"http:\/\/www.youtube.com\/v\/r0KXDnKDT3U&amp;hl=es&amp;fs=1&amp;\" allowfullscreen=\"true\" height=\"239\" type=\"application\/x-shockwave-flash\"><\/embed><\/object>  <a target=\"_blank\" href=\"http:\/\/benditaspastillas.blogspot.com\/\">Acceder \u00f3 blog: http:\/\/benditaspastillas.blogspot.com<\/a><\/strong><\/p>\n<p>En benditaspastillas.blogspot.com os socios de ALUME que o desexan expresan as s\u00faas vivencias e opini\u00f3ns sobre a enfermidade mental e sobre a Asociaci\u00f3n.  Unha actividade que non s\u00f3 resulta terap\u00e9utica para os que se deciden a po\u00f1er por escrito os seus pensamentos, sen\u00f3n tam\u00e9n para moitos que se achegan \u00e1s experiencias dos compa\u00f1eiros.  Este blog ga\u00f1ou o concurso de blogs de FEAFES Galicia (Federaci\u00f3n de Asociaci\u00f3ns de Enfermos Mentais).  <a target=\"_blank\" href=\"http:\/\/benditaspastillas.blogspot.com\/\"><\/p>\n","protected":false},"excerpt":{"rendered":"<p>Acceder \u00f3 blog: http:\/\/benditaspastillas.blogspot.com En benditaspastillas.blogspot.com os socios de ALUME que o desexan expresan as s\u00faas vivencias e opini\u00f3ns sobre a enfermidade mental e sobre a Asociaci\u00f3n. Unha actividade que non s\u00f3 resulta terap\u00e9utica para os que se deciden a po\u00f1er por escrito os seus pensamentos, sen\u00f3n tam\u00e9n para moitos que se achegan \u00e1s experiencias [&hellip;]<\/p>\n","protected":false},"author":1,"featured_media":0,"comment_status":"open","ping_status":"closed","sticky":false,"template":"","format":"standard","meta":{"ngg_post_thumbnail":0,"footnotes":""},"categories":[1],"tags":[],"class_list":{"0":"post-4277","1":"post","2":"type-post","3":"status-publish","4":"format-standard","6":"category-uncategorized-gl"},"yoast_head":"<!-- This site is optimized with the Yoast SEO plugin v27.5 - https:\/\/yoast.com\/product\/yoast-seo-wordpress\/ -->\n<title>Premio para ALUME polo seu blog - Alume<\/title>\n<meta name=\"robots\" content=\"index, follow, max-snippet:-1, max-image-preview:large, max-video-preview:-1\" \/>\n<link rel=\"canonical\" href=\"https:\/\/alume.org\/premio-para-alume-polo-seu-blog-3\/\" \/>\n<meta property=\"og:locale\" content=\"es_ES\" \/>\n<meta property=\"og:type\" content=\"article\" \/>\n<meta property=\"og:title\" content=\"Premio para ALUME polo seu blog - Alume\" \/>\n<meta property=\"og:description\" content=\"Acceder \u00f3 blog: http:\/\/benditaspastillas.blogspot.com En benditaspastillas.blogspot.com os socios de ALUME que o desexan expresan as s\u00faas vivencias e opini\u00f3ns sobre a enfermidade mental e sobre a Asociaci\u00f3n. Unha actividade que non s\u00f3 resulta terap\u00e9utica para os que se deciden a po\u00f1er por escrito os seus pensamentos, sen\u00f3n tam\u00e9n para moitos que se achegan \u00e1s experiencias [&hellip;]\" \/>\n<meta property=\"og:url\" content=\"https:\/\/alume.org\/premio-para-alume-polo-seu-blog-3\/\" \/>\n<meta property=\"og:site_name\" content=\"Alume\" \/>\n<meta property=\"article:published_time\" content=\"2009-10-16T00:00:00+00:00\" \/>\n<meta name=\"author\" content=\"alume\" \/>\n<meta name=\"twitter:card\" content=\"summary_large_image\" \/>\n<meta name=\"twitter:label1\" content=\"Escrito por\" \/>\n\t<meta name=\"twitter:data1\" content=\"alume\" \/>\n<script type=\"application\/ld+json\" class=\"yoast-schema-graph\">{\"@context\":\"https:\\\/\\\/schema.org\",\"@graph\":[{\"@type\":\"Article\",\"@id\":\"https:\\\/\\\/alume.org\\\/premio-para-alume-polo-seu-blog-3\\\/#article\",\"isPartOf\":{\"@id\":\"https:\\\/\\\/alume.org\\\/premio-para-alume-polo-seu-blog-3\\\/\"},\"author\":{\"name\":\"alume\",\"@id\":\"https:\\\/\\\/alume.org\\\/es\\\/#\\\/schema\\\/person\\\/6e8d9dc61906f446062bcd178142786e\"},\"headline\":\"Premio para ALUME polo seu blog\",\"datePublished\":\"2009-10-16T00:00:00+00:00\",\"mainEntityOfPage\":{\"@id\":\"https:\\\/\\\/alume.org\\\/premio-para-alume-polo-seu-blog-3\\\/\"},\"wordCount\":94,\"commentCount\":0,\"articleSection\":[\"Uncategorized @gl\"],\"inLanguage\":\"es\",\"potentialAction\":[{\"@type\":\"CommentAction\",\"name\":\"Comment\",\"target\":[\"https:\\\/\\\/alume.org\\\/premio-para-alume-polo-seu-blog-3\\\/#respond\"]}]},{\"@type\":\"WebPage\",\"@id\":\"https:\\\/\\\/alume.org\\\/premio-para-alume-polo-seu-blog-3\\\/\",\"url\":\"https:\\\/\\\/alume.org\\\/premio-para-alume-polo-seu-blog-3\\\/\",\"name\":\"Premio para ALUME polo seu blog - Alume\",\"isPartOf\":{\"@id\":\"https:\\\/\\\/alume.org\\\/es\\\/#website\"},\"datePublished\":\"2009-10-16T00:00:00+00:00\",\"author\":{\"@id\":\"https:\\\/\\\/alume.org\\\/es\\\/#\\\/schema\\\/person\\\/6e8d9dc61906f446062bcd178142786e\"},\"breadcrumb\":{\"@id\":\"https:\\\/\\\/alume.org\\\/premio-para-alume-polo-seu-blog-3\\\/#breadcrumb\"},\"inLanguage\":\"es\",\"potentialAction\":[{\"@type\":\"ReadAction\",\"target\":[\"https:\\\/\\\/alume.org\\\/premio-para-alume-polo-seu-blog-3\\\/\"]}]},{\"@type\":\"BreadcrumbList\",\"@id\":\"https:\\\/\\\/alume.org\\\/premio-para-alume-polo-seu-blog-3\\\/#breadcrumb\",\"itemListElement\":[{\"@type\":\"ListItem\",\"position\":1,\"name\":\"Portada\",\"item\":\"https:\\\/\\\/alume.org\\\/es\\\/\"},{\"@type\":\"ListItem\",\"position\":2,\"name\":\"Premio para ALUME polo seu blog\"}]},{\"@type\":\"WebSite\",\"@id\":\"https:\\\/\\\/alume.org\\\/es\\\/#website\",\"url\":\"https:\\\/\\\/alume.org\\\/es\\\/\",\"name\":\"Alume\",\"description\":\"Sa\u00fade Mental\",\"potentialAction\":[{\"@type\":\"SearchAction\",\"target\":{\"@type\":\"EntryPoint\",\"urlTemplate\":\"https:\\\/\\\/alume.org\\\/es\\\/?s={search_term_string}\"},\"query-input\":{\"@type\":\"PropertyValueSpecification\",\"valueRequired\":true,\"valueName\":\"search_term_string\"}}],\"inLanguage\":\"es\"},{\"@type\":\"Person\",\"@id\":\"https:\\\/\\\/alume.org\\\/es\\\/#\\\/schema\\\/person\\\/6e8d9dc61906f446062bcd178142786e\",\"name\":\"alume\"}]}<\/script>\n<!-- \/ Yoast SEO plugin. -->","yoast_head_json":{"title":"Premio para ALUME polo seu blog - Alume","robots":{"index":"index","follow":"follow","max-snippet":"max-snippet:-1","max-image-preview":"max-image-preview:large","max-video-preview":"max-video-preview:-1"},"canonical":"https:\/\/alume.org\/premio-para-alume-polo-seu-blog-3\/","og_locale":"es_ES","og_type":"article","og_title":"Premio para ALUME polo seu blog - Alume","og_description":"Acceder \u00f3 blog: http:\/\/benditaspastillas.blogspot.com En benditaspastillas.blogspot.com os socios de ALUME que o desexan expresan as s\u00faas vivencias e opini\u00f3ns sobre a enfermidade mental e sobre a Asociaci\u00f3n. Unha actividade que non s\u00f3 resulta terap\u00e9utica para os que se deciden a po\u00f1er por escrito os seus pensamentos, sen\u00f3n tam\u00e9n para moitos que se achegan \u00e1s experiencias [&hellip;]","og_url":"https:\/\/alume.org\/premio-para-alume-polo-seu-blog-3\/","og_site_name":"Alume","article_published_time":"2009-10-16T00:00:00+00:00","author":"alume","twitter_card":"summary_large_image","twitter_misc":{"Escrito por":"alume"},"schema":{"@context":"https:\/\/schema.org","@graph":[{"@type":"Article","@id":"https:\/\/alume.org\/premio-para-alume-polo-seu-blog-3\/#article","isPartOf":{"@id":"https:\/\/alume.org\/premio-para-alume-polo-seu-blog-3\/"},"author":{"name":"alume","@id":"https:\/\/alume.org\/es\/#\/schema\/person\/6e8d9dc61906f446062bcd178142786e"},"headline":"Premio para ALUME polo seu blog","datePublished":"2009-10-16T00:00:00+00:00","mainEntityOfPage":{"@id":"https:\/\/alume.org\/premio-para-alume-polo-seu-blog-3\/"},"wordCount":94,"commentCount":0,"articleSection":["Uncategorized @gl"],"inLanguage":"es","potentialAction":[{"@type":"CommentAction","name":"Comment","target":["https:\/\/alume.org\/premio-para-alume-polo-seu-blog-3\/#respond"]}]},{"@type":"WebPage","@id":"https:\/\/alume.org\/premio-para-alume-polo-seu-blog-3\/","url":"https:\/\/alume.org\/premio-para-alume-polo-seu-blog-3\/","name":"Premio para ALUME polo seu blog - Alume","isPartOf":{"@id":"https:\/\/alume.org\/es\/#website"},"datePublished":"2009-10-16T00:00:00+00:00","author":{"@id":"https:\/\/alume.org\/es\/#\/schema\/person\/6e8d9dc61906f446062bcd178142786e"},"breadcrumb":{"@id":"https:\/\/alume.org\/premio-para-alume-polo-seu-blog-3\/#breadcrumb"},"inLanguage":"es","potentialAction":[{"@type":"ReadAction","target":["https:\/\/alume.org\/premio-para-alume-polo-seu-blog-3\/"]}]},{"@type":"BreadcrumbList","@id":"https:\/\/alume.org\/premio-para-alume-polo-seu-blog-3\/#breadcrumb","itemListElement":[{"@type":"ListItem","position":1,"name":"Portada","item":"https:\/\/alume.org\/es\/"},{"@type":"ListItem","position":2,"name":"Premio para ALUME polo seu blog"}]},{"@type":"WebSite","@id":"https:\/\/alume.org\/es\/#website","url":"https:\/\/alume.org\/es\/","name":"Alume","description":"Sa\u00fade Mental","potentialAction":[{"@type":"SearchAction","target":{"@type":"EntryPoint","urlTemplate":"https:\/\/alume.org\/es\/?s={search_term_string}"},"query-input":{"@type":"PropertyValueSpecification","valueRequired":true,"valueName":"search_term_string"}}],"inLanguage":"es"},{"@type":"Person","@id":"https:\/\/alume.org\/es\/#\/schema\/person\/6e8d9dc61906f446062bcd178142786e","name":"alume"}]}},"_links":{"self":[{"href":"https:\/\/alume.org\/es\/wp-json\/wp\/v2\/posts\/4277","targetHints":{"allow":["GET"]}}],"collection":[{"href":"https:\/\/alume.org\/es\/wp-json\/wp\/v2\/posts"}],"about":[{"href":"https:\/\/alume.org\/es\/wp-json\/wp\/v2\/types\/post"}],"author":[{"embeddable":true,"href":"https:\/\/alume.org\/es\/wp-json\/wp\/v2\/users\/1"}],"replies":[{"embeddable":true,"href":"https:\/\/alume.org\/es\/wp-json\/wp\/v2\/comments?post=4277"}],"version-history":[{"count":0,"href":"https:\/\/alume.org\/es\/wp-json\/wp\/v2\/posts\/4277\/revisions"}],"wp:attachment":[{"href":"https:\/\/alume.org\/es\/wp-json\/wp\/v2\/media?parent=4277"}],"wp:term":[{"taxonomy":"category","embeddable":true,"href":"https:\/\/alume.org\/es\/wp-json\/wp\/v2\/categories?post=4277"},{"taxonomy":"post_tag","embeddable":true,"href":"https:\/\/alume.org\/es\/wp-json\/wp\/v2\/tags?post=4277"}],"curies":[{"name":"wp","href":"https:\/\/api.w.org\/{rel}","templated":true}]}}