{"id":4287,"date":"2011-02-22T00:00:00","date_gmt":"2011-02-22T00:00:00","guid":{"rendered":"http:\/\/alume.org\/alume-inicia-a-sua-colaboracion-coa-fegas-3\/"},"modified":"2011-02-22T00:00:00","modified_gmt":"2011-02-22T00:00:00","slug":"alume-inicia-a-sua-colaboracion-coa-fegas-3","status":"publish","type":"post","link":"https:\/\/alume.org\/es\/alume-inicia-a-sua-colaboracion-coa-fegas-3\/","title":{"rendered":"ALUME inicia a s\u00faa colaboraci\u00f3n coa FEGAS"},"content":{"rendered":"<p><strong>Dende febreiro de este ano ALUME ven traballando no Proxecto NISE no desenvolvemento de obradoiros formativos encami\u00f1ados a loitar contra o estigma da enfermidade mental.<\/strong><\/p>\n<p>Dende febreiro de este ano ALUME ven traballando no Proxecto NISE no desenvolvemento de obradoiros formativos encami\u00f1ados a loitar contra o estigma da enfermidade mental en colaboraci\u00f3n con psiquiatras da rede p\u00fablica. O proxecto NISE, dese\u00f1ado e posto en marcha pola FEGAS, Escola Galega de Administraci\u00f3n Sanitaria, ten como obxectivos sensibilizar \u00e1 poboaci\u00f3n sobre \u00e1 enfermidade mental, ofrecer informaci\u00f3n, formaci\u00f3n e educaci\u00f3n sanitaria a familiares e persoas con trastornos mentais e mellorar o tratamento informativo da enfermidade mental por parte dos medios de comunicaci\u00f3n. Para o logro destes obxectivos v\u00e9\u00f1ense realizando diferentes actividades como conferencias, exposici\u00f3ns, ciclos de cine, xornadas de concienciaci\u00f3n, foros virtuais, encontros cos medios de comunicaci\u00f3n e obradoiros para pacientes e familiares.<\/p>\n","protected":false},"excerpt":{"rendered":"<p>Dende febreiro de este ano ALUME ven traballando no Proxecto NISE no desenvolvemento de obradoiros formativos encami\u00f1ados a loitar contra o estigma da enfermidade mental. Dende febreiro de este ano ALUME ven traballando no Proxecto NISE no desenvolvemento de obradoiros formativos encami\u00f1ados a loitar contra o estigma da enfermidade mental en colaboraci\u00f3n con psiquiatras da [&hellip;]<\/p>\n","protected":false},"author":1,"featured_media":3690,"comment_status":"open","ping_status":"closed","sticky":false,"template":"","format":"standard","meta":{"ngg_post_thumbnail":0,"footnotes":""},"categories":[1],"tags":[],"class_list":{"0":"post-4287","1":"post","2":"type-post","3":"status-publish","4":"format-standard","5":"has-post-thumbnail","7":"category-uncategorized-gl"},"yoast_head":"<!-- This site is optimized with the Yoast SEO plugin v27.5 - https:\/\/yoast.com\/product\/yoast-seo-wordpress\/ -->\n<title>ALUME inicia a s\u00faa colaboraci\u00f3n coa FEGAS - Alume<\/title>\n<meta name=\"robots\" content=\"index, follow, max-snippet:-1, max-image-preview:large, max-video-preview:-1\" \/>\n<link rel=\"canonical\" href=\"https:\/\/alume.org\/alume-inicia-a-sua-colaboracion-coa-fegas-3\/\" \/>\n<meta property=\"og:locale\" content=\"es_ES\" \/>\n<meta property=\"og:type\" content=\"article\" \/>\n<meta property=\"og:title\" content=\"ALUME inicia a s\u00faa colaboraci\u00f3n coa FEGAS - Alume\" \/>\n<meta property=\"og:description\" content=\"Dende febreiro de este ano ALUME ven traballando no Proxecto NISE no desenvolvemento de obradoiros formativos encami\u00f1ados a loitar contra o estigma da enfermidade mental. Dende febreiro de este ano ALUME ven traballando no Proxecto NISE no desenvolvemento de obradoiros formativos encami\u00f1ados a loitar contra o estigma da enfermidade mental en colaboraci\u00f3n con psiquiatras da [&hellip;]\" \/>\n<meta property=\"og:url\" content=\"https:\/\/alume.org\/alume-inicia-a-sua-colaboracion-coa-fegas-3\/\" \/>\n<meta property=\"og:site_name\" content=\"Alume\" \/>\n<meta property=\"article:published_time\" content=\"2011-02-22T00:00:00+00:00\" \/>\n<meta property=\"og:image\" content=\"https:\/\/alume.org\/wp-content\/uploads\/2015\/10\/fegas.png\" \/>\n\t<meta property=\"og:image:width\" content=\"162\" \/>\n\t<meta property=\"og:image:height\" content=\"66\" \/>\n\t<meta property=\"og:image:type\" content=\"image\/png\" \/>\n<meta name=\"author\" content=\"alume\" \/>\n<meta name=\"twitter:card\" content=\"summary_large_image\" \/>\n<meta name=\"twitter:label1\" content=\"Escrito por\" \/>\n\t<meta name=\"twitter:data1\" content=\"alume\" \/>\n\t<meta name=\"twitter:label2\" content=\"Tiempo de lectura\" \/>\n\t<meta name=\"twitter:data2\" content=\"1 minuto\" \/>\n<script type=\"application\/ld+json\" class=\"yoast-schema-graph\">{\"@context\":\"https:\\\/\\\/schema.org\",\"@graph\":[{\"@type\":\"Article\",\"@id\":\"https:\\\/\\\/alume.org\\\/alume-inicia-a-sua-colaboracion-coa-fegas-3\\\/#article\",\"isPartOf\":{\"@id\":\"https:\\\/\\\/alume.org\\\/alume-inicia-a-sua-colaboracion-coa-fegas-3\\\/\"},\"author\":{\"name\":\"alume\",\"@id\":\"https:\\\/\\\/alume.org\\\/es\\\/#\\\/schema\\\/person\\\/6e8d9dc61906f446062bcd178142786e\"},\"headline\":\"ALUME inicia a s\u00faa colaboraci\u00f3n coa FEGAS\",\"datePublished\":\"2011-02-22T00:00:00+00:00\",\"mainEntityOfPage\":{\"@id\":\"https:\\\/\\\/alume.org\\\/alume-inicia-a-sua-colaboracion-coa-fegas-3\\\/\"},\"wordCount\":162,\"commentCount\":0,\"image\":{\"@id\":\"https:\\\/\\\/alume.org\\\/alume-inicia-a-sua-colaboracion-coa-fegas-3\\\/#primaryimage\"},\"thumbnailUrl\":\"https:\\\/\\\/alume.org\\\/wp-content\\\/uploads\\\/2015\\\/10\\\/fegas.png\",\"articleSection\":[\"Uncategorized @gl\"],\"inLanguage\":\"es\",\"potentialAction\":[{\"@type\":\"CommentAction\",\"name\":\"Comment\",\"target\":[\"https:\\\/\\\/alume.org\\\/alume-inicia-a-sua-colaboracion-coa-fegas-3\\\/#respond\"]}]},{\"@type\":\"WebPage\",\"@id\":\"https:\\\/\\\/alume.org\\\/alume-inicia-a-sua-colaboracion-coa-fegas-3\\\/\",\"url\":\"https:\\\/\\\/alume.org\\\/alume-inicia-a-sua-colaboracion-coa-fegas-3\\\/\",\"name\":\"ALUME inicia a s\u00faa colaboraci\u00f3n coa FEGAS - Alume\",\"isPartOf\":{\"@id\":\"https:\\\/\\\/alume.org\\\/es\\\/#website\"},\"primaryImageOfPage\":{\"@id\":\"https:\\\/\\\/alume.org\\\/alume-inicia-a-sua-colaboracion-coa-fegas-3\\\/#primaryimage\"},\"image\":{\"@id\":\"https:\\\/\\\/alume.org\\\/alume-inicia-a-sua-colaboracion-coa-fegas-3\\\/#primaryimage\"},\"thumbnailUrl\":\"https:\\\/\\\/alume.org\\\/wp-content\\\/uploads\\\/2015\\\/10\\\/fegas.png\",\"datePublished\":\"2011-02-22T00:00:00+00:00\",\"author\":{\"@id\":\"https:\\\/\\\/alume.org\\\/es\\\/#\\\/schema\\\/person\\\/6e8d9dc61906f446062bcd178142786e\"},\"breadcrumb\":{\"@id\":\"https:\\\/\\\/alume.org\\\/alume-inicia-a-sua-colaboracion-coa-fegas-3\\\/#breadcrumb\"},\"inLanguage\":\"es\",\"potentialAction\":[{\"@type\":\"ReadAction\",\"target\":[\"https:\\\/\\\/alume.org\\\/alume-inicia-a-sua-colaboracion-coa-fegas-3\\\/\"]}]},{\"@type\":\"ImageObject\",\"inLanguage\":\"es\",\"@id\":\"https:\\\/\\\/alume.org\\\/alume-inicia-a-sua-colaboracion-coa-fegas-3\\\/#primaryimage\",\"url\":\"https:\\\/\\\/alume.org\\\/wp-content\\\/uploads\\\/2015\\\/10\\\/fegas.png\",\"contentUrl\":\"https:\\\/\\\/alume.org\\\/wp-content\\\/uploads\\\/2015\\\/10\\\/fegas.png\",\"width\":162,\"height\":66},{\"@type\":\"BreadcrumbList\",\"@id\":\"https:\\\/\\\/alume.org\\\/alume-inicia-a-sua-colaboracion-coa-fegas-3\\\/#breadcrumb\",\"itemListElement\":[{\"@type\":\"ListItem\",\"position\":1,\"name\":\"Portada\",\"item\":\"https:\\\/\\\/alume.org\\\/es\\\/\"},{\"@type\":\"ListItem\",\"position\":2,\"name\":\"ALUME inicia a s\u00faa colaboraci\u00f3n coa FEGAS\"}]},{\"@type\":\"WebSite\",\"@id\":\"https:\\\/\\\/alume.org\\\/es\\\/#website\",\"url\":\"https:\\\/\\\/alume.org\\\/es\\\/\",\"name\":\"Alume\",\"description\":\"Sa\u00fade Mental\",\"potentialAction\":[{\"@type\":\"SearchAction\",\"target\":{\"@type\":\"EntryPoint\",\"urlTemplate\":\"https:\\\/\\\/alume.org\\\/es\\\/?s={search_term_string}\"},\"query-input\":{\"@type\":\"PropertyValueSpecification\",\"valueRequired\":true,\"valueName\":\"search_term_string\"}}],\"inLanguage\":\"es\"},{\"@type\":\"Person\",\"@id\":\"https:\\\/\\\/alume.org\\\/es\\\/#\\\/schema\\\/person\\\/6e8d9dc61906f446062bcd178142786e\",\"name\":\"alume\"}]}<\/script>\n<!-- \/ Yoast SEO plugin. -->","yoast_head_json":{"title":"ALUME inicia a s\u00faa colaboraci\u00f3n coa FEGAS - Alume","robots":{"index":"index","follow":"follow","max-snippet":"max-snippet:-1","max-image-preview":"max-image-preview:large","max-video-preview":"max-video-preview:-1"},"canonical":"https:\/\/alume.org\/alume-inicia-a-sua-colaboracion-coa-fegas-3\/","og_locale":"es_ES","og_type":"article","og_title":"ALUME inicia a s\u00faa colaboraci\u00f3n coa FEGAS - Alume","og_description":"Dende febreiro de este ano ALUME ven traballando no Proxecto NISE no desenvolvemento de obradoiros formativos encami\u00f1ados a loitar contra o estigma da enfermidade mental. Dende febreiro de este ano ALUME ven traballando no Proxecto NISE no desenvolvemento de obradoiros formativos encami\u00f1ados a loitar contra o estigma da enfermidade mental en colaboraci\u00f3n con psiquiatras da [&hellip;]","og_url":"https:\/\/alume.org\/alume-inicia-a-sua-colaboracion-coa-fegas-3\/","og_site_name":"Alume","article_published_time":"2011-02-22T00:00:00+00:00","og_image":[{"width":162,"height":66,"url":"https:\/\/alume.org\/wp-content\/uploads\/2015\/10\/fegas.png","type":"image\/png"}],"author":"alume","twitter_card":"summary_large_image","twitter_misc":{"Escrito por":"alume","Tiempo de lectura":"1 minuto"},"schema":{"@context":"https:\/\/schema.org","@graph":[{"@type":"Article","@id":"https:\/\/alume.org\/alume-inicia-a-sua-colaboracion-coa-fegas-3\/#article","isPartOf":{"@id":"https:\/\/alume.org\/alume-inicia-a-sua-colaboracion-coa-fegas-3\/"},"author":{"name":"alume","@id":"https:\/\/alume.org\/es\/#\/schema\/person\/6e8d9dc61906f446062bcd178142786e"},"headline":"ALUME inicia a s\u00faa colaboraci\u00f3n coa FEGAS","datePublished":"2011-02-22T00:00:00+00:00","mainEntityOfPage":{"@id":"https:\/\/alume.org\/alume-inicia-a-sua-colaboracion-coa-fegas-3\/"},"wordCount":162,"commentCount":0,"image":{"@id":"https:\/\/alume.org\/alume-inicia-a-sua-colaboracion-coa-fegas-3\/#primaryimage"},"thumbnailUrl":"https:\/\/alume.org\/wp-content\/uploads\/2015\/10\/fegas.png","articleSection":["Uncategorized @gl"],"inLanguage":"es","potentialAction":[{"@type":"CommentAction","name":"Comment","target":["https:\/\/alume.org\/alume-inicia-a-sua-colaboracion-coa-fegas-3\/#respond"]}]},{"@type":"WebPage","@id":"https:\/\/alume.org\/alume-inicia-a-sua-colaboracion-coa-fegas-3\/","url":"https:\/\/alume.org\/alume-inicia-a-sua-colaboracion-coa-fegas-3\/","name":"ALUME inicia a s\u00faa colaboraci\u00f3n coa FEGAS - Alume","isPartOf":{"@id":"https:\/\/alume.org\/es\/#website"},"primaryImageOfPage":{"@id":"https:\/\/alume.org\/alume-inicia-a-sua-colaboracion-coa-fegas-3\/#primaryimage"},"image":{"@id":"https:\/\/alume.org\/alume-inicia-a-sua-colaboracion-coa-fegas-3\/#primaryimage"},"thumbnailUrl":"https:\/\/alume.org\/wp-content\/uploads\/2015\/10\/fegas.png","datePublished":"2011-02-22T00:00:00+00:00","author":{"@id":"https:\/\/alume.org\/es\/#\/schema\/person\/6e8d9dc61906f446062bcd178142786e"},"breadcrumb":{"@id":"https:\/\/alume.org\/alume-inicia-a-sua-colaboracion-coa-fegas-3\/#breadcrumb"},"inLanguage":"es","potentialAction":[{"@type":"ReadAction","target":["https:\/\/alume.org\/alume-inicia-a-sua-colaboracion-coa-fegas-3\/"]}]},{"@type":"ImageObject","inLanguage":"es","@id":"https:\/\/alume.org\/alume-inicia-a-sua-colaboracion-coa-fegas-3\/#primaryimage","url":"https:\/\/alume.org\/wp-content\/uploads\/2015\/10\/fegas.png","contentUrl":"https:\/\/alume.org\/wp-content\/uploads\/2015\/10\/fegas.png","width":162,"height":66},{"@type":"BreadcrumbList","@id":"https:\/\/alume.org\/alume-inicia-a-sua-colaboracion-coa-fegas-3\/#breadcrumb","itemListElement":[{"@type":"ListItem","position":1,"name":"Portada","item":"https:\/\/alume.org\/es\/"},{"@type":"ListItem","position":2,"name":"ALUME inicia a s\u00faa colaboraci\u00f3n coa FEGAS"}]},{"@type":"WebSite","@id":"https:\/\/alume.org\/es\/#website","url":"https:\/\/alume.org\/es\/","name":"Alume","description":"Sa\u00fade Mental","potentialAction":[{"@type":"SearchAction","target":{"@type":"EntryPoint","urlTemplate":"https:\/\/alume.org\/es\/?s={search_term_string}"},"query-input":{"@type":"PropertyValueSpecification","valueRequired":true,"valueName":"search_term_string"}}],"inLanguage":"es"},{"@type":"Person","@id":"https:\/\/alume.org\/es\/#\/schema\/person\/6e8d9dc61906f446062bcd178142786e","name":"alume"}]}},"_links":{"self":[{"href":"https:\/\/alume.org\/es\/wp-json\/wp\/v2\/posts\/4287","targetHints":{"allow":["GET"]}}],"collection":[{"href":"https:\/\/alume.org\/es\/wp-json\/wp\/v2\/posts"}],"about":[{"href":"https:\/\/alume.org\/es\/wp-json\/wp\/v2\/types\/post"}],"author":[{"embeddable":true,"href":"https:\/\/alume.org\/es\/wp-json\/wp\/v2\/users\/1"}],"replies":[{"embeddable":true,"href":"https:\/\/alume.org\/es\/wp-json\/wp\/v2\/comments?post=4287"}],"version-history":[{"count":0,"href":"https:\/\/alume.org\/es\/wp-json\/wp\/v2\/posts\/4287\/revisions"}],"wp:featuredmedia":[{"embeddable":true,"href":"https:\/\/alume.org\/es\/wp-json\/wp\/v2\/media\/3690"}],"wp:attachment":[{"href":"https:\/\/alume.org\/es\/wp-json\/wp\/v2\/media?parent=4287"}],"wp:term":[{"taxonomy":"category","embeddable":true,"href":"https:\/\/alume.org\/es\/wp-json\/wp\/v2\/categories?post=4287"},{"taxonomy":"post_tag","embeddable":true,"href":"https:\/\/alume.org\/es\/wp-json\/wp\/v2\/tags?post=4287"}],"curies":[{"name":"wp","href":"https:\/\/api.w.org\/{rel}","templated":true}]}}