{"id":4311,"date":"2011-09-21T00:00:00","date_gmt":"2011-09-21T00:00:00","guid":{"rendered":"http:\/\/alume.org\/usuarios-de-alume-participan-como-voluntarios-na-realizacion-de-lazos-para-o-dia-mundial-contra-o-cancro-4\/"},"modified":"2011-09-21T00:00:00","modified_gmt":"2011-09-21T00:00:00","slug":"usuarios-de-alume-participan-como-voluntarios-na-realizacion-de-lazos-para-o-dia-mundial-contra-o-cancro-4","status":"publish","type":"post","link":"https:\/\/alume.org\/es\/usuarios-de-alume-participan-como-voluntarios-na-realizacion-de-lazos-para-o-dia-mundial-contra-o-cancro-4\/","title":{"rendered":"Usuarios de Alume participan como voluntarios na realizaci\u00f3n de lazos para o D\u00eda Mundial contra o Cancro"},"content":{"rendered":"<p><strong><\/strong><\/p>\n<p>Catro dos usuarios da nosa asociaci\u00f3n acudiron \u00e1 petici\u00f3n da AECC de Lugo para realizar os lazos que o D\u00eda Mundial contra o Cancro lucir\u00e1n as casas consistoriais da provincia. Esta actividade foi promovida pola AECC que coa axuda dos voluntarios crear\u00e1n lazos de m\u00e1is de dous metros cos que buscan sensibilizar aos cidad\u00e1ns, e en especial \u00e1s mulleres, da necesidade de previr esta doenza somet\u00e9ndose aos programas de detecci\u00f3n precoz.<\/p>\n","protected":false},"excerpt":{"rendered":"<p>Catro dos usuarios da nosa asociaci\u00f3n acudiron \u00e1 petici\u00f3n da AECC de Lugo para realizar os lazos que o D\u00eda Mundial contra o Cancro lucir\u00e1n as casas consistoriais da provincia. Esta actividade foi promovida pola AECC que coa axuda dos voluntarios crear\u00e1n lazos de m\u00e1is de dous metros cos que buscan sensibilizar aos cidad\u00e1ns, e [&hellip;]<\/p>\n","protected":false},"author":1,"featured_media":3704,"comment_status":"open","ping_status":"closed","sticky":false,"template":"","format":"standard","meta":{"ngg_post_thumbnail":0,"footnotes":""},"categories":[],"tags":[],"class_list":["post-4311","post","type-post","status-publish","format-standard","has-post-thumbnail"],"yoast_head":"<!-- This site is optimized with the Yoast SEO plugin v27.5 - https:\/\/yoast.com\/product\/yoast-seo-wordpress\/ -->\n<title>Usuarios de Alume participan como voluntarios na realizaci\u00f3n de lazos para o D\u00eda Mundial contra o Cancro - Alume<\/title>\n<meta name=\"robots\" content=\"index, follow, max-snippet:-1, max-image-preview:large, max-video-preview:-1\" \/>\n<link rel=\"canonical\" href=\"https:\/\/alume.org\/usuarios-de-alume-participan-como-voluntarios-na-realizacion-de-lazos-para-o-dia-mundial-contra-o-cancro-4\/\" \/>\n<meta property=\"og:locale\" content=\"es_ES\" \/>\n<meta property=\"og:type\" content=\"article\" \/>\n<meta property=\"og:title\" content=\"Usuarios de Alume participan como voluntarios na realizaci\u00f3n de lazos para o D\u00eda Mundial contra o Cancro - Alume\" \/>\n<meta property=\"og:description\" content=\"Catro dos usuarios da nosa asociaci\u00f3n acudiron \u00e1 petici\u00f3n da AECC de Lugo para realizar os lazos que o D\u00eda Mundial contra o Cancro lucir\u00e1n as casas consistoriais da provincia. Esta actividade foi promovida pola AECC que coa axuda dos voluntarios crear\u00e1n lazos de m\u00e1is de dous metros cos que buscan sensibilizar aos cidad\u00e1ns, e [&hellip;]\" \/>\n<meta property=\"og:url\" content=\"https:\/\/alume.org\/usuarios-de-alume-participan-como-voluntarios-na-realizacion-de-lazos-para-o-dia-mundial-contra-o-cancro-4\/\" \/>\n<meta property=\"og:site_name\" content=\"Alume\" \/>\n<meta property=\"article:published_time\" content=\"2011-09-21T00:00:00+00:00\" \/>\n<meta property=\"og:image\" content=\"https:\/\/alume.org\/wp-content\/uploads\/2015\/10\/DSC02634.jpg\" \/>\n\t<meta property=\"og:image:width\" content=\"246\" \/>\n\t<meta property=\"og:image:height\" content=\"185\" \/>\n\t<meta property=\"og:image:type\" content=\"image\/jpeg\" \/>\n<meta name=\"author\" content=\"alume\" \/>\n<meta name=\"twitter:card\" content=\"summary_large_image\" \/>\n<meta name=\"twitter:label1\" content=\"Escrito por\" \/>\n\t<meta name=\"twitter:data1\" content=\"alume\" \/>\n<script type=\"application\/ld+json\" class=\"yoast-schema-graph\">{\"@context\":\"https:\\\/\\\/schema.org\",\"@graph\":[{\"@type\":\"Article\",\"@id\":\"https:\\\/\\\/alume.org\\\/usuarios-de-alume-participan-como-voluntarios-na-realizacion-de-lazos-para-o-dia-mundial-contra-o-cancro-4\\\/#article\",\"isPartOf\":{\"@id\":\"https:\\\/\\\/alume.org\\\/usuarios-de-alume-participan-como-voluntarios-na-realizacion-de-lazos-para-o-dia-mundial-contra-o-cancro-4\\\/\"},\"author\":{\"name\":\"alume\",\"@id\":\"https:\\\/\\\/alume.org\\\/es\\\/#\\\/schema\\\/person\\\/6e8d9dc61906f446062bcd178142786e\"},\"headline\":\"Usuarios de Alume participan como voluntarios na realizaci\u00f3n de lazos para o D\u00eda Mundial contra o Cancro\",\"datePublished\":\"2011-09-21T00:00:00+00:00\",\"mainEntityOfPage\":{\"@id\":\"https:\\\/\\\/alume.org\\\/usuarios-de-alume-participan-como-voluntarios-na-realizacion-de-lazos-para-o-dia-mundial-contra-o-cancro-4\\\/\"},\"wordCount\":98,\"commentCount\":0,\"image\":{\"@id\":\"https:\\\/\\\/alume.org\\\/usuarios-de-alume-participan-como-voluntarios-na-realizacion-de-lazos-para-o-dia-mundial-contra-o-cancro-4\\\/#primaryimage\"},\"thumbnailUrl\":\"https:\\\/\\\/alume.org\\\/wp-content\\\/uploads\\\/2015\\\/10\\\/DSC02634.jpg\",\"inLanguage\":\"es\",\"potentialAction\":[{\"@type\":\"CommentAction\",\"name\":\"Comment\",\"target\":[\"https:\\\/\\\/alume.org\\\/usuarios-de-alume-participan-como-voluntarios-na-realizacion-de-lazos-para-o-dia-mundial-contra-o-cancro-4\\\/#respond\"]}]},{\"@type\":\"WebPage\",\"@id\":\"https:\\\/\\\/alume.org\\\/usuarios-de-alume-participan-como-voluntarios-na-realizacion-de-lazos-para-o-dia-mundial-contra-o-cancro-4\\\/\",\"url\":\"https:\\\/\\\/alume.org\\\/usuarios-de-alume-participan-como-voluntarios-na-realizacion-de-lazos-para-o-dia-mundial-contra-o-cancro-4\\\/\",\"name\":\"Usuarios de Alume participan como voluntarios na realizaci\u00f3n de lazos para o D\u00eda Mundial contra o Cancro - Alume\",\"isPartOf\":{\"@id\":\"https:\\\/\\\/alume.org\\\/es\\\/#website\"},\"primaryImageOfPage\":{\"@id\":\"https:\\\/\\\/alume.org\\\/usuarios-de-alume-participan-como-voluntarios-na-realizacion-de-lazos-para-o-dia-mundial-contra-o-cancro-4\\\/#primaryimage\"},\"image\":{\"@id\":\"https:\\\/\\\/alume.org\\\/usuarios-de-alume-participan-como-voluntarios-na-realizacion-de-lazos-para-o-dia-mundial-contra-o-cancro-4\\\/#primaryimage\"},\"thumbnailUrl\":\"https:\\\/\\\/alume.org\\\/wp-content\\\/uploads\\\/2015\\\/10\\\/DSC02634.jpg\",\"datePublished\":\"2011-09-21T00:00:00+00:00\",\"author\":{\"@id\":\"https:\\\/\\\/alume.org\\\/es\\\/#\\\/schema\\\/person\\\/6e8d9dc61906f446062bcd178142786e\"},\"breadcrumb\":{\"@id\":\"https:\\\/\\\/alume.org\\\/usuarios-de-alume-participan-como-voluntarios-na-realizacion-de-lazos-para-o-dia-mundial-contra-o-cancro-4\\\/#breadcrumb\"},\"inLanguage\":\"es\",\"potentialAction\":[{\"@type\":\"ReadAction\",\"target\":[\"https:\\\/\\\/alume.org\\\/usuarios-de-alume-participan-como-voluntarios-na-realizacion-de-lazos-para-o-dia-mundial-contra-o-cancro-4\\\/\"]}]},{\"@type\":\"ImageObject\",\"inLanguage\":\"es\",\"@id\":\"https:\\\/\\\/alume.org\\\/usuarios-de-alume-participan-como-voluntarios-na-realizacion-de-lazos-para-o-dia-mundial-contra-o-cancro-4\\\/#primaryimage\",\"url\":\"https:\\\/\\\/alume.org\\\/wp-content\\\/uploads\\\/2015\\\/10\\\/DSC02634.jpg\",\"contentUrl\":\"https:\\\/\\\/alume.org\\\/wp-content\\\/uploads\\\/2015\\\/10\\\/DSC02634.jpg\",\"width\":246,\"height\":185},{\"@type\":\"BreadcrumbList\",\"@id\":\"https:\\\/\\\/alume.org\\\/usuarios-de-alume-participan-como-voluntarios-na-realizacion-de-lazos-para-o-dia-mundial-contra-o-cancro-4\\\/#breadcrumb\",\"itemListElement\":[{\"@type\":\"ListItem\",\"position\":1,\"name\":\"Portada\",\"item\":\"https:\\\/\\\/alume.org\\\/es\\\/\"},{\"@type\":\"ListItem\",\"position\":2,\"name\":\"Usuarios de Alume participan como voluntarios na realizaci\u00f3n de lazos para o D\u00eda Mundial contra o Cancro\"}]},{\"@type\":\"WebSite\",\"@id\":\"https:\\\/\\\/alume.org\\\/es\\\/#website\",\"url\":\"https:\\\/\\\/alume.org\\\/es\\\/\",\"name\":\"Alume\",\"description\":\"Sa\u00fade Mental\",\"potentialAction\":[{\"@type\":\"SearchAction\",\"target\":{\"@type\":\"EntryPoint\",\"urlTemplate\":\"https:\\\/\\\/alume.org\\\/es\\\/?s={search_term_string}\"},\"query-input\":{\"@type\":\"PropertyValueSpecification\",\"valueRequired\":true,\"valueName\":\"search_term_string\"}}],\"inLanguage\":\"es\"},{\"@type\":\"Person\",\"@id\":\"https:\\\/\\\/alume.org\\\/es\\\/#\\\/schema\\\/person\\\/6e8d9dc61906f446062bcd178142786e\",\"name\":\"alume\"}]}<\/script>\n<!-- \/ Yoast SEO plugin. -->","yoast_head_json":{"title":"Usuarios de Alume participan como voluntarios na realizaci\u00f3n de lazos para o D\u00eda Mundial contra o Cancro - Alume","robots":{"index":"index","follow":"follow","max-snippet":"max-snippet:-1","max-image-preview":"max-image-preview:large","max-video-preview":"max-video-preview:-1"},"canonical":"https:\/\/alume.org\/usuarios-de-alume-participan-como-voluntarios-na-realizacion-de-lazos-para-o-dia-mundial-contra-o-cancro-4\/","og_locale":"es_ES","og_type":"article","og_title":"Usuarios de Alume participan como voluntarios na realizaci\u00f3n de lazos para o D\u00eda Mundial contra o Cancro - Alume","og_description":"Catro dos usuarios da nosa asociaci\u00f3n acudiron \u00e1 petici\u00f3n da AECC de Lugo para realizar os lazos que o D\u00eda Mundial contra o Cancro lucir\u00e1n as casas consistoriais da provincia. Esta actividade foi promovida pola AECC que coa axuda dos voluntarios crear\u00e1n lazos de m\u00e1is de dous metros cos que buscan sensibilizar aos cidad\u00e1ns, e [&hellip;]","og_url":"https:\/\/alume.org\/usuarios-de-alume-participan-como-voluntarios-na-realizacion-de-lazos-para-o-dia-mundial-contra-o-cancro-4\/","og_site_name":"Alume","article_published_time":"2011-09-21T00:00:00+00:00","og_image":[{"width":246,"height":185,"url":"https:\/\/alume.org\/wp-content\/uploads\/2015\/10\/DSC02634.jpg","type":"image\/jpeg"}],"author":"alume","twitter_card":"summary_large_image","twitter_misc":{"Escrito por":"alume"},"schema":{"@context":"https:\/\/schema.org","@graph":[{"@type":"Article","@id":"https:\/\/alume.org\/usuarios-de-alume-participan-como-voluntarios-na-realizacion-de-lazos-para-o-dia-mundial-contra-o-cancro-4\/#article","isPartOf":{"@id":"https:\/\/alume.org\/usuarios-de-alume-participan-como-voluntarios-na-realizacion-de-lazos-para-o-dia-mundial-contra-o-cancro-4\/"},"author":{"name":"alume","@id":"https:\/\/alume.org\/es\/#\/schema\/person\/6e8d9dc61906f446062bcd178142786e"},"headline":"Usuarios de Alume participan como voluntarios na realizaci\u00f3n de lazos para o D\u00eda Mundial contra o Cancro","datePublished":"2011-09-21T00:00:00+00:00","mainEntityOfPage":{"@id":"https:\/\/alume.org\/usuarios-de-alume-participan-como-voluntarios-na-realizacion-de-lazos-para-o-dia-mundial-contra-o-cancro-4\/"},"wordCount":98,"commentCount":0,"image":{"@id":"https:\/\/alume.org\/usuarios-de-alume-participan-como-voluntarios-na-realizacion-de-lazos-para-o-dia-mundial-contra-o-cancro-4\/#primaryimage"},"thumbnailUrl":"https:\/\/alume.org\/wp-content\/uploads\/2015\/10\/DSC02634.jpg","inLanguage":"es","potentialAction":[{"@type":"CommentAction","name":"Comment","target":["https:\/\/alume.org\/usuarios-de-alume-participan-como-voluntarios-na-realizacion-de-lazos-para-o-dia-mundial-contra-o-cancro-4\/#respond"]}]},{"@type":"WebPage","@id":"https:\/\/alume.org\/usuarios-de-alume-participan-como-voluntarios-na-realizacion-de-lazos-para-o-dia-mundial-contra-o-cancro-4\/","url":"https:\/\/alume.org\/usuarios-de-alume-participan-como-voluntarios-na-realizacion-de-lazos-para-o-dia-mundial-contra-o-cancro-4\/","name":"Usuarios de Alume participan como voluntarios na realizaci\u00f3n de lazos para o D\u00eda Mundial contra o Cancro - Alume","isPartOf":{"@id":"https:\/\/alume.org\/es\/#website"},"primaryImageOfPage":{"@id":"https:\/\/alume.org\/usuarios-de-alume-participan-como-voluntarios-na-realizacion-de-lazos-para-o-dia-mundial-contra-o-cancro-4\/#primaryimage"},"image":{"@id":"https:\/\/alume.org\/usuarios-de-alume-participan-como-voluntarios-na-realizacion-de-lazos-para-o-dia-mundial-contra-o-cancro-4\/#primaryimage"},"thumbnailUrl":"https:\/\/alume.org\/wp-content\/uploads\/2015\/10\/DSC02634.jpg","datePublished":"2011-09-21T00:00:00+00:00","author":{"@id":"https:\/\/alume.org\/es\/#\/schema\/person\/6e8d9dc61906f446062bcd178142786e"},"breadcrumb":{"@id":"https:\/\/alume.org\/usuarios-de-alume-participan-como-voluntarios-na-realizacion-de-lazos-para-o-dia-mundial-contra-o-cancro-4\/#breadcrumb"},"inLanguage":"es","potentialAction":[{"@type":"ReadAction","target":["https:\/\/alume.org\/usuarios-de-alume-participan-como-voluntarios-na-realizacion-de-lazos-para-o-dia-mundial-contra-o-cancro-4\/"]}]},{"@type":"ImageObject","inLanguage":"es","@id":"https:\/\/alume.org\/usuarios-de-alume-participan-como-voluntarios-na-realizacion-de-lazos-para-o-dia-mundial-contra-o-cancro-4\/#primaryimage","url":"https:\/\/alume.org\/wp-content\/uploads\/2015\/10\/DSC02634.jpg","contentUrl":"https:\/\/alume.org\/wp-content\/uploads\/2015\/10\/DSC02634.jpg","width":246,"height":185},{"@type":"BreadcrumbList","@id":"https:\/\/alume.org\/usuarios-de-alume-participan-como-voluntarios-na-realizacion-de-lazos-para-o-dia-mundial-contra-o-cancro-4\/#breadcrumb","itemListElement":[{"@type":"ListItem","position":1,"name":"Portada","item":"https:\/\/alume.org\/es\/"},{"@type":"ListItem","position":2,"name":"Usuarios de Alume participan como voluntarios na realizaci\u00f3n de lazos para o D\u00eda Mundial contra o Cancro"}]},{"@type":"WebSite","@id":"https:\/\/alume.org\/es\/#website","url":"https:\/\/alume.org\/es\/","name":"Alume","description":"Sa\u00fade Mental","potentialAction":[{"@type":"SearchAction","target":{"@type":"EntryPoint","urlTemplate":"https:\/\/alume.org\/es\/?s={search_term_string}"},"query-input":{"@type":"PropertyValueSpecification","valueRequired":true,"valueName":"search_term_string"}}],"inLanguage":"es"},{"@type":"Person","@id":"https:\/\/alume.org\/es\/#\/schema\/person\/6e8d9dc61906f446062bcd178142786e","name":"alume"}]}},"_links":{"self":[{"href":"https:\/\/alume.org\/es\/wp-json\/wp\/v2\/posts\/4311","targetHints":{"allow":["GET"]}}],"collection":[{"href":"https:\/\/alume.org\/es\/wp-json\/wp\/v2\/posts"}],"about":[{"href":"https:\/\/alume.org\/es\/wp-json\/wp\/v2\/types\/post"}],"author":[{"embeddable":true,"href":"https:\/\/alume.org\/es\/wp-json\/wp\/v2\/users\/1"}],"replies":[{"embeddable":true,"href":"https:\/\/alume.org\/es\/wp-json\/wp\/v2\/comments?post=4311"}],"version-history":[{"count":0,"href":"https:\/\/alume.org\/es\/wp-json\/wp\/v2\/posts\/4311\/revisions"}],"wp:featuredmedia":[{"embeddable":true,"href":"https:\/\/alume.org\/es\/wp-json\/wp\/v2\/media\/3704"}],"wp:attachment":[{"href":"https:\/\/alume.org\/es\/wp-json\/wp\/v2\/media?parent=4311"}],"wp:term":[{"taxonomy":"category","embeddable":true,"href":"https:\/\/alume.org\/es\/wp-json\/wp\/v2\/categories?post=4311"},{"taxonomy":"post_tag","embeddable":true,"href":"https:\/\/alume.org\/es\/wp-json\/wp\/v2\/tags?post=4311"}],"curies":[{"name":"wp","href":"https:\/\/api.w.org\/{rel}","templated":true}]}}