{"id":4322,"date":"2012-10-09T00:00:00","date_gmt":"2012-10-09T00:00:00","guid":{"rendered":"http:\/\/alume.org\/alume-nome-socia-de-honra-a-udp-en-reconecemento-a-labor-dos-voluntarios-4\/"},"modified":"2012-10-09T00:00:00","modified_gmt":"2012-10-09T00:00:00","slug":"alume-nome-socia-de-honra-a-udp-en-reconecemento-a-labor-dos-voluntarios-4","status":"publish","type":"post","link":"https:\/\/alume.org\/es\/alume-nome-socia-de-honra-a-udp-en-reconecemento-a-labor-dos-voluntarios-4\/","title":{"rendered":"Alume nome socia de honra \u00e1 UDP, en reco\u00f1ecemento \u00e1 labor dos voluntarios"},"content":{"rendered":"<p><strong>A Xunta Directiva de ALUME acordou nomear socia honor\u00edfica da Asociaci\u00f3n \u00e1 <strong>Uni\u00f3n Democr\u00e1tica de Pensionistas e Xubilados (UDP)<\/strong>, polo apoio dos seus <strong>voluntarios<\/strong> en beneficio das persoas con doenza mental e na loita contra o estigma desta enfermidade.<\/strong><\/p>\n<p>O nomeamento inscr\u00edbese dentro da celebraci\u00f3n do <strong>D\u00eda Mundial da Sa\u00fade Mental<\/strong>, establecido pola Organizaci\u00f3n Mundial da Sa\u00fade no d\u00eda 10 de outubro, data na que se reivindican os dereitos dos enfermos mentais e se chama a atenci\u00f3n sobre os problemas destas doenzas. Xunto coa funci\u00f3n reivindicativa desta xornada, ALUME quere tam\u00e9n salientar as actitudes individuais e colectivas a prol dos enfermos mentais durante o \u00faltimo ano, e por ese motivo nesta ocasi\u00f3n reco\u00f1\u00e9cese o traballo dos voluntarios exemplificados na UDP.   Os voluntarios desta organizaci\u00f3n realizan dende hai anos actividades importantes para a rehabilitaci\u00f3n psico-social como Lecto-Escritura, M\u00fasica ou Costura, pero m\u00e1is al\u00f3 das propias tarefas, constit\u00faen xunto c\u00f3 resto dos voluntarios un elemento fundamental na <strong>apertura de ALUME cara a sociedade<\/strong> e por tanto na <strong>loita contra o estigma<\/strong> da enfermidade mental.  ALUME traballa dende a s\u00faa fundaci\u00f3n en 1995 pola inserci\u00f3n das persoas con enfermidade mental e pola normalizaci\u00f3n da vida no seo das familias nas que xurde esta doenza. Integran ALUME m\u00e1is de 300 socios, a maior\u00eda doentes e familiares de doentes, pero tam\u00e9n profesionais e persoas involucradas nesta tarefa.  A Asociaci\u00f3n xestiona dous Centros de <strong>Rehabilitaci\u00f3n<\/strong> Psicosocial e Laboral, en Lugo e Guitiriz, e catro <strong>pisos tutelados<\/strong>, e leva adiante, diversos <strong>obradoiros<\/strong>, <strong>axuda a domicilio<\/strong>, escola de <strong>familias<\/strong> e intervenci\u00f3n con <strong>poboaci\u00f3n reclusa<\/strong> entre outros programas de axuda.  Traballan en ALUME trece persoas (psic\u00f3logos, traballadores sociais, educadores sociais, terapeutas ocupacionais e monitores) e a asociaci\u00f3n conta coa participaci\u00f3n de <strong>17 voluntarios<\/strong>, que colaboran en actividades como Lecto-Escritura, obradoiros de Lectura e de Historia, Coci\u00f1a, Andainas, Exercicio F\u00edsico, Baile, M\u00fasica e moitas outras.  ALUME mant\u00e9n obradoiros prelaborais de Xardiner\u00eda e diferentes especialidades artes\u00e1ns, cuxa produci\u00f3n at\u00f3pase \u00e1 venda en Internet, no propio centro e tam\u00e9n en pequenos mercados de r\u00faa.  O acto central da celebraci\u00f3n do 10 de outubro consistir\u00e1 na Pulpada da asociaci\u00f3n, un momento de confraternizaci\u00f3n entre os usuarios do centro, os traballadores e os socios que desexen participar. Este ano ter\u00e1 lugar a partires das <strong>14:30 horas<\/strong> do propio d\u00eda 10, no restaurante Madison, na r\u00faa Montero R\u00edos. Os socios que estean interesados en acudir \u00e1 Pulpada, deber\u00e1n reservar a s\u00faa praza mediante chamada \u00f3 tel\u00e9fono <strong>982 25 16 02<\/strong>  <strong>A mellor inversi\u00f3n, a t\u00faa sa\u00fade mental<\/strong>  O lema escollido este ano para a conmemoraci\u00f3n do D\u00eda Mundial \u00e9 \u00abA mellor inversi\u00f3n, a t\u00faa sa\u00fade mental\u00bb, nese senso, ALUME s\u00famase ao chamamento realizado dende a Federaci\u00f3n de Asociaci\u00f3ns de Familiares e Persoas con Enfermidade Mental de Galicia (FEAFES Galicia) a todas as persoas a realizar ese \u00abinvestimento\u00bb na s\u00faa propia sa\u00fade mental, as\u00ed como na das persoas do seu \u00e1mbito. Un investimento que non ten por que medirse en euros, sen\u00f3n en adoptar outros modos de vida e valores: organizar o noso tempo de forma menos estresante; coidar -e deixarse coidar- polos  familiares, amigos, compa\u00f1eiros, etc; e sobre todo, cambiar a nosa visi\u00f3n ante os problemas de sa\u00fade mental, para afrontalos con decisi\u00f3n e apoiar a quen os presenta como calquera outro problema de sa\u00fade m\u00e1is.  <strong>Feafes Galicia pide unha atenci\u00f3n integral \u00e1s persoas con enfermidade mental<\/strong>  No plano reivindicativo, Feafes Galicia reclama atenci\u00f3n integral \u00e1s persoas con enfermidade mental, que en Galicia afecta a m\u00e1is de 40.000 persoas. Esto implica que adem\u00e1is do tratamento farmacol\u00f3xico, se deben aplicar todas as medidas necesarias e adaptalas \u00e1s necesidades particulares de cada persoa, o que permite unha mellor recuperaci\u00f3n e maior autonom\u00eda.  A atenci\u00f3n integral e a continuidade nos coidados das persoas con enfermedidade mental sup\u00f3n un aforro no gasto p\u00fablico, dado que reduce enormemente as partidas m\u00e1is costosas: os ingresos hospitalarios, os servizos de urxencias e a compra de f\u00e1rmacos. Neste sentido, dende Feafes Galicia propo\u00f1emos unha serie de medidas como a prevenci\u00f3n, a atenci\u00f3n comunitaria, ou a detecci\u00f3n precoz, que supo\u00f1en unha mellora nas prestaci\u00f3ns ao conxunto da poboaci\u00f3n, ao tempo que poden permitir un aforro nas contas p\u00fablicas.  <a href=\"http:\/\/www.alume.org\">www.alume.org<\/a> <a href=\"www.feafesgalicia.org\" target=\"_blank\">www.feafesgalicia.org<\/a><\/p>\n","protected":false},"excerpt":{"rendered":"<p>A Xunta Directiva de ALUME acordou nomear socia honor\u00edfica da Asociaci\u00f3n \u00e1 Uni\u00f3n Democr\u00e1tica de Pensionistas e Xubilados (UDP), polo apoio dos seus voluntarios en beneficio das persoas con doenza mental e na loita contra o estigma desta enfermidade. O nomeamento inscr\u00edbese dentro da celebraci\u00f3n do D\u00eda Mundial da Sa\u00fade Mental, establecido pola Organizaci\u00f3n Mundial [&hellip;]<\/p>\n","protected":false},"author":1,"featured_media":3737,"comment_status":"open","ping_status":"closed","sticky":false,"template":"","format":"standard","meta":{"ngg_post_thumbnail":0,"footnotes":""},"categories":[1],"tags":[],"class_list":{"0":"post-4322","1":"post","2":"type-post","3":"status-publish","4":"format-standard","5":"has-post-thumbnail","7":"category-uncategorized-gl"},"yoast_head":"<!-- This site is optimized with the Yoast SEO plugin v27.5 - https:\/\/yoast.com\/product\/yoast-seo-wordpress\/ -->\n<title>Alume nome socia de honra \u00e1 UDP, en reco\u00f1ecemento \u00e1 labor dos voluntarios - Alume<\/title>\n<meta name=\"robots\" content=\"index, follow, max-snippet:-1, max-image-preview:large, max-video-preview:-1\" \/>\n<link rel=\"canonical\" href=\"https:\/\/alume.org\/alume-nome-socia-de-honra-a-udp-en-reconecemento-a-labor-dos-voluntarios-4\/\" \/>\n<meta property=\"og:locale\" content=\"es_ES\" \/>\n<meta property=\"og:type\" content=\"article\" \/>\n<meta property=\"og:title\" content=\"Alume nome socia de honra \u00e1 UDP, en reco\u00f1ecemento \u00e1 labor dos voluntarios - Alume\" \/>\n<meta property=\"og:description\" content=\"A Xunta Directiva de ALUME acordou nomear socia honor\u00edfica da Asociaci\u00f3n \u00e1 Uni\u00f3n Democr\u00e1tica de Pensionistas e Xubilados (UDP), polo apoio dos seus voluntarios en beneficio das persoas con doenza mental e na loita contra o estigma desta enfermidade. O nomeamento inscr\u00edbese dentro da celebraci\u00f3n do D\u00eda Mundial da Sa\u00fade Mental, establecido pola Organizaci\u00f3n Mundial [&hellip;]\" \/>\n<meta property=\"og:url\" content=\"https:\/\/alume.org\/alume-nome-socia-de-honra-a-udp-en-reconecemento-a-labor-dos-voluntarios-4\/\" \/>\n<meta property=\"og:site_name\" content=\"Alume\" \/>\n<meta property=\"article:published_time\" content=\"2012-10-09T00:00:00+00:00\" \/>\n<meta property=\"og:image\" content=\"https:\/\/alume.org\/wp-content\/uploads\/2015\/10\/Foto-UDP-Alume2.jpg\" \/>\n\t<meta property=\"og:image:width\" content=\"400\" \/>\n\t<meta property=\"og:image:height\" content=\"300\" \/>\n\t<meta property=\"og:image:type\" content=\"image\/jpeg\" \/>\n<meta name=\"author\" content=\"alume\" \/>\n<meta name=\"twitter:card\" content=\"summary_large_image\" \/>\n<meta name=\"twitter:label1\" content=\"Escrito por\" \/>\n\t<meta name=\"twitter:data1\" content=\"alume\" \/>\n\t<meta name=\"twitter:label2\" content=\"Tiempo de lectura\" \/>\n\t<meta name=\"twitter:data2\" content=\"4 minutos\" \/>\n<script type=\"application\/ld+json\" class=\"yoast-schema-graph\">{\"@context\":\"https:\\\/\\\/schema.org\",\"@graph\":[{\"@type\":\"Article\",\"@id\":\"https:\\\/\\\/alume.org\\\/alume-nome-socia-de-honra-a-udp-en-reconecemento-a-labor-dos-voluntarios-4\\\/#article\",\"isPartOf\":{\"@id\":\"https:\\\/\\\/alume.org\\\/alume-nome-socia-de-honra-a-udp-en-reconecemento-a-labor-dos-voluntarios-4\\\/\"},\"author\":{\"name\":\"alume\",\"@id\":\"https:\\\/\\\/alume.org\\\/es\\\/#\\\/schema\\\/person\\\/6e8d9dc61906f446062bcd178142786e\"},\"headline\":\"Alume nome socia de honra \u00e1 UDP, en reco\u00f1ecemento \u00e1 labor dos voluntarios\",\"datePublished\":\"2012-10-09T00:00:00+00:00\",\"mainEntityOfPage\":{\"@id\":\"https:\\\/\\\/alume.org\\\/alume-nome-socia-de-honra-a-udp-en-reconecemento-a-labor-dos-voluntarios-4\\\/\"},\"wordCount\":779,\"commentCount\":0,\"image\":{\"@id\":\"https:\\\/\\\/alume.org\\\/alume-nome-socia-de-honra-a-udp-en-reconecemento-a-labor-dos-voluntarios-4\\\/#primaryimage\"},\"thumbnailUrl\":\"https:\\\/\\\/alume.org\\\/wp-content\\\/uploads\\\/2015\\\/10\\\/Foto-UDP-Alume2.jpg\",\"articleSection\":[\"Uncategorized @gl\"],\"inLanguage\":\"es\",\"potentialAction\":[{\"@type\":\"CommentAction\",\"name\":\"Comment\",\"target\":[\"https:\\\/\\\/alume.org\\\/alume-nome-socia-de-honra-a-udp-en-reconecemento-a-labor-dos-voluntarios-4\\\/#respond\"]}]},{\"@type\":\"WebPage\",\"@id\":\"https:\\\/\\\/alume.org\\\/alume-nome-socia-de-honra-a-udp-en-reconecemento-a-labor-dos-voluntarios-4\\\/\",\"url\":\"https:\\\/\\\/alume.org\\\/alume-nome-socia-de-honra-a-udp-en-reconecemento-a-labor-dos-voluntarios-4\\\/\",\"name\":\"Alume nome socia de honra \u00e1 UDP, en reco\u00f1ecemento \u00e1 labor dos voluntarios - Alume\",\"isPartOf\":{\"@id\":\"https:\\\/\\\/alume.org\\\/es\\\/#website\"},\"primaryImageOfPage\":{\"@id\":\"https:\\\/\\\/alume.org\\\/alume-nome-socia-de-honra-a-udp-en-reconecemento-a-labor-dos-voluntarios-4\\\/#primaryimage\"},\"image\":{\"@id\":\"https:\\\/\\\/alume.org\\\/alume-nome-socia-de-honra-a-udp-en-reconecemento-a-labor-dos-voluntarios-4\\\/#primaryimage\"},\"thumbnailUrl\":\"https:\\\/\\\/alume.org\\\/wp-content\\\/uploads\\\/2015\\\/10\\\/Foto-UDP-Alume2.jpg\",\"datePublished\":\"2012-10-09T00:00:00+00:00\",\"author\":{\"@id\":\"https:\\\/\\\/alume.org\\\/es\\\/#\\\/schema\\\/person\\\/6e8d9dc61906f446062bcd178142786e\"},\"breadcrumb\":{\"@id\":\"https:\\\/\\\/alume.org\\\/alume-nome-socia-de-honra-a-udp-en-reconecemento-a-labor-dos-voluntarios-4\\\/#breadcrumb\"},\"inLanguage\":\"es\",\"potentialAction\":[{\"@type\":\"ReadAction\",\"target\":[\"https:\\\/\\\/alume.org\\\/alume-nome-socia-de-honra-a-udp-en-reconecemento-a-labor-dos-voluntarios-4\\\/\"]}]},{\"@type\":\"ImageObject\",\"inLanguage\":\"es\",\"@id\":\"https:\\\/\\\/alume.org\\\/alume-nome-socia-de-honra-a-udp-en-reconecemento-a-labor-dos-voluntarios-4\\\/#primaryimage\",\"url\":\"https:\\\/\\\/alume.org\\\/wp-content\\\/uploads\\\/2015\\\/10\\\/Foto-UDP-Alume2.jpg\",\"contentUrl\":\"https:\\\/\\\/alume.org\\\/wp-content\\\/uploads\\\/2015\\\/10\\\/Foto-UDP-Alume2.jpg\",\"width\":400,\"height\":300},{\"@type\":\"BreadcrumbList\",\"@id\":\"https:\\\/\\\/alume.org\\\/alume-nome-socia-de-honra-a-udp-en-reconecemento-a-labor-dos-voluntarios-4\\\/#breadcrumb\",\"itemListElement\":[{\"@type\":\"ListItem\",\"position\":1,\"name\":\"Portada\",\"item\":\"https:\\\/\\\/alume.org\\\/es\\\/\"},{\"@type\":\"ListItem\",\"position\":2,\"name\":\"Alume nome socia de honra \u00e1 UDP, en reco\u00f1ecemento \u00e1 labor dos voluntarios\"}]},{\"@type\":\"WebSite\",\"@id\":\"https:\\\/\\\/alume.org\\\/es\\\/#website\",\"url\":\"https:\\\/\\\/alume.org\\\/es\\\/\",\"name\":\"Alume\",\"description\":\"Sa\u00fade Mental\",\"potentialAction\":[{\"@type\":\"SearchAction\",\"target\":{\"@type\":\"EntryPoint\",\"urlTemplate\":\"https:\\\/\\\/alume.org\\\/es\\\/?s={search_term_string}\"},\"query-input\":{\"@type\":\"PropertyValueSpecification\",\"valueRequired\":true,\"valueName\":\"search_term_string\"}}],\"inLanguage\":\"es\"},{\"@type\":\"Person\",\"@id\":\"https:\\\/\\\/alume.org\\\/es\\\/#\\\/schema\\\/person\\\/6e8d9dc61906f446062bcd178142786e\",\"name\":\"alume\"}]}<\/script>\n<!-- \/ Yoast SEO plugin. -->","yoast_head_json":{"title":"Alume nome socia de honra \u00e1 UDP, en reco\u00f1ecemento \u00e1 labor dos voluntarios - Alume","robots":{"index":"index","follow":"follow","max-snippet":"max-snippet:-1","max-image-preview":"max-image-preview:large","max-video-preview":"max-video-preview:-1"},"canonical":"https:\/\/alume.org\/alume-nome-socia-de-honra-a-udp-en-reconecemento-a-labor-dos-voluntarios-4\/","og_locale":"es_ES","og_type":"article","og_title":"Alume nome socia de honra \u00e1 UDP, en reco\u00f1ecemento \u00e1 labor dos voluntarios - Alume","og_description":"A Xunta Directiva de ALUME acordou nomear socia honor\u00edfica da Asociaci\u00f3n \u00e1 Uni\u00f3n Democr\u00e1tica de Pensionistas e Xubilados (UDP), polo apoio dos seus voluntarios en beneficio das persoas con doenza mental e na loita contra o estigma desta enfermidade. O nomeamento inscr\u00edbese dentro da celebraci\u00f3n do D\u00eda Mundial da Sa\u00fade Mental, establecido pola Organizaci\u00f3n Mundial [&hellip;]","og_url":"https:\/\/alume.org\/alume-nome-socia-de-honra-a-udp-en-reconecemento-a-labor-dos-voluntarios-4\/","og_site_name":"Alume","article_published_time":"2012-10-09T00:00:00+00:00","og_image":[{"width":400,"height":300,"url":"https:\/\/alume.org\/wp-content\/uploads\/2015\/10\/Foto-UDP-Alume2.jpg","type":"image\/jpeg"}],"author":"alume","twitter_card":"summary_large_image","twitter_misc":{"Escrito por":"alume","Tiempo de lectura":"4 minutos"},"schema":{"@context":"https:\/\/schema.org","@graph":[{"@type":"Article","@id":"https:\/\/alume.org\/alume-nome-socia-de-honra-a-udp-en-reconecemento-a-labor-dos-voluntarios-4\/#article","isPartOf":{"@id":"https:\/\/alume.org\/alume-nome-socia-de-honra-a-udp-en-reconecemento-a-labor-dos-voluntarios-4\/"},"author":{"name":"alume","@id":"https:\/\/alume.org\/es\/#\/schema\/person\/6e8d9dc61906f446062bcd178142786e"},"headline":"Alume nome socia de honra \u00e1 UDP, en reco\u00f1ecemento \u00e1 labor dos voluntarios","datePublished":"2012-10-09T00:00:00+00:00","mainEntityOfPage":{"@id":"https:\/\/alume.org\/alume-nome-socia-de-honra-a-udp-en-reconecemento-a-labor-dos-voluntarios-4\/"},"wordCount":779,"commentCount":0,"image":{"@id":"https:\/\/alume.org\/alume-nome-socia-de-honra-a-udp-en-reconecemento-a-labor-dos-voluntarios-4\/#primaryimage"},"thumbnailUrl":"https:\/\/alume.org\/wp-content\/uploads\/2015\/10\/Foto-UDP-Alume2.jpg","articleSection":["Uncategorized @gl"],"inLanguage":"es","potentialAction":[{"@type":"CommentAction","name":"Comment","target":["https:\/\/alume.org\/alume-nome-socia-de-honra-a-udp-en-reconecemento-a-labor-dos-voluntarios-4\/#respond"]}]},{"@type":"WebPage","@id":"https:\/\/alume.org\/alume-nome-socia-de-honra-a-udp-en-reconecemento-a-labor-dos-voluntarios-4\/","url":"https:\/\/alume.org\/alume-nome-socia-de-honra-a-udp-en-reconecemento-a-labor-dos-voluntarios-4\/","name":"Alume nome socia de honra \u00e1 UDP, en reco\u00f1ecemento \u00e1 labor dos voluntarios - Alume","isPartOf":{"@id":"https:\/\/alume.org\/es\/#website"},"primaryImageOfPage":{"@id":"https:\/\/alume.org\/alume-nome-socia-de-honra-a-udp-en-reconecemento-a-labor-dos-voluntarios-4\/#primaryimage"},"image":{"@id":"https:\/\/alume.org\/alume-nome-socia-de-honra-a-udp-en-reconecemento-a-labor-dos-voluntarios-4\/#primaryimage"},"thumbnailUrl":"https:\/\/alume.org\/wp-content\/uploads\/2015\/10\/Foto-UDP-Alume2.jpg","datePublished":"2012-10-09T00:00:00+00:00","author":{"@id":"https:\/\/alume.org\/es\/#\/schema\/person\/6e8d9dc61906f446062bcd178142786e"},"breadcrumb":{"@id":"https:\/\/alume.org\/alume-nome-socia-de-honra-a-udp-en-reconecemento-a-labor-dos-voluntarios-4\/#breadcrumb"},"inLanguage":"es","potentialAction":[{"@type":"ReadAction","target":["https:\/\/alume.org\/alume-nome-socia-de-honra-a-udp-en-reconecemento-a-labor-dos-voluntarios-4\/"]}]},{"@type":"ImageObject","inLanguage":"es","@id":"https:\/\/alume.org\/alume-nome-socia-de-honra-a-udp-en-reconecemento-a-labor-dos-voluntarios-4\/#primaryimage","url":"https:\/\/alume.org\/wp-content\/uploads\/2015\/10\/Foto-UDP-Alume2.jpg","contentUrl":"https:\/\/alume.org\/wp-content\/uploads\/2015\/10\/Foto-UDP-Alume2.jpg","width":400,"height":300},{"@type":"BreadcrumbList","@id":"https:\/\/alume.org\/alume-nome-socia-de-honra-a-udp-en-reconecemento-a-labor-dos-voluntarios-4\/#breadcrumb","itemListElement":[{"@type":"ListItem","position":1,"name":"Portada","item":"https:\/\/alume.org\/es\/"},{"@type":"ListItem","position":2,"name":"Alume nome socia de honra \u00e1 UDP, en reco\u00f1ecemento \u00e1 labor dos voluntarios"}]},{"@type":"WebSite","@id":"https:\/\/alume.org\/es\/#website","url":"https:\/\/alume.org\/es\/","name":"Alume","description":"Sa\u00fade Mental","potentialAction":[{"@type":"SearchAction","target":{"@type":"EntryPoint","urlTemplate":"https:\/\/alume.org\/es\/?s={search_term_string}"},"query-input":{"@type":"PropertyValueSpecification","valueRequired":true,"valueName":"search_term_string"}}],"inLanguage":"es"},{"@type":"Person","@id":"https:\/\/alume.org\/es\/#\/schema\/person\/6e8d9dc61906f446062bcd178142786e","name":"alume"}]}},"_links":{"self":[{"href":"https:\/\/alume.org\/es\/wp-json\/wp\/v2\/posts\/4322","targetHints":{"allow":["GET"]}}],"collection":[{"href":"https:\/\/alume.org\/es\/wp-json\/wp\/v2\/posts"}],"about":[{"href":"https:\/\/alume.org\/es\/wp-json\/wp\/v2\/types\/post"}],"author":[{"embeddable":true,"href":"https:\/\/alume.org\/es\/wp-json\/wp\/v2\/users\/1"}],"replies":[{"embeddable":true,"href":"https:\/\/alume.org\/es\/wp-json\/wp\/v2\/comments?post=4322"}],"version-history":[{"count":0,"href":"https:\/\/alume.org\/es\/wp-json\/wp\/v2\/posts\/4322\/revisions"}],"wp:featuredmedia":[{"embeddable":true,"href":"https:\/\/alume.org\/es\/wp-json\/wp\/v2\/media\/3737"}],"wp:attachment":[{"href":"https:\/\/alume.org\/es\/wp-json\/wp\/v2\/media?parent=4322"}],"wp:term":[{"taxonomy":"category","embeddable":true,"href":"https:\/\/alume.org\/es\/wp-json\/wp\/v2\/categories?post=4322"},{"taxonomy":"post_tag","embeddable":true,"href":"https:\/\/alume.org\/es\/wp-json\/wp\/v2\/tags?post=4322"}],"curies":[{"name":"wp","href":"https:\/\/api.w.org\/{rel}","templated":true}]}}