{"id":4323,"date":"2012-10-18T00:00:00","date_gmt":"2012-10-18T00:00:00","guid":{"rendered":"http:\/\/alume.org\/estamos-de-cumpleanos-3\/"},"modified":"2012-10-18T00:00:00","modified_gmt":"2012-10-18T00:00:00","slug":"estamos-de-cumpleanos-3","status":"publish","type":"post","link":"https:\/\/alume.org\/es\/estamos-de-cumpleanos-3\/","title":{"rendered":"\u00a1Estamos de cumplea\u00f1os!"},"content":{"rendered":"<p><strong>Hoy es el cumplea\u00f1os de Alume. Hace 17 a\u00f1os que empezamos, en un principio reuni\u00e9ndonos en el Monterrey, una cafeter\u00eda del centro, donde debat\u00edamos los problemas que ve\u00edamos en la atenci\u00f3n a la enfermedad mental en Lugo. Desde entonces ha cambiado la situaci\u00f3n: se abrieron dos centros de rehabilitaci\u00f3n, pisos tutelados, hay un personal que se encarga de la atenci\u00f3n a los m\u00e1s de 70 usuarios,\u2026<\/strong><\/p>\n<p>En el blog hemos puesto un art\u00edculo en el que varios usuarios nos cuentan sus primeras experiencias en la asociaci\u00f3n:  http:\/\/benditaspastillas.blogspot.com.es\/2012\/10\/estamos-de-cumpleanos.html<\/p>\n","protected":false},"excerpt":{"rendered":"<p>Hoy es el cumplea\u00f1os de Alume. Hace 17 a\u00f1os que empezamos, en un principio reuni\u00e9ndonos en el Monterrey, una cafeter\u00eda del centro, donde debat\u00edamos los problemas que ve\u00edamos en la atenci\u00f3n a la enfermedad mental en Lugo. Desde entonces ha cambiado la situaci\u00f3n: se abrieron dos centros de rehabilitaci\u00f3n, pisos tutelados, hay un personal que [&hellip;]<\/p>\n","protected":false},"author":1,"featured_media":3739,"comment_status":"open","ping_status":"closed","sticky":false,"template":"","format":"standard","meta":{"ngg_post_thumbnail":0,"footnotes":""},"categories":[1],"tags":[],"class_list":{"0":"post-4323","1":"post","2":"type-post","3":"status-publish","4":"format-standard","5":"has-post-thumbnail","7":"category-uncategorized-gl"},"yoast_head":"<!-- This site is optimized with the Yoast SEO plugin v27.5 - https:\/\/yoast.com\/product\/yoast-seo-wordpress\/ -->\n<title>\u00a1Estamos de cumplea\u00f1os! - Alume<\/title>\n<meta name=\"robots\" content=\"index, follow, max-snippet:-1, max-image-preview:large, max-video-preview:-1\" \/>\n<link rel=\"canonical\" href=\"https:\/\/alume.org\/estamos-de-cumpleanos-3\/\" \/>\n<meta property=\"og:locale\" content=\"es_ES\" \/>\n<meta property=\"og:type\" content=\"article\" \/>\n<meta property=\"og:title\" content=\"\u00a1Estamos de cumplea\u00f1os! - Alume\" \/>\n<meta property=\"og:description\" content=\"Hoy es el cumplea\u00f1os de Alume. Hace 17 a\u00f1os que empezamos, en un principio reuni\u00e9ndonos en el Monterrey, una cafeter\u00eda del centro, donde debat\u00edamos los problemas que ve\u00edamos en la atenci\u00f3n a la enfermedad mental en Lugo. Desde entonces ha cambiado la situaci\u00f3n: se abrieron dos centros de rehabilitaci\u00f3n, pisos tutelados, hay un personal que [&hellip;]\" \/>\n<meta property=\"og:url\" content=\"https:\/\/alume.org\/estamos-de-cumpleanos-3\/\" \/>\n<meta property=\"og:site_name\" content=\"Alume\" \/>\n<meta property=\"article:published_time\" content=\"2012-10-18T00:00:00+00:00\" \/>\n<meta property=\"og:image\" content=\"https:\/\/alume.org\/wp-content\/uploads\/2015\/10\/alume-17.jpg\" \/>\n\t<meta property=\"og:image:width\" content=\"404\" \/>\n\t<meta property=\"og:image:height\" content=\"404\" \/>\n\t<meta property=\"og:image:type\" content=\"image\/jpeg\" \/>\n<meta name=\"author\" content=\"alume\" \/>\n<meta name=\"twitter:card\" content=\"summary_large_image\" \/>\n<meta name=\"twitter:label1\" content=\"Escrito por\" \/>\n\t<meta name=\"twitter:data1\" content=\"alume\" \/>\n\t<meta name=\"twitter:label2\" content=\"Tiempo de lectura\" \/>\n\t<meta name=\"twitter:data2\" content=\"1 minuto\" \/>\n<script type=\"application\/ld+json\" class=\"yoast-schema-graph\">{\"@context\":\"https:\\\/\\\/schema.org\",\"@graph\":[{\"@type\":\"Article\",\"@id\":\"https:\\\/\\\/alume.org\\\/estamos-de-cumpleanos-3\\\/#article\",\"isPartOf\":{\"@id\":\"https:\\\/\\\/alume.org\\\/estamos-de-cumpleanos-3\\\/\"},\"author\":{\"name\":\"alume\",\"@id\":\"https:\\\/\\\/alume.org\\\/es\\\/#\\\/schema\\\/person\\\/6e8d9dc61906f446062bcd178142786e\"},\"headline\":\"\u00a1Estamos de cumplea\u00f1os!\",\"datePublished\":\"2012-10-18T00:00:00+00:00\",\"mainEntityOfPage\":{\"@id\":\"https:\\\/\\\/alume.org\\\/estamos-de-cumpleanos-3\\\/\"},\"wordCount\":108,\"commentCount\":0,\"image\":{\"@id\":\"https:\\\/\\\/alume.org\\\/estamos-de-cumpleanos-3\\\/#primaryimage\"},\"thumbnailUrl\":\"https:\\\/\\\/alume.org\\\/wp-content\\\/uploads\\\/2015\\\/10\\\/alume-17.jpg\",\"articleSection\":[\"Uncategorized @gl\"],\"inLanguage\":\"es\",\"potentialAction\":[{\"@type\":\"CommentAction\",\"name\":\"Comment\",\"target\":[\"https:\\\/\\\/alume.org\\\/estamos-de-cumpleanos-3\\\/#respond\"]}]},{\"@type\":\"WebPage\",\"@id\":\"https:\\\/\\\/alume.org\\\/estamos-de-cumpleanos-3\\\/\",\"url\":\"https:\\\/\\\/alume.org\\\/estamos-de-cumpleanos-3\\\/\",\"name\":\"\u00a1Estamos de cumplea\u00f1os! - Alume\",\"isPartOf\":{\"@id\":\"https:\\\/\\\/alume.org\\\/es\\\/#website\"},\"primaryImageOfPage\":{\"@id\":\"https:\\\/\\\/alume.org\\\/estamos-de-cumpleanos-3\\\/#primaryimage\"},\"image\":{\"@id\":\"https:\\\/\\\/alume.org\\\/estamos-de-cumpleanos-3\\\/#primaryimage\"},\"thumbnailUrl\":\"https:\\\/\\\/alume.org\\\/wp-content\\\/uploads\\\/2015\\\/10\\\/alume-17.jpg\",\"datePublished\":\"2012-10-18T00:00:00+00:00\",\"author\":{\"@id\":\"https:\\\/\\\/alume.org\\\/es\\\/#\\\/schema\\\/person\\\/6e8d9dc61906f446062bcd178142786e\"},\"breadcrumb\":{\"@id\":\"https:\\\/\\\/alume.org\\\/estamos-de-cumpleanos-3\\\/#breadcrumb\"},\"inLanguage\":\"es\",\"potentialAction\":[{\"@type\":\"ReadAction\",\"target\":[\"https:\\\/\\\/alume.org\\\/estamos-de-cumpleanos-3\\\/\"]}]},{\"@type\":\"ImageObject\",\"inLanguage\":\"es\",\"@id\":\"https:\\\/\\\/alume.org\\\/estamos-de-cumpleanos-3\\\/#primaryimage\",\"url\":\"https:\\\/\\\/alume.org\\\/wp-content\\\/uploads\\\/2015\\\/10\\\/alume-17.jpg\",\"contentUrl\":\"https:\\\/\\\/alume.org\\\/wp-content\\\/uploads\\\/2015\\\/10\\\/alume-17.jpg\",\"width\":404,\"height\":404},{\"@type\":\"BreadcrumbList\",\"@id\":\"https:\\\/\\\/alume.org\\\/estamos-de-cumpleanos-3\\\/#breadcrumb\",\"itemListElement\":[{\"@type\":\"ListItem\",\"position\":1,\"name\":\"Portada\",\"item\":\"https:\\\/\\\/alume.org\\\/es\\\/\"},{\"@type\":\"ListItem\",\"position\":2,\"name\":\"\u00a1Estamos de cumplea\u00f1os!\"}]},{\"@type\":\"WebSite\",\"@id\":\"https:\\\/\\\/alume.org\\\/es\\\/#website\",\"url\":\"https:\\\/\\\/alume.org\\\/es\\\/\",\"name\":\"Alume\",\"description\":\"Sa\u00fade Mental\",\"potentialAction\":[{\"@type\":\"SearchAction\",\"target\":{\"@type\":\"EntryPoint\",\"urlTemplate\":\"https:\\\/\\\/alume.org\\\/es\\\/?s={search_term_string}\"},\"query-input\":{\"@type\":\"PropertyValueSpecification\",\"valueRequired\":true,\"valueName\":\"search_term_string\"}}],\"inLanguage\":\"es\"},{\"@type\":\"Person\",\"@id\":\"https:\\\/\\\/alume.org\\\/es\\\/#\\\/schema\\\/person\\\/6e8d9dc61906f446062bcd178142786e\",\"name\":\"alume\"}]}<\/script>\n<!-- \/ Yoast SEO plugin. -->","yoast_head_json":{"title":"\u00a1Estamos de cumplea\u00f1os! - Alume","robots":{"index":"index","follow":"follow","max-snippet":"max-snippet:-1","max-image-preview":"max-image-preview:large","max-video-preview":"max-video-preview:-1"},"canonical":"https:\/\/alume.org\/estamos-de-cumpleanos-3\/","og_locale":"es_ES","og_type":"article","og_title":"\u00a1Estamos de cumplea\u00f1os! - Alume","og_description":"Hoy es el cumplea\u00f1os de Alume. Hace 17 a\u00f1os que empezamos, en un principio reuni\u00e9ndonos en el Monterrey, una cafeter\u00eda del centro, donde debat\u00edamos los problemas que ve\u00edamos en la atenci\u00f3n a la enfermedad mental en Lugo. Desde entonces ha cambiado la situaci\u00f3n: se abrieron dos centros de rehabilitaci\u00f3n, pisos tutelados, hay un personal que [&hellip;]","og_url":"https:\/\/alume.org\/estamos-de-cumpleanos-3\/","og_site_name":"Alume","article_published_time":"2012-10-18T00:00:00+00:00","og_image":[{"width":404,"height":404,"url":"https:\/\/alume.org\/wp-content\/uploads\/2015\/10\/alume-17.jpg","type":"image\/jpeg"}],"author":"alume","twitter_card":"summary_large_image","twitter_misc":{"Escrito por":"alume","Tiempo de lectura":"1 minuto"},"schema":{"@context":"https:\/\/schema.org","@graph":[{"@type":"Article","@id":"https:\/\/alume.org\/estamos-de-cumpleanos-3\/#article","isPartOf":{"@id":"https:\/\/alume.org\/estamos-de-cumpleanos-3\/"},"author":{"name":"alume","@id":"https:\/\/alume.org\/es\/#\/schema\/person\/6e8d9dc61906f446062bcd178142786e"},"headline":"\u00a1Estamos de cumplea\u00f1os!","datePublished":"2012-10-18T00:00:00+00:00","mainEntityOfPage":{"@id":"https:\/\/alume.org\/estamos-de-cumpleanos-3\/"},"wordCount":108,"commentCount":0,"image":{"@id":"https:\/\/alume.org\/estamos-de-cumpleanos-3\/#primaryimage"},"thumbnailUrl":"https:\/\/alume.org\/wp-content\/uploads\/2015\/10\/alume-17.jpg","articleSection":["Uncategorized @gl"],"inLanguage":"es","potentialAction":[{"@type":"CommentAction","name":"Comment","target":["https:\/\/alume.org\/estamos-de-cumpleanos-3\/#respond"]}]},{"@type":"WebPage","@id":"https:\/\/alume.org\/estamos-de-cumpleanos-3\/","url":"https:\/\/alume.org\/estamos-de-cumpleanos-3\/","name":"\u00a1Estamos de cumplea\u00f1os! - Alume","isPartOf":{"@id":"https:\/\/alume.org\/es\/#website"},"primaryImageOfPage":{"@id":"https:\/\/alume.org\/estamos-de-cumpleanos-3\/#primaryimage"},"image":{"@id":"https:\/\/alume.org\/estamos-de-cumpleanos-3\/#primaryimage"},"thumbnailUrl":"https:\/\/alume.org\/wp-content\/uploads\/2015\/10\/alume-17.jpg","datePublished":"2012-10-18T00:00:00+00:00","author":{"@id":"https:\/\/alume.org\/es\/#\/schema\/person\/6e8d9dc61906f446062bcd178142786e"},"breadcrumb":{"@id":"https:\/\/alume.org\/estamos-de-cumpleanos-3\/#breadcrumb"},"inLanguage":"es","potentialAction":[{"@type":"ReadAction","target":["https:\/\/alume.org\/estamos-de-cumpleanos-3\/"]}]},{"@type":"ImageObject","inLanguage":"es","@id":"https:\/\/alume.org\/estamos-de-cumpleanos-3\/#primaryimage","url":"https:\/\/alume.org\/wp-content\/uploads\/2015\/10\/alume-17.jpg","contentUrl":"https:\/\/alume.org\/wp-content\/uploads\/2015\/10\/alume-17.jpg","width":404,"height":404},{"@type":"BreadcrumbList","@id":"https:\/\/alume.org\/estamos-de-cumpleanos-3\/#breadcrumb","itemListElement":[{"@type":"ListItem","position":1,"name":"Portada","item":"https:\/\/alume.org\/es\/"},{"@type":"ListItem","position":2,"name":"\u00a1Estamos de cumplea\u00f1os!"}]},{"@type":"WebSite","@id":"https:\/\/alume.org\/es\/#website","url":"https:\/\/alume.org\/es\/","name":"Alume","description":"Sa\u00fade Mental","potentialAction":[{"@type":"SearchAction","target":{"@type":"EntryPoint","urlTemplate":"https:\/\/alume.org\/es\/?s={search_term_string}"},"query-input":{"@type":"PropertyValueSpecification","valueRequired":true,"valueName":"search_term_string"}}],"inLanguage":"es"},{"@type":"Person","@id":"https:\/\/alume.org\/es\/#\/schema\/person\/6e8d9dc61906f446062bcd178142786e","name":"alume"}]}},"_links":{"self":[{"href":"https:\/\/alume.org\/es\/wp-json\/wp\/v2\/posts\/4323","targetHints":{"allow":["GET"]}}],"collection":[{"href":"https:\/\/alume.org\/es\/wp-json\/wp\/v2\/posts"}],"about":[{"href":"https:\/\/alume.org\/es\/wp-json\/wp\/v2\/types\/post"}],"author":[{"embeddable":true,"href":"https:\/\/alume.org\/es\/wp-json\/wp\/v2\/users\/1"}],"replies":[{"embeddable":true,"href":"https:\/\/alume.org\/es\/wp-json\/wp\/v2\/comments?post=4323"}],"version-history":[{"count":0,"href":"https:\/\/alume.org\/es\/wp-json\/wp\/v2\/posts\/4323\/revisions"}],"wp:featuredmedia":[{"embeddable":true,"href":"https:\/\/alume.org\/es\/wp-json\/wp\/v2\/media\/3739"}],"wp:attachment":[{"href":"https:\/\/alume.org\/es\/wp-json\/wp\/v2\/media?parent=4323"}],"wp:term":[{"taxonomy":"category","embeddable":true,"href":"https:\/\/alume.org\/es\/wp-json\/wp\/v2\/categories?post=4323"},{"taxonomy":"post_tag","embeddable":true,"href":"https:\/\/alume.org\/es\/wp-json\/wp\/v2\/tags?post=4323"}],"curies":[{"name":"wp","href":"https:\/\/api.w.org\/{rel}","templated":true}]}}