{"id":4328,"date":"2012-12-17T00:00:00","date_gmt":"2012-12-17T00:00:00","guid":{"rendered":"http:\/\/alume.org\/nova-edicion-do-mercadillo-diversiarte-3\/"},"modified":"2012-12-17T00:00:00","modified_gmt":"2012-12-17T00:00:00","slug":"nova-edicion-do-mercadillo-diversiarte-3","status":"publish","type":"post","link":"https:\/\/alume.org\/es\/nova-edicion-do-mercadillo-diversiarte-3\/","title":{"rendered":"Nova edici\u00f3n do Mercadillo Diversiarte"},"content":{"rendered":"<p><strong>Do m\u00e9rcores 12 ao venres 14 tivo lugar unha nova edici\u00f3n do Mercadillo Diversiarte marcado este ano polo temporal de choiva e vento.<\/strong><\/p>\n<p>Foron 22 os colectivos que participaron nesta feira de artesan\u00eda solidaria que se desenvolveu como \u00e9 habitual na Praza Maior. Esta cita sup\u00f3n un evento importante no calendario anual das asociaci\u00f3ns, posto que con el se visibiliza o traballo que os diferentes colectivos de persoas con alg\u00fan tipo de discapacidade realizan ao longo do ano. Alume acud\u00edu, coma todos os anos, levando os productos dos talleres de coiro, decoupage, manualidades, oleo, cer\u00e1mica, cester\u00eda e pintura e tela. O balance foi positivo a\u00ednda que polo xeral o n\u00famero de persoas que mercaron productos foi menor a outras edici\u00f3ns. Deix\u00e1mosvos o enlace \u00e1 entrevista que nos realizaron dende Popular Tv:  http:\/\/www.populartvgalicia.net\/node\/654<\/p>\n","protected":false},"excerpt":{"rendered":"<p>Do m\u00e9rcores 12 ao venres 14 tivo lugar unha nova edici\u00f3n do Mercadillo Diversiarte marcado este ano polo temporal de choiva e vento. Foron 22 os colectivos que participaron nesta feira de artesan\u00eda solidaria que se desenvolveu como \u00e9 habitual na Praza Maior. Esta cita sup\u00f3n un evento importante no calendario anual das asociaci\u00f3ns, posto [&hellip;]<\/p>\n","protected":false},"author":1,"featured_media":3747,"comment_status":"open","ping_status":"closed","sticky":false,"template":"","format":"standard","meta":{"ngg_post_thumbnail":0,"footnotes":""},"categories":[1],"tags":[],"class_list":{"0":"post-4328","1":"post","2":"type-post","3":"status-publish","4":"format-standard","5":"has-post-thumbnail","7":"category-uncategorized-gl"},"yoast_head":"<!-- This site is optimized with the Yoast SEO plugin v27.5 - https:\/\/yoast.com\/product\/yoast-seo-wordpress\/ -->\n<title>Nova edici\u00f3n do Mercadillo Diversiarte - Alume<\/title>\n<meta name=\"robots\" content=\"index, follow, max-snippet:-1, max-image-preview:large, max-video-preview:-1\" \/>\n<link rel=\"canonical\" href=\"https:\/\/alume.org\/nova-edicion-do-mercadillo-diversiarte-3\/\" \/>\n<meta property=\"og:locale\" content=\"es_ES\" \/>\n<meta property=\"og:type\" content=\"article\" \/>\n<meta property=\"og:title\" content=\"Nova edici\u00f3n do Mercadillo Diversiarte - Alume\" \/>\n<meta property=\"og:description\" content=\"Do m\u00e9rcores 12 ao venres 14 tivo lugar unha nova edici\u00f3n do Mercadillo Diversiarte marcado este ano polo temporal de choiva e vento. Foron 22 os colectivos que participaron nesta feira de artesan\u00eda solidaria que se desenvolveu como \u00e9 habitual na Praza Maior. Esta cita sup\u00f3n un evento importante no calendario anual das asociaci\u00f3ns, posto [&hellip;]\" \/>\n<meta property=\"og:url\" content=\"https:\/\/alume.org\/nova-edicion-do-mercadillo-diversiarte-3\/\" \/>\n<meta property=\"og:site_name\" content=\"Alume\" \/>\n<meta property=\"article:published_time\" content=\"2012-12-17T00:00:00+00:00\" \/>\n<meta property=\"og:image\" content=\"https:\/\/alume.org\/wp-content\/uploads\/2015\/10\/DSC04367.jpg\" \/>\n\t<meta property=\"og:image:width\" content=\"480\" \/>\n\t<meta property=\"og:image:height\" content=\"360\" \/>\n\t<meta property=\"og:image:type\" content=\"image\/jpeg\" \/>\n<meta name=\"author\" content=\"alume\" \/>\n<meta name=\"twitter:card\" content=\"summary_large_image\" \/>\n<meta name=\"twitter:label1\" content=\"Escrito por\" \/>\n\t<meta name=\"twitter:data1\" content=\"alume\" \/>\n\t<meta name=\"twitter:label2\" content=\"Tiempo de lectura\" \/>\n\t<meta name=\"twitter:data2\" content=\"1 minuto\" \/>\n<script type=\"application\/ld+json\" class=\"yoast-schema-graph\">{\"@context\":\"https:\\\/\\\/schema.org\",\"@graph\":[{\"@type\":\"Article\",\"@id\":\"https:\\\/\\\/alume.org\\\/nova-edicion-do-mercadillo-diversiarte-3\\\/#article\",\"isPartOf\":{\"@id\":\"https:\\\/\\\/alume.org\\\/nova-edicion-do-mercadillo-diversiarte-3\\\/\"},\"author\":{\"name\":\"alume\",\"@id\":\"https:\\\/\\\/alume.org\\\/es\\\/#\\\/schema\\\/person\\\/6e8d9dc61906f446062bcd178142786e\"},\"headline\":\"Nova edici\u00f3n do Mercadillo Diversiarte\",\"datePublished\":\"2012-12-17T00:00:00+00:00\",\"mainEntityOfPage\":{\"@id\":\"https:\\\/\\\/alume.org\\\/nova-edicion-do-mercadillo-diversiarte-3\\\/\"},\"wordCount\":150,\"commentCount\":0,\"image\":{\"@id\":\"https:\\\/\\\/alume.org\\\/nova-edicion-do-mercadillo-diversiarte-3\\\/#primaryimage\"},\"thumbnailUrl\":\"https:\\\/\\\/alume.org\\\/wp-content\\\/uploads\\\/2015\\\/10\\\/DSC04367.jpg\",\"articleSection\":[\"Uncategorized @gl\"],\"inLanguage\":\"es\",\"potentialAction\":[{\"@type\":\"CommentAction\",\"name\":\"Comment\",\"target\":[\"https:\\\/\\\/alume.org\\\/nova-edicion-do-mercadillo-diversiarte-3\\\/#respond\"]}]},{\"@type\":\"WebPage\",\"@id\":\"https:\\\/\\\/alume.org\\\/nova-edicion-do-mercadillo-diversiarte-3\\\/\",\"url\":\"https:\\\/\\\/alume.org\\\/nova-edicion-do-mercadillo-diversiarte-3\\\/\",\"name\":\"Nova edici\u00f3n do Mercadillo Diversiarte - Alume\",\"isPartOf\":{\"@id\":\"https:\\\/\\\/alume.org\\\/es\\\/#website\"},\"primaryImageOfPage\":{\"@id\":\"https:\\\/\\\/alume.org\\\/nova-edicion-do-mercadillo-diversiarte-3\\\/#primaryimage\"},\"image\":{\"@id\":\"https:\\\/\\\/alume.org\\\/nova-edicion-do-mercadillo-diversiarte-3\\\/#primaryimage\"},\"thumbnailUrl\":\"https:\\\/\\\/alume.org\\\/wp-content\\\/uploads\\\/2015\\\/10\\\/DSC04367.jpg\",\"datePublished\":\"2012-12-17T00:00:00+00:00\",\"author\":{\"@id\":\"https:\\\/\\\/alume.org\\\/es\\\/#\\\/schema\\\/person\\\/6e8d9dc61906f446062bcd178142786e\"},\"breadcrumb\":{\"@id\":\"https:\\\/\\\/alume.org\\\/nova-edicion-do-mercadillo-diversiarte-3\\\/#breadcrumb\"},\"inLanguage\":\"es\",\"potentialAction\":[{\"@type\":\"ReadAction\",\"target\":[\"https:\\\/\\\/alume.org\\\/nova-edicion-do-mercadillo-diversiarte-3\\\/\"]}]},{\"@type\":\"ImageObject\",\"inLanguage\":\"es\",\"@id\":\"https:\\\/\\\/alume.org\\\/nova-edicion-do-mercadillo-diversiarte-3\\\/#primaryimage\",\"url\":\"https:\\\/\\\/alume.org\\\/wp-content\\\/uploads\\\/2015\\\/10\\\/DSC04367.jpg\",\"contentUrl\":\"https:\\\/\\\/alume.org\\\/wp-content\\\/uploads\\\/2015\\\/10\\\/DSC04367.jpg\",\"width\":480,\"height\":360},{\"@type\":\"BreadcrumbList\",\"@id\":\"https:\\\/\\\/alume.org\\\/nova-edicion-do-mercadillo-diversiarte-3\\\/#breadcrumb\",\"itemListElement\":[{\"@type\":\"ListItem\",\"position\":1,\"name\":\"Portada\",\"item\":\"https:\\\/\\\/alume.org\\\/es\\\/\"},{\"@type\":\"ListItem\",\"position\":2,\"name\":\"Nova edici\u00f3n do Mercadillo Diversiarte\"}]},{\"@type\":\"WebSite\",\"@id\":\"https:\\\/\\\/alume.org\\\/es\\\/#website\",\"url\":\"https:\\\/\\\/alume.org\\\/es\\\/\",\"name\":\"Alume\",\"description\":\"Sa\u00fade Mental\",\"potentialAction\":[{\"@type\":\"SearchAction\",\"target\":{\"@type\":\"EntryPoint\",\"urlTemplate\":\"https:\\\/\\\/alume.org\\\/es\\\/?s={search_term_string}\"},\"query-input\":{\"@type\":\"PropertyValueSpecification\",\"valueRequired\":true,\"valueName\":\"search_term_string\"}}],\"inLanguage\":\"es\"},{\"@type\":\"Person\",\"@id\":\"https:\\\/\\\/alume.org\\\/es\\\/#\\\/schema\\\/person\\\/6e8d9dc61906f446062bcd178142786e\",\"name\":\"alume\"}]}<\/script>\n<!-- \/ Yoast SEO plugin. -->","yoast_head_json":{"title":"Nova edici\u00f3n do Mercadillo Diversiarte - Alume","robots":{"index":"index","follow":"follow","max-snippet":"max-snippet:-1","max-image-preview":"max-image-preview:large","max-video-preview":"max-video-preview:-1"},"canonical":"https:\/\/alume.org\/nova-edicion-do-mercadillo-diversiarte-3\/","og_locale":"es_ES","og_type":"article","og_title":"Nova edici\u00f3n do Mercadillo Diversiarte - Alume","og_description":"Do m\u00e9rcores 12 ao venres 14 tivo lugar unha nova edici\u00f3n do Mercadillo Diversiarte marcado este ano polo temporal de choiva e vento. Foron 22 os colectivos que participaron nesta feira de artesan\u00eda solidaria que se desenvolveu como \u00e9 habitual na Praza Maior. Esta cita sup\u00f3n un evento importante no calendario anual das asociaci\u00f3ns, posto [&hellip;]","og_url":"https:\/\/alume.org\/nova-edicion-do-mercadillo-diversiarte-3\/","og_site_name":"Alume","article_published_time":"2012-12-17T00:00:00+00:00","og_image":[{"width":480,"height":360,"url":"https:\/\/alume.org\/wp-content\/uploads\/2015\/10\/DSC04367.jpg","type":"image\/jpeg"}],"author":"alume","twitter_card":"summary_large_image","twitter_misc":{"Escrito por":"alume","Tiempo de lectura":"1 minuto"},"schema":{"@context":"https:\/\/schema.org","@graph":[{"@type":"Article","@id":"https:\/\/alume.org\/nova-edicion-do-mercadillo-diversiarte-3\/#article","isPartOf":{"@id":"https:\/\/alume.org\/nova-edicion-do-mercadillo-diversiarte-3\/"},"author":{"name":"alume","@id":"https:\/\/alume.org\/es\/#\/schema\/person\/6e8d9dc61906f446062bcd178142786e"},"headline":"Nova edici\u00f3n do Mercadillo Diversiarte","datePublished":"2012-12-17T00:00:00+00:00","mainEntityOfPage":{"@id":"https:\/\/alume.org\/nova-edicion-do-mercadillo-diversiarte-3\/"},"wordCount":150,"commentCount":0,"image":{"@id":"https:\/\/alume.org\/nova-edicion-do-mercadillo-diversiarte-3\/#primaryimage"},"thumbnailUrl":"https:\/\/alume.org\/wp-content\/uploads\/2015\/10\/DSC04367.jpg","articleSection":["Uncategorized @gl"],"inLanguage":"es","potentialAction":[{"@type":"CommentAction","name":"Comment","target":["https:\/\/alume.org\/nova-edicion-do-mercadillo-diversiarte-3\/#respond"]}]},{"@type":"WebPage","@id":"https:\/\/alume.org\/nova-edicion-do-mercadillo-diversiarte-3\/","url":"https:\/\/alume.org\/nova-edicion-do-mercadillo-diversiarte-3\/","name":"Nova edici\u00f3n do Mercadillo Diversiarte - Alume","isPartOf":{"@id":"https:\/\/alume.org\/es\/#website"},"primaryImageOfPage":{"@id":"https:\/\/alume.org\/nova-edicion-do-mercadillo-diversiarte-3\/#primaryimage"},"image":{"@id":"https:\/\/alume.org\/nova-edicion-do-mercadillo-diversiarte-3\/#primaryimage"},"thumbnailUrl":"https:\/\/alume.org\/wp-content\/uploads\/2015\/10\/DSC04367.jpg","datePublished":"2012-12-17T00:00:00+00:00","author":{"@id":"https:\/\/alume.org\/es\/#\/schema\/person\/6e8d9dc61906f446062bcd178142786e"},"breadcrumb":{"@id":"https:\/\/alume.org\/nova-edicion-do-mercadillo-diversiarte-3\/#breadcrumb"},"inLanguage":"es","potentialAction":[{"@type":"ReadAction","target":["https:\/\/alume.org\/nova-edicion-do-mercadillo-diversiarte-3\/"]}]},{"@type":"ImageObject","inLanguage":"es","@id":"https:\/\/alume.org\/nova-edicion-do-mercadillo-diversiarte-3\/#primaryimage","url":"https:\/\/alume.org\/wp-content\/uploads\/2015\/10\/DSC04367.jpg","contentUrl":"https:\/\/alume.org\/wp-content\/uploads\/2015\/10\/DSC04367.jpg","width":480,"height":360},{"@type":"BreadcrumbList","@id":"https:\/\/alume.org\/nova-edicion-do-mercadillo-diversiarte-3\/#breadcrumb","itemListElement":[{"@type":"ListItem","position":1,"name":"Portada","item":"https:\/\/alume.org\/es\/"},{"@type":"ListItem","position":2,"name":"Nova edici\u00f3n do Mercadillo Diversiarte"}]},{"@type":"WebSite","@id":"https:\/\/alume.org\/es\/#website","url":"https:\/\/alume.org\/es\/","name":"Alume","description":"Sa\u00fade Mental","potentialAction":[{"@type":"SearchAction","target":{"@type":"EntryPoint","urlTemplate":"https:\/\/alume.org\/es\/?s={search_term_string}"},"query-input":{"@type":"PropertyValueSpecification","valueRequired":true,"valueName":"search_term_string"}}],"inLanguage":"es"},{"@type":"Person","@id":"https:\/\/alume.org\/es\/#\/schema\/person\/6e8d9dc61906f446062bcd178142786e","name":"alume"}]}},"_links":{"self":[{"href":"https:\/\/alume.org\/es\/wp-json\/wp\/v2\/posts\/4328","targetHints":{"allow":["GET"]}}],"collection":[{"href":"https:\/\/alume.org\/es\/wp-json\/wp\/v2\/posts"}],"about":[{"href":"https:\/\/alume.org\/es\/wp-json\/wp\/v2\/types\/post"}],"author":[{"embeddable":true,"href":"https:\/\/alume.org\/es\/wp-json\/wp\/v2\/users\/1"}],"replies":[{"embeddable":true,"href":"https:\/\/alume.org\/es\/wp-json\/wp\/v2\/comments?post=4328"}],"version-history":[{"count":0,"href":"https:\/\/alume.org\/es\/wp-json\/wp\/v2\/posts\/4328\/revisions"}],"wp:featuredmedia":[{"embeddable":true,"href":"https:\/\/alume.org\/es\/wp-json\/wp\/v2\/media\/3747"}],"wp:attachment":[{"href":"https:\/\/alume.org\/es\/wp-json\/wp\/v2\/media?parent=4328"}],"wp:term":[{"taxonomy":"category","embeddable":true,"href":"https:\/\/alume.org\/es\/wp-json\/wp\/v2\/categories?post=4328"},{"taxonomy":"post_tag","embeddable":true,"href":"https:\/\/alume.org\/es\/wp-json\/wp\/v2\/tags?post=4328"}],"curies":[{"name":"wp","href":"https:\/\/api.w.org\/{rel}","templated":true}]}}