{"id":4333,"date":"2013-04-09T00:00:00","date_gmt":"2013-04-09T00:00:00","guid":{"rendered":"http:\/\/alume.org\/alume-recibe-o-apoio-das-fundacions-barrie-e-pwc-a-traves-do-programa-mas-social-3\/"},"modified":"2013-04-09T00:00:00","modified_gmt":"2013-04-09T00:00:00","slug":"alume-recibe-o-apoio-das-fundacions-barrie-e-pwc-a-traves-do-programa-mas-social-3","status":"publish","type":"post","link":"https:\/\/alume.org\/es\/alume-recibe-o-apoio-das-fundacions-barrie-e-pwc-a-traves-do-programa-mas-social-3\/","title":{"rendered":"Alume recibe o apoio das fundaci\u00f3ns Barri\u00e9 e PwC a trav\u00e9s do Programa M\u00e1s Social"},"content":{"rendered":"<p><strong>A nosa asociaci\u00f3n \u00e9 unha das 10 beneficiadas de este ano pola Fundaci\u00f3n Barri\u00e9 co seu Programa M\u00e1s Social, no que colabora a consultora PwC.  As entidades seleccionadas  foron Acopr\u00f3s (Persoas xordas), Adaceco (da\u00f1o cerebral), Afaga (Alzheimer),  Apamp (par\u00e1lise cerebral), Parkinson Galicia Coru\u00f1a, Aspanaes (persoas con espectro autista), Aspanaex (persoas con discapacidade intelectual), Centro de Desarrollo Rural \u201cO Viso\u201d, Fundaci\u00f3n Meni\u00f1os.<\/strong><\/p>\n<p>M\u00e1s Social \u00e9 un programa dirixido \u00e1s entidades do Terceiro Sector a trav\u00e9s do que se pretende promover un modelo de acci\u00f3n social econ\u00f3micamente sostible, que facilite as organizaci\u00f3ns medios e estratexias que optimicen a s\u00faa xesti\u00f3n e de forma prioritaria a captaci\u00f3n de fondos .  Para isto, o programa M\u00e1s Social aporta \u00e1s entidades financiaci\u00f3n para a contrataci\u00f3n de profesionais con experiencia en xesti\u00f3n, servizos de consultor\u00eda para a realizaci\u00f3n dos seus plans de acci\u00f3n, estrat\u00e9xicos, ou captaci\u00f3n de fondos, acompa\u00f1amento na implantaci\u00f3n do propio plan, formaci\u00f3n espec\u00edfica e apoio para a mellora das webs na \u00e1rea de captar fondos co prototipo de p\u00e1xina web \u201cM\u00e1s Social Conecta\u201d en colaboraci\u00f3n con Edisa.<\/p>\n","protected":false},"excerpt":{"rendered":"<p>A nosa asociaci\u00f3n \u00e9 unha das 10 beneficiadas de este ano pola Fundaci\u00f3n Barri\u00e9 co seu Programa M\u00e1s Social, no que colabora a consultora PwC. As entidades seleccionadas foron Acopr\u00f3s (Persoas xordas), Adaceco (da\u00f1o cerebral), Afaga (Alzheimer), Apamp (par\u00e1lise cerebral), Parkinson Galicia Coru\u00f1a, Aspanaes (persoas con espectro autista), Aspanaex (persoas con discapacidade intelectual), Centro de [&hellip;]<\/p>\n","protected":false},"author":1,"featured_media":0,"comment_status":"open","ping_status":"closed","sticky":false,"template":"","format":"standard","meta":{"ngg_post_thumbnail":0,"footnotes":""},"categories":[1],"tags":[],"class_list":{"0":"post-4333","1":"post","2":"type-post","3":"status-publish","4":"format-standard","6":"category-uncategorized-gl"},"yoast_head":"<!-- This site is optimized with the Yoast SEO plugin v27.5 - https:\/\/yoast.com\/product\/yoast-seo-wordpress\/ -->\n<title>Alume recibe o apoio das fundaci\u00f3ns Barri\u00e9 e PwC a trav\u00e9s do Programa M\u00e1s Social - Alume<\/title>\n<meta name=\"robots\" content=\"index, follow, max-snippet:-1, max-image-preview:large, max-video-preview:-1\" \/>\n<link rel=\"canonical\" href=\"https:\/\/alume.org\/alume-recibe-o-apoio-das-fundacions-barrie-e-pwc-a-traves-do-programa-mas-social-3\/\" \/>\n<meta property=\"og:locale\" content=\"es_ES\" \/>\n<meta property=\"og:type\" content=\"article\" \/>\n<meta property=\"og:title\" content=\"Alume recibe o apoio das fundaci\u00f3ns Barri\u00e9 e PwC a trav\u00e9s do Programa M\u00e1s Social - Alume\" \/>\n<meta property=\"og:description\" content=\"A nosa asociaci\u00f3n \u00e9 unha das 10 beneficiadas de este ano pola Fundaci\u00f3n Barri\u00e9 co seu Programa M\u00e1s Social, no que colabora a consultora PwC. As entidades seleccionadas foron Acopr\u00f3s (Persoas xordas), Adaceco (da\u00f1o cerebral), Afaga (Alzheimer), Apamp (par\u00e1lise cerebral), Parkinson Galicia Coru\u00f1a, Aspanaes (persoas con espectro autista), Aspanaex (persoas con discapacidade intelectual), Centro de [&hellip;]\" \/>\n<meta property=\"og:url\" content=\"https:\/\/alume.org\/alume-recibe-o-apoio-das-fundacions-barrie-e-pwc-a-traves-do-programa-mas-social-3\/\" \/>\n<meta property=\"og:site_name\" content=\"Alume\" \/>\n<meta property=\"article:published_time\" content=\"2013-04-09T00:00:00+00:00\" \/>\n<meta name=\"author\" content=\"alume\" \/>\n<meta name=\"twitter:card\" content=\"summary_large_image\" \/>\n<meta name=\"twitter:label1\" content=\"Escrito por\" \/>\n\t<meta name=\"twitter:data1\" content=\"alume\" \/>\n\t<meta name=\"twitter:label2\" content=\"Tiempo de lectura\" \/>\n\t<meta name=\"twitter:data2\" content=\"1 minuto\" \/>\n<script type=\"application\/ld+json\" class=\"yoast-schema-graph\">{\"@context\":\"https:\\\/\\\/schema.org\",\"@graph\":[{\"@type\":\"Article\",\"@id\":\"https:\\\/\\\/alume.org\\\/alume-recibe-o-apoio-das-fundacions-barrie-e-pwc-a-traves-do-programa-mas-social-3\\\/#article\",\"isPartOf\":{\"@id\":\"https:\\\/\\\/alume.org\\\/alume-recibe-o-apoio-das-fundacions-barrie-e-pwc-a-traves-do-programa-mas-social-3\\\/\"},\"author\":{\"name\":\"alume\",\"@id\":\"https:\\\/\\\/alume.org\\\/es\\\/#\\\/schema\\\/person\\\/6e8d9dc61906f446062bcd178142786e\"},\"headline\":\"Alume recibe o apoio das fundaci\u00f3ns Barri\u00e9 e PwC a trav\u00e9s do Programa M\u00e1s Social\",\"datePublished\":\"2013-04-09T00:00:00+00:00\",\"mainEntityOfPage\":{\"@id\":\"https:\\\/\\\/alume.org\\\/alume-recibe-o-apoio-das-fundacions-barrie-e-pwc-a-traves-do-programa-mas-social-3\\\/\"},\"wordCount\":221,\"commentCount\":0,\"articleSection\":[\"Uncategorized @gl\"],\"inLanguage\":\"es\",\"potentialAction\":[{\"@type\":\"CommentAction\",\"name\":\"Comment\",\"target\":[\"https:\\\/\\\/alume.org\\\/alume-recibe-o-apoio-das-fundacions-barrie-e-pwc-a-traves-do-programa-mas-social-3\\\/#respond\"]}]},{\"@type\":\"WebPage\",\"@id\":\"https:\\\/\\\/alume.org\\\/alume-recibe-o-apoio-das-fundacions-barrie-e-pwc-a-traves-do-programa-mas-social-3\\\/\",\"url\":\"https:\\\/\\\/alume.org\\\/alume-recibe-o-apoio-das-fundacions-barrie-e-pwc-a-traves-do-programa-mas-social-3\\\/\",\"name\":\"Alume recibe o apoio das fundaci\u00f3ns Barri\u00e9 e PwC a trav\u00e9s do Programa M\u00e1s Social - Alume\",\"isPartOf\":{\"@id\":\"https:\\\/\\\/alume.org\\\/es\\\/#website\"},\"datePublished\":\"2013-04-09T00:00:00+00:00\",\"author\":{\"@id\":\"https:\\\/\\\/alume.org\\\/es\\\/#\\\/schema\\\/person\\\/6e8d9dc61906f446062bcd178142786e\"},\"breadcrumb\":{\"@id\":\"https:\\\/\\\/alume.org\\\/alume-recibe-o-apoio-das-fundacions-barrie-e-pwc-a-traves-do-programa-mas-social-3\\\/#breadcrumb\"},\"inLanguage\":\"es\",\"potentialAction\":[{\"@type\":\"ReadAction\",\"target\":[\"https:\\\/\\\/alume.org\\\/alume-recibe-o-apoio-das-fundacions-barrie-e-pwc-a-traves-do-programa-mas-social-3\\\/\"]}]},{\"@type\":\"BreadcrumbList\",\"@id\":\"https:\\\/\\\/alume.org\\\/alume-recibe-o-apoio-das-fundacions-barrie-e-pwc-a-traves-do-programa-mas-social-3\\\/#breadcrumb\",\"itemListElement\":[{\"@type\":\"ListItem\",\"position\":1,\"name\":\"Portada\",\"item\":\"https:\\\/\\\/alume.org\\\/es\\\/\"},{\"@type\":\"ListItem\",\"position\":2,\"name\":\"Alume recibe o apoio das fundaci\u00f3ns Barri\u00e9 e PwC a trav\u00e9s do Programa M\u00e1s Social\"}]},{\"@type\":\"WebSite\",\"@id\":\"https:\\\/\\\/alume.org\\\/es\\\/#website\",\"url\":\"https:\\\/\\\/alume.org\\\/es\\\/\",\"name\":\"Alume\",\"description\":\"Sa\u00fade Mental\",\"potentialAction\":[{\"@type\":\"SearchAction\",\"target\":{\"@type\":\"EntryPoint\",\"urlTemplate\":\"https:\\\/\\\/alume.org\\\/es\\\/?s={search_term_string}\"},\"query-input\":{\"@type\":\"PropertyValueSpecification\",\"valueRequired\":true,\"valueName\":\"search_term_string\"}}],\"inLanguage\":\"es\"},{\"@type\":\"Person\",\"@id\":\"https:\\\/\\\/alume.org\\\/es\\\/#\\\/schema\\\/person\\\/6e8d9dc61906f446062bcd178142786e\",\"name\":\"alume\"}]}<\/script>\n<!-- \/ Yoast SEO plugin. -->","yoast_head_json":{"title":"Alume recibe o apoio das fundaci\u00f3ns Barri\u00e9 e PwC a trav\u00e9s do Programa M\u00e1s Social - Alume","robots":{"index":"index","follow":"follow","max-snippet":"max-snippet:-1","max-image-preview":"max-image-preview:large","max-video-preview":"max-video-preview:-1"},"canonical":"https:\/\/alume.org\/alume-recibe-o-apoio-das-fundacions-barrie-e-pwc-a-traves-do-programa-mas-social-3\/","og_locale":"es_ES","og_type":"article","og_title":"Alume recibe o apoio das fundaci\u00f3ns Barri\u00e9 e PwC a trav\u00e9s do Programa M\u00e1s Social - Alume","og_description":"A nosa asociaci\u00f3n \u00e9 unha das 10 beneficiadas de este ano pola Fundaci\u00f3n Barri\u00e9 co seu Programa M\u00e1s Social, no que colabora a consultora PwC. As entidades seleccionadas foron Acopr\u00f3s (Persoas xordas), Adaceco (da\u00f1o cerebral), Afaga (Alzheimer), Apamp (par\u00e1lise cerebral), Parkinson Galicia Coru\u00f1a, Aspanaes (persoas con espectro autista), Aspanaex (persoas con discapacidade intelectual), Centro de [&hellip;]","og_url":"https:\/\/alume.org\/alume-recibe-o-apoio-das-fundacions-barrie-e-pwc-a-traves-do-programa-mas-social-3\/","og_site_name":"Alume","article_published_time":"2013-04-09T00:00:00+00:00","author":"alume","twitter_card":"summary_large_image","twitter_misc":{"Escrito por":"alume","Tiempo de lectura":"1 minuto"},"schema":{"@context":"https:\/\/schema.org","@graph":[{"@type":"Article","@id":"https:\/\/alume.org\/alume-recibe-o-apoio-das-fundacions-barrie-e-pwc-a-traves-do-programa-mas-social-3\/#article","isPartOf":{"@id":"https:\/\/alume.org\/alume-recibe-o-apoio-das-fundacions-barrie-e-pwc-a-traves-do-programa-mas-social-3\/"},"author":{"name":"alume","@id":"https:\/\/alume.org\/es\/#\/schema\/person\/6e8d9dc61906f446062bcd178142786e"},"headline":"Alume recibe o apoio das fundaci\u00f3ns Barri\u00e9 e PwC a trav\u00e9s do Programa M\u00e1s Social","datePublished":"2013-04-09T00:00:00+00:00","mainEntityOfPage":{"@id":"https:\/\/alume.org\/alume-recibe-o-apoio-das-fundacions-barrie-e-pwc-a-traves-do-programa-mas-social-3\/"},"wordCount":221,"commentCount":0,"articleSection":["Uncategorized @gl"],"inLanguage":"es","potentialAction":[{"@type":"CommentAction","name":"Comment","target":["https:\/\/alume.org\/alume-recibe-o-apoio-das-fundacions-barrie-e-pwc-a-traves-do-programa-mas-social-3\/#respond"]}]},{"@type":"WebPage","@id":"https:\/\/alume.org\/alume-recibe-o-apoio-das-fundacions-barrie-e-pwc-a-traves-do-programa-mas-social-3\/","url":"https:\/\/alume.org\/alume-recibe-o-apoio-das-fundacions-barrie-e-pwc-a-traves-do-programa-mas-social-3\/","name":"Alume recibe o apoio das fundaci\u00f3ns Barri\u00e9 e PwC a trav\u00e9s do Programa M\u00e1s Social - Alume","isPartOf":{"@id":"https:\/\/alume.org\/es\/#website"},"datePublished":"2013-04-09T00:00:00+00:00","author":{"@id":"https:\/\/alume.org\/es\/#\/schema\/person\/6e8d9dc61906f446062bcd178142786e"},"breadcrumb":{"@id":"https:\/\/alume.org\/alume-recibe-o-apoio-das-fundacions-barrie-e-pwc-a-traves-do-programa-mas-social-3\/#breadcrumb"},"inLanguage":"es","potentialAction":[{"@type":"ReadAction","target":["https:\/\/alume.org\/alume-recibe-o-apoio-das-fundacions-barrie-e-pwc-a-traves-do-programa-mas-social-3\/"]}]},{"@type":"BreadcrumbList","@id":"https:\/\/alume.org\/alume-recibe-o-apoio-das-fundacions-barrie-e-pwc-a-traves-do-programa-mas-social-3\/#breadcrumb","itemListElement":[{"@type":"ListItem","position":1,"name":"Portada","item":"https:\/\/alume.org\/es\/"},{"@type":"ListItem","position":2,"name":"Alume recibe o apoio das fundaci\u00f3ns Barri\u00e9 e PwC a trav\u00e9s do Programa M\u00e1s Social"}]},{"@type":"WebSite","@id":"https:\/\/alume.org\/es\/#website","url":"https:\/\/alume.org\/es\/","name":"Alume","description":"Sa\u00fade Mental","potentialAction":[{"@type":"SearchAction","target":{"@type":"EntryPoint","urlTemplate":"https:\/\/alume.org\/es\/?s={search_term_string}"},"query-input":{"@type":"PropertyValueSpecification","valueRequired":true,"valueName":"search_term_string"}}],"inLanguage":"es"},{"@type":"Person","@id":"https:\/\/alume.org\/es\/#\/schema\/person\/6e8d9dc61906f446062bcd178142786e","name":"alume"}]}},"_links":{"self":[{"href":"https:\/\/alume.org\/es\/wp-json\/wp\/v2\/posts\/4333","targetHints":{"allow":["GET"]}}],"collection":[{"href":"https:\/\/alume.org\/es\/wp-json\/wp\/v2\/posts"}],"about":[{"href":"https:\/\/alume.org\/es\/wp-json\/wp\/v2\/types\/post"}],"author":[{"embeddable":true,"href":"https:\/\/alume.org\/es\/wp-json\/wp\/v2\/users\/1"}],"replies":[{"embeddable":true,"href":"https:\/\/alume.org\/es\/wp-json\/wp\/v2\/comments?post=4333"}],"version-history":[{"count":0,"href":"https:\/\/alume.org\/es\/wp-json\/wp\/v2\/posts\/4333\/revisions"}],"wp:attachment":[{"href":"https:\/\/alume.org\/es\/wp-json\/wp\/v2\/media?parent=4333"}],"wp:term":[{"taxonomy":"category","embeddable":true,"href":"https:\/\/alume.org\/es\/wp-json\/wp\/v2\/categories?post=4333"},{"taxonomy":"post_tag","embeddable":true,"href":"https:\/\/alume.org\/es\/wp-json\/wp\/v2\/tags?post=4333"}],"curies":[{"name":"wp","href":"https:\/\/api.w.org\/{rel}","templated":true}]}}