{"id":4335,"date":"2013-04-17T00:00:00","date_gmt":"2013-04-17T00:00:00","guid":{"rendered":"http:\/\/alume.org\/alume-convoca-a-todas-as-persoas-socias-a-sua-asemblea-xeral-ordinaria-3\/"},"modified":"2013-04-17T00:00:00","modified_gmt":"2013-04-17T00:00:00","slug":"alume-convoca-a-todas-as-persoas-socias-a-sua-asemblea-xeral-ordinaria-3","status":"publish","type":"post","link":"https:\/\/alume.org\/es\/alume-convoca-a-todas-as-persoas-socias-a-sua-asemblea-xeral-ordinaria-3\/","title":{"rendered":"Alume convoca a todas as persoas socias \u00e1 sua Asemblea Xeral Ordinaria"},"content":{"rendered":"<p><strong>A asemblea desenvolverase o vindeiro luns, 29 de abril, \u00e1s 19h00 na sede da asociaci\u00f3n. No encontro trataranse temas de interese para a nosa entidade, como a presentaci\u00f3n de varios informes sobre as actividades desenvolvidas o ano pasado, e un plan de actuaci\u00f3n para este ano, entre outras cousas. As\u00ed mesmo, tam\u00e9n se convocar\u00e1, para despois desta, unha Asemblea Xeral Extraordinaria na que se tratar\u00e1n as posibles baixas de socios e socias.<\/strong><\/p>\n<p>Est\u00e1 convocada, para o vindeiro luns 29 de abril, unha Asemblea Xeral Ordinaria de persoas socias, que se celebrar\u00e1 \u00e1s 18h30, en primeira convocatoria; e \u00e1s 19h00, na segunda, na sede da Asociaci\u00f3n lucense de axuda a persoas con enfermidade mental, Alume.   As\u00ed mesmo, a Xunta Directiva da nosa Asociaci\u00f3n convoca tam\u00e9n a Asemblea Xeral Extraordinaria de persoas socias, que est\u00e1 prevista para pouco despois da primeira xuntanza, para as 18:40 horas en primeira convocatoria, e para as 19:10 en segunda convocatoria. Nesta segunda xuntanza, de corta duraci\u00f3n, falarase das propostas de posibles baixas de persoas socias.  \u00c1mbolos dous son encontros de grande importancia para a Asociaci\u00f3n, xa que imos tratar propostas encami\u00f1adas a desenvolver proxectos que aseguren un futuro sustentable da mesma.  Ademais disto, a seguir, dispo\u00f1ibilizamos un modelo de documento \u00fatil para aquelas persoas que non poidan asistir, e desexen delegar a s\u00faa participaci\u00f3n nun ou nunha representante, que deber\u00e1 ser entregada adxuntando unha fotocopia do DNI propio, e tam\u00e9n debe ir asinada:  [MODELO DE REPRESENTACI\u00d3N:]  Don\/Do\u00f1a ___________________________________, socio\/a da Asociaci\u00f3n Lucense de Axuda a Enfermos Mentais (ALUME), con DNI n\u00famero ___________, declaro e dispo\u00f1o que na mi\u00f1a condici\u00f3n de socio\/a de ALUME NOMEO a Don\/Do\u00f1a __________________________________________, con DNI n\u00famero ___________________ o meu\/a mi\u00f1a representante na Asemblea Ordinaria de ALUME prevista para o d\u00eda 29 de abril de 2013, para que asista no meu nome e representaci\u00f3n \u00e1 referida Asemblea, e exerza nela con total liberdade cantos dereitos sexan inherentes \u00e1 condici\u00f3n de socio de ALUME.  En ______________, a ______ de abril de 2013<\/p>\n","protected":false},"excerpt":{"rendered":"<p>A asemblea desenvolverase o vindeiro luns, 29 de abril, \u00e1s 19h00 na sede da asociaci\u00f3n. No encontro trataranse temas de interese para a nosa entidade, como a presentaci\u00f3n de varios informes sobre as actividades desenvolvidas o ano pasado, e un plan de actuaci\u00f3n para este ano, entre outras cousas. As\u00ed mesmo, tam\u00e9n se convocar\u00e1, para [&hellip;]<\/p>\n","protected":false},"author":1,"featured_media":3759,"comment_status":"open","ping_status":"closed","sticky":false,"template":"","format":"standard","meta":{"ngg_post_thumbnail":0,"footnotes":""},"categories":[1],"tags":[],"class_list":{"0":"post-4335","1":"post","2":"type-post","3":"status-publish","4":"format-standard","5":"has-post-thumbnail","7":"category-uncategorized-gl"},"yoast_head":"<!-- This site is optimized with the Yoast SEO plugin v27.5 - https:\/\/yoast.com\/product\/yoast-seo-wordpress\/ -->\n<title>Alume convoca a todas as persoas socias \u00e1 sua Asemblea Xeral Ordinaria - Alume<\/title>\n<meta name=\"robots\" content=\"index, follow, max-snippet:-1, max-image-preview:large, max-video-preview:-1\" \/>\n<link rel=\"canonical\" href=\"https:\/\/alume.org\/alume-convoca-a-todas-as-persoas-socias-a-sua-asemblea-xeral-ordinaria-3\/\" \/>\n<meta property=\"og:locale\" content=\"es_ES\" \/>\n<meta property=\"og:type\" content=\"article\" \/>\n<meta property=\"og:title\" content=\"Alume convoca a todas as persoas socias \u00e1 sua Asemblea Xeral Ordinaria - Alume\" \/>\n<meta property=\"og:description\" content=\"A asemblea desenvolverase o vindeiro luns, 29 de abril, \u00e1s 19h00 na sede da asociaci\u00f3n. No encontro trataranse temas de interese para a nosa entidade, como a presentaci\u00f3n de varios informes sobre as actividades desenvolvidas o ano pasado, e un plan de actuaci\u00f3n para este ano, entre outras cousas. As\u00ed mesmo, tam\u00e9n se convocar\u00e1, para [&hellip;]\" \/>\n<meta property=\"og:url\" content=\"https:\/\/alume.org\/alume-convoca-a-todas-as-persoas-socias-a-sua-asemblea-xeral-ordinaria-3\/\" \/>\n<meta property=\"og:site_name\" content=\"Alume\" \/>\n<meta property=\"article:published_time\" content=\"2013-04-17T00:00:00+00:00\" \/>\n<meta property=\"og:image\" content=\"https:\/\/alume.org\/wp-content\/uploads\/2015\/10\/DSC03321.jpg\" \/>\n\t<meta property=\"og:image:width\" content=\"480\" \/>\n\t<meta property=\"og:image:height\" content=\"360\" \/>\n\t<meta property=\"og:image:type\" content=\"image\/jpeg\" \/>\n<meta name=\"author\" content=\"alume\" \/>\n<meta name=\"twitter:card\" content=\"summary_large_image\" \/>\n<meta name=\"twitter:label1\" content=\"Escrito por\" \/>\n\t<meta name=\"twitter:data1\" content=\"alume\" \/>\n\t<meta name=\"twitter:label2\" content=\"Tiempo de lectura\" \/>\n\t<meta name=\"twitter:data2\" content=\"2 minutos\" \/>\n<script type=\"application\/ld+json\" class=\"yoast-schema-graph\">{\"@context\":\"https:\\\/\\\/schema.org\",\"@graph\":[{\"@type\":\"Article\",\"@id\":\"https:\\\/\\\/alume.org\\\/alume-convoca-a-todas-as-persoas-socias-a-sua-asemblea-xeral-ordinaria-3\\\/#article\",\"isPartOf\":{\"@id\":\"https:\\\/\\\/alume.org\\\/alume-convoca-a-todas-as-persoas-socias-a-sua-asemblea-xeral-ordinaria-3\\\/\"},\"author\":{\"name\":\"alume\",\"@id\":\"https:\\\/\\\/alume.org\\\/es\\\/#\\\/schema\\\/person\\\/6e8d9dc61906f446062bcd178142786e\"},\"headline\":\"Alume convoca a todas as persoas socias \u00e1 sua Asemblea Xeral Ordinaria\",\"datePublished\":\"2013-04-17T00:00:00+00:00\",\"mainEntityOfPage\":{\"@id\":\"https:\\\/\\\/alume.org\\\/alume-convoca-a-todas-as-persoas-socias-a-sua-asemblea-xeral-ordinaria-3\\\/\"},\"wordCount\":357,\"commentCount\":0,\"image\":{\"@id\":\"https:\\\/\\\/alume.org\\\/alume-convoca-a-todas-as-persoas-socias-a-sua-asemblea-xeral-ordinaria-3\\\/#primaryimage\"},\"thumbnailUrl\":\"https:\\\/\\\/alume.org\\\/wp-content\\\/uploads\\\/2015\\\/10\\\/DSC03321.jpg\",\"articleSection\":[\"Uncategorized @gl\"],\"inLanguage\":\"es\",\"potentialAction\":[{\"@type\":\"CommentAction\",\"name\":\"Comment\",\"target\":[\"https:\\\/\\\/alume.org\\\/alume-convoca-a-todas-as-persoas-socias-a-sua-asemblea-xeral-ordinaria-3\\\/#respond\"]}]},{\"@type\":\"WebPage\",\"@id\":\"https:\\\/\\\/alume.org\\\/alume-convoca-a-todas-as-persoas-socias-a-sua-asemblea-xeral-ordinaria-3\\\/\",\"url\":\"https:\\\/\\\/alume.org\\\/alume-convoca-a-todas-as-persoas-socias-a-sua-asemblea-xeral-ordinaria-3\\\/\",\"name\":\"Alume convoca a todas as persoas socias \u00e1 sua Asemblea Xeral Ordinaria - Alume\",\"isPartOf\":{\"@id\":\"https:\\\/\\\/alume.org\\\/es\\\/#website\"},\"primaryImageOfPage\":{\"@id\":\"https:\\\/\\\/alume.org\\\/alume-convoca-a-todas-as-persoas-socias-a-sua-asemblea-xeral-ordinaria-3\\\/#primaryimage\"},\"image\":{\"@id\":\"https:\\\/\\\/alume.org\\\/alume-convoca-a-todas-as-persoas-socias-a-sua-asemblea-xeral-ordinaria-3\\\/#primaryimage\"},\"thumbnailUrl\":\"https:\\\/\\\/alume.org\\\/wp-content\\\/uploads\\\/2015\\\/10\\\/DSC03321.jpg\",\"datePublished\":\"2013-04-17T00:00:00+00:00\",\"author\":{\"@id\":\"https:\\\/\\\/alume.org\\\/es\\\/#\\\/schema\\\/person\\\/6e8d9dc61906f446062bcd178142786e\"},\"breadcrumb\":{\"@id\":\"https:\\\/\\\/alume.org\\\/alume-convoca-a-todas-as-persoas-socias-a-sua-asemblea-xeral-ordinaria-3\\\/#breadcrumb\"},\"inLanguage\":\"es\",\"potentialAction\":[{\"@type\":\"ReadAction\",\"target\":[\"https:\\\/\\\/alume.org\\\/alume-convoca-a-todas-as-persoas-socias-a-sua-asemblea-xeral-ordinaria-3\\\/\"]}]},{\"@type\":\"ImageObject\",\"inLanguage\":\"es\",\"@id\":\"https:\\\/\\\/alume.org\\\/alume-convoca-a-todas-as-persoas-socias-a-sua-asemblea-xeral-ordinaria-3\\\/#primaryimage\",\"url\":\"https:\\\/\\\/alume.org\\\/wp-content\\\/uploads\\\/2015\\\/10\\\/DSC03321.jpg\",\"contentUrl\":\"https:\\\/\\\/alume.org\\\/wp-content\\\/uploads\\\/2015\\\/10\\\/DSC03321.jpg\",\"width\":480,\"height\":360},{\"@type\":\"BreadcrumbList\",\"@id\":\"https:\\\/\\\/alume.org\\\/alume-convoca-a-todas-as-persoas-socias-a-sua-asemblea-xeral-ordinaria-3\\\/#breadcrumb\",\"itemListElement\":[{\"@type\":\"ListItem\",\"position\":1,\"name\":\"Portada\",\"item\":\"https:\\\/\\\/alume.org\\\/es\\\/\"},{\"@type\":\"ListItem\",\"position\":2,\"name\":\"Alume convoca a todas as persoas socias \u00e1 sua Asemblea Xeral Ordinaria\"}]},{\"@type\":\"WebSite\",\"@id\":\"https:\\\/\\\/alume.org\\\/es\\\/#website\",\"url\":\"https:\\\/\\\/alume.org\\\/es\\\/\",\"name\":\"Alume\",\"description\":\"Sa\u00fade Mental\",\"potentialAction\":[{\"@type\":\"SearchAction\",\"target\":{\"@type\":\"EntryPoint\",\"urlTemplate\":\"https:\\\/\\\/alume.org\\\/es\\\/?s={search_term_string}\"},\"query-input\":{\"@type\":\"PropertyValueSpecification\",\"valueRequired\":true,\"valueName\":\"search_term_string\"}}],\"inLanguage\":\"es\"},{\"@type\":\"Person\",\"@id\":\"https:\\\/\\\/alume.org\\\/es\\\/#\\\/schema\\\/person\\\/6e8d9dc61906f446062bcd178142786e\",\"name\":\"alume\"}]}<\/script>\n<!-- \/ Yoast SEO plugin. -->","yoast_head_json":{"title":"Alume convoca a todas as persoas socias \u00e1 sua Asemblea Xeral Ordinaria - Alume","robots":{"index":"index","follow":"follow","max-snippet":"max-snippet:-1","max-image-preview":"max-image-preview:large","max-video-preview":"max-video-preview:-1"},"canonical":"https:\/\/alume.org\/alume-convoca-a-todas-as-persoas-socias-a-sua-asemblea-xeral-ordinaria-3\/","og_locale":"es_ES","og_type":"article","og_title":"Alume convoca a todas as persoas socias \u00e1 sua Asemblea Xeral Ordinaria - Alume","og_description":"A asemblea desenvolverase o vindeiro luns, 29 de abril, \u00e1s 19h00 na sede da asociaci\u00f3n. No encontro trataranse temas de interese para a nosa entidade, como a presentaci\u00f3n de varios informes sobre as actividades desenvolvidas o ano pasado, e un plan de actuaci\u00f3n para este ano, entre outras cousas. As\u00ed mesmo, tam\u00e9n se convocar\u00e1, para [&hellip;]","og_url":"https:\/\/alume.org\/alume-convoca-a-todas-as-persoas-socias-a-sua-asemblea-xeral-ordinaria-3\/","og_site_name":"Alume","article_published_time":"2013-04-17T00:00:00+00:00","og_image":[{"width":480,"height":360,"url":"https:\/\/alume.org\/wp-content\/uploads\/2015\/10\/DSC03321.jpg","type":"image\/jpeg"}],"author":"alume","twitter_card":"summary_large_image","twitter_misc":{"Escrito por":"alume","Tiempo de lectura":"2 minutos"},"schema":{"@context":"https:\/\/schema.org","@graph":[{"@type":"Article","@id":"https:\/\/alume.org\/alume-convoca-a-todas-as-persoas-socias-a-sua-asemblea-xeral-ordinaria-3\/#article","isPartOf":{"@id":"https:\/\/alume.org\/alume-convoca-a-todas-as-persoas-socias-a-sua-asemblea-xeral-ordinaria-3\/"},"author":{"name":"alume","@id":"https:\/\/alume.org\/es\/#\/schema\/person\/6e8d9dc61906f446062bcd178142786e"},"headline":"Alume convoca a todas as persoas socias \u00e1 sua Asemblea Xeral Ordinaria","datePublished":"2013-04-17T00:00:00+00:00","mainEntityOfPage":{"@id":"https:\/\/alume.org\/alume-convoca-a-todas-as-persoas-socias-a-sua-asemblea-xeral-ordinaria-3\/"},"wordCount":357,"commentCount":0,"image":{"@id":"https:\/\/alume.org\/alume-convoca-a-todas-as-persoas-socias-a-sua-asemblea-xeral-ordinaria-3\/#primaryimage"},"thumbnailUrl":"https:\/\/alume.org\/wp-content\/uploads\/2015\/10\/DSC03321.jpg","articleSection":["Uncategorized @gl"],"inLanguage":"es","potentialAction":[{"@type":"CommentAction","name":"Comment","target":["https:\/\/alume.org\/alume-convoca-a-todas-as-persoas-socias-a-sua-asemblea-xeral-ordinaria-3\/#respond"]}]},{"@type":"WebPage","@id":"https:\/\/alume.org\/alume-convoca-a-todas-as-persoas-socias-a-sua-asemblea-xeral-ordinaria-3\/","url":"https:\/\/alume.org\/alume-convoca-a-todas-as-persoas-socias-a-sua-asemblea-xeral-ordinaria-3\/","name":"Alume convoca a todas as persoas socias \u00e1 sua Asemblea Xeral Ordinaria - Alume","isPartOf":{"@id":"https:\/\/alume.org\/es\/#website"},"primaryImageOfPage":{"@id":"https:\/\/alume.org\/alume-convoca-a-todas-as-persoas-socias-a-sua-asemblea-xeral-ordinaria-3\/#primaryimage"},"image":{"@id":"https:\/\/alume.org\/alume-convoca-a-todas-as-persoas-socias-a-sua-asemblea-xeral-ordinaria-3\/#primaryimage"},"thumbnailUrl":"https:\/\/alume.org\/wp-content\/uploads\/2015\/10\/DSC03321.jpg","datePublished":"2013-04-17T00:00:00+00:00","author":{"@id":"https:\/\/alume.org\/es\/#\/schema\/person\/6e8d9dc61906f446062bcd178142786e"},"breadcrumb":{"@id":"https:\/\/alume.org\/alume-convoca-a-todas-as-persoas-socias-a-sua-asemblea-xeral-ordinaria-3\/#breadcrumb"},"inLanguage":"es","potentialAction":[{"@type":"ReadAction","target":["https:\/\/alume.org\/alume-convoca-a-todas-as-persoas-socias-a-sua-asemblea-xeral-ordinaria-3\/"]}]},{"@type":"ImageObject","inLanguage":"es","@id":"https:\/\/alume.org\/alume-convoca-a-todas-as-persoas-socias-a-sua-asemblea-xeral-ordinaria-3\/#primaryimage","url":"https:\/\/alume.org\/wp-content\/uploads\/2015\/10\/DSC03321.jpg","contentUrl":"https:\/\/alume.org\/wp-content\/uploads\/2015\/10\/DSC03321.jpg","width":480,"height":360},{"@type":"BreadcrumbList","@id":"https:\/\/alume.org\/alume-convoca-a-todas-as-persoas-socias-a-sua-asemblea-xeral-ordinaria-3\/#breadcrumb","itemListElement":[{"@type":"ListItem","position":1,"name":"Portada","item":"https:\/\/alume.org\/es\/"},{"@type":"ListItem","position":2,"name":"Alume convoca a todas as persoas socias \u00e1 sua Asemblea Xeral Ordinaria"}]},{"@type":"WebSite","@id":"https:\/\/alume.org\/es\/#website","url":"https:\/\/alume.org\/es\/","name":"Alume","description":"Sa\u00fade Mental","potentialAction":[{"@type":"SearchAction","target":{"@type":"EntryPoint","urlTemplate":"https:\/\/alume.org\/es\/?s={search_term_string}"},"query-input":{"@type":"PropertyValueSpecification","valueRequired":true,"valueName":"search_term_string"}}],"inLanguage":"es"},{"@type":"Person","@id":"https:\/\/alume.org\/es\/#\/schema\/person\/6e8d9dc61906f446062bcd178142786e","name":"alume"}]}},"_links":{"self":[{"href":"https:\/\/alume.org\/es\/wp-json\/wp\/v2\/posts\/4335","targetHints":{"allow":["GET"]}}],"collection":[{"href":"https:\/\/alume.org\/es\/wp-json\/wp\/v2\/posts"}],"about":[{"href":"https:\/\/alume.org\/es\/wp-json\/wp\/v2\/types\/post"}],"author":[{"embeddable":true,"href":"https:\/\/alume.org\/es\/wp-json\/wp\/v2\/users\/1"}],"replies":[{"embeddable":true,"href":"https:\/\/alume.org\/es\/wp-json\/wp\/v2\/comments?post=4335"}],"version-history":[{"count":0,"href":"https:\/\/alume.org\/es\/wp-json\/wp\/v2\/posts\/4335\/revisions"}],"wp:featuredmedia":[{"embeddable":true,"href":"https:\/\/alume.org\/es\/wp-json\/wp\/v2\/media\/3759"}],"wp:attachment":[{"href":"https:\/\/alume.org\/es\/wp-json\/wp\/v2\/media?parent=4335"}],"wp:term":[{"taxonomy":"category","embeddable":true,"href":"https:\/\/alume.org\/es\/wp-json\/wp\/v2\/categories?post=4335"},{"taxonomy":"post_tag","embeddable":true,"href":"https:\/\/alume.org\/es\/wp-json\/wp\/v2\/tags?post=4335"}],"curies":[{"name":"wp","href":"https:\/\/api.w.org\/{rel}","templated":true}]}}