{"id":4343,"date":"2013-11-20T00:00:00","date_gmt":"2013-11-20T00:00:00","guid":{"rendered":"http:\/\/alume.org\/alume-e-a-protectora-de-animais-presentan-o-calendario-solidario-2014-3\/"},"modified":"2013-11-20T00:00:00","modified_gmt":"2013-11-20T00:00:00","slug":"alume-e-a-protectora-de-animais-presentan-o-calendario-solidario-2014-3","status":"publish","type":"post","link":"https:\/\/alume.org\/es\/alume-e-a-protectora-de-animais-presentan-o-calendario-solidario-2014-3\/","title":{"rendered":"Alume e a Protectora de Animais presentan o Calendario Solidario 2014"},"content":{"rendered":"<p><strong>D\u00faas asociaci\u00f3ns da cidade de Lugo un\u00edmonos para visibilizar o noso labor e facer rede, presentando un orixinal calendario confeccionado con fotograf\u00edas dos usuarios de Alume e dos animais da Protectora, tiradas en lugares emblem\u00e1ticos da cidade de Lugo por alumnos e alumnas da Escola Ram\u00f3n Falc\u00f3n. A presentaci\u00f3n ser\u00e1 o vindeiro venres 22 de novembro, \u00e1s 12h00 no sal\u00f3n de actos desta escola.<\/strong><\/p>\n<p>N\u00f3s queremos un Lugo no que caibamos todos. No que haxa sitio para todas e todos; unha comunidade inclusiva, respectuosa coas diferenzas, cr\u00edtica, sustentable e co\u00f1ecedora do medio no que vive. E un bo xeito de cami\u00f1ar cara isto \u00e9 facer rede, colaborar e traballar xuntos polo cambio social.  Con esta ideia sa\u00edmos \u00e1 r\u00faa varios d\u00edas do pasado mes de outubro para darnos a co\u00f1ecer e para mudar as cousas. Porque a mellor maneira de loitar pola cidade que queremos \u00e9 colaborar entre n\u00f3s.   O [Calendario Solidario 2014] de Alume e a <a href=\"http:\/\/www.protectoralugo.org\/\">Sociedade protectora de animais e plantas de Lugo<\/a>, \u00e9 unha colaboraci\u00f3n a tres, nestes tempos nos que facer rede \u00e9 b\u00e1sico, xa que tam\u00e9n participou na s\u00faa elaboraci\u00f3n o alumnado de segundo ciclo de Fotograf\u00eda da  <a href=\"http:\/\/www.escoladeartelugo.com\/es\/\">Escola de Arte e Superior de Dese\u00f1o Ram\u00f3n Falc\u00f3n<\/a>.   Tr\u00e1tase dun calendario de sobremesa no que cada mes est\u00e1 ilustrado cunha imaxe das persoas usuarias de Alume posando xunto a cans e gatos da Protectora, en varias localizaci\u00f3ns da nosa cidade, que foron tiradas por alumnos e alumnas da Ram\u00f3n Falc\u00f3n.   Gost\u00e1bamos de compartir convosco esta iniciativa solidaria, enmarcada na campa\u00f1a de Nadal das nosas asociaci\u00f3ns.  [A presentaci\u00f3n do calendario ser\u00e1 o venres 22 de novembro, \u00e1s 12h00 no sal\u00f3n de Actos da Escola Ram\u00f3n Falc\u00f3n. V\u00e9monos al\u00ed!]<\/p>\n","protected":false},"excerpt":{"rendered":"<p>D\u00faas asociaci\u00f3ns da cidade de Lugo un\u00edmonos para visibilizar o noso labor e facer rede, presentando un orixinal calendario confeccionado con fotograf\u00edas dos usuarios de Alume e dos animais da Protectora, tiradas en lugares emblem\u00e1ticos da cidade de Lugo por alumnos e alumnas da Escola Ram\u00f3n Falc\u00f3n. A presentaci\u00f3n ser\u00e1 o vindeiro venres 22 de [&hellip;]<\/p>\n","protected":false},"author":1,"featured_media":3765,"comment_status":"open","ping_status":"closed","sticky":false,"template":"","format":"standard","meta":{"ngg_post_thumbnail":0,"footnotes":""},"categories":[1],"tags":[],"class_list":{"0":"post-4343","1":"post","2":"type-post","3":"status-publish","4":"format-standard","5":"has-post-thumbnail","7":"category-uncategorized-gl"},"yoast_head":"<!-- This site is optimized with the Yoast SEO plugin v27.5 - https:\/\/yoast.com\/product\/yoast-seo-wordpress\/ -->\n<title>Alume e a Protectora de Animais presentan o Calendario Solidario 2014 - Alume<\/title>\n<meta name=\"robots\" content=\"index, follow, max-snippet:-1, max-image-preview:large, max-video-preview:-1\" \/>\n<link rel=\"canonical\" href=\"https:\/\/alume.org\/alume-e-a-protectora-de-animais-presentan-o-calendario-solidario-2014-3\/\" \/>\n<meta property=\"og:locale\" content=\"es_ES\" \/>\n<meta property=\"og:type\" content=\"article\" \/>\n<meta property=\"og:title\" content=\"Alume e a Protectora de Animais presentan o Calendario Solidario 2014 - Alume\" \/>\n<meta property=\"og:description\" content=\"D\u00faas asociaci\u00f3ns da cidade de Lugo un\u00edmonos para visibilizar o noso labor e facer rede, presentando un orixinal calendario confeccionado con fotograf\u00edas dos usuarios de Alume e dos animais da Protectora, tiradas en lugares emblem\u00e1ticos da cidade de Lugo por alumnos e alumnas da Escola Ram\u00f3n Falc\u00f3n. A presentaci\u00f3n ser\u00e1 o vindeiro venres 22 de [&hellip;]\" \/>\n<meta property=\"og:url\" content=\"https:\/\/alume.org\/alume-e-a-protectora-de-animais-presentan-o-calendario-solidario-2014-3\/\" \/>\n<meta property=\"og:site_name\" content=\"Alume\" \/>\n<meta property=\"article:published_time\" content=\"2013-11-20T00:00:00+00:00\" \/>\n<meta property=\"og:image\" content=\"https:\/\/alume.org\/wp-content\/uploads\/2015\/10\/notiweb.png\" \/>\n\t<meta property=\"og:image:width\" content=\"440\" \/>\n\t<meta property=\"og:image:height\" content=\"499\" \/>\n\t<meta property=\"og:image:type\" content=\"image\/png\" \/>\n<meta name=\"author\" content=\"alume\" \/>\n<meta name=\"twitter:card\" content=\"summary_large_image\" \/>\n<meta name=\"twitter:label1\" content=\"Escrito por\" \/>\n\t<meta name=\"twitter:data1\" content=\"alume\" \/>\n\t<meta name=\"twitter:label2\" content=\"Tiempo de lectura\" \/>\n\t<meta name=\"twitter:data2\" content=\"2 minutos\" \/>\n<script type=\"application\/ld+json\" class=\"yoast-schema-graph\">{\"@context\":\"https:\\\/\\\/schema.org\",\"@graph\":[{\"@type\":\"Article\",\"@id\":\"https:\\\/\\\/alume.org\\\/alume-e-a-protectora-de-animais-presentan-o-calendario-solidario-2014-3\\\/#article\",\"isPartOf\":{\"@id\":\"https:\\\/\\\/alume.org\\\/alume-e-a-protectora-de-animais-presentan-o-calendario-solidario-2014-3\\\/\"},\"author\":{\"name\":\"alume\",\"@id\":\"https:\\\/\\\/alume.org\\\/es\\\/#\\\/schema\\\/person\\\/6e8d9dc61906f446062bcd178142786e\"},\"headline\":\"Alume e a Protectora de Animais presentan o Calendario Solidario 2014\",\"datePublished\":\"2013-11-20T00:00:00+00:00\",\"mainEntityOfPage\":{\"@id\":\"https:\\\/\\\/alume.org\\\/alume-e-a-protectora-de-animais-presentan-o-calendario-solidario-2014-3\\\/\"},\"wordCount\":322,\"commentCount\":0,\"image\":{\"@id\":\"https:\\\/\\\/alume.org\\\/alume-e-a-protectora-de-animais-presentan-o-calendario-solidario-2014-3\\\/#primaryimage\"},\"thumbnailUrl\":\"https:\\\/\\\/alume.org\\\/wp-content\\\/uploads\\\/2015\\\/10\\\/notiweb.png\",\"articleSection\":[\"Uncategorized @gl\"],\"inLanguage\":\"es\",\"potentialAction\":[{\"@type\":\"CommentAction\",\"name\":\"Comment\",\"target\":[\"https:\\\/\\\/alume.org\\\/alume-e-a-protectora-de-animais-presentan-o-calendario-solidario-2014-3\\\/#respond\"]}]},{\"@type\":\"WebPage\",\"@id\":\"https:\\\/\\\/alume.org\\\/alume-e-a-protectora-de-animais-presentan-o-calendario-solidario-2014-3\\\/\",\"url\":\"https:\\\/\\\/alume.org\\\/alume-e-a-protectora-de-animais-presentan-o-calendario-solidario-2014-3\\\/\",\"name\":\"Alume e a Protectora de Animais presentan o Calendario Solidario 2014 - Alume\",\"isPartOf\":{\"@id\":\"https:\\\/\\\/alume.org\\\/es\\\/#website\"},\"primaryImageOfPage\":{\"@id\":\"https:\\\/\\\/alume.org\\\/alume-e-a-protectora-de-animais-presentan-o-calendario-solidario-2014-3\\\/#primaryimage\"},\"image\":{\"@id\":\"https:\\\/\\\/alume.org\\\/alume-e-a-protectora-de-animais-presentan-o-calendario-solidario-2014-3\\\/#primaryimage\"},\"thumbnailUrl\":\"https:\\\/\\\/alume.org\\\/wp-content\\\/uploads\\\/2015\\\/10\\\/notiweb.png\",\"datePublished\":\"2013-11-20T00:00:00+00:00\",\"author\":{\"@id\":\"https:\\\/\\\/alume.org\\\/es\\\/#\\\/schema\\\/person\\\/6e8d9dc61906f446062bcd178142786e\"},\"breadcrumb\":{\"@id\":\"https:\\\/\\\/alume.org\\\/alume-e-a-protectora-de-animais-presentan-o-calendario-solidario-2014-3\\\/#breadcrumb\"},\"inLanguage\":\"es\",\"potentialAction\":[{\"@type\":\"ReadAction\",\"target\":[\"https:\\\/\\\/alume.org\\\/alume-e-a-protectora-de-animais-presentan-o-calendario-solidario-2014-3\\\/\"]}]},{\"@type\":\"ImageObject\",\"inLanguage\":\"es\",\"@id\":\"https:\\\/\\\/alume.org\\\/alume-e-a-protectora-de-animais-presentan-o-calendario-solidario-2014-3\\\/#primaryimage\",\"url\":\"https:\\\/\\\/alume.org\\\/wp-content\\\/uploads\\\/2015\\\/10\\\/notiweb.png\",\"contentUrl\":\"https:\\\/\\\/alume.org\\\/wp-content\\\/uploads\\\/2015\\\/10\\\/notiweb.png\",\"width\":440,\"height\":499},{\"@type\":\"BreadcrumbList\",\"@id\":\"https:\\\/\\\/alume.org\\\/alume-e-a-protectora-de-animais-presentan-o-calendario-solidario-2014-3\\\/#breadcrumb\",\"itemListElement\":[{\"@type\":\"ListItem\",\"position\":1,\"name\":\"Portada\",\"item\":\"https:\\\/\\\/alume.org\\\/es\\\/\"},{\"@type\":\"ListItem\",\"position\":2,\"name\":\"Alume e a Protectora de Animais presentan o Calendario Solidario 2014\"}]},{\"@type\":\"WebSite\",\"@id\":\"https:\\\/\\\/alume.org\\\/es\\\/#website\",\"url\":\"https:\\\/\\\/alume.org\\\/es\\\/\",\"name\":\"Alume\",\"description\":\"Sa\u00fade Mental\",\"potentialAction\":[{\"@type\":\"SearchAction\",\"target\":{\"@type\":\"EntryPoint\",\"urlTemplate\":\"https:\\\/\\\/alume.org\\\/es\\\/?s={search_term_string}\"},\"query-input\":{\"@type\":\"PropertyValueSpecification\",\"valueRequired\":true,\"valueName\":\"search_term_string\"}}],\"inLanguage\":\"es\"},{\"@type\":\"Person\",\"@id\":\"https:\\\/\\\/alume.org\\\/es\\\/#\\\/schema\\\/person\\\/6e8d9dc61906f446062bcd178142786e\",\"name\":\"alume\"}]}<\/script>\n<!-- \/ Yoast SEO plugin. -->","yoast_head_json":{"title":"Alume e a Protectora de Animais presentan o Calendario Solidario 2014 - Alume","robots":{"index":"index","follow":"follow","max-snippet":"max-snippet:-1","max-image-preview":"max-image-preview:large","max-video-preview":"max-video-preview:-1"},"canonical":"https:\/\/alume.org\/alume-e-a-protectora-de-animais-presentan-o-calendario-solidario-2014-3\/","og_locale":"es_ES","og_type":"article","og_title":"Alume e a Protectora de Animais presentan o Calendario Solidario 2014 - Alume","og_description":"D\u00faas asociaci\u00f3ns da cidade de Lugo un\u00edmonos para visibilizar o noso labor e facer rede, presentando un orixinal calendario confeccionado con fotograf\u00edas dos usuarios de Alume e dos animais da Protectora, tiradas en lugares emblem\u00e1ticos da cidade de Lugo por alumnos e alumnas da Escola Ram\u00f3n Falc\u00f3n. A presentaci\u00f3n ser\u00e1 o vindeiro venres 22 de [&hellip;]","og_url":"https:\/\/alume.org\/alume-e-a-protectora-de-animais-presentan-o-calendario-solidario-2014-3\/","og_site_name":"Alume","article_published_time":"2013-11-20T00:00:00+00:00","og_image":[{"width":440,"height":499,"url":"https:\/\/alume.org\/wp-content\/uploads\/2015\/10\/notiweb.png","type":"image\/png"}],"author":"alume","twitter_card":"summary_large_image","twitter_misc":{"Escrito por":"alume","Tiempo de lectura":"2 minutos"},"schema":{"@context":"https:\/\/schema.org","@graph":[{"@type":"Article","@id":"https:\/\/alume.org\/alume-e-a-protectora-de-animais-presentan-o-calendario-solidario-2014-3\/#article","isPartOf":{"@id":"https:\/\/alume.org\/alume-e-a-protectora-de-animais-presentan-o-calendario-solidario-2014-3\/"},"author":{"name":"alume","@id":"https:\/\/alume.org\/es\/#\/schema\/person\/6e8d9dc61906f446062bcd178142786e"},"headline":"Alume e a Protectora de Animais presentan o Calendario Solidario 2014","datePublished":"2013-11-20T00:00:00+00:00","mainEntityOfPage":{"@id":"https:\/\/alume.org\/alume-e-a-protectora-de-animais-presentan-o-calendario-solidario-2014-3\/"},"wordCount":322,"commentCount":0,"image":{"@id":"https:\/\/alume.org\/alume-e-a-protectora-de-animais-presentan-o-calendario-solidario-2014-3\/#primaryimage"},"thumbnailUrl":"https:\/\/alume.org\/wp-content\/uploads\/2015\/10\/notiweb.png","articleSection":["Uncategorized @gl"],"inLanguage":"es","potentialAction":[{"@type":"CommentAction","name":"Comment","target":["https:\/\/alume.org\/alume-e-a-protectora-de-animais-presentan-o-calendario-solidario-2014-3\/#respond"]}]},{"@type":"WebPage","@id":"https:\/\/alume.org\/alume-e-a-protectora-de-animais-presentan-o-calendario-solidario-2014-3\/","url":"https:\/\/alume.org\/alume-e-a-protectora-de-animais-presentan-o-calendario-solidario-2014-3\/","name":"Alume e a Protectora de Animais presentan o Calendario Solidario 2014 - Alume","isPartOf":{"@id":"https:\/\/alume.org\/es\/#website"},"primaryImageOfPage":{"@id":"https:\/\/alume.org\/alume-e-a-protectora-de-animais-presentan-o-calendario-solidario-2014-3\/#primaryimage"},"image":{"@id":"https:\/\/alume.org\/alume-e-a-protectora-de-animais-presentan-o-calendario-solidario-2014-3\/#primaryimage"},"thumbnailUrl":"https:\/\/alume.org\/wp-content\/uploads\/2015\/10\/notiweb.png","datePublished":"2013-11-20T00:00:00+00:00","author":{"@id":"https:\/\/alume.org\/es\/#\/schema\/person\/6e8d9dc61906f446062bcd178142786e"},"breadcrumb":{"@id":"https:\/\/alume.org\/alume-e-a-protectora-de-animais-presentan-o-calendario-solidario-2014-3\/#breadcrumb"},"inLanguage":"es","potentialAction":[{"@type":"ReadAction","target":["https:\/\/alume.org\/alume-e-a-protectora-de-animais-presentan-o-calendario-solidario-2014-3\/"]}]},{"@type":"ImageObject","inLanguage":"es","@id":"https:\/\/alume.org\/alume-e-a-protectora-de-animais-presentan-o-calendario-solidario-2014-3\/#primaryimage","url":"https:\/\/alume.org\/wp-content\/uploads\/2015\/10\/notiweb.png","contentUrl":"https:\/\/alume.org\/wp-content\/uploads\/2015\/10\/notiweb.png","width":440,"height":499},{"@type":"BreadcrumbList","@id":"https:\/\/alume.org\/alume-e-a-protectora-de-animais-presentan-o-calendario-solidario-2014-3\/#breadcrumb","itemListElement":[{"@type":"ListItem","position":1,"name":"Portada","item":"https:\/\/alume.org\/es\/"},{"@type":"ListItem","position":2,"name":"Alume e a Protectora de Animais presentan o Calendario Solidario 2014"}]},{"@type":"WebSite","@id":"https:\/\/alume.org\/es\/#website","url":"https:\/\/alume.org\/es\/","name":"Alume","description":"Sa\u00fade Mental","potentialAction":[{"@type":"SearchAction","target":{"@type":"EntryPoint","urlTemplate":"https:\/\/alume.org\/es\/?s={search_term_string}"},"query-input":{"@type":"PropertyValueSpecification","valueRequired":true,"valueName":"search_term_string"}}],"inLanguage":"es"},{"@type":"Person","@id":"https:\/\/alume.org\/es\/#\/schema\/person\/6e8d9dc61906f446062bcd178142786e","name":"alume"}]}},"_links":{"self":[{"href":"https:\/\/alume.org\/es\/wp-json\/wp\/v2\/posts\/4343","targetHints":{"allow":["GET"]}}],"collection":[{"href":"https:\/\/alume.org\/es\/wp-json\/wp\/v2\/posts"}],"about":[{"href":"https:\/\/alume.org\/es\/wp-json\/wp\/v2\/types\/post"}],"author":[{"embeddable":true,"href":"https:\/\/alume.org\/es\/wp-json\/wp\/v2\/users\/1"}],"replies":[{"embeddable":true,"href":"https:\/\/alume.org\/es\/wp-json\/wp\/v2\/comments?post=4343"}],"version-history":[{"count":0,"href":"https:\/\/alume.org\/es\/wp-json\/wp\/v2\/posts\/4343\/revisions"}],"wp:featuredmedia":[{"embeddable":true,"href":"https:\/\/alume.org\/es\/wp-json\/wp\/v2\/media\/3765"}],"wp:attachment":[{"href":"https:\/\/alume.org\/es\/wp-json\/wp\/v2\/media?parent=4343"}],"wp:term":[{"taxonomy":"category","embeddable":true,"href":"https:\/\/alume.org\/es\/wp-json\/wp\/v2\/categories?post=4343"},{"taxonomy":"post_tag","embeddable":true,"href":"https:\/\/alume.org\/es\/wp-json\/wp\/v2\/tags?post=4343"}],"curies":[{"name":"wp","href":"https:\/\/api.w.org\/{rel}","templated":true}]}}