{"id":4348,"date":"2011-06-21T00:00:00","date_gmt":"2011-06-21T00:00:00","guid":{"rendered":"http:\/\/alume.org\/inicia-a-participacion-no-programa-paiem-no-centro-penitenciario-de-monterroso-3\/"},"modified":"2011-06-21T00:00:00","modified_gmt":"2011-06-21T00:00:00","slug":"inicia-a-participacion-no-programa-paiem-no-centro-penitenciario-de-monterroso-3","status":"publish","type":"post","link":"https:\/\/alume.org\/es\/inicia-a-participacion-no-programa-paiem-no-centro-penitenciario-de-monterroso-3\/","title":{"rendered":"Inicia a participaci\u00f3n no programa PAIEM no Centro Penitenciario de Monterroso"},"content":{"rendered":"<p><strong>ALUME inicia a s\u00faa colaboraci\u00f3n co Programa PAIEM, Protocolo de Atenci\u00f3n Integral a Persoas con Enfermidade Mental, no Centro Penitenciario de Monterroso o d\u00eda 21 de xu\u00f1o.<\/strong><\/p>\n<p>ALUME inicia a s\u00faa colaboraci\u00f3n co Programa PAIEM, Protocolo de Atenci\u00f3n Integral a Persoas con Enfermidade Mental, no Centro Penitenciario de Monterroso o d\u00eda 21 de xu\u00f1o. A asociaci\u00f3n colabora coa Secretar\u00eda Xeral de Instituci\u00f3ns Penitenciarias no tratamento das persoas con enfermidade mental dentro das prisi\u00f3ns, intervindo as\u00ed como recurso especializado para este colectivo.  Este programa busca facer que a Instituci\u00f3n Penitenciaria sexa capaz de facer una detecci\u00f3n temper\u00e1 dos casos de enfermidade mental e ofrecer a mellor rehabilitaci\u00f3n posible a cada persoa en funci\u00f3n dos recursos dispo\u00f1ibles.  Os enfermos  mentais en prisi\u00f3n son m\u00e1is vulnerables que na comunidade, xa que poden ser obxecto de acoso por parte de outros internos ou poden ser confundidos con persoas agresivas e ser sancionados polos seus comportamentos inadaptados. Por iso \u00e9 preciso que sexan identificados canto antes e tratados para evitar a discriminaci\u00f3n dentro do sistema penitenciario. A dobre estigmatizaci\u00f3n que sup\u00f3n a reclusi\u00f3n e o trastorno mental sup\u00f3n para este colectivo o risco de caer na cronicidade ou a marxinaci\u00f3n. O PAIEM pon un especial \u00e9nfase na parte resocializadora en tratamento nun ambiente social terap\u00e9utico.<\/p>\n","protected":false},"excerpt":{"rendered":"<p>ALUME inicia a s\u00faa colaboraci\u00f3n co Programa PAIEM, Protocolo de Atenci\u00f3n Integral a Persoas con Enfermidade Mental, no Centro Penitenciario de Monterroso o d\u00eda 21 de xu\u00f1o. ALUME inicia a s\u00faa colaboraci\u00f3n co Programa PAIEM, Protocolo de Atenci\u00f3n Integral a Persoas con Enfermidade Mental, no Centro Penitenciario de Monterroso o d\u00eda 21 de xu\u00f1o. A [&hellip;]<\/p>\n","protected":false},"author":1,"featured_media":3769,"comment_status":"open","ping_status":"closed","sticky":false,"template":"","format":"standard","meta":{"ngg_post_thumbnail":0,"footnotes":""},"categories":[1],"tags":[],"class_list":{"0":"post-4348","1":"post","2":"type-post","3":"status-publish","4":"format-standard","5":"has-post-thumbnail","7":"category-uncategorized-gl"},"yoast_head":"<!-- This site is optimized with the Yoast SEO plugin v27.5 - https:\/\/yoast.com\/product\/yoast-seo-wordpress\/ -->\n<title>Inicia a participaci\u00f3n no programa PAIEM no Centro Penitenciario de Monterroso - Alume<\/title>\n<meta name=\"robots\" content=\"index, follow, max-snippet:-1, max-image-preview:large, max-video-preview:-1\" \/>\n<link rel=\"canonical\" href=\"https:\/\/alume.org\/inicia-a-participacion-no-programa-paiem-no-centro-penitenciario-de-monterroso-3\/\" \/>\n<meta property=\"og:locale\" content=\"es_ES\" \/>\n<meta property=\"og:type\" content=\"article\" \/>\n<meta property=\"og:title\" content=\"Inicia a participaci\u00f3n no programa PAIEM no Centro Penitenciario de Monterroso - Alume\" \/>\n<meta property=\"og:description\" content=\"ALUME inicia a s\u00faa colaboraci\u00f3n co Programa PAIEM, Protocolo de Atenci\u00f3n Integral a Persoas con Enfermidade Mental, no Centro Penitenciario de Monterroso o d\u00eda 21 de xu\u00f1o. ALUME inicia a s\u00faa colaboraci\u00f3n co Programa PAIEM, Protocolo de Atenci\u00f3n Integral a Persoas con Enfermidade Mental, no Centro Penitenciario de Monterroso o d\u00eda 21 de xu\u00f1o. A [&hellip;]\" \/>\n<meta property=\"og:url\" content=\"https:\/\/alume.org\/inicia-a-participacion-no-programa-paiem-no-centro-penitenciario-de-monterroso-3\/\" \/>\n<meta property=\"og:site_name\" content=\"Alume\" \/>\n<meta property=\"article:published_time\" content=\"2011-06-21T00:00:00+00:00\" \/>\n<meta property=\"og:image\" content=\"https:\/\/alume.org\/wp-content\/uploads\/2015\/10\/Portada-paiem.jpg\" \/>\n\t<meta property=\"og:image:width\" content=\"250\" \/>\n\t<meta property=\"og:image:height\" content=\"389\" \/>\n\t<meta property=\"og:image:type\" content=\"image\/jpeg\" \/>\n<meta name=\"author\" content=\"alume\" \/>\n<meta name=\"twitter:card\" content=\"summary_large_image\" \/>\n<meta name=\"twitter:label1\" content=\"Escrito por\" \/>\n\t<meta name=\"twitter:data1\" content=\"alume\" \/>\n\t<meta name=\"twitter:label2\" content=\"Tiempo de lectura\" \/>\n\t<meta name=\"twitter:data2\" content=\"1 minuto\" \/>\n<script type=\"application\/ld+json\" class=\"yoast-schema-graph\">{\"@context\":\"https:\\\/\\\/schema.org\",\"@graph\":[{\"@type\":\"Article\",\"@id\":\"https:\\\/\\\/alume.org\\\/inicia-a-participacion-no-programa-paiem-no-centro-penitenciario-de-monterroso-3\\\/#article\",\"isPartOf\":{\"@id\":\"https:\\\/\\\/alume.org\\\/inicia-a-participacion-no-programa-paiem-no-centro-penitenciario-de-monterroso-3\\\/\"},\"author\":{\"name\":\"alume\",\"@id\":\"https:\\\/\\\/alume.org\\\/es\\\/#\\\/schema\\\/person\\\/6e8d9dc61906f446062bcd178142786e\"},\"headline\":\"Inicia a participaci\u00f3n no programa PAIEM no Centro Penitenciario de Monterroso\",\"datePublished\":\"2011-06-21T00:00:00+00:00\",\"mainEntityOfPage\":{\"@id\":\"https:\\\/\\\/alume.org\\\/inicia-a-participacion-no-programa-paiem-no-centro-penitenciario-de-monterroso-3\\\/\"},\"wordCount\":247,\"commentCount\":0,\"image\":{\"@id\":\"https:\\\/\\\/alume.org\\\/inicia-a-participacion-no-programa-paiem-no-centro-penitenciario-de-monterroso-3\\\/#primaryimage\"},\"thumbnailUrl\":\"https:\\\/\\\/alume.org\\\/wp-content\\\/uploads\\\/2015\\\/10\\\/Portada-paiem.jpg\",\"articleSection\":[\"Uncategorized @gl\"],\"inLanguage\":\"es\",\"potentialAction\":[{\"@type\":\"CommentAction\",\"name\":\"Comment\",\"target\":[\"https:\\\/\\\/alume.org\\\/inicia-a-participacion-no-programa-paiem-no-centro-penitenciario-de-monterroso-3\\\/#respond\"]}]},{\"@type\":\"WebPage\",\"@id\":\"https:\\\/\\\/alume.org\\\/inicia-a-participacion-no-programa-paiem-no-centro-penitenciario-de-monterroso-3\\\/\",\"url\":\"https:\\\/\\\/alume.org\\\/inicia-a-participacion-no-programa-paiem-no-centro-penitenciario-de-monterroso-3\\\/\",\"name\":\"Inicia a participaci\u00f3n no programa PAIEM no Centro Penitenciario de Monterroso - Alume\",\"isPartOf\":{\"@id\":\"https:\\\/\\\/alume.org\\\/es\\\/#website\"},\"primaryImageOfPage\":{\"@id\":\"https:\\\/\\\/alume.org\\\/inicia-a-participacion-no-programa-paiem-no-centro-penitenciario-de-monterroso-3\\\/#primaryimage\"},\"image\":{\"@id\":\"https:\\\/\\\/alume.org\\\/inicia-a-participacion-no-programa-paiem-no-centro-penitenciario-de-monterroso-3\\\/#primaryimage\"},\"thumbnailUrl\":\"https:\\\/\\\/alume.org\\\/wp-content\\\/uploads\\\/2015\\\/10\\\/Portada-paiem.jpg\",\"datePublished\":\"2011-06-21T00:00:00+00:00\",\"author\":{\"@id\":\"https:\\\/\\\/alume.org\\\/es\\\/#\\\/schema\\\/person\\\/6e8d9dc61906f446062bcd178142786e\"},\"breadcrumb\":{\"@id\":\"https:\\\/\\\/alume.org\\\/inicia-a-participacion-no-programa-paiem-no-centro-penitenciario-de-monterroso-3\\\/#breadcrumb\"},\"inLanguage\":\"es\",\"potentialAction\":[{\"@type\":\"ReadAction\",\"target\":[\"https:\\\/\\\/alume.org\\\/inicia-a-participacion-no-programa-paiem-no-centro-penitenciario-de-monterroso-3\\\/\"]}]},{\"@type\":\"ImageObject\",\"inLanguage\":\"es\",\"@id\":\"https:\\\/\\\/alume.org\\\/inicia-a-participacion-no-programa-paiem-no-centro-penitenciario-de-monterroso-3\\\/#primaryimage\",\"url\":\"https:\\\/\\\/alume.org\\\/wp-content\\\/uploads\\\/2015\\\/10\\\/Portada-paiem.jpg\",\"contentUrl\":\"https:\\\/\\\/alume.org\\\/wp-content\\\/uploads\\\/2015\\\/10\\\/Portada-paiem.jpg\",\"width\":250,\"height\":389},{\"@type\":\"BreadcrumbList\",\"@id\":\"https:\\\/\\\/alume.org\\\/inicia-a-participacion-no-programa-paiem-no-centro-penitenciario-de-monterroso-3\\\/#breadcrumb\",\"itemListElement\":[{\"@type\":\"ListItem\",\"position\":1,\"name\":\"Portada\",\"item\":\"https:\\\/\\\/alume.org\\\/es\\\/\"},{\"@type\":\"ListItem\",\"position\":2,\"name\":\"Inicia a participaci\u00f3n no programa PAIEM no Centro Penitenciario de Monterroso\"}]},{\"@type\":\"WebSite\",\"@id\":\"https:\\\/\\\/alume.org\\\/es\\\/#website\",\"url\":\"https:\\\/\\\/alume.org\\\/es\\\/\",\"name\":\"Alume\",\"description\":\"Sa\u00fade Mental\",\"potentialAction\":[{\"@type\":\"SearchAction\",\"target\":{\"@type\":\"EntryPoint\",\"urlTemplate\":\"https:\\\/\\\/alume.org\\\/es\\\/?s={search_term_string}\"},\"query-input\":{\"@type\":\"PropertyValueSpecification\",\"valueRequired\":true,\"valueName\":\"search_term_string\"}}],\"inLanguage\":\"es\"},{\"@type\":\"Person\",\"@id\":\"https:\\\/\\\/alume.org\\\/es\\\/#\\\/schema\\\/person\\\/6e8d9dc61906f446062bcd178142786e\",\"name\":\"alume\"}]}<\/script>\n<!-- \/ Yoast SEO plugin. -->","yoast_head_json":{"title":"Inicia a participaci\u00f3n no programa PAIEM no Centro Penitenciario de Monterroso - Alume","robots":{"index":"index","follow":"follow","max-snippet":"max-snippet:-1","max-image-preview":"max-image-preview:large","max-video-preview":"max-video-preview:-1"},"canonical":"https:\/\/alume.org\/inicia-a-participacion-no-programa-paiem-no-centro-penitenciario-de-monterroso-3\/","og_locale":"es_ES","og_type":"article","og_title":"Inicia a participaci\u00f3n no programa PAIEM no Centro Penitenciario de Monterroso - Alume","og_description":"ALUME inicia a s\u00faa colaboraci\u00f3n co Programa PAIEM, Protocolo de Atenci\u00f3n Integral a Persoas con Enfermidade Mental, no Centro Penitenciario de Monterroso o d\u00eda 21 de xu\u00f1o. ALUME inicia a s\u00faa colaboraci\u00f3n co Programa PAIEM, Protocolo de Atenci\u00f3n Integral a Persoas con Enfermidade Mental, no Centro Penitenciario de Monterroso o d\u00eda 21 de xu\u00f1o. A [&hellip;]","og_url":"https:\/\/alume.org\/inicia-a-participacion-no-programa-paiem-no-centro-penitenciario-de-monterroso-3\/","og_site_name":"Alume","article_published_time":"2011-06-21T00:00:00+00:00","og_image":[{"width":250,"height":389,"url":"https:\/\/alume.org\/wp-content\/uploads\/2015\/10\/Portada-paiem.jpg","type":"image\/jpeg"}],"author":"alume","twitter_card":"summary_large_image","twitter_misc":{"Escrito por":"alume","Tiempo de lectura":"1 minuto"},"schema":{"@context":"https:\/\/schema.org","@graph":[{"@type":"Article","@id":"https:\/\/alume.org\/inicia-a-participacion-no-programa-paiem-no-centro-penitenciario-de-monterroso-3\/#article","isPartOf":{"@id":"https:\/\/alume.org\/inicia-a-participacion-no-programa-paiem-no-centro-penitenciario-de-monterroso-3\/"},"author":{"name":"alume","@id":"https:\/\/alume.org\/es\/#\/schema\/person\/6e8d9dc61906f446062bcd178142786e"},"headline":"Inicia a participaci\u00f3n no programa PAIEM no Centro Penitenciario de Monterroso","datePublished":"2011-06-21T00:00:00+00:00","mainEntityOfPage":{"@id":"https:\/\/alume.org\/inicia-a-participacion-no-programa-paiem-no-centro-penitenciario-de-monterroso-3\/"},"wordCount":247,"commentCount":0,"image":{"@id":"https:\/\/alume.org\/inicia-a-participacion-no-programa-paiem-no-centro-penitenciario-de-monterroso-3\/#primaryimage"},"thumbnailUrl":"https:\/\/alume.org\/wp-content\/uploads\/2015\/10\/Portada-paiem.jpg","articleSection":["Uncategorized @gl"],"inLanguage":"es","potentialAction":[{"@type":"CommentAction","name":"Comment","target":["https:\/\/alume.org\/inicia-a-participacion-no-programa-paiem-no-centro-penitenciario-de-monterroso-3\/#respond"]}]},{"@type":"WebPage","@id":"https:\/\/alume.org\/inicia-a-participacion-no-programa-paiem-no-centro-penitenciario-de-monterroso-3\/","url":"https:\/\/alume.org\/inicia-a-participacion-no-programa-paiem-no-centro-penitenciario-de-monterroso-3\/","name":"Inicia a participaci\u00f3n no programa PAIEM no Centro Penitenciario de Monterroso - Alume","isPartOf":{"@id":"https:\/\/alume.org\/es\/#website"},"primaryImageOfPage":{"@id":"https:\/\/alume.org\/inicia-a-participacion-no-programa-paiem-no-centro-penitenciario-de-monterroso-3\/#primaryimage"},"image":{"@id":"https:\/\/alume.org\/inicia-a-participacion-no-programa-paiem-no-centro-penitenciario-de-monterroso-3\/#primaryimage"},"thumbnailUrl":"https:\/\/alume.org\/wp-content\/uploads\/2015\/10\/Portada-paiem.jpg","datePublished":"2011-06-21T00:00:00+00:00","author":{"@id":"https:\/\/alume.org\/es\/#\/schema\/person\/6e8d9dc61906f446062bcd178142786e"},"breadcrumb":{"@id":"https:\/\/alume.org\/inicia-a-participacion-no-programa-paiem-no-centro-penitenciario-de-monterroso-3\/#breadcrumb"},"inLanguage":"es","potentialAction":[{"@type":"ReadAction","target":["https:\/\/alume.org\/inicia-a-participacion-no-programa-paiem-no-centro-penitenciario-de-monterroso-3\/"]}]},{"@type":"ImageObject","inLanguage":"es","@id":"https:\/\/alume.org\/inicia-a-participacion-no-programa-paiem-no-centro-penitenciario-de-monterroso-3\/#primaryimage","url":"https:\/\/alume.org\/wp-content\/uploads\/2015\/10\/Portada-paiem.jpg","contentUrl":"https:\/\/alume.org\/wp-content\/uploads\/2015\/10\/Portada-paiem.jpg","width":250,"height":389},{"@type":"BreadcrumbList","@id":"https:\/\/alume.org\/inicia-a-participacion-no-programa-paiem-no-centro-penitenciario-de-monterroso-3\/#breadcrumb","itemListElement":[{"@type":"ListItem","position":1,"name":"Portada","item":"https:\/\/alume.org\/es\/"},{"@type":"ListItem","position":2,"name":"Inicia a participaci\u00f3n no programa PAIEM no Centro Penitenciario de Monterroso"}]},{"@type":"WebSite","@id":"https:\/\/alume.org\/es\/#website","url":"https:\/\/alume.org\/es\/","name":"Alume","description":"Sa\u00fade Mental","potentialAction":[{"@type":"SearchAction","target":{"@type":"EntryPoint","urlTemplate":"https:\/\/alume.org\/es\/?s={search_term_string}"},"query-input":{"@type":"PropertyValueSpecification","valueRequired":true,"valueName":"search_term_string"}}],"inLanguage":"es"},{"@type":"Person","@id":"https:\/\/alume.org\/es\/#\/schema\/person\/6e8d9dc61906f446062bcd178142786e","name":"alume"}]}},"_links":{"self":[{"href":"https:\/\/alume.org\/es\/wp-json\/wp\/v2\/posts\/4348","targetHints":{"allow":["GET"]}}],"collection":[{"href":"https:\/\/alume.org\/es\/wp-json\/wp\/v2\/posts"}],"about":[{"href":"https:\/\/alume.org\/es\/wp-json\/wp\/v2\/types\/post"}],"author":[{"embeddable":true,"href":"https:\/\/alume.org\/es\/wp-json\/wp\/v2\/users\/1"}],"replies":[{"embeddable":true,"href":"https:\/\/alume.org\/es\/wp-json\/wp\/v2\/comments?post=4348"}],"version-history":[{"count":0,"href":"https:\/\/alume.org\/es\/wp-json\/wp\/v2\/posts\/4348\/revisions"}],"wp:featuredmedia":[{"embeddable":true,"href":"https:\/\/alume.org\/es\/wp-json\/wp\/v2\/media\/3769"}],"wp:attachment":[{"href":"https:\/\/alume.org\/es\/wp-json\/wp\/v2\/media?parent=4348"}],"wp:term":[{"taxonomy":"category","embeddable":true,"href":"https:\/\/alume.org\/es\/wp-json\/wp\/v2\/categories?post=4348"},{"taxonomy":"post_tag","embeddable":true,"href":"https:\/\/alume.org\/es\/wp-json\/wp\/v2\/tags?post=4348"}],"curies":[{"name":"wp","href":"https:\/\/api.w.org\/{rel}","templated":true}]}}