{"id":4354,"date":"2013-06-14T00:00:00","date_gmt":"2013-06-14T00:00:00","guid":{"rendered":"http:\/\/alume.org\/alume-agradecelle-ao-voluntariado-a-sua-dedicacion-durante-todo-o-curso-5\/"},"modified":"2013-06-14T00:00:00","modified_gmt":"2013-06-14T00:00:00","slug":"alume-agradecelle-ao-voluntariado-a-sua-dedicacion-durante-todo-o-curso-5","status":"publish","type":"post","link":"https:\/\/alume.org\/es\/alume-agradecelle-ao-voluntariado-a-sua-dedicacion-durante-todo-o-curso-5\/","title":{"rendered":"Alume agrad\u00e9celle ao voluntariado a s\u00faa dedicaci\u00f3n durante todo o curso"},"content":{"rendered":"<p><strong>Alume celebrou onte, d\u00eda 13 de xu\u00f1o, a s\u00faa xornada anual do voluntariado, no que persoas usuarias e voluntarias se xuntan para facer unha valoraci\u00f3n do curso, xusto antes do ver\u00e1n.<\/strong><\/p>\n<p>En Alume temos uns 15 voluntarios e voluntarias, que ve\u00f1en semanalmente a realizar actividades coas persoas usuarias. Baile, lecto-escritura, pintura, bordados, cinema, clases de historia, clases de baile, canto e pandeireta&#8230; O que cada un deles quere aportar. Grazas ao seu labor, temos moita m\u00e1is variedade de actividades no centro.  <i>\u201cEstamos muy contentos con la tarea que hicisteis, y por eso os invitamos a repetir el a\u00f1o que viene.  Gracias a vosotros aprendimos a bailar, a pintar, a hacer punto de cruz, a mejorar en canto, a tener afici\u00f3n por el cine, por la historia, por la lectura, a recuperar el h\u00e1bito de escribir&#8230;  Nos estimulasteis la mente y las ganas de aprender, as\u00ed que esperamos seguir mejorando el pr\u00f3ximo a\u00f1o con vuestra ayuda.  Os deseamos un buen verano, y os esperamos en septiembre con muchas ganas de hacer cosas nuevas.  \u00a1Gracias por vuestra compa\u00f1\u00eda y por vuestro bien hacer!\u201d<\/i><br \/>  Con estas li\u00f1as as persoas usuarias do centro quixeron agredecerlles aos voluntarios o seu labor. Rematamos a xornada cunha festi\u00f1a.<\/p>\n","protected":false},"excerpt":{"rendered":"<p>Alume celebrou onte, d\u00eda 13 de xu\u00f1o, a s\u00faa xornada anual do voluntariado, no que persoas usuarias e voluntarias se xuntan para facer unha valoraci\u00f3n do curso, xusto antes do ver\u00e1n. En Alume temos uns 15 voluntarios e voluntarias, que ve\u00f1en semanalmente a realizar actividades coas persoas usuarias. Baile, lecto-escritura, pintura, bordados, cinema, clases de [&hellip;]<\/p>\n","protected":false},"author":1,"featured_media":3779,"comment_status":"open","ping_status":"closed","sticky":false,"template":"","format":"standard","meta":{"ngg_post_thumbnail":0,"footnotes":""},"categories":[1],"tags":[],"class_list":{"0":"post-4354","1":"post","2":"type-post","3":"status-publish","4":"format-standard","5":"has-post-thumbnail","7":"category-uncategorized-gl"},"yoast_head":"<!-- This site is optimized with the Yoast SEO plugin v27.5 - https:\/\/yoast.com\/product\/yoast-seo-wordpress\/ -->\n<title>Alume agrad\u00e9celle ao voluntariado a s\u00faa dedicaci\u00f3n durante todo o curso - Alume<\/title>\n<meta name=\"robots\" content=\"index, follow, max-snippet:-1, max-image-preview:large, max-video-preview:-1\" \/>\n<link rel=\"canonical\" href=\"https:\/\/alume.org\/alume-agradecelle-ao-voluntariado-a-sua-dedicacion-durante-todo-o-curso-5\/\" \/>\n<meta property=\"og:locale\" content=\"es_ES\" \/>\n<meta property=\"og:type\" content=\"article\" \/>\n<meta property=\"og:title\" content=\"Alume agrad\u00e9celle ao voluntariado a s\u00faa dedicaci\u00f3n durante todo o curso - Alume\" \/>\n<meta property=\"og:description\" content=\"Alume celebrou onte, d\u00eda 13 de xu\u00f1o, a s\u00faa xornada anual do voluntariado, no que persoas usuarias e voluntarias se xuntan para facer unha valoraci\u00f3n do curso, xusto antes do ver\u00e1n. En Alume temos uns 15 voluntarios e voluntarias, que ve\u00f1en semanalmente a realizar actividades coas persoas usuarias. Baile, lecto-escritura, pintura, bordados, cinema, clases de [&hellip;]\" \/>\n<meta property=\"og:url\" content=\"https:\/\/alume.org\/alume-agradecelle-ao-voluntariado-a-sua-dedicacion-durante-todo-o-curso-5\/\" \/>\n<meta property=\"og:site_name\" content=\"Alume\" \/>\n<meta property=\"article:published_time\" content=\"2013-06-14T00:00:00+00:00\" \/>\n<meta property=\"og:image\" content=\"https:\/\/alume.org\/wp-content\/uploads\/2015\/10\/voluntariado-13-6-030.jpg\" \/>\n\t<meta property=\"og:image:width\" content=\"400\" \/>\n\t<meta property=\"og:image:height\" content=\"246\" \/>\n\t<meta property=\"og:image:type\" content=\"image\/jpeg\" \/>\n<meta name=\"author\" content=\"alume\" \/>\n<meta name=\"twitter:card\" content=\"summary_large_image\" \/>\n<meta name=\"twitter:label1\" content=\"Escrito por\" \/>\n\t<meta name=\"twitter:data1\" content=\"alume\" \/>\n\t<meta name=\"twitter:label2\" content=\"Tiempo de lectura\" \/>\n\t<meta name=\"twitter:data2\" content=\"1 minuto\" \/>\n<script type=\"application\/ld+json\" class=\"yoast-schema-graph\">{\"@context\":\"https:\\\/\\\/schema.org\",\"@graph\":[{\"@type\":\"Article\",\"@id\":\"https:\\\/\\\/alume.org\\\/alume-agradecelle-ao-voluntariado-a-sua-dedicacion-durante-todo-o-curso-5\\\/#article\",\"isPartOf\":{\"@id\":\"https:\\\/\\\/alume.org\\\/alume-agradecelle-ao-voluntariado-a-sua-dedicacion-durante-todo-o-curso-5\\\/\"},\"author\":{\"name\":\"alume\",\"@id\":\"https:\\\/\\\/alume.org\\\/es\\\/#\\\/schema\\\/person\\\/6e8d9dc61906f446062bcd178142786e\"},\"headline\":\"Alume agrad\u00e9celle ao voluntariado a s\u00faa dedicaci\u00f3n durante todo o curso\",\"datePublished\":\"2013-06-14T00:00:00+00:00\",\"mainEntityOfPage\":{\"@id\":\"https:\\\/\\\/alume.org\\\/alume-agradecelle-ao-voluntariado-a-sua-dedicacion-durante-todo-o-curso-5\\\/\"},\"wordCount\":228,\"commentCount\":0,\"image\":{\"@id\":\"https:\\\/\\\/alume.org\\\/alume-agradecelle-ao-voluntariado-a-sua-dedicacion-durante-todo-o-curso-5\\\/#primaryimage\"},\"thumbnailUrl\":\"https:\\\/\\\/alume.org\\\/wp-content\\\/uploads\\\/2015\\\/10\\\/voluntariado-13-6-030.jpg\",\"articleSection\":[\"Uncategorized @gl\"],\"inLanguage\":\"es\",\"potentialAction\":[{\"@type\":\"CommentAction\",\"name\":\"Comment\",\"target\":[\"https:\\\/\\\/alume.org\\\/alume-agradecelle-ao-voluntariado-a-sua-dedicacion-durante-todo-o-curso-5\\\/#respond\"]}]},{\"@type\":\"WebPage\",\"@id\":\"https:\\\/\\\/alume.org\\\/alume-agradecelle-ao-voluntariado-a-sua-dedicacion-durante-todo-o-curso-5\\\/\",\"url\":\"https:\\\/\\\/alume.org\\\/alume-agradecelle-ao-voluntariado-a-sua-dedicacion-durante-todo-o-curso-5\\\/\",\"name\":\"Alume agrad\u00e9celle ao voluntariado a s\u00faa dedicaci\u00f3n durante todo o curso - Alume\",\"isPartOf\":{\"@id\":\"https:\\\/\\\/alume.org\\\/es\\\/#website\"},\"primaryImageOfPage\":{\"@id\":\"https:\\\/\\\/alume.org\\\/alume-agradecelle-ao-voluntariado-a-sua-dedicacion-durante-todo-o-curso-5\\\/#primaryimage\"},\"image\":{\"@id\":\"https:\\\/\\\/alume.org\\\/alume-agradecelle-ao-voluntariado-a-sua-dedicacion-durante-todo-o-curso-5\\\/#primaryimage\"},\"thumbnailUrl\":\"https:\\\/\\\/alume.org\\\/wp-content\\\/uploads\\\/2015\\\/10\\\/voluntariado-13-6-030.jpg\",\"datePublished\":\"2013-06-14T00:00:00+00:00\",\"author\":{\"@id\":\"https:\\\/\\\/alume.org\\\/es\\\/#\\\/schema\\\/person\\\/6e8d9dc61906f446062bcd178142786e\"},\"breadcrumb\":{\"@id\":\"https:\\\/\\\/alume.org\\\/alume-agradecelle-ao-voluntariado-a-sua-dedicacion-durante-todo-o-curso-5\\\/#breadcrumb\"},\"inLanguage\":\"es\",\"potentialAction\":[{\"@type\":\"ReadAction\",\"target\":[\"https:\\\/\\\/alume.org\\\/alume-agradecelle-ao-voluntariado-a-sua-dedicacion-durante-todo-o-curso-5\\\/\"]}]},{\"@type\":\"ImageObject\",\"inLanguage\":\"es\",\"@id\":\"https:\\\/\\\/alume.org\\\/alume-agradecelle-ao-voluntariado-a-sua-dedicacion-durante-todo-o-curso-5\\\/#primaryimage\",\"url\":\"https:\\\/\\\/alume.org\\\/wp-content\\\/uploads\\\/2015\\\/10\\\/voluntariado-13-6-030.jpg\",\"contentUrl\":\"https:\\\/\\\/alume.org\\\/wp-content\\\/uploads\\\/2015\\\/10\\\/voluntariado-13-6-030.jpg\",\"width\":400,\"height\":246},{\"@type\":\"BreadcrumbList\",\"@id\":\"https:\\\/\\\/alume.org\\\/alume-agradecelle-ao-voluntariado-a-sua-dedicacion-durante-todo-o-curso-5\\\/#breadcrumb\",\"itemListElement\":[{\"@type\":\"ListItem\",\"position\":1,\"name\":\"Portada\",\"item\":\"https:\\\/\\\/alume.org\\\/es\\\/\"},{\"@type\":\"ListItem\",\"position\":2,\"name\":\"Alume agrad\u00e9celle ao voluntariado a s\u00faa dedicaci\u00f3n durante todo o curso\"}]},{\"@type\":\"WebSite\",\"@id\":\"https:\\\/\\\/alume.org\\\/es\\\/#website\",\"url\":\"https:\\\/\\\/alume.org\\\/es\\\/\",\"name\":\"Alume\",\"description\":\"Sa\u00fade Mental\",\"potentialAction\":[{\"@type\":\"SearchAction\",\"target\":{\"@type\":\"EntryPoint\",\"urlTemplate\":\"https:\\\/\\\/alume.org\\\/es\\\/?s={search_term_string}\"},\"query-input\":{\"@type\":\"PropertyValueSpecification\",\"valueRequired\":true,\"valueName\":\"search_term_string\"}}],\"inLanguage\":\"es\"},{\"@type\":\"Person\",\"@id\":\"https:\\\/\\\/alume.org\\\/es\\\/#\\\/schema\\\/person\\\/6e8d9dc61906f446062bcd178142786e\",\"name\":\"alume\"}]}<\/script>\n<!-- \/ Yoast SEO plugin. -->","yoast_head_json":{"title":"Alume agrad\u00e9celle ao voluntariado a s\u00faa dedicaci\u00f3n durante todo o curso - Alume","robots":{"index":"index","follow":"follow","max-snippet":"max-snippet:-1","max-image-preview":"max-image-preview:large","max-video-preview":"max-video-preview:-1"},"canonical":"https:\/\/alume.org\/alume-agradecelle-ao-voluntariado-a-sua-dedicacion-durante-todo-o-curso-5\/","og_locale":"es_ES","og_type":"article","og_title":"Alume agrad\u00e9celle ao voluntariado a s\u00faa dedicaci\u00f3n durante todo o curso - Alume","og_description":"Alume celebrou onte, d\u00eda 13 de xu\u00f1o, a s\u00faa xornada anual do voluntariado, no que persoas usuarias e voluntarias se xuntan para facer unha valoraci\u00f3n do curso, xusto antes do ver\u00e1n. En Alume temos uns 15 voluntarios e voluntarias, que ve\u00f1en semanalmente a realizar actividades coas persoas usuarias. Baile, lecto-escritura, pintura, bordados, cinema, clases de [&hellip;]","og_url":"https:\/\/alume.org\/alume-agradecelle-ao-voluntariado-a-sua-dedicacion-durante-todo-o-curso-5\/","og_site_name":"Alume","article_published_time":"2013-06-14T00:00:00+00:00","og_image":[{"width":400,"height":246,"url":"https:\/\/alume.org\/wp-content\/uploads\/2015\/10\/voluntariado-13-6-030.jpg","type":"image\/jpeg"}],"author":"alume","twitter_card":"summary_large_image","twitter_misc":{"Escrito por":"alume","Tiempo de lectura":"1 minuto"},"schema":{"@context":"https:\/\/schema.org","@graph":[{"@type":"Article","@id":"https:\/\/alume.org\/alume-agradecelle-ao-voluntariado-a-sua-dedicacion-durante-todo-o-curso-5\/#article","isPartOf":{"@id":"https:\/\/alume.org\/alume-agradecelle-ao-voluntariado-a-sua-dedicacion-durante-todo-o-curso-5\/"},"author":{"name":"alume","@id":"https:\/\/alume.org\/es\/#\/schema\/person\/6e8d9dc61906f446062bcd178142786e"},"headline":"Alume agrad\u00e9celle ao voluntariado a s\u00faa dedicaci\u00f3n durante todo o curso","datePublished":"2013-06-14T00:00:00+00:00","mainEntityOfPage":{"@id":"https:\/\/alume.org\/alume-agradecelle-ao-voluntariado-a-sua-dedicacion-durante-todo-o-curso-5\/"},"wordCount":228,"commentCount":0,"image":{"@id":"https:\/\/alume.org\/alume-agradecelle-ao-voluntariado-a-sua-dedicacion-durante-todo-o-curso-5\/#primaryimage"},"thumbnailUrl":"https:\/\/alume.org\/wp-content\/uploads\/2015\/10\/voluntariado-13-6-030.jpg","articleSection":["Uncategorized @gl"],"inLanguage":"es","potentialAction":[{"@type":"CommentAction","name":"Comment","target":["https:\/\/alume.org\/alume-agradecelle-ao-voluntariado-a-sua-dedicacion-durante-todo-o-curso-5\/#respond"]}]},{"@type":"WebPage","@id":"https:\/\/alume.org\/alume-agradecelle-ao-voluntariado-a-sua-dedicacion-durante-todo-o-curso-5\/","url":"https:\/\/alume.org\/alume-agradecelle-ao-voluntariado-a-sua-dedicacion-durante-todo-o-curso-5\/","name":"Alume agrad\u00e9celle ao voluntariado a s\u00faa dedicaci\u00f3n durante todo o curso - Alume","isPartOf":{"@id":"https:\/\/alume.org\/es\/#website"},"primaryImageOfPage":{"@id":"https:\/\/alume.org\/alume-agradecelle-ao-voluntariado-a-sua-dedicacion-durante-todo-o-curso-5\/#primaryimage"},"image":{"@id":"https:\/\/alume.org\/alume-agradecelle-ao-voluntariado-a-sua-dedicacion-durante-todo-o-curso-5\/#primaryimage"},"thumbnailUrl":"https:\/\/alume.org\/wp-content\/uploads\/2015\/10\/voluntariado-13-6-030.jpg","datePublished":"2013-06-14T00:00:00+00:00","author":{"@id":"https:\/\/alume.org\/es\/#\/schema\/person\/6e8d9dc61906f446062bcd178142786e"},"breadcrumb":{"@id":"https:\/\/alume.org\/alume-agradecelle-ao-voluntariado-a-sua-dedicacion-durante-todo-o-curso-5\/#breadcrumb"},"inLanguage":"es","potentialAction":[{"@type":"ReadAction","target":["https:\/\/alume.org\/alume-agradecelle-ao-voluntariado-a-sua-dedicacion-durante-todo-o-curso-5\/"]}]},{"@type":"ImageObject","inLanguage":"es","@id":"https:\/\/alume.org\/alume-agradecelle-ao-voluntariado-a-sua-dedicacion-durante-todo-o-curso-5\/#primaryimage","url":"https:\/\/alume.org\/wp-content\/uploads\/2015\/10\/voluntariado-13-6-030.jpg","contentUrl":"https:\/\/alume.org\/wp-content\/uploads\/2015\/10\/voluntariado-13-6-030.jpg","width":400,"height":246},{"@type":"BreadcrumbList","@id":"https:\/\/alume.org\/alume-agradecelle-ao-voluntariado-a-sua-dedicacion-durante-todo-o-curso-5\/#breadcrumb","itemListElement":[{"@type":"ListItem","position":1,"name":"Portada","item":"https:\/\/alume.org\/es\/"},{"@type":"ListItem","position":2,"name":"Alume agrad\u00e9celle ao voluntariado a s\u00faa dedicaci\u00f3n durante todo o curso"}]},{"@type":"WebSite","@id":"https:\/\/alume.org\/es\/#website","url":"https:\/\/alume.org\/es\/","name":"Alume","description":"Sa\u00fade Mental","potentialAction":[{"@type":"SearchAction","target":{"@type":"EntryPoint","urlTemplate":"https:\/\/alume.org\/es\/?s={search_term_string}"},"query-input":{"@type":"PropertyValueSpecification","valueRequired":true,"valueName":"search_term_string"}}],"inLanguage":"es"},{"@type":"Person","@id":"https:\/\/alume.org\/es\/#\/schema\/person\/6e8d9dc61906f446062bcd178142786e","name":"alume"}]}},"_links":{"self":[{"href":"https:\/\/alume.org\/es\/wp-json\/wp\/v2\/posts\/4354","targetHints":{"allow":["GET"]}}],"collection":[{"href":"https:\/\/alume.org\/es\/wp-json\/wp\/v2\/posts"}],"about":[{"href":"https:\/\/alume.org\/es\/wp-json\/wp\/v2\/types\/post"}],"author":[{"embeddable":true,"href":"https:\/\/alume.org\/es\/wp-json\/wp\/v2\/users\/1"}],"replies":[{"embeddable":true,"href":"https:\/\/alume.org\/es\/wp-json\/wp\/v2\/comments?post=4354"}],"version-history":[{"count":0,"href":"https:\/\/alume.org\/es\/wp-json\/wp\/v2\/posts\/4354\/revisions"}],"wp:featuredmedia":[{"embeddable":true,"href":"https:\/\/alume.org\/es\/wp-json\/wp\/v2\/media\/3779"}],"wp:attachment":[{"href":"https:\/\/alume.org\/es\/wp-json\/wp\/v2\/media?parent=4354"}],"wp:term":[{"taxonomy":"category","embeddable":true,"href":"https:\/\/alume.org\/es\/wp-json\/wp\/v2\/categories?post=4354"},{"taxonomy":"post_tag","embeddable":true,"href":"https:\/\/alume.org\/es\/wp-json\/wp\/v2\/tags?post=4354"}],"curies":[{"name":"wp","href":"https:\/\/api.w.org\/{rel}","templated":true}]}}