{"id":4358,"date":"2013-12-09T00:00:00","date_gmt":"2013-12-09T00:00:00","guid":{"rendered":"http:\/\/alume.org\/xa-podedes-adquirir-o-voso-calendario-solidario-2014-2\/"},"modified":"2013-12-09T00:00:00","modified_gmt":"2013-12-09T00:00:00","slug":"xa-podedes-adquirir-o-voso-calendario-solidario-2014-2","status":"publish","type":"post","link":"https:\/\/alume.org\/es\/xa-podedes-adquirir-o-voso-calendario-solidario-2014-2\/","title":{"rendered":"Xa podedes adquirir o voso Calendario Solidario 2014"},"content":{"rendered":"<p><strong>Comezamos o \u00faltimo mes do ano deix\u00e1ndovos unha lista de locais da cidade de Lugo onde podedes adquirir o voso Calendario Solidario 2014.<\/strong><\/p>\n<p>Comezamos o \u00faltimo mes do ano deix\u00e1ndovos unha lista de locais da cidade de Lugo onde podedes adquirir o voso Calendario Solidario 2014.  At\u00e9 o momento, podedes conseguir un calendario, por un donativo de cinco (5) euros en:  &#8211; [Alume], R\u00faa Nicomedes Pastor D\u00edaz, 6-8, baixo. &#8211; [Bar Central], R\u00faa Rafael de Vega, 10 &#8211; [Farmacia Herrero], R\u00faa Montero R\u00edos, 81 &#8211; [Farmacia Ortiz de Galisteo P\u00e9rez], R\u00faa San Fernando, 4 &#8211; [Pasteler\u00eda Dona Vaniri], R\u00faa Cami\u00f1o Real, 22 &#8211; [Farmacia Prado Pernas], Ronda do Carme, 86 &#8211; [Psicomedi], Praza Maior 20, 2\u00ba. &#8211; [Agro Mascota], Ronda do Carme, 70 &#8211; [Hospital Veterinario Ace\u00f1a de Olga], Ronda de Fingoi, 117 &#8211; [Cl\u00ednica Veterinaria Otter], Rua dos Gardas, 8 &#8211; [Escola de Arte e Superior de Dese\u00f1o Ram\u00f3n Falc\u00f3n], Paseo dos Estudantes SN (en fronte da Polic\u00eda Local). &#8211; [Marcelle Natureza], Marcelle 6, San Marti\u00f1o de Guillar, Outeiro de Rei. &#8211; [Bar As Pontes], na Parroquia de Triab\u00e1, Castro de Rei. &#8211; [Agrobiona], Pol. Industrial Castro de Ribeiras de Lea, Castro de Rei.  Tam\u00e9n vos deixamos un [MAPA DE GOOGLE] onde est\u00e1n marcados todos o puntos de venda do agasallo deste Nadal!   <a href=\"<iframe loading=\"lazy\" width=\"425\" height=\"350\" frameborder=\"0\" scrolling=\"no\" marginheight=\"0\" marginwidth=\"0\" src=\"https:\/\/maps.google.com\/maps\/ms?msa=0&amp;msid=203088281495535583579.0004ec8a4dbd10b49b6a0&amp;ie=UTF8&amp;t=m&amp;source=embed&amp;ll=43.00615,-7.553748&amp;spn=0.0176,0.023941&amp;output=embed\"><\/iframe><br \/><small>View <a href=\"https:\/\/maps.google.com\/maps\/ms?msa=0&amp;msid=203088281495535583579.0004ec8a4dbd10b49b6a0&amp;ie=UTF8&amp;t=m&amp;source=embed&amp;ll=43.00615,-7.553748&amp;spn=0.0176,0.023941\" style=\"color:#0000FF;text-align:left\">Onde comprar o Calendario Solidario 2014<\/a> in a larger map<\/small>\u00ab><\/a>  [O VOSO APOIO \u00c9 A NOSA FORZA!]<\/p>\n","protected":false},"excerpt":{"rendered":"<p>Comezamos o \u00faltimo mes do ano deix\u00e1ndovos unha lista de locais da cidade de Lugo onde podedes adquirir o voso Calendario Solidario 2014. Comezamos o \u00faltimo mes do ano deix\u00e1ndovos unha lista de locais da cidade de Lugo onde podedes adquirir o voso Calendario Solidario 2014. At\u00e9 o momento, podedes conseguir un calendario, por un [&hellip;]<\/p>\n","protected":false},"author":1,"featured_media":4345,"comment_status":"open","ping_status":"closed","sticky":false,"template":"","format":"standard","meta":{"ngg_post_thumbnail":0,"footnotes":""},"categories":[],"tags":[],"class_list":["post-4358","post","type-post","status-publish","format-standard","has-post-thumbnail"],"yoast_head":"<!-- This site is optimized with the Yoast SEO plugin v27.5 - https:\/\/yoast.com\/product\/yoast-seo-wordpress\/ -->\n<title>Xa podedes adquirir o voso Calendario Solidario 2014 - Alume<\/title>\n<meta name=\"robots\" content=\"index, follow, max-snippet:-1, max-image-preview:large, max-video-preview:-1\" \/>\n<link rel=\"canonical\" href=\"https:\/\/alume.org\/xa-podedes-adquirir-o-voso-calendario-solidario-2014-2\/\" \/>\n<meta property=\"og:locale\" content=\"es_ES\" \/>\n<meta property=\"og:type\" content=\"article\" \/>\n<meta property=\"og:title\" content=\"Xa podedes adquirir o voso Calendario Solidario 2014 - Alume\" \/>\n<meta property=\"og:description\" content=\"Comezamos o \u00faltimo mes do ano deix\u00e1ndovos unha lista de locais da cidade de Lugo onde podedes adquirir o voso Calendario Solidario 2014. Comezamos o \u00faltimo mes do ano deix\u00e1ndovos unha lista de locais da cidade de Lugo onde podedes adquirir o voso Calendario Solidario 2014. At\u00e9 o momento, podedes conseguir un calendario, por un [&hellip;]\" \/>\n<meta property=\"og:url\" content=\"https:\/\/alume.org\/xa-podedes-adquirir-o-voso-calendario-solidario-2014-2\/\" \/>\n<meta property=\"og:site_name\" content=\"Alume\" \/>\n<meta property=\"article:published_time\" content=\"2013-12-09T00:00:00+00:00\" \/>\n<meta property=\"og:image\" content=\"https:\/\/alume.org\/wp-content\/uploads\/2015\/10\/Cartel_Anunciador.jpg\" \/>\n\t<meta property=\"og:image:width\" content=\"440\" \/>\n\t<meta property=\"og:image:height\" content=\"617\" \/>\n\t<meta property=\"og:image:type\" content=\"image\/jpeg\" \/>\n<meta name=\"author\" content=\"alume\" \/>\n<meta name=\"twitter:card\" content=\"summary_large_image\" \/>\n<meta name=\"twitter:label1\" content=\"Escrito por\" \/>\n\t<meta name=\"twitter:data1\" content=\"alume\" \/>\n\t<meta name=\"twitter:label2\" content=\"Tiempo de lectura\" \/>\n\t<meta name=\"twitter:data2\" content=\"1 minuto\" \/>\n<script type=\"application\/ld+json\" class=\"yoast-schema-graph\">{\"@context\":\"https:\\\/\\\/schema.org\",\"@graph\":[{\"@type\":\"Article\",\"@id\":\"https:\\\/\\\/alume.org\\\/xa-podedes-adquirir-o-voso-calendario-solidario-2014-2\\\/#article\",\"isPartOf\":{\"@id\":\"https:\\\/\\\/alume.org\\\/xa-podedes-adquirir-o-voso-calendario-solidario-2014-2\\\/\"},\"author\":{\"name\":\"alume\",\"@id\":\"https:\\\/\\\/alume.org\\\/es\\\/#\\\/schema\\\/person\\\/6e8d9dc61906f446062bcd178142786e\"},\"headline\":\"Xa podedes adquirir o voso Calendario Solidario 2014\",\"datePublished\":\"2013-12-09T00:00:00+00:00\",\"mainEntityOfPage\":{\"@id\":\"https:\\\/\\\/alume.org\\\/xa-podedes-adquirir-o-voso-calendario-solidario-2014-2\\\/\"},\"wordCount\":234,\"commentCount\":0,\"image\":{\"@id\":\"https:\\\/\\\/alume.org\\\/xa-podedes-adquirir-o-voso-calendario-solidario-2014-2\\\/#primaryimage\"},\"thumbnailUrl\":\"https:\\\/\\\/alume.org\\\/wp-content\\\/uploads\\\/2015\\\/10\\\/Cartel_Anunciador.jpg\",\"inLanguage\":\"es\",\"potentialAction\":[{\"@type\":\"CommentAction\",\"name\":\"Comment\",\"target\":[\"https:\\\/\\\/alume.org\\\/xa-podedes-adquirir-o-voso-calendario-solidario-2014-2\\\/#respond\"]}]},{\"@type\":\"WebPage\",\"@id\":\"https:\\\/\\\/alume.org\\\/xa-podedes-adquirir-o-voso-calendario-solidario-2014-2\\\/\",\"url\":\"https:\\\/\\\/alume.org\\\/xa-podedes-adquirir-o-voso-calendario-solidario-2014-2\\\/\",\"name\":\"Xa podedes adquirir o voso Calendario Solidario 2014 - Alume\",\"isPartOf\":{\"@id\":\"https:\\\/\\\/alume.org\\\/es\\\/#website\"},\"primaryImageOfPage\":{\"@id\":\"https:\\\/\\\/alume.org\\\/xa-podedes-adquirir-o-voso-calendario-solidario-2014-2\\\/#primaryimage\"},\"image\":{\"@id\":\"https:\\\/\\\/alume.org\\\/xa-podedes-adquirir-o-voso-calendario-solidario-2014-2\\\/#primaryimage\"},\"thumbnailUrl\":\"https:\\\/\\\/alume.org\\\/wp-content\\\/uploads\\\/2015\\\/10\\\/Cartel_Anunciador.jpg\",\"datePublished\":\"2013-12-09T00:00:00+00:00\",\"author\":{\"@id\":\"https:\\\/\\\/alume.org\\\/es\\\/#\\\/schema\\\/person\\\/6e8d9dc61906f446062bcd178142786e\"},\"breadcrumb\":{\"@id\":\"https:\\\/\\\/alume.org\\\/xa-podedes-adquirir-o-voso-calendario-solidario-2014-2\\\/#breadcrumb\"},\"inLanguage\":\"es\",\"potentialAction\":[{\"@type\":\"ReadAction\",\"target\":[\"https:\\\/\\\/alume.org\\\/xa-podedes-adquirir-o-voso-calendario-solidario-2014-2\\\/\"]}]},{\"@type\":\"ImageObject\",\"inLanguage\":\"es\",\"@id\":\"https:\\\/\\\/alume.org\\\/xa-podedes-adquirir-o-voso-calendario-solidario-2014-2\\\/#primaryimage\",\"url\":\"https:\\\/\\\/alume.org\\\/wp-content\\\/uploads\\\/2015\\\/10\\\/Cartel_Anunciador.jpg\",\"contentUrl\":\"https:\\\/\\\/alume.org\\\/wp-content\\\/uploads\\\/2015\\\/10\\\/Cartel_Anunciador.jpg\",\"width\":440,\"height\":617},{\"@type\":\"BreadcrumbList\",\"@id\":\"https:\\\/\\\/alume.org\\\/xa-podedes-adquirir-o-voso-calendario-solidario-2014-2\\\/#breadcrumb\",\"itemListElement\":[{\"@type\":\"ListItem\",\"position\":1,\"name\":\"Portada\",\"item\":\"https:\\\/\\\/alume.org\\\/es\\\/\"},{\"@type\":\"ListItem\",\"position\":2,\"name\":\"Xa podedes adquirir o voso Calendario Solidario 2014\"}]},{\"@type\":\"WebSite\",\"@id\":\"https:\\\/\\\/alume.org\\\/es\\\/#website\",\"url\":\"https:\\\/\\\/alume.org\\\/es\\\/\",\"name\":\"Alume\",\"description\":\"Sa\u00fade Mental\",\"potentialAction\":[{\"@type\":\"SearchAction\",\"target\":{\"@type\":\"EntryPoint\",\"urlTemplate\":\"https:\\\/\\\/alume.org\\\/es\\\/?s={search_term_string}\"},\"query-input\":{\"@type\":\"PropertyValueSpecification\",\"valueRequired\":true,\"valueName\":\"search_term_string\"}}],\"inLanguage\":\"es\"},{\"@type\":\"Person\",\"@id\":\"https:\\\/\\\/alume.org\\\/es\\\/#\\\/schema\\\/person\\\/6e8d9dc61906f446062bcd178142786e\",\"name\":\"alume\"}]}<\/script>\n<!-- \/ Yoast SEO plugin. -->","yoast_head_json":{"title":"Xa podedes adquirir o voso Calendario Solidario 2014 - Alume","robots":{"index":"index","follow":"follow","max-snippet":"max-snippet:-1","max-image-preview":"max-image-preview:large","max-video-preview":"max-video-preview:-1"},"canonical":"https:\/\/alume.org\/xa-podedes-adquirir-o-voso-calendario-solidario-2014-2\/","og_locale":"es_ES","og_type":"article","og_title":"Xa podedes adquirir o voso Calendario Solidario 2014 - Alume","og_description":"Comezamos o \u00faltimo mes do ano deix\u00e1ndovos unha lista de locais da cidade de Lugo onde podedes adquirir o voso Calendario Solidario 2014. Comezamos o \u00faltimo mes do ano deix\u00e1ndovos unha lista de locais da cidade de Lugo onde podedes adquirir o voso Calendario Solidario 2014. At\u00e9 o momento, podedes conseguir un calendario, por un [&hellip;]","og_url":"https:\/\/alume.org\/xa-podedes-adquirir-o-voso-calendario-solidario-2014-2\/","og_site_name":"Alume","article_published_time":"2013-12-09T00:00:00+00:00","og_image":[{"width":440,"height":617,"url":"https:\/\/alume.org\/wp-content\/uploads\/2015\/10\/Cartel_Anunciador.jpg","type":"image\/jpeg"}],"author":"alume","twitter_card":"summary_large_image","twitter_misc":{"Escrito por":"alume","Tiempo de lectura":"1 minuto"},"schema":{"@context":"https:\/\/schema.org","@graph":[{"@type":"Article","@id":"https:\/\/alume.org\/xa-podedes-adquirir-o-voso-calendario-solidario-2014-2\/#article","isPartOf":{"@id":"https:\/\/alume.org\/xa-podedes-adquirir-o-voso-calendario-solidario-2014-2\/"},"author":{"name":"alume","@id":"https:\/\/alume.org\/es\/#\/schema\/person\/6e8d9dc61906f446062bcd178142786e"},"headline":"Xa podedes adquirir o voso Calendario Solidario 2014","datePublished":"2013-12-09T00:00:00+00:00","mainEntityOfPage":{"@id":"https:\/\/alume.org\/xa-podedes-adquirir-o-voso-calendario-solidario-2014-2\/"},"wordCount":234,"commentCount":0,"image":{"@id":"https:\/\/alume.org\/xa-podedes-adquirir-o-voso-calendario-solidario-2014-2\/#primaryimage"},"thumbnailUrl":"https:\/\/alume.org\/wp-content\/uploads\/2015\/10\/Cartel_Anunciador.jpg","inLanguage":"es","potentialAction":[{"@type":"CommentAction","name":"Comment","target":["https:\/\/alume.org\/xa-podedes-adquirir-o-voso-calendario-solidario-2014-2\/#respond"]}]},{"@type":"WebPage","@id":"https:\/\/alume.org\/xa-podedes-adquirir-o-voso-calendario-solidario-2014-2\/","url":"https:\/\/alume.org\/xa-podedes-adquirir-o-voso-calendario-solidario-2014-2\/","name":"Xa podedes adquirir o voso Calendario Solidario 2014 - Alume","isPartOf":{"@id":"https:\/\/alume.org\/es\/#website"},"primaryImageOfPage":{"@id":"https:\/\/alume.org\/xa-podedes-adquirir-o-voso-calendario-solidario-2014-2\/#primaryimage"},"image":{"@id":"https:\/\/alume.org\/xa-podedes-adquirir-o-voso-calendario-solidario-2014-2\/#primaryimage"},"thumbnailUrl":"https:\/\/alume.org\/wp-content\/uploads\/2015\/10\/Cartel_Anunciador.jpg","datePublished":"2013-12-09T00:00:00+00:00","author":{"@id":"https:\/\/alume.org\/es\/#\/schema\/person\/6e8d9dc61906f446062bcd178142786e"},"breadcrumb":{"@id":"https:\/\/alume.org\/xa-podedes-adquirir-o-voso-calendario-solidario-2014-2\/#breadcrumb"},"inLanguage":"es","potentialAction":[{"@type":"ReadAction","target":["https:\/\/alume.org\/xa-podedes-adquirir-o-voso-calendario-solidario-2014-2\/"]}]},{"@type":"ImageObject","inLanguage":"es","@id":"https:\/\/alume.org\/xa-podedes-adquirir-o-voso-calendario-solidario-2014-2\/#primaryimage","url":"https:\/\/alume.org\/wp-content\/uploads\/2015\/10\/Cartel_Anunciador.jpg","contentUrl":"https:\/\/alume.org\/wp-content\/uploads\/2015\/10\/Cartel_Anunciador.jpg","width":440,"height":617},{"@type":"BreadcrumbList","@id":"https:\/\/alume.org\/xa-podedes-adquirir-o-voso-calendario-solidario-2014-2\/#breadcrumb","itemListElement":[{"@type":"ListItem","position":1,"name":"Portada","item":"https:\/\/alume.org\/es\/"},{"@type":"ListItem","position":2,"name":"Xa podedes adquirir o voso Calendario Solidario 2014"}]},{"@type":"WebSite","@id":"https:\/\/alume.org\/es\/#website","url":"https:\/\/alume.org\/es\/","name":"Alume","description":"Sa\u00fade Mental","potentialAction":[{"@type":"SearchAction","target":{"@type":"EntryPoint","urlTemplate":"https:\/\/alume.org\/es\/?s={search_term_string}"},"query-input":{"@type":"PropertyValueSpecification","valueRequired":true,"valueName":"search_term_string"}}],"inLanguage":"es"},{"@type":"Person","@id":"https:\/\/alume.org\/es\/#\/schema\/person\/6e8d9dc61906f446062bcd178142786e","name":"alume"}]}},"_links":{"self":[{"href":"https:\/\/alume.org\/es\/wp-json\/wp\/v2\/posts\/4358","targetHints":{"allow":["GET"]}}],"collection":[{"href":"https:\/\/alume.org\/es\/wp-json\/wp\/v2\/posts"}],"about":[{"href":"https:\/\/alume.org\/es\/wp-json\/wp\/v2\/types\/post"}],"author":[{"embeddable":true,"href":"https:\/\/alume.org\/es\/wp-json\/wp\/v2\/users\/1"}],"replies":[{"embeddable":true,"href":"https:\/\/alume.org\/es\/wp-json\/wp\/v2\/comments?post=4358"}],"version-history":[{"count":0,"href":"https:\/\/alume.org\/es\/wp-json\/wp\/v2\/posts\/4358\/revisions"}],"wp:featuredmedia":[{"embeddable":true,"href":"https:\/\/alume.org\/es\/wp-json\/wp\/v2\/media\/4345"}],"wp:attachment":[{"href":"https:\/\/alume.org\/es\/wp-json\/wp\/v2\/media?parent=4358"}],"wp:term":[{"taxonomy":"category","embeddable":true,"href":"https:\/\/alume.org\/es\/wp-json\/wp\/v2\/categories?post=4358"},{"taxonomy":"post_tag","embeddable":true,"href":"https:\/\/alume.org\/es\/wp-json\/wp\/v2\/tags?post=4358"}],"curies":[{"name":"wp","href":"https:\/\/api.w.org\/{rel}","templated":true}]}}