{"id":4363,"date":"2014-02-07T00:00:00","date_gmt":"2014-02-07T00:00:00","guid":{"rendered":"http:\/\/alume.org\/celebra-o-san-valentin-con-alume-3\/"},"modified":"2014-02-07T00:00:00","modified_gmt":"2014-02-07T00:00:00","slug":"celebra-o-san-valentin-con-alume-3","status":"publish","type":"post","link":"https:\/\/alume.org\/es\/celebra-o-san-valentin-con-alume-3\/","title":{"rendered":"Celebra o San Valent\u00edn con Alume"},"content":{"rendered":"<p><strong>En Alume pensamos en tod@s v\u00f3s, @s que a\u00ednda non pensastes que ides facer en San Valent\u00edn, ou que ides agasallar. Para isto segundo, lembr\u00e1devos das asociaci\u00f3ns da vosa cidade, para facer un agasallo solidario. Aqu\u00ed ve\u00f1en algunhas ideas:<\/strong><\/p>\n<p>Falta pouco m\u00e1is de unha semana para San Valent\u00edn, o d\u00eda m\u00e1is rom\u00e1ntico do ano, segundo as grandes multinacionais e segundo calquera tenda da t\u00faa vila ou cidade. Xa hai coraz\u00f3ns vermellos en todos os escaparates para lembrarnos que \u00e9 o momento de demostrarlle o noso amor \u00e1 nosa persoa ou \u00e1s nosas persoas m\u00e1is queridas.   Sabemos que o ideal ser\u00eda agasallar algo feito a man, con delicadeza e dedicaci\u00f3n. Pero se non tedes moito tempo para facer os vosos propios detalles, en Alume pensamos en po\u00f1ervos as cousas f\u00e1ciles! Se nos vides visitar, poderedes escoller o agasallo que vos pareza m\u00e1is lindo, feito polas persoas usuarias da nosa asociaci\u00f3n. Poderedes escoller entre carteiras, fundas de m\u00f3biles, fundas para Tablet ou E-Books, chaveiros&#8230; de coiro; porta-candeas, incensarios, cuncas, baleira-petos, tres en raia, figuras, flores&#8230; de cer\u00e1mica; pendetes, pulseiras, broches, colgantes&#8230; de arame; cestos, cestas e cesti\u00f1os; ou bonecos e outros detalles en goma eva, etc&#8230;  Temos unha exposici\u00f3n completa de detalles para calquera ocasi\u00f3n no noso centro en Lugo ({R\u00faa Nicomedes Pastor D\u00edaz, 6-8, baixo, na parte m\u00e1is alta da r\u00faa, cara a Muralla}). Vide vernos, sen compromiso!  [E se vas un chisco m\u00e1is al\u00e1, pensa en n\u00f3s tam\u00e9n para a t\u00faa voda solidaria] A \u00faltima fin de semana de xaneiro estivemos en <a href=\"http:\/\/www.alume.org\/articulos.asp?id=172R\">ExpoBoda Lugo<\/a>. Queremos aproveitar para agradecerlle \u00e1 organizaci\u00f3n que nos te\u00f1a convidado ao evento, e \u00e1 xente que se achegou polo noso stand, e se interesou polos detalles que elaboramos nos nosos talleres para vodas, bautizos e comu\u00f1\u00f3ns.   Os detalles que facemos para este tipo de eventos tam\u00e9n est\u00e1n expostos na nosa sede en Lugo, onde tam\u00e9n poderedes co\u00f1ecer as persoas que os fan, nos talleres ocupacionais de Alume.<\/p>\n","protected":false},"excerpt":{"rendered":"<p>En Alume pensamos en tod@s v\u00f3s, @s que a\u00ednda non pensastes que ides facer en San Valent\u00edn, ou que ides agasallar. Para isto segundo, lembr\u00e1devos das asociaci\u00f3ns da vosa cidade, para facer un agasallo solidario. Aqu\u00ed ve\u00f1en algunhas ideas: Falta pouco m\u00e1is de unha semana para San Valent\u00edn, o d\u00eda m\u00e1is rom\u00e1ntico do ano, segundo [&hellip;]<\/p>\n","protected":false},"author":1,"featured_media":3793,"comment_status":"open","ping_status":"closed","sticky":false,"template":"","format":"standard","meta":{"ngg_post_thumbnail":0,"footnotes":""},"categories":[1],"tags":[],"class_list":{"0":"post-4363","1":"post","2":"type-post","3":"status-publish","4":"format-standard","5":"has-post-thumbnail","7":"category-uncategorized-gl"},"yoast_head":"<!-- This site is optimized with the Yoast SEO plugin v27.5 - https:\/\/yoast.com\/product\/yoast-seo-wordpress\/ -->\n<title>Celebra o San Valent\u00edn con Alume - Alume<\/title>\n<meta name=\"robots\" content=\"index, follow, max-snippet:-1, max-image-preview:large, max-video-preview:-1\" \/>\n<link rel=\"canonical\" href=\"https:\/\/alume.org\/celebra-o-san-valentin-con-alume-3\/\" \/>\n<meta property=\"og:locale\" content=\"es_ES\" \/>\n<meta property=\"og:type\" content=\"article\" \/>\n<meta property=\"og:title\" content=\"Celebra o San Valent\u00edn con Alume - Alume\" \/>\n<meta property=\"og:description\" content=\"En Alume pensamos en tod@s v\u00f3s, @s que a\u00ednda non pensastes que ides facer en San Valent\u00edn, ou que ides agasallar. Para isto segundo, lembr\u00e1devos das asociaci\u00f3ns da vosa cidade, para facer un agasallo solidario. Aqu\u00ed ve\u00f1en algunhas ideas: Falta pouco m\u00e1is de unha semana para San Valent\u00edn, o d\u00eda m\u00e1is rom\u00e1ntico do ano, segundo [&hellip;]\" \/>\n<meta property=\"og:url\" content=\"https:\/\/alume.org\/celebra-o-san-valentin-con-alume-3\/\" \/>\n<meta property=\"og:site_name\" content=\"Alume\" \/>\n<meta property=\"article:published_time\" content=\"2014-02-07T00:00:00+00:00\" \/>\n<meta property=\"og:image\" content=\"https:\/\/alume.org\/wp-content\/uploads\/2015\/10\/NOTICIASANVALENTIN.png\" \/>\n\t<meta property=\"og:image:width\" content=\"438\" \/>\n\t<meta property=\"og:image:height\" content=\"657\" \/>\n\t<meta property=\"og:image:type\" content=\"image\/png\" \/>\n<meta name=\"author\" content=\"alume\" \/>\n<meta name=\"twitter:card\" content=\"summary_large_image\" \/>\n<meta name=\"twitter:label1\" content=\"Escrito por\" \/>\n\t<meta name=\"twitter:data1\" content=\"alume\" \/>\n\t<meta name=\"twitter:label2\" content=\"Tiempo de lectura\" \/>\n\t<meta name=\"twitter:data2\" content=\"2 minutos\" \/>\n<script type=\"application\/ld+json\" class=\"yoast-schema-graph\">{\"@context\":\"https:\\\/\\\/schema.org\",\"@graph\":[{\"@type\":\"Article\",\"@id\":\"https:\\\/\\\/alume.org\\\/celebra-o-san-valentin-con-alume-3\\\/#article\",\"isPartOf\":{\"@id\":\"https:\\\/\\\/alume.org\\\/celebra-o-san-valentin-con-alume-3\\\/\"},\"author\":{\"name\":\"alume\",\"@id\":\"https:\\\/\\\/alume.org\\\/es\\\/#\\\/schema\\\/person\\\/6e8d9dc61906f446062bcd178142786e\"},\"headline\":\"Celebra o San Valent\u00edn con Alume\",\"datePublished\":\"2014-02-07T00:00:00+00:00\",\"mainEntityOfPage\":{\"@id\":\"https:\\\/\\\/alume.org\\\/celebra-o-san-valentin-con-alume-3\\\/\"},\"wordCount\":365,\"commentCount\":0,\"image\":{\"@id\":\"https:\\\/\\\/alume.org\\\/celebra-o-san-valentin-con-alume-3\\\/#primaryimage\"},\"thumbnailUrl\":\"https:\\\/\\\/alume.org\\\/wp-content\\\/uploads\\\/2015\\\/10\\\/NOTICIASANVALENTIN.png\",\"articleSection\":[\"Uncategorized @gl\"],\"inLanguage\":\"es\",\"potentialAction\":[{\"@type\":\"CommentAction\",\"name\":\"Comment\",\"target\":[\"https:\\\/\\\/alume.org\\\/celebra-o-san-valentin-con-alume-3\\\/#respond\"]}]},{\"@type\":\"WebPage\",\"@id\":\"https:\\\/\\\/alume.org\\\/celebra-o-san-valentin-con-alume-3\\\/\",\"url\":\"https:\\\/\\\/alume.org\\\/celebra-o-san-valentin-con-alume-3\\\/\",\"name\":\"Celebra o San Valent\u00edn con Alume - Alume\",\"isPartOf\":{\"@id\":\"https:\\\/\\\/alume.org\\\/es\\\/#website\"},\"primaryImageOfPage\":{\"@id\":\"https:\\\/\\\/alume.org\\\/celebra-o-san-valentin-con-alume-3\\\/#primaryimage\"},\"image\":{\"@id\":\"https:\\\/\\\/alume.org\\\/celebra-o-san-valentin-con-alume-3\\\/#primaryimage\"},\"thumbnailUrl\":\"https:\\\/\\\/alume.org\\\/wp-content\\\/uploads\\\/2015\\\/10\\\/NOTICIASANVALENTIN.png\",\"datePublished\":\"2014-02-07T00:00:00+00:00\",\"author\":{\"@id\":\"https:\\\/\\\/alume.org\\\/es\\\/#\\\/schema\\\/person\\\/6e8d9dc61906f446062bcd178142786e\"},\"breadcrumb\":{\"@id\":\"https:\\\/\\\/alume.org\\\/celebra-o-san-valentin-con-alume-3\\\/#breadcrumb\"},\"inLanguage\":\"es\",\"potentialAction\":[{\"@type\":\"ReadAction\",\"target\":[\"https:\\\/\\\/alume.org\\\/celebra-o-san-valentin-con-alume-3\\\/\"]}]},{\"@type\":\"ImageObject\",\"inLanguage\":\"es\",\"@id\":\"https:\\\/\\\/alume.org\\\/celebra-o-san-valentin-con-alume-3\\\/#primaryimage\",\"url\":\"https:\\\/\\\/alume.org\\\/wp-content\\\/uploads\\\/2015\\\/10\\\/NOTICIASANVALENTIN.png\",\"contentUrl\":\"https:\\\/\\\/alume.org\\\/wp-content\\\/uploads\\\/2015\\\/10\\\/NOTICIASANVALENTIN.png\",\"width\":438,\"height\":657},{\"@type\":\"BreadcrumbList\",\"@id\":\"https:\\\/\\\/alume.org\\\/celebra-o-san-valentin-con-alume-3\\\/#breadcrumb\",\"itemListElement\":[{\"@type\":\"ListItem\",\"position\":1,\"name\":\"Portada\",\"item\":\"https:\\\/\\\/alume.org\\\/es\\\/\"},{\"@type\":\"ListItem\",\"position\":2,\"name\":\"Celebra o San Valent\u00edn con Alume\"}]},{\"@type\":\"WebSite\",\"@id\":\"https:\\\/\\\/alume.org\\\/es\\\/#website\",\"url\":\"https:\\\/\\\/alume.org\\\/es\\\/\",\"name\":\"Alume\",\"description\":\"Sa\u00fade Mental\",\"potentialAction\":[{\"@type\":\"SearchAction\",\"target\":{\"@type\":\"EntryPoint\",\"urlTemplate\":\"https:\\\/\\\/alume.org\\\/es\\\/?s={search_term_string}\"},\"query-input\":{\"@type\":\"PropertyValueSpecification\",\"valueRequired\":true,\"valueName\":\"search_term_string\"}}],\"inLanguage\":\"es\"},{\"@type\":\"Person\",\"@id\":\"https:\\\/\\\/alume.org\\\/es\\\/#\\\/schema\\\/person\\\/6e8d9dc61906f446062bcd178142786e\",\"name\":\"alume\"}]}<\/script>\n<!-- \/ Yoast SEO plugin. -->","yoast_head_json":{"title":"Celebra o San Valent\u00edn con Alume - Alume","robots":{"index":"index","follow":"follow","max-snippet":"max-snippet:-1","max-image-preview":"max-image-preview:large","max-video-preview":"max-video-preview:-1"},"canonical":"https:\/\/alume.org\/celebra-o-san-valentin-con-alume-3\/","og_locale":"es_ES","og_type":"article","og_title":"Celebra o San Valent\u00edn con Alume - Alume","og_description":"En Alume pensamos en tod@s v\u00f3s, @s que a\u00ednda non pensastes que ides facer en San Valent\u00edn, ou que ides agasallar. Para isto segundo, lembr\u00e1devos das asociaci\u00f3ns da vosa cidade, para facer un agasallo solidario. Aqu\u00ed ve\u00f1en algunhas ideas: Falta pouco m\u00e1is de unha semana para San Valent\u00edn, o d\u00eda m\u00e1is rom\u00e1ntico do ano, segundo [&hellip;]","og_url":"https:\/\/alume.org\/celebra-o-san-valentin-con-alume-3\/","og_site_name":"Alume","article_published_time":"2014-02-07T00:00:00+00:00","og_image":[{"width":438,"height":657,"url":"https:\/\/alume.org\/wp-content\/uploads\/2015\/10\/NOTICIASANVALENTIN.png","type":"image\/png"}],"author":"alume","twitter_card":"summary_large_image","twitter_misc":{"Escrito por":"alume","Tiempo de lectura":"2 minutos"},"schema":{"@context":"https:\/\/schema.org","@graph":[{"@type":"Article","@id":"https:\/\/alume.org\/celebra-o-san-valentin-con-alume-3\/#article","isPartOf":{"@id":"https:\/\/alume.org\/celebra-o-san-valentin-con-alume-3\/"},"author":{"name":"alume","@id":"https:\/\/alume.org\/es\/#\/schema\/person\/6e8d9dc61906f446062bcd178142786e"},"headline":"Celebra o San Valent\u00edn con Alume","datePublished":"2014-02-07T00:00:00+00:00","mainEntityOfPage":{"@id":"https:\/\/alume.org\/celebra-o-san-valentin-con-alume-3\/"},"wordCount":365,"commentCount":0,"image":{"@id":"https:\/\/alume.org\/celebra-o-san-valentin-con-alume-3\/#primaryimage"},"thumbnailUrl":"https:\/\/alume.org\/wp-content\/uploads\/2015\/10\/NOTICIASANVALENTIN.png","articleSection":["Uncategorized @gl"],"inLanguage":"es","potentialAction":[{"@type":"CommentAction","name":"Comment","target":["https:\/\/alume.org\/celebra-o-san-valentin-con-alume-3\/#respond"]}]},{"@type":"WebPage","@id":"https:\/\/alume.org\/celebra-o-san-valentin-con-alume-3\/","url":"https:\/\/alume.org\/celebra-o-san-valentin-con-alume-3\/","name":"Celebra o San Valent\u00edn con Alume - Alume","isPartOf":{"@id":"https:\/\/alume.org\/es\/#website"},"primaryImageOfPage":{"@id":"https:\/\/alume.org\/celebra-o-san-valentin-con-alume-3\/#primaryimage"},"image":{"@id":"https:\/\/alume.org\/celebra-o-san-valentin-con-alume-3\/#primaryimage"},"thumbnailUrl":"https:\/\/alume.org\/wp-content\/uploads\/2015\/10\/NOTICIASANVALENTIN.png","datePublished":"2014-02-07T00:00:00+00:00","author":{"@id":"https:\/\/alume.org\/es\/#\/schema\/person\/6e8d9dc61906f446062bcd178142786e"},"breadcrumb":{"@id":"https:\/\/alume.org\/celebra-o-san-valentin-con-alume-3\/#breadcrumb"},"inLanguage":"es","potentialAction":[{"@type":"ReadAction","target":["https:\/\/alume.org\/celebra-o-san-valentin-con-alume-3\/"]}]},{"@type":"ImageObject","inLanguage":"es","@id":"https:\/\/alume.org\/celebra-o-san-valentin-con-alume-3\/#primaryimage","url":"https:\/\/alume.org\/wp-content\/uploads\/2015\/10\/NOTICIASANVALENTIN.png","contentUrl":"https:\/\/alume.org\/wp-content\/uploads\/2015\/10\/NOTICIASANVALENTIN.png","width":438,"height":657},{"@type":"BreadcrumbList","@id":"https:\/\/alume.org\/celebra-o-san-valentin-con-alume-3\/#breadcrumb","itemListElement":[{"@type":"ListItem","position":1,"name":"Portada","item":"https:\/\/alume.org\/es\/"},{"@type":"ListItem","position":2,"name":"Celebra o San Valent\u00edn con Alume"}]},{"@type":"WebSite","@id":"https:\/\/alume.org\/es\/#website","url":"https:\/\/alume.org\/es\/","name":"Alume","description":"Sa\u00fade Mental","potentialAction":[{"@type":"SearchAction","target":{"@type":"EntryPoint","urlTemplate":"https:\/\/alume.org\/es\/?s={search_term_string}"},"query-input":{"@type":"PropertyValueSpecification","valueRequired":true,"valueName":"search_term_string"}}],"inLanguage":"es"},{"@type":"Person","@id":"https:\/\/alume.org\/es\/#\/schema\/person\/6e8d9dc61906f446062bcd178142786e","name":"alume"}]}},"_links":{"self":[{"href":"https:\/\/alume.org\/es\/wp-json\/wp\/v2\/posts\/4363","targetHints":{"allow":["GET"]}}],"collection":[{"href":"https:\/\/alume.org\/es\/wp-json\/wp\/v2\/posts"}],"about":[{"href":"https:\/\/alume.org\/es\/wp-json\/wp\/v2\/types\/post"}],"author":[{"embeddable":true,"href":"https:\/\/alume.org\/es\/wp-json\/wp\/v2\/users\/1"}],"replies":[{"embeddable":true,"href":"https:\/\/alume.org\/es\/wp-json\/wp\/v2\/comments?post=4363"}],"version-history":[{"count":0,"href":"https:\/\/alume.org\/es\/wp-json\/wp\/v2\/posts\/4363\/revisions"}],"wp:featuredmedia":[{"embeddable":true,"href":"https:\/\/alume.org\/es\/wp-json\/wp\/v2\/media\/3793"}],"wp:attachment":[{"href":"https:\/\/alume.org\/es\/wp-json\/wp\/v2\/media?parent=4363"}],"wp:term":[{"taxonomy":"category","embeddable":true,"href":"https:\/\/alume.org\/es\/wp-json\/wp\/v2\/categories?post=4363"},{"taxonomy":"post_tag","embeddable":true,"href":"https:\/\/alume.org\/es\/wp-json\/wp\/v2\/tags?post=4363"}],"curies":[{"name":"wp","href":"https:\/\/api.w.org\/{rel}","templated":true}]}}