{"id":4378,"date":"2011-12-13T00:00:00","date_gmt":"2011-12-13T00:00:00","guid":{"rendered":"http:\/\/alume.org\/mana-mercores-comeza-o-mercadillo-de-diversiarte-4\/"},"modified":"2011-12-13T00:00:00","modified_gmt":"2011-12-13T00:00:00","slug":"mana-mercores-comeza-o-mercadillo-de-diversiarte-4","status":"publish","type":"post","link":"https:\/\/alume.org\/es\/mana-mercores-comeza-o-mercadillo-de-diversiarte-4\/","title":{"rendered":"Ma\u00f1\u00e1 m\u00e9rcores comeza o mercadillo de Diversiarte"},"content":{"rendered":"<p><strong><\/strong><\/p>\n<p>Este ano, como en todas as edici\u00f3ns, estaremos presentes no mercadillo de Diversiarte que arranca coa s\u00faa inauguraci\u00f3n ma\u00f1\u00e1 as 11. Este mercado, realizado para conmemorar o D\u00eda Internacional das persoas con Discapacidade e nel est\u00e1n presentes as diferentes asociaci\u00f3n da cidade que traballan con este colectivo. Este ano o mercadillo seguir\u00e1 no seu habitual emprazamento ao fondo da Praza Maior. Os d\u00edas marcados para a s\u00faa realizaci\u00f3n os d\u00edas 14, 15 e 16 de decembro de 11 a 13:30 e de 17 a 19:30.<\/p>\n","protected":false},"excerpt":{"rendered":"<p>Este ano, como en todas as edici\u00f3ns, estaremos presentes no mercadillo de Diversiarte que arranca coa s\u00faa inauguraci\u00f3n ma\u00f1\u00e1 as 11. Este mercado, realizado para conmemorar o D\u00eda Internacional das persoas con Discapacidade e nel est\u00e1n presentes as diferentes asociaci\u00f3n da cidade que traballan con este colectivo. Este ano o mercadillo seguir\u00e1 no seu habitual [&hellip;]<\/p>\n","protected":false},"author":1,"featured_media":3820,"comment_status":"open","ping_status":"closed","sticky":false,"template":"","format":"standard","meta":{"ngg_post_thumbnail":0,"footnotes":""},"categories":[1],"tags":[],"class_list":{"0":"post-4378","1":"post","2":"type-post","3":"status-publish","4":"format-standard","5":"has-post-thumbnail","7":"category-uncategorized-gl"},"yoast_head":"<!-- This site is optimized with the Yoast SEO plugin v27.5 - https:\/\/yoast.com\/product\/yoast-seo-wordpress\/ -->\n<title>Ma\u00f1\u00e1 m\u00e9rcores comeza o mercadillo de Diversiarte - Alume<\/title>\n<meta name=\"robots\" content=\"index, follow, max-snippet:-1, max-image-preview:large, max-video-preview:-1\" \/>\n<link rel=\"canonical\" href=\"https:\/\/alume.org\/mana-mercores-comeza-o-mercadillo-de-diversiarte-4\/\" \/>\n<meta property=\"og:locale\" content=\"es_ES\" \/>\n<meta property=\"og:type\" content=\"article\" \/>\n<meta property=\"og:title\" content=\"Ma\u00f1\u00e1 m\u00e9rcores comeza o mercadillo de Diversiarte - Alume\" \/>\n<meta property=\"og:description\" content=\"Este ano, como en todas as edici\u00f3ns, estaremos presentes no mercadillo de Diversiarte que arranca coa s\u00faa inauguraci\u00f3n ma\u00f1\u00e1 as 11. Este mercado, realizado para conmemorar o D\u00eda Internacional das persoas con Discapacidade e nel est\u00e1n presentes as diferentes asociaci\u00f3n da cidade que traballan con este colectivo. Este ano o mercadillo seguir\u00e1 no seu habitual [&hellip;]\" \/>\n<meta property=\"og:url\" content=\"https:\/\/alume.org\/mana-mercores-comeza-o-mercadillo-de-diversiarte-4\/\" \/>\n<meta property=\"og:site_name\" content=\"Alume\" \/>\n<meta property=\"article:published_time\" content=\"2011-12-13T00:00:00+00:00\" \/>\n<meta property=\"og:image\" content=\"https:\/\/alume.org\/wp-content\/uploads\/2015\/10\/d57ec2961398ef3bb5f35000c9a1f148.jpg\" \/>\n\t<meta property=\"og:image:width\" content=\"165\" \/>\n\t<meta property=\"og:image:height\" content=\"238\" \/>\n\t<meta property=\"og:image:type\" content=\"image\/jpeg\" \/>\n<meta name=\"author\" content=\"alume\" \/>\n<meta name=\"twitter:card\" content=\"summary_large_image\" \/>\n<meta name=\"twitter:label1\" content=\"Escrito por\" \/>\n\t<meta name=\"twitter:data1\" content=\"alume\" \/>\n<script type=\"application\/ld+json\" class=\"yoast-schema-graph\">{\"@context\":\"https:\\\/\\\/schema.org\",\"@graph\":[{\"@type\":\"Article\",\"@id\":\"https:\\\/\\\/alume.org\\\/mana-mercores-comeza-o-mercadillo-de-diversiarte-4\\\/#article\",\"isPartOf\":{\"@id\":\"https:\\\/\\\/alume.org\\\/mana-mercores-comeza-o-mercadillo-de-diversiarte-4\\\/\"},\"author\":{\"name\":\"alume\",\"@id\":\"https:\\\/\\\/alume.org\\\/es\\\/#\\\/schema\\\/person\\\/6e8d9dc61906f446062bcd178142786e\"},\"headline\":\"Ma\u00f1\u00e1 m\u00e9rcores comeza o mercadillo de Diversiarte\",\"datePublished\":\"2011-12-13T00:00:00+00:00\",\"mainEntityOfPage\":{\"@id\":\"https:\\\/\\\/alume.org\\\/mana-mercores-comeza-o-mercadillo-de-diversiarte-4\\\/\"},\"wordCount\":95,\"commentCount\":0,\"image\":{\"@id\":\"https:\\\/\\\/alume.org\\\/mana-mercores-comeza-o-mercadillo-de-diversiarte-4\\\/#primaryimage\"},\"thumbnailUrl\":\"https:\\\/\\\/alume.org\\\/wp-content\\\/uploads\\\/2015\\\/10\\\/d57ec2961398ef3bb5f35000c9a1f148.jpg\",\"articleSection\":[\"Uncategorized @gl\"],\"inLanguage\":\"es\",\"potentialAction\":[{\"@type\":\"CommentAction\",\"name\":\"Comment\",\"target\":[\"https:\\\/\\\/alume.org\\\/mana-mercores-comeza-o-mercadillo-de-diversiarte-4\\\/#respond\"]}]},{\"@type\":\"WebPage\",\"@id\":\"https:\\\/\\\/alume.org\\\/mana-mercores-comeza-o-mercadillo-de-diversiarte-4\\\/\",\"url\":\"https:\\\/\\\/alume.org\\\/mana-mercores-comeza-o-mercadillo-de-diversiarte-4\\\/\",\"name\":\"Ma\u00f1\u00e1 m\u00e9rcores comeza o mercadillo de Diversiarte - Alume\",\"isPartOf\":{\"@id\":\"https:\\\/\\\/alume.org\\\/es\\\/#website\"},\"primaryImageOfPage\":{\"@id\":\"https:\\\/\\\/alume.org\\\/mana-mercores-comeza-o-mercadillo-de-diversiarte-4\\\/#primaryimage\"},\"image\":{\"@id\":\"https:\\\/\\\/alume.org\\\/mana-mercores-comeza-o-mercadillo-de-diversiarte-4\\\/#primaryimage\"},\"thumbnailUrl\":\"https:\\\/\\\/alume.org\\\/wp-content\\\/uploads\\\/2015\\\/10\\\/d57ec2961398ef3bb5f35000c9a1f148.jpg\",\"datePublished\":\"2011-12-13T00:00:00+00:00\",\"author\":{\"@id\":\"https:\\\/\\\/alume.org\\\/es\\\/#\\\/schema\\\/person\\\/6e8d9dc61906f446062bcd178142786e\"},\"breadcrumb\":{\"@id\":\"https:\\\/\\\/alume.org\\\/mana-mercores-comeza-o-mercadillo-de-diversiarte-4\\\/#breadcrumb\"},\"inLanguage\":\"es\",\"potentialAction\":[{\"@type\":\"ReadAction\",\"target\":[\"https:\\\/\\\/alume.org\\\/mana-mercores-comeza-o-mercadillo-de-diversiarte-4\\\/\"]}]},{\"@type\":\"ImageObject\",\"inLanguage\":\"es\",\"@id\":\"https:\\\/\\\/alume.org\\\/mana-mercores-comeza-o-mercadillo-de-diversiarte-4\\\/#primaryimage\",\"url\":\"https:\\\/\\\/alume.org\\\/wp-content\\\/uploads\\\/2015\\\/10\\\/d57ec2961398ef3bb5f35000c9a1f148.jpg\",\"contentUrl\":\"https:\\\/\\\/alume.org\\\/wp-content\\\/uploads\\\/2015\\\/10\\\/d57ec2961398ef3bb5f35000c9a1f148.jpg\",\"width\":165,\"height\":238},{\"@type\":\"BreadcrumbList\",\"@id\":\"https:\\\/\\\/alume.org\\\/mana-mercores-comeza-o-mercadillo-de-diversiarte-4\\\/#breadcrumb\",\"itemListElement\":[{\"@type\":\"ListItem\",\"position\":1,\"name\":\"Portada\",\"item\":\"https:\\\/\\\/alume.org\\\/es\\\/\"},{\"@type\":\"ListItem\",\"position\":2,\"name\":\"Ma\u00f1\u00e1 m\u00e9rcores comeza o mercadillo de Diversiarte\"}]},{\"@type\":\"WebSite\",\"@id\":\"https:\\\/\\\/alume.org\\\/es\\\/#website\",\"url\":\"https:\\\/\\\/alume.org\\\/es\\\/\",\"name\":\"Alume\",\"description\":\"Sa\u00fade Mental\",\"potentialAction\":[{\"@type\":\"SearchAction\",\"target\":{\"@type\":\"EntryPoint\",\"urlTemplate\":\"https:\\\/\\\/alume.org\\\/es\\\/?s={search_term_string}\"},\"query-input\":{\"@type\":\"PropertyValueSpecification\",\"valueRequired\":true,\"valueName\":\"search_term_string\"}}],\"inLanguage\":\"es\"},{\"@type\":\"Person\",\"@id\":\"https:\\\/\\\/alume.org\\\/es\\\/#\\\/schema\\\/person\\\/6e8d9dc61906f446062bcd178142786e\",\"name\":\"alume\"}]}<\/script>\n<!-- \/ Yoast SEO plugin. -->","yoast_head_json":{"title":"Ma\u00f1\u00e1 m\u00e9rcores comeza o mercadillo de Diversiarte - Alume","robots":{"index":"index","follow":"follow","max-snippet":"max-snippet:-1","max-image-preview":"max-image-preview:large","max-video-preview":"max-video-preview:-1"},"canonical":"https:\/\/alume.org\/mana-mercores-comeza-o-mercadillo-de-diversiarte-4\/","og_locale":"es_ES","og_type":"article","og_title":"Ma\u00f1\u00e1 m\u00e9rcores comeza o mercadillo de Diversiarte - Alume","og_description":"Este ano, como en todas as edici\u00f3ns, estaremos presentes no mercadillo de Diversiarte que arranca coa s\u00faa inauguraci\u00f3n ma\u00f1\u00e1 as 11. Este mercado, realizado para conmemorar o D\u00eda Internacional das persoas con Discapacidade e nel est\u00e1n presentes as diferentes asociaci\u00f3n da cidade que traballan con este colectivo. Este ano o mercadillo seguir\u00e1 no seu habitual [&hellip;]","og_url":"https:\/\/alume.org\/mana-mercores-comeza-o-mercadillo-de-diversiarte-4\/","og_site_name":"Alume","article_published_time":"2011-12-13T00:00:00+00:00","og_image":[{"width":165,"height":238,"url":"https:\/\/alume.org\/wp-content\/uploads\/2015\/10\/d57ec2961398ef3bb5f35000c9a1f148.jpg","type":"image\/jpeg"}],"author":"alume","twitter_card":"summary_large_image","twitter_misc":{"Escrito por":"alume"},"schema":{"@context":"https:\/\/schema.org","@graph":[{"@type":"Article","@id":"https:\/\/alume.org\/mana-mercores-comeza-o-mercadillo-de-diversiarte-4\/#article","isPartOf":{"@id":"https:\/\/alume.org\/mana-mercores-comeza-o-mercadillo-de-diversiarte-4\/"},"author":{"name":"alume","@id":"https:\/\/alume.org\/es\/#\/schema\/person\/6e8d9dc61906f446062bcd178142786e"},"headline":"Ma\u00f1\u00e1 m\u00e9rcores comeza o mercadillo de Diversiarte","datePublished":"2011-12-13T00:00:00+00:00","mainEntityOfPage":{"@id":"https:\/\/alume.org\/mana-mercores-comeza-o-mercadillo-de-diversiarte-4\/"},"wordCount":95,"commentCount":0,"image":{"@id":"https:\/\/alume.org\/mana-mercores-comeza-o-mercadillo-de-diversiarte-4\/#primaryimage"},"thumbnailUrl":"https:\/\/alume.org\/wp-content\/uploads\/2015\/10\/d57ec2961398ef3bb5f35000c9a1f148.jpg","articleSection":["Uncategorized @gl"],"inLanguage":"es","potentialAction":[{"@type":"CommentAction","name":"Comment","target":["https:\/\/alume.org\/mana-mercores-comeza-o-mercadillo-de-diversiarte-4\/#respond"]}]},{"@type":"WebPage","@id":"https:\/\/alume.org\/mana-mercores-comeza-o-mercadillo-de-diversiarte-4\/","url":"https:\/\/alume.org\/mana-mercores-comeza-o-mercadillo-de-diversiarte-4\/","name":"Ma\u00f1\u00e1 m\u00e9rcores comeza o mercadillo de Diversiarte - Alume","isPartOf":{"@id":"https:\/\/alume.org\/es\/#website"},"primaryImageOfPage":{"@id":"https:\/\/alume.org\/mana-mercores-comeza-o-mercadillo-de-diversiarte-4\/#primaryimage"},"image":{"@id":"https:\/\/alume.org\/mana-mercores-comeza-o-mercadillo-de-diversiarte-4\/#primaryimage"},"thumbnailUrl":"https:\/\/alume.org\/wp-content\/uploads\/2015\/10\/d57ec2961398ef3bb5f35000c9a1f148.jpg","datePublished":"2011-12-13T00:00:00+00:00","author":{"@id":"https:\/\/alume.org\/es\/#\/schema\/person\/6e8d9dc61906f446062bcd178142786e"},"breadcrumb":{"@id":"https:\/\/alume.org\/mana-mercores-comeza-o-mercadillo-de-diversiarte-4\/#breadcrumb"},"inLanguage":"es","potentialAction":[{"@type":"ReadAction","target":["https:\/\/alume.org\/mana-mercores-comeza-o-mercadillo-de-diversiarte-4\/"]}]},{"@type":"ImageObject","inLanguage":"es","@id":"https:\/\/alume.org\/mana-mercores-comeza-o-mercadillo-de-diversiarte-4\/#primaryimage","url":"https:\/\/alume.org\/wp-content\/uploads\/2015\/10\/d57ec2961398ef3bb5f35000c9a1f148.jpg","contentUrl":"https:\/\/alume.org\/wp-content\/uploads\/2015\/10\/d57ec2961398ef3bb5f35000c9a1f148.jpg","width":165,"height":238},{"@type":"BreadcrumbList","@id":"https:\/\/alume.org\/mana-mercores-comeza-o-mercadillo-de-diversiarte-4\/#breadcrumb","itemListElement":[{"@type":"ListItem","position":1,"name":"Portada","item":"https:\/\/alume.org\/es\/"},{"@type":"ListItem","position":2,"name":"Ma\u00f1\u00e1 m\u00e9rcores comeza o mercadillo de Diversiarte"}]},{"@type":"WebSite","@id":"https:\/\/alume.org\/es\/#website","url":"https:\/\/alume.org\/es\/","name":"Alume","description":"Sa\u00fade Mental","potentialAction":[{"@type":"SearchAction","target":{"@type":"EntryPoint","urlTemplate":"https:\/\/alume.org\/es\/?s={search_term_string}"},"query-input":{"@type":"PropertyValueSpecification","valueRequired":true,"valueName":"search_term_string"}}],"inLanguage":"es"},{"@type":"Person","@id":"https:\/\/alume.org\/es\/#\/schema\/person\/6e8d9dc61906f446062bcd178142786e","name":"alume"}]}},"_links":{"self":[{"href":"https:\/\/alume.org\/es\/wp-json\/wp\/v2\/posts\/4378","targetHints":{"allow":["GET"]}}],"collection":[{"href":"https:\/\/alume.org\/es\/wp-json\/wp\/v2\/posts"}],"about":[{"href":"https:\/\/alume.org\/es\/wp-json\/wp\/v2\/types\/post"}],"author":[{"embeddable":true,"href":"https:\/\/alume.org\/es\/wp-json\/wp\/v2\/users\/1"}],"replies":[{"embeddable":true,"href":"https:\/\/alume.org\/es\/wp-json\/wp\/v2\/comments?post=4378"}],"version-history":[{"count":0,"href":"https:\/\/alume.org\/es\/wp-json\/wp\/v2\/posts\/4378\/revisions"}],"wp:featuredmedia":[{"embeddable":true,"href":"https:\/\/alume.org\/es\/wp-json\/wp\/v2\/media\/3820"}],"wp:attachment":[{"href":"https:\/\/alume.org\/es\/wp-json\/wp\/v2\/media?parent=4378"}],"wp:term":[{"taxonomy":"category","embeddable":true,"href":"https:\/\/alume.org\/es\/wp-json\/wp\/v2\/categories?post=4378"},{"taxonomy":"post_tag","embeddable":true,"href":"https:\/\/alume.org\/es\/wp-json\/wp\/v2\/tags?post=4378"}],"curies":[{"name":"wp","href":"https:\/\/api.w.org\/{rel}","templated":true}]}}