{"id":4380,"date":"2013-04-18T00:00:00","date_gmt":"2013-04-18T00:00:00","guid":{"rendered":"http:\/\/alume.org\/xa-podedes-descargar-a-nosa-memoria-de-actividades-do-ano-pasado-4\/"},"modified":"2013-04-18T00:00:00","modified_gmt":"2013-04-18T00:00:00","slug":"xa-podedes-descargar-a-nosa-memoria-de-actividades-do-ano-pasado-4","status":"publish","type":"post","link":"https:\/\/alume.org\/es\/xa-podedes-descargar-a-nosa-memoria-de-actividades-do-ano-pasado-4\/","title":{"rendered":"Xa podedes descargar a nosa Memoria de Actividades do ano pasado"},"content":{"rendered":"<p><strong>Xa podedes descargar a Memoria de Actividades 2012, na que contamos, polo mi\u00fado, as actividades e proxectos que realizamos o ano pasado en Alume.<\/strong><\/p>\n<p>Achegamos a ligaz\u00f3n \u00e1 [<a href=http:\/\/www.alume.org\/Memoria2012.pdf>Memoria de Actividades 2012<\/a>], un documento no que contamos, polo mi\u00fado, as actividades e proxectos que realizamos o ano pasado en Alume. Tam\u00e9n falamos dos nosos obxectivos, das persoas usuarias e do que de n\u00f3s contaron nos medios de comunicaci\u00f3n.  Tam\u00e9n podedes descargar este documento no men\u00fa Inicio da nosa web, na parte esquerda da mesma.<\/p>\n","protected":false},"excerpt":{"rendered":"<p>Xa podedes descargar a Memoria de Actividades 2012, na que contamos, polo mi\u00fado, as actividades e proxectos que realizamos o ano pasado en Alume. Achegamos a ligaz\u00f3n \u00e1 [Memoria de Actividades 2012], un documento no que contamos, polo mi\u00fado, as actividades e proxectos que realizamos o ano pasado en Alume. Tam\u00e9n falamos dos nosos obxectivos, [&hellip;]<\/p>\n","protected":false},"author":1,"featured_media":3824,"comment_status":"open","ping_status":"closed","sticky":false,"template":"","format":"standard","meta":{"ngg_post_thumbnail":0,"footnotes":""},"categories":[1],"tags":[],"class_list":{"0":"post-4380","1":"post","2":"type-post","3":"status-publish","4":"format-standard","5":"has-post-thumbnail","7":"category-uncategorized-gl"},"yoast_head":"<!-- This site is optimized with the Yoast SEO plugin v27.5 - https:\/\/yoast.com\/product\/yoast-seo-wordpress\/ -->\n<title>Xa podedes descargar a nosa Memoria de Actividades do ano pasado - Alume<\/title>\n<meta name=\"robots\" content=\"index, follow, max-snippet:-1, max-image-preview:large, max-video-preview:-1\" \/>\n<link rel=\"canonical\" href=\"https:\/\/alume.org\/xa-podedes-descargar-a-nosa-memoria-de-actividades-do-ano-pasado-4\/\" \/>\n<meta property=\"og:locale\" content=\"es_ES\" \/>\n<meta property=\"og:type\" content=\"article\" \/>\n<meta property=\"og:title\" content=\"Xa podedes descargar a nosa Memoria de Actividades do ano pasado - Alume\" \/>\n<meta property=\"og:description\" content=\"Xa podedes descargar a Memoria de Actividades 2012, na que contamos, polo mi\u00fado, as actividades e proxectos que realizamos o ano pasado en Alume. Achegamos a ligaz\u00f3n \u00e1 [Memoria de Actividades 2012], un documento no que contamos, polo mi\u00fado, as actividades e proxectos que realizamos o ano pasado en Alume. Tam\u00e9n falamos dos nosos obxectivos, [&hellip;]\" \/>\n<meta property=\"og:url\" content=\"https:\/\/alume.org\/xa-podedes-descargar-a-nosa-memoria-de-actividades-do-ano-pasado-4\/\" \/>\n<meta property=\"og:site_name\" content=\"Alume\" \/>\n<meta property=\"article:published_time\" content=\"2013-04-18T00:00:00+00:00\" \/>\n<meta property=\"og:image\" content=\"https:\/\/alume.org\/wp-content\/uploads\/2015\/10\/capa_memoria_2012_Alume.jpg\" \/>\n\t<meta property=\"og:image:width\" content=\"449\" \/>\n\t<meta property=\"og:image:height\" content=\"278\" \/>\n\t<meta property=\"og:image:type\" content=\"image\/jpeg\" \/>\n<meta name=\"author\" content=\"alume\" \/>\n<meta name=\"twitter:card\" content=\"summary_large_image\" \/>\n<meta name=\"twitter:label1\" content=\"Escrito por\" \/>\n\t<meta name=\"twitter:data1\" content=\"alume\" \/>\n<script type=\"application\/ld+json\" class=\"yoast-schema-graph\">{\"@context\":\"https:\\\/\\\/schema.org\",\"@graph\":[{\"@type\":\"Article\",\"@id\":\"https:\\\/\\\/alume.org\\\/xa-podedes-descargar-a-nosa-memoria-de-actividades-do-ano-pasado-4\\\/#article\",\"isPartOf\":{\"@id\":\"https:\\\/\\\/alume.org\\\/xa-podedes-descargar-a-nosa-memoria-de-actividades-do-ano-pasado-4\\\/\"},\"author\":{\"name\":\"alume\",\"@id\":\"https:\\\/\\\/alume.org\\\/es\\\/#\\\/schema\\\/person\\\/6e8d9dc61906f446062bcd178142786e\"},\"headline\":\"Xa podedes descargar a nosa Memoria de Actividades do ano pasado\",\"datePublished\":\"2013-04-18T00:00:00+00:00\",\"mainEntityOfPage\":{\"@id\":\"https:\\\/\\\/alume.org\\\/xa-podedes-descargar-a-nosa-memoria-de-actividades-do-ano-pasado-4\\\/\"},\"wordCount\":99,\"commentCount\":0,\"image\":{\"@id\":\"https:\\\/\\\/alume.org\\\/xa-podedes-descargar-a-nosa-memoria-de-actividades-do-ano-pasado-4\\\/#primaryimage\"},\"thumbnailUrl\":\"https:\\\/\\\/alume.org\\\/wp-content\\\/uploads\\\/2015\\\/10\\\/capa_memoria_2012_Alume.jpg\",\"articleSection\":[\"Uncategorized @gl\"],\"inLanguage\":\"es\",\"potentialAction\":[{\"@type\":\"CommentAction\",\"name\":\"Comment\",\"target\":[\"https:\\\/\\\/alume.org\\\/xa-podedes-descargar-a-nosa-memoria-de-actividades-do-ano-pasado-4\\\/#respond\"]}]},{\"@type\":\"WebPage\",\"@id\":\"https:\\\/\\\/alume.org\\\/xa-podedes-descargar-a-nosa-memoria-de-actividades-do-ano-pasado-4\\\/\",\"url\":\"https:\\\/\\\/alume.org\\\/xa-podedes-descargar-a-nosa-memoria-de-actividades-do-ano-pasado-4\\\/\",\"name\":\"Xa podedes descargar a nosa Memoria de Actividades do ano pasado - Alume\",\"isPartOf\":{\"@id\":\"https:\\\/\\\/alume.org\\\/es\\\/#website\"},\"primaryImageOfPage\":{\"@id\":\"https:\\\/\\\/alume.org\\\/xa-podedes-descargar-a-nosa-memoria-de-actividades-do-ano-pasado-4\\\/#primaryimage\"},\"image\":{\"@id\":\"https:\\\/\\\/alume.org\\\/xa-podedes-descargar-a-nosa-memoria-de-actividades-do-ano-pasado-4\\\/#primaryimage\"},\"thumbnailUrl\":\"https:\\\/\\\/alume.org\\\/wp-content\\\/uploads\\\/2015\\\/10\\\/capa_memoria_2012_Alume.jpg\",\"datePublished\":\"2013-04-18T00:00:00+00:00\",\"author\":{\"@id\":\"https:\\\/\\\/alume.org\\\/es\\\/#\\\/schema\\\/person\\\/6e8d9dc61906f446062bcd178142786e\"},\"breadcrumb\":{\"@id\":\"https:\\\/\\\/alume.org\\\/xa-podedes-descargar-a-nosa-memoria-de-actividades-do-ano-pasado-4\\\/#breadcrumb\"},\"inLanguage\":\"es\",\"potentialAction\":[{\"@type\":\"ReadAction\",\"target\":[\"https:\\\/\\\/alume.org\\\/xa-podedes-descargar-a-nosa-memoria-de-actividades-do-ano-pasado-4\\\/\"]}]},{\"@type\":\"ImageObject\",\"inLanguage\":\"es\",\"@id\":\"https:\\\/\\\/alume.org\\\/xa-podedes-descargar-a-nosa-memoria-de-actividades-do-ano-pasado-4\\\/#primaryimage\",\"url\":\"https:\\\/\\\/alume.org\\\/wp-content\\\/uploads\\\/2015\\\/10\\\/capa_memoria_2012_Alume.jpg\",\"contentUrl\":\"https:\\\/\\\/alume.org\\\/wp-content\\\/uploads\\\/2015\\\/10\\\/capa_memoria_2012_Alume.jpg\",\"width\":449,\"height\":278},{\"@type\":\"BreadcrumbList\",\"@id\":\"https:\\\/\\\/alume.org\\\/xa-podedes-descargar-a-nosa-memoria-de-actividades-do-ano-pasado-4\\\/#breadcrumb\",\"itemListElement\":[{\"@type\":\"ListItem\",\"position\":1,\"name\":\"Portada\",\"item\":\"https:\\\/\\\/alume.org\\\/es\\\/\"},{\"@type\":\"ListItem\",\"position\":2,\"name\":\"Xa podedes descargar a nosa Memoria de Actividades do ano pasado\"}]},{\"@type\":\"WebSite\",\"@id\":\"https:\\\/\\\/alume.org\\\/es\\\/#website\",\"url\":\"https:\\\/\\\/alume.org\\\/es\\\/\",\"name\":\"Alume\",\"description\":\"Sa\u00fade Mental\",\"potentialAction\":[{\"@type\":\"SearchAction\",\"target\":{\"@type\":\"EntryPoint\",\"urlTemplate\":\"https:\\\/\\\/alume.org\\\/es\\\/?s={search_term_string}\"},\"query-input\":{\"@type\":\"PropertyValueSpecification\",\"valueRequired\":true,\"valueName\":\"search_term_string\"}}],\"inLanguage\":\"es\"},{\"@type\":\"Person\",\"@id\":\"https:\\\/\\\/alume.org\\\/es\\\/#\\\/schema\\\/person\\\/6e8d9dc61906f446062bcd178142786e\",\"name\":\"alume\"}]}<\/script>\n<!-- \/ Yoast SEO plugin. -->","yoast_head_json":{"title":"Xa podedes descargar a nosa Memoria de Actividades do ano pasado - Alume","robots":{"index":"index","follow":"follow","max-snippet":"max-snippet:-1","max-image-preview":"max-image-preview:large","max-video-preview":"max-video-preview:-1"},"canonical":"https:\/\/alume.org\/xa-podedes-descargar-a-nosa-memoria-de-actividades-do-ano-pasado-4\/","og_locale":"es_ES","og_type":"article","og_title":"Xa podedes descargar a nosa Memoria de Actividades do ano pasado - Alume","og_description":"Xa podedes descargar a Memoria de Actividades 2012, na que contamos, polo mi\u00fado, as actividades e proxectos que realizamos o ano pasado en Alume. Achegamos a ligaz\u00f3n \u00e1 [Memoria de Actividades 2012], un documento no que contamos, polo mi\u00fado, as actividades e proxectos que realizamos o ano pasado en Alume. Tam\u00e9n falamos dos nosos obxectivos, [&hellip;]","og_url":"https:\/\/alume.org\/xa-podedes-descargar-a-nosa-memoria-de-actividades-do-ano-pasado-4\/","og_site_name":"Alume","article_published_time":"2013-04-18T00:00:00+00:00","og_image":[{"width":449,"height":278,"url":"https:\/\/alume.org\/wp-content\/uploads\/2015\/10\/capa_memoria_2012_Alume.jpg","type":"image\/jpeg"}],"author":"alume","twitter_card":"summary_large_image","twitter_misc":{"Escrito por":"alume"},"schema":{"@context":"https:\/\/schema.org","@graph":[{"@type":"Article","@id":"https:\/\/alume.org\/xa-podedes-descargar-a-nosa-memoria-de-actividades-do-ano-pasado-4\/#article","isPartOf":{"@id":"https:\/\/alume.org\/xa-podedes-descargar-a-nosa-memoria-de-actividades-do-ano-pasado-4\/"},"author":{"name":"alume","@id":"https:\/\/alume.org\/es\/#\/schema\/person\/6e8d9dc61906f446062bcd178142786e"},"headline":"Xa podedes descargar a nosa Memoria de Actividades do ano pasado","datePublished":"2013-04-18T00:00:00+00:00","mainEntityOfPage":{"@id":"https:\/\/alume.org\/xa-podedes-descargar-a-nosa-memoria-de-actividades-do-ano-pasado-4\/"},"wordCount":99,"commentCount":0,"image":{"@id":"https:\/\/alume.org\/xa-podedes-descargar-a-nosa-memoria-de-actividades-do-ano-pasado-4\/#primaryimage"},"thumbnailUrl":"https:\/\/alume.org\/wp-content\/uploads\/2015\/10\/capa_memoria_2012_Alume.jpg","articleSection":["Uncategorized @gl"],"inLanguage":"es","potentialAction":[{"@type":"CommentAction","name":"Comment","target":["https:\/\/alume.org\/xa-podedes-descargar-a-nosa-memoria-de-actividades-do-ano-pasado-4\/#respond"]}]},{"@type":"WebPage","@id":"https:\/\/alume.org\/xa-podedes-descargar-a-nosa-memoria-de-actividades-do-ano-pasado-4\/","url":"https:\/\/alume.org\/xa-podedes-descargar-a-nosa-memoria-de-actividades-do-ano-pasado-4\/","name":"Xa podedes descargar a nosa Memoria de Actividades do ano pasado - Alume","isPartOf":{"@id":"https:\/\/alume.org\/es\/#website"},"primaryImageOfPage":{"@id":"https:\/\/alume.org\/xa-podedes-descargar-a-nosa-memoria-de-actividades-do-ano-pasado-4\/#primaryimage"},"image":{"@id":"https:\/\/alume.org\/xa-podedes-descargar-a-nosa-memoria-de-actividades-do-ano-pasado-4\/#primaryimage"},"thumbnailUrl":"https:\/\/alume.org\/wp-content\/uploads\/2015\/10\/capa_memoria_2012_Alume.jpg","datePublished":"2013-04-18T00:00:00+00:00","author":{"@id":"https:\/\/alume.org\/es\/#\/schema\/person\/6e8d9dc61906f446062bcd178142786e"},"breadcrumb":{"@id":"https:\/\/alume.org\/xa-podedes-descargar-a-nosa-memoria-de-actividades-do-ano-pasado-4\/#breadcrumb"},"inLanguage":"es","potentialAction":[{"@type":"ReadAction","target":["https:\/\/alume.org\/xa-podedes-descargar-a-nosa-memoria-de-actividades-do-ano-pasado-4\/"]}]},{"@type":"ImageObject","inLanguage":"es","@id":"https:\/\/alume.org\/xa-podedes-descargar-a-nosa-memoria-de-actividades-do-ano-pasado-4\/#primaryimage","url":"https:\/\/alume.org\/wp-content\/uploads\/2015\/10\/capa_memoria_2012_Alume.jpg","contentUrl":"https:\/\/alume.org\/wp-content\/uploads\/2015\/10\/capa_memoria_2012_Alume.jpg","width":449,"height":278},{"@type":"BreadcrumbList","@id":"https:\/\/alume.org\/xa-podedes-descargar-a-nosa-memoria-de-actividades-do-ano-pasado-4\/#breadcrumb","itemListElement":[{"@type":"ListItem","position":1,"name":"Portada","item":"https:\/\/alume.org\/es\/"},{"@type":"ListItem","position":2,"name":"Xa podedes descargar a nosa Memoria de Actividades do ano pasado"}]},{"@type":"WebSite","@id":"https:\/\/alume.org\/es\/#website","url":"https:\/\/alume.org\/es\/","name":"Alume","description":"Sa\u00fade Mental","potentialAction":[{"@type":"SearchAction","target":{"@type":"EntryPoint","urlTemplate":"https:\/\/alume.org\/es\/?s={search_term_string}"},"query-input":{"@type":"PropertyValueSpecification","valueRequired":true,"valueName":"search_term_string"}}],"inLanguage":"es"},{"@type":"Person","@id":"https:\/\/alume.org\/es\/#\/schema\/person\/6e8d9dc61906f446062bcd178142786e","name":"alume"}]}},"_links":{"self":[{"href":"https:\/\/alume.org\/es\/wp-json\/wp\/v2\/posts\/4380","targetHints":{"allow":["GET"]}}],"collection":[{"href":"https:\/\/alume.org\/es\/wp-json\/wp\/v2\/posts"}],"about":[{"href":"https:\/\/alume.org\/es\/wp-json\/wp\/v2\/types\/post"}],"author":[{"embeddable":true,"href":"https:\/\/alume.org\/es\/wp-json\/wp\/v2\/users\/1"}],"replies":[{"embeddable":true,"href":"https:\/\/alume.org\/es\/wp-json\/wp\/v2\/comments?post=4380"}],"version-history":[{"count":0,"href":"https:\/\/alume.org\/es\/wp-json\/wp\/v2\/posts\/4380\/revisions"}],"wp:featuredmedia":[{"embeddable":true,"href":"https:\/\/alume.org\/es\/wp-json\/wp\/v2\/media\/3824"}],"wp:attachment":[{"href":"https:\/\/alume.org\/es\/wp-json\/wp\/v2\/media?parent=4380"}],"wp:term":[{"taxonomy":"category","embeddable":true,"href":"https:\/\/alume.org\/es\/wp-json\/wp\/v2\/categories?post=4380"},{"taxonomy":"post_tag","embeddable":true,"href":"https:\/\/alume.org\/es\/wp-json\/wp\/v2\/tags?post=4380"}],"curies":[{"name":"wp","href":"https:\/\/api.w.org\/{rel}","templated":true}]}}