{"id":4387,"date":"2014-10-13T00:00:00","date_gmt":"2014-10-13T00:00:00","guid":{"rendered":"http:\/\/alume.org\/alume-celebra-o-dia-mundial-da-saude-mental-cun-mural-reivindicativo-3\/"},"modified":"2015-10-08T08:28:23","modified_gmt":"2015-10-08T08:28:23","slug":"alume-celebra-o-dia-mundial-da-saude-mental-cun-mural-reivindicativo-3","status":"publish","type":"post","link":"https:\/\/alume.org\/es\/alume-celebra-o-dia-mundial-da-saude-mental-cun-mural-reivindicativo-3\/","title":{"rendered":"Alume celebra o D\u00eda Mundial da Sa\u00fade Mental cun mural reivindicativo"},"content":{"rendered":"<p><strong>O 10 de outubro, D\u00eda Mundial da Sa\u00fade Mental, \u00e9 unha cita que dende hai anos Alume aproveita para reclamar a atenci\u00f3n social e sanitaria que merecen as persoas que padecen alg\u00fan transtorno ps\u00edquico. Como a data coincide en plenas festas de Sann Froil\u00e1n, Alume tenta darlle sempre un tono festivo \u00e1s acci\u00f3ns reivindicativas. Neste ano 2014 a asociaci\u00f3n contou coa participaci\u00f3n do reco\u00f1ecido artista Quique Bordell, que preparou un obradoiro de pintura con usuarios do Centro de Rehabilitaci\u00f3n Psicosocial e Laboral, e ese traballo plasmouse nun muro da nosa cidade. Baixo o lema \u00abN\u00f3s tam\u00e9n pintamos algo\u00bb e baixo a direcci\u00f3n art\u00edstica de Quique Bordell, os artistas de Alume fixeron a pintura mural e colectiva no muro das piscinas exteriores municipais, no Parque da Milagrosa.<\/strong><\/p>\n<p>A inauguraci\u00f3n do mural, o d\u00eda 10 \u00e1s 13:00 horas, centrou os actos de Alume no D\u00eda Mundial da Sa\u00fade Mental. Con esta actividade a asociaci\u00f3n quixo po\u00f1er de manifesto que a enfermidade mental \u00e9 unha circunstancia que non ten por qu\u00e9 invalidar a quen a padece, que non temos por qu\u00e9 agocharnos nin renunciar \u00f3s dereitos que nos asisten. Foi un acto de reivindicaci\u00f3n e tam\u00e9n de auto-reivindicaci\u00f3n, unha tentativa m\u00e1is de loitar contra o estigma na procura dunha integraci\u00f3n dif\u00edcil pero moi necesaria para o conxunto da sociedade. Para desenvolver o obradoiro, Alume contou coa colaboraci\u00f3n econ\u00f3mica, material e persoal de Pinturas Kromo (coa direcci\u00f3n t\u00e9cnica de Enrique) e do Grupo El Progreso. O Hostal Porta de Santiago, socio de honra de Alume Nos \u00faltimos anos, Alume fai coincidir o D\u00eda Mundial c\u00f3 nomeamento de socios de honra a persoas ou entidades que se te\u00f1an destacado pola s\u00faa labor a prol das persoas que padecen alg\u00fan tipo de transtorno mental. En 2014, a Xunta Directiva de Alume acordou nomear socio de honra \u00f3 Hostal Porta de Santiago, ubicado fronte \u00e1 Porta da Muralla do mesmo nome, no barrio de Recatelo, pola atenci\u00f3n especial que nese establecemento recibiron usuarios de Alume e de outras instituci\u00f3ns que precisaron nalg\u00fan momento de aloxamento, manutenci\u00f3n ou simplemente acougo. O Porta de Santiago abr\u00edu  agarimosamente as s\u00faas portas a moitos especialistas en atopar portas pechadas, facilitou xesti\u00f3ns, colaborou e colabora con Alume e outras entidades adicadas \u00e1 sa\u00fade mental en facer m\u00e1is doada a vida de moitas persoas que sufren a cot\u00edo o rexeitamento, e pensamos que non s\u00f3 nos axudan a n\u00f3s, sen\u00f3n que con xestos sinxelos pero non habituais, fan de Lugo unha cidade mellor. Colecta nos establecementos Ous\u00e1 Durante todo o fin de semana os establecementos Ous\u00e1 Panader\u00edas e Pasteler\u00edas puxeron \u00e1 disposici\u00f3n dos seus clientes petos de Alume con obxecto de recaudar fondos para o funcionamento da Asociaci\u00f3n. Logo da inauguraci\u00f3n do muro e da entrega do t\u00edtulo de Socio de Honra \u00f3 representante do Hostal Porta de Santiago, Alume celebrou a s\u00faa tradicional pulpada.<\/p>\n","protected":false},"excerpt":{"rendered":"<p>O 10 de outubro, D\u00eda Mundial da Sa\u00fade Mental, \u00e9 unha cita que dende hai anos Alume aproveita para reclamar a atenci\u00f3n social e sanitaria que merecen as persoas que padecen alg\u00fan transtorno ps\u00edquico. Como a data coincide en plenas festas de Sann Froil\u00e1n, Alume tenta darlle sempre un tono festivo \u00e1s acci\u00f3ns reivindicativas. Neste [&hellip;]<\/p>\n","protected":false},"author":1,"featured_media":3837,"comment_status":"open","ping_status":"closed","sticky":false,"template":"","format":"standard","meta":{"ngg_post_thumbnail":0,"footnotes":""},"categories":[62],"tags":[],"class_list":{"0":"post-4387","1":"post","2":"type-post","3":"status-publish","4":"format-standard","5":"has-post-thumbnail","7":"category-novas"},"yoast_head":"<!-- This site is optimized with the Yoast SEO plugin v27.5 - https:\/\/yoast.com\/product\/yoast-seo-wordpress\/ -->\n<title>Alume celebra o D\u00eda Mundial da Sa\u00fade Mental cun mural reivindicativo - Alume<\/title>\n<meta name=\"robots\" content=\"index, follow, max-snippet:-1, max-image-preview:large, max-video-preview:-1\" \/>\n<link rel=\"canonical\" href=\"https:\/\/alume.org\/alume-celebra-o-dia-mundial-da-saude-mental-cun-mural-reivindicativo-3\/\" \/>\n<meta property=\"og:locale\" content=\"es_ES\" \/>\n<meta property=\"og:type\" content=\"article\" \/>\n<meta property=\"og:title\" content=\"Alume celebra o D\u00eda Mundial da Sa\u00fade Mental cun mural reivindicativo - Alume\" \/>\n<meta property=\"og:description\" content=\"O 10 de outubro, D\u00eda Mundial da Sa\u00fade Mental, \u00e9 unha cita que dende hai anos Alume aproveita para reclamar a atenci\u00f3n social e sanitaria que merecen as persoas que padecen alg\u00fan transtorno ps\u00edquico. Como a data coincide en plenas festas de Sann Froil\u00e1n, Alume tenta darlle sempre un tono festivo \u00e1s acci\u00f3ns reivindicativas. Neste [&hellip;]\" \/>\n<meta property=\"og:url\" content=\"https:\/\/alume.org\/alume-celebra-o-dia-mundial-da-saude-mental-cun-mural-reivindicativo-3\/\" \/>\n<meta property=\"og:site_name\" content=\"Alume\" \/>\n<meta property=\"article:published_time\" content=\"2014-10-13T00:00:00+00:00\" \/>\n<meta property=\"article:modified_time\" content=\"2015-10-08T08:28:23+00:00\" \/>\n<meta property=\"og:image\" content=\"https:\/\/alume.org\/wp-content\/uploads\/2015\/10\/mural2.jpg\" \/>\n\t<meta property=\"og:image:width\" content=\"480\" \/>\n\t<meta property=\"og:image:height\" content=\"360\" \/>\n\t<meta property=\"og:image:type\" content=\"image\/jpeg\" \/>\n<meta name=\"author\" content=\"alume\" \/>\n<meta name=\"twitter:card\" content=\"summary_large_image\" \/>\n<meta name=\"twitter:label1\" content=\"Escrito por\" \/>\n\t<meta name=\"twitter:data1\" content=\"alume\" \/>\n\t<meta name=\"twitter:label2\" content=\"Tiempo de lectura\" \/>\n\t<meta name=\"twitter:data2\" content=\"3 minutos\" \/>\n<script type=\"application\/ld+json\" class=\"yoast-schema-graph\">{\"@context\":\"https:\\\/\\\/schema.org\",\"@graph\":[{\"@type\":\"Article\",\"@id\":\"https:\\\/\\\/alume.org\\\/alume-celebra-o-dia-mundial-da-saude-mental-cun-mural-reivindicativo-3\\\/#article\",\"isPartOf\":{\"@id\":\"https:\\\/\\\/alume.org\\\/alume-celebra-o-dia-mundial-da-saude-mental-cun-mural-reivindicativo-3\\\/\"},\"author\":{\"name\":\"alume\",\"@id\":\"https:\\\/\\\/alume.org\\\/es\\\/#\\\/schema\\\/person\\\/6e8d9dc61906f446062bcd178142786e\"},\"headline\":\"Alume celebra o D\u00eda Mundial da Sa\u00fade Mental cun mural reivindicativo\",\"datePublished\":\"2014-10-13T00:00:00+00:00\",\"dateModified\":\"2015-10-08T08:28:23+00:00\",\"mainEntityOfPage\":{\"@id\":\"https:\\\/\\\/alume.org\\\/alume-celebra-o-dia-mundial-da-saude-mental-cun-mural-reivindicativo-3\\\/\"},\"wordCount\":527,\"commentCount\":0,\"image\":{\"@id\":\"https:\\\/\\\/alume.org\\\/alume-celebra-o-dia-mundial-da-saude-mental-cun-mural-reivindicativo-3\\\/#primaryimage\"},\"thumbnailUrl\":\"https:\\\/\\\/alume.org\\\/wp-content\\\/uploads\\\/2015\\\/10\\\/mural2.jpg\",\"articleSection\":[\"Novas\"],\"inLanguage\":\"es\",\"potentialAction\":[{\"@type\":\"CommentAction\",\"name\":\"Comment\",\"target\":[\"https:\\\/\\\/alume.org\\\/alume-celebra-o-dia-mundial-da-saude-mental-cun-mural-reivindicativo-3\\\/#respond\"]}]},{\"@type\":\"WebPage\",\"@id\":\"https:\\\/\\\/alume.org\\\/alume-celebra-o-dia-mundial-da-saude-mental-cun-mural-reivindicativo-3\\\/\",\"url\":\"https:\\\/\\\/alume.org\\\/alume-celebra-o-dia-mundial-da-saude-mental-cun-mural-reivindicativo-3\\\/\",\"name\":\"Alume celebra o D\u00eda Mundial da Sa\u00fade Mental cun mural reivindicativo - Alume\",\"isPartOf\":{\"@id\":\"https:\\\/\\\/alume.org\\\/es\\\/#website\"},\"primaryImageOfPage\":{\"@id\":\"https:\\\/\\\/alume.org\\\/alume-celebra-o-dia-mundial-da-saude-mental-cun-mural-reivindicativo-3\\\/#primaryimage\"},\"image\":{\"@id\":\"https:\\\/\\\/alume.org\\\/alume-celebra-o-dia-mundial-da-saude-mental-cun-mural-reivindicativo-3\\\/#primaryimage\"},\"thumbnailUrl\":\"https:\\\/\\\/alume.org\\\/wp-content\\\/uploads\\\/2015\\\/10\\\/mural2.jpg\",\"datePublished\":\"2014-10-13T00:00:00+00:00\",\"dateModified\":\"2015-10-08T08:28:23+00:00\",\"author\":{\"@id\":\"https:\\\/\\\/alume.org\\\/es\\\/#\\\/schema\\\/person\\\/6e8d9dc61906f446062bcd178142786e\"},\"breadcrumb\":{\"@id\":\"https:\\\/\\\/alume.org\\\/alume-celebra-o-dia-mundial-da-saude-mental-cun-mural-reivindicativo-3\\\/#breadcrumb\"},\"inLanguage\":\"es\",\"potentialAction\":[{\"@type\":\"ReadAction\",\"target\":[\"https:\\\/\\\/alume.org\\\/alume-celebra-o-dia-mundial-da-saude-mental-cun-mural-reivindicativo-3\\\/\"]}]},{\"@type\":\"ImageObject\",\"inLanguage\":\"es\",\"@id\":\"https:\\\/\\\/alume.org\\\/alume-celebra-o-dia-mundial-da-saude-mental-cun-mural-reivindicativo-3\\\/#primaryimage\",\"url\":\"https:\\\/\\\/alume.org\\\/wp-content\\\/uploads\\\/2015\\\/10\\\/mural2.jpg\",\"contentUrl\":\"https:\\\/\\\/alume.org\\\/wp-content\\\/uploads\\\/2015\\\/10\\\/mural2.jpg\",\"width\":480,\"height\":360},{\"@type\":\"BreadcrumbList\",\"@id\":\"https:\\\/\\\/alume.org\\\/alume-celebra-o-dia-mundial-da-saude-mental-cun-mural-reivindicativo-3\\\/#breadcrumb\",\"itemListElement\":[{\"@type\":\"ListItem\",\"position\":1,\"name\":\"Portada\",\"item\":\"https:\\\/\\\/alume.org\\\/es\\\/\"},{\"@type\":\"ListItem\",\"position\":2,\"name\":\"Alume celebra o D\u00eda Mundial da Sa\u00fade Mental cun mural reivindicativo\"}]},{\"@type\":\"WebSite\",\"@id\":\"https:\\\/\\\/alume.org\\\/es\\\/#website\",\"url\":\"https:\\\/\\\/alume.org\\\/es\\\/\",\"name\":\"Alume\",\"description\":\"Sa\u00fade Mental\",\"potentialAction\":[{\"@type\":\"SearchAction\",\"target\":{\"@type\":\"EntryPoint\",\"urlTemplate\":\"https:\\\/\\\/alume.org\\\/es\\\/?s={search_term_string}\"},\"query-input\":{\"@type\":\"PropertyValueSpecification\",\"valueRequired\":true,\"valueName\":\"search_term_string\"}}],\"inLanguage\":\"es\"},{\"@type\":\"Person\",\"@id\":\"https:\\\/\\\/alume.org\\\/es\\\/#\\\/schema\\\/person\\\/6e8d9dc61906f446062bcd178142786e\",\"name\":\"alume\"}]}<\/script>\n<!-- \/ Yoast SEO plugin. -->","yoast_head_json":{"title":"Alume celebra o D\u00eda Mundial da Sa\u00fade Mental cun mural reivindicativo - Alume","robots":{"index":"index","follow":"follow","max-snippet":"max-snippet:-1","max-image-preview":"max-image-preview:large","max-video-preview":"max-video-preview:-1"},"canonical":"https:\/\/alume.org\/alume-celebra-o-dia-mundial-da-saude-mental-cun-mural-reivindicativo-3\/","og_locale":"es_ES","og_type":"article","og_title":"Alume celebra o D\u00eda Mundial da Sa\u00fade Mental cun mural reivindicativo - Alume","og_description":"O 10 de outubro, D\u00eda Mundial da Sa\u00fade Mental, \u00e9 unha cita que dende hai anos Alume aproveita para reclamar a atenci\u00f3n social e sanitaria que merecen as persoas que padecen alg\u00fan transtorno ps\u00edquico. Como a data coincide en plenas festas de Sann Froil\u00e1n, Alume tenta darlle sempre un tono festivo \u00e1s acci\u00f3ns reivindicativas. Neste [&hellip;]","og_url":"https:\/\/alume.org\/alume-celebra-o-dia-mundial-da-saude-mental-cun-mural-reivindicativo-3\/","og_site_name":"Alume","article_published_time":"2014-10-13T00:00:00+00:00","article_modified_time":"2015-10-08T08:28:23+00:00","og_image":[{"width":480,"height":360,"url":"https:\/\/alume.org\/wp-content\/uploads\/2015\/10\/mural2.jpg","type":"image\/jpeg"}],"author":"alume","twitter_card":"summary_large_image","twitter_misc":{"Escrito por":"alume","Tiempo de lectura":"3 minutos"},"schema":{"@context":"https:\/\/schema.org","@graph":[{"@type":"Article","@id":"https:\/\/alume.org\/alume-celebra-o-dia-mundial-da-saude-mental-cun-mural-reivindicativo-3\/#article","isPartOf":{"@id":"https:\/\/alume.org\/alume-celebra-o-dia-mundial-da-saude-mental-cun-mural-reivindicativo-3\/"},"author":{"name":"alume","@id":"https:\/\/alume.org\/es\/#\/schema\/person\/6e8d9dc61906f446062bcd178142786e"},"headline":"Alume celebra o D\u00eda Mundial da Sa\u00fade Mental cun mural reivindicativo","datePublished":"2014-10-13T00:00:00+00:00","dateModified":"2015-10-08T08:28:23+00:00","mainEntityOfPage":{"@id":"https:\/\/alume.org\/alume-celebra-o-dia-mundial-da-saude-mental-cun-mural-reivindicativo-3\/"},"wordCount":527,"commentCount":0,"image":{"@id":"https:\/\/alume.org\/alume-celebra-o-dia-mundial-da-saude-mental-cun-mural-reivindicativo-3\/#primaryimage"},"thumbnailUrl":"https:\/\/alume.org\/wp-content\/uploads\/2015\/10\/mural2.jpg","articleSection":["Novas"],"inLanguage":"es","potentialAction":[{"@type":"CommentAction","name":"Comment","target":["https:\/\/alume.org\/alume-celebra-o-dia-mundial-da-saude-mental-cun-mural-reivindicativo-3\/#respond"]}]},{"@type":"WebPage","@id":"https:\/\/alume.org\/alume-celebra-o-dia-mundial-da-saude-mental-cun-mural-reivindicativo-3\/","url":"https:\/\/alume.org\/alume-celebra-o-dia-mundial-da-saude-mental-cun-mural-reivindicativo-3\/","name":"Alume celebra o D\u00eda Mundial da Sa\u00fade Mental cun mural reivindicativo - Alume","isPartOf":{"@id":"https:\/\/alume.org\/es\/#website"},"primaryImageOfPage":{"@id":"https:\/\/alume.org\/alume-celebra-o-dia-mundial-da-saude-mental-cun-mural-reivindicativo-3\/#primaryimage"},"image":{"@id":"https:\/\/alume.org\/alume-celebra-o-dia-mundial-da-saude-mental-cun-mural-reivindicativo-3\/#primaryimage"},"thumbnailUrl":"https:\/\/alume.org\/wp-content\/uploads\/2015\/10\/mural2.jpg","datePublished":"2014-10-13T00:00:00+00:00","dateModified":"2015-10-08T08:28:23+00:00","author":{"@id":"https:\/\/alume.org\/es\/#\/schema\/person\/6e8d9dc61906f446062bcd178142786e"},"breadcrumb":{"@id":"https:\/\/alume.org\/alume-celebra-o-dia-mundial-da-saude-mental-cun-mural-reivindicativo-3\/#breadcrumb"},"inLanguage":"es","potentialAction":[{"@type":"ReadAction","target":["https:\/\/alume.org\/alume-celebra-o-dia-mundial-da-saude-mental-cun-mural-reivindicativo-3\/"]}]},{"@type":"ImageObject","inLanguage":"es","@id":"https:\/\/alume.org\/alume-celebra-o-dia-mundial-da-saude-mental-cun-mural-reivindicativo-3\/#primaryimage","url":"https:\/\/alume.org\/wp-content\/uploads\/2015\/10\/mural2.jpg","contentUrl":"https:\/\/alume.org\/wp-content\/uploads\/2015\/10\/mural2.jpg","width":480,"height":360},{"@type":"BreadcrumbList","@id":"https:\/\/alume.org\/alume-celebra-o-dia-mundial-da-saude-mental-cun-mural-reivindicativo-3\/#breadcrumb","itemListElement":[{"@type":"ListItem","position":1,"name":"Portada","item":"https:\/\/alume.org\/es\/"},{"@type":"ListItem","position":2,"name":"Alume celebra o D\u00eda Mundial da Sa\u00fade Mental cun mural reivindicativo"}]},{"@type":"WebSite","@id":"https:\/\/alume.org\/es\/#website","url":"https:\/\/alume.org\/es\/","name":"Alume","description":"Sa\u00fade Mental","potentialAction":[{"@type":"SearchAction","target":{"@type":"EntryPoint","urlTemplate":"https:\/\/alume.org\/es\/?s={search_term_string}"},"query-input":{"@type":"PropertyValueSpecification","valueRequired":true,"valueName":"search_term_string"}}],"inLanguage":"es"},{"@type":"Person","@id":"https:\/\/alume.org\/es\/#\/schema\/person\/6e8d9dc61906f446062bcd178142786e","name":"alume"}]}},"_links":{"self":[{"href":"https:\/\/alume.org\/es\/wp-json\/wp\/v2\/posts\/4387","targetHints":{"allow":["GET"]}}],"collection":[{"href":"https:\/\/alume.org\/es\/wp-json\/wp\/v2\/posts"}],"about":[{"href":"https:\/\/alume.org\/es\/wp-json\/wp\/v2\/types\/post"}],"author":[{"embeddable":true,"href":"https:\/\/alume.org\/es\/wp-json\/wp\/v2\/users\/1"}],"replies":[{"embeddable":true,"href":"https:\/\/alume.org\/es\/wp-json\/wp\/v2\/comments?post=4387"}],"version-history":[{"count":0,"href":"https:\/\/alume.org\/es\/wp-json\/wp\/v2\/posts\/4387\/revisions"}],"wp:featuredmedia":[{"embeddable":true,"href":"https:\/\/alume.org\/es\/wp-json\/wp\/v2\/media\/3837"}],"wp:attachment":[{"href":"https:\/\/alume.org\/es\/wp-json\/wp\/v2\/media?parent=4387"}],"wp:term":[{"taxonomy":"category","embeddable":true,"href":"https:\/\/alume.org\/es\/wp-json\/wp\/v2\/categories?post=4387"},{"taxonomy":"post_tag","embeddable":true,"href":"https:\/\/alume.org\/es\/wp-json\/wp\/v2\/tags?post=4387"}],"curies":[{"name":"wp","href":"https:\/\/api.w.org\/{rel}","templated":true}]}}