{"id":4389,"date":"2015-01-27T00:00:00","date_gmt":"2015-01-27T00:00:00","guid":{"rendered":"http:\/\/alume.org\/entrevistamos-a-cantante-lucia-perez-para-o-proximo-numero-da-nosa-revista-3\/"},"modified":"2015-10-08T08:28:22","modified_gmt":"2015-10-08T08:28:22","slug":"entrevistamos-a-cantante-lucia-perez-para-o-proximo-numero-da-nosa-revista-3","status":"publish","type":"post","link":"https:\/\/alume.org\/es\/entrevistamos-a-cantante-lucia-perez-para-o-proximo-numero-da-nosa-revista-3\/","title":{"rendered":"Entrevistamos \u00e1 cantante Luc\u00eda P\u00e9rez para o pr\u00f3ximo n\u00famero da nosa revista"},"content":{"rendered":"<p><strong>A cantante do Incio veu onte a co\u00f1ecer o noso centro acompa\u00f1ada da s\u00faa nai e a realizar unha entrevista para o pr\u00f3ximo n\u00famero da revista Alumear que facemos no noso centro.<\/strong><\/p>\n<p>Luc\u00eda P\u00e9rez veu onte pola tarde ata o noso centro de Lugo para co\u00f1ecernos e para ver o que facemos nos talleres. Mostrouse encantada co traballo que realizamos e comentou que os agasallos cos que os usuarios lle agradeceron a visita os por\u00eda nun lugar ben visible. Realizamos a entrevista na cafeter\u00eda Egomundi, Ronda das Fonti\u00f1as, e al\u00ed comentounos novidades sobre o seu disco \u201cQuitapenas\u201d e a xira que vai iniciar en breves por Brasil. Tam\u00e9n, a petici\u00f3n dun compa\u00f1eiro, nos cantou un anaco dunha das s\u00faas novas canci\u00f3ns.  Rematamos a entrevista sac\u00e1ndonos fotos e pedindo aut\u00f3grafos \u00e1 cantante que nos agasallou cunha copia adicada do seu disco.<\/p>\n","protected":false},"excerpt":{"rendered":"<p>A cantante do Incio veu onte a co\u00f1ecer o noso centro acompa\u00f1ada da s\u00faa nai e a realizar unha entrevista para o pr\u00f3ximo n\u00famero da revista Alumear que facemos no noso centro. Luc\u00eda P\u00e9rez veu onte pola tarde ata o noso centro de Lugo para co\u00f1ecernos e para ver o que facemos nos talleres. Mostrouse [&hellip;]<\/p>\n","protected":false},"author":1,"featured_media":3840,"comment_status":"open","ping_status":"closed","sticky":false,"template":"","format":"standard","meta":{"ngg_post_thumbnail":0,"footnotes":""},"categories":[62],"tags":[],"class_list":{"0":"post-4389","1":"post","2":"type-post","3":"status-publish","4":"format-standard","5":"has-post-thumbnail","7":"category-novas"},"yoast_head":"<!-- This site is optimized with the Yoast SEO plugin v27.5 - https:\/\/yoast.com\/product\/yoast-seo-wordpress\/ -->\n<title>Entrevistamos \u00e1 cantante Luc\u00eda P\u00e9rez para o pr\u00f3ximo n\u00famero da nosa revista - Alume<\/title>\n<meta name=\"robots\" content=\"index, follow, max-snippet:-1, max-image-preview:large, max-video-preview:-1\" \/>\n<link rel=\"canonical\" href=\"https:\/\/alume.org\/entrevistamos-a-cantante-lucia-perez-para-o-proximo-numero-da-nosa-revista-3\/\" \/>\n<meta property=\"og:locale\" content=\"es_ES\" \/>\n<meta property=\"og:type\" content=\"article\" \/>\n<meta property=\"og:title\" content=\"Entrevistamos \u00e1 cantante Luc\u00eda P\u00e9rez para o pr\u00f3ximo n\u00famero da nosa revista - Alume\" \/>\n<meta property=\"og:description\" content=\"A cantante do Incio veu onte a co\u00f1ecer o noso centro acompa\u00f1ada da s\u00faa nai e a realizar unha entrevista para o pr\u00f3ximo n\u00famero da revista Alumear que facemos no noso centro. Luc\u00eda P\u00e9rez veu onte pola tarde ata o noso centro de Lugo para co\u00f1ecernos e para ver o que facemos nos talleres. Mostrouse [&hellip;]\" \/>\n<meta property=\"og:url\" content=\"https:\/\/alume.org\/entrevistamos-a-cantante-lucia-perez-para-o-proximo-numero-da-nosa-revista-3\/\" \/>\n<meta property=\"og:site_name\" content=\"Alume\" \/>\n<meta property=\"article:published_time\" content=\"2015-01-27T00:00:00+00:00\" \/>\n<meta property=\"article:modified_time\" content=\"2015-10-08T08:28:22+00:00\" \/>\n<meta property=\"og:image\" content=\"https:\/\/alume.org\/wp-content\/uploads\/2015\/10\/DSC03187.jpg\" \/>\n\t<meta property=\"og:image:width\" content=\"420\" \/>\n\t<meta property=\"og:image:height\" content=\"279\" \/>\n\t<meta property=\"og:image:type\" content=\"image\/jpeg\" \/>\n<meta name=\"author\" content=\"alume\" \/>\n<meta name=\"twitter:card\" content=\"summary_large_image\" \/>\n<meta name=\"twitter:label1\" content=\"Escrito por\" \/>\n\t<meta name=\"twitter:data1\" content=\"alume\" \/>\n\t<meta name=\"twitter:label2\" content=\"Tiempo de lectura\" \/>\n\t<meta name=\"twitter:data2\" content=\"1 minuto\" \/>\n<script type=\"application\/ld+json\" class=\"yoast-schema-graph\">{\"@context\":\"https:\\\/\\\/schema.org\",\"@graph\":[{\"@type\":\"Article\",\"@id\":\"https:\\\/\\\/alume.org\\\/entrevistamos-a-cantante-lucia-perez-para-o-proximo-numero-da-nosa-revista-3\\\/#article\",\"isPartOf\":{\"@id\":\"https:\\\/\\\/alume.org\\\/entrevistamos-a-cantante-lucia-perez-para-o-proximo-numero-da-nosa-revista-3\\\/\"},\"author\":{\"name\":\"alume\",\"@id\":\"https:\\\/\\\/alume.org\\\/es\\\/#\\\/schema\\\/person\\\/6e8d9dc61906f446062bcd178142786e\"},\"headline\":\"Entrevistamos \u00e1 cantante Luc\u00eda P\u00e9rez para o pr\u00f3ximo n\u00famero da nosa revista\",\"datePublished\":\"2015-01-27T00:00:00+00:00\",\"dateModified\":\"2015-10-08T08:28:22+00:00\",\"mainEntityOfPage\":{\"@id\":\"https:\\\/\\\/alume.org\\\/entrevistamos-a-cantante-lucia-perez-para-o-proximo-numero-da-nosa-revista-3\\\/\"},\"wordCount\":172,\"commentCount\":0,\"image\":{\"@id\":\"https:\\\/\\\/alume.org\\\/entrevistamos-a-cantante-lucia-perez-para-o-proximo-numero-da-nosa-revista-3\\\/#primaryimage\"},\"thumbnailUrl\":\"https:\\\/\\\/alume.org\\\/wp-content\\\/uploads\\\/2015\\\/10\\\/DSC03187.jpg\",\"articleSection\":[\"Novas\"],\"inLanguage\":\"es\",\"potentialAction\":[{\"@type\":\"CommentAction\",\"name\":\"Comment\",\"target\":[\"https:\\\/\\\/alume.org\\\/entrevistamos-a-cantante-lucia-perez-para-o-proximo-numero-da-nosa-revista-3\\\/#respond\"]}]},{\"@type\":\"WebPage\",\"@id\":\"https:\\\/\\\/alume.org\\\/entrevistamos-a-cantante-lucia-perez-para-o-proximo-numero-da-nosa-revista-3\\\/\",\"url\":\"https:\\\/\\\/alume.org\\\/entrevistamos-a-cantante-lucia-perez-para-o-proximo-numero-da-nosa-revista-3\\\/\",\"name\":\"Entrevistamos \u00e1 cantante Luc\u00eda P\u00e9rez para o pr\u00f3ximo n\u00famero da nosa revista - Alume\",\"isPartOf\":{\"@id\":\"https:\\\/\\\/alume.org\\\/es\\\/#website\"},\"primaryImageOfPage\":{\"@id\":\"https:\\\/\\\/alume.org\\\/entrevistamos-a-cantante-lucia-perez-para-o-proximo-numero-da-nosa-revista-3\\\/#primaryimage\"},\"image\":{\"@id\":\"https:\\\/\\\/alume.org\\\/entrevistamos-a-cantante-lucia-perez-para-o-proximo-numero-da-nosa-revista-3\\\/#primaryimage\"},\"thumbnailUrl\":\"https:\\\/\\\/alume.org\\\/wp-content\\\/uploads\\\/2015\\\/10\\\/DSC03187.jpg\",\"datePublished\":\"2015-01-27T00:00:00+00:00\",\"dateModified\":\"2015-10-08T08:28:22+00:00\",\"author\":{\"@id\":\"https:\\\/\\\/alume.org\\\/es\\\/#\\\/schema\\\/person\\\/6e8d9dc61906f446062bcd178142786e\"},\"breadcrumb\":{\"@id\":\"https:\\\/\\\/alume.org\\\/entrevistamos-a-cantante-lucia-perez-para-o-proximo-numero-da-nosa-revista-3\\\/#breadcrumb\"},\"inLanguage\":\"es\",\"potentialAction\":[{\"@type\":\"ReadAction\",\"target\":[\"https:\\\/\\\/alume.org\\\/entrevistamos-a-cantante-lucia-perez-para-o-proximo-numero-da-nosa-revista-3\\\/\"]}]},{\"@type\":\"ImageObject\",\"inLanguage\":\"es\",\"@id\":\"https:\\\/\\\/alume.org\\\/entrevistamos-a-cantante-lucia-perez-para-o-proximo-numero-da-nosa-revista-3\\\/#primaryimage\",\"url\":\"https:\\\/\\\/alume.org\\\/wp-content\\\/uploads\\\/2015\\\/10\\\/DSC03187.jpg\",\"contentUrl\":\"https:\\\/\\\/alume.org\\\/wp-content\\\/uploads\\\/2015\\\/10\\\/DSC03187.jpg\",\"width\":420,\"height\":279},{\"@type\":\"BreadcrumbList\",\"@id\":\"https:\\\/\\\/alume.org\\\/entrevistamos-a-cantante-lucia-perez-para-o-proximo-numero-da-nosa-revista-3\\\/#breadcrumb\",\"itemListElement\":[{\"@type\":\"ListItem\",\"position\":1,\"name\":\"Portada\",\"item\":\"https:\\\/\\\/alume.org\\\/es\\\/\"},{\"@type\":\"ListItem\",\"position\":2,\"name\":\"Entrevistamos \u00e1 cantante Luc\u00eda P\u00e9rez para o pr\u00f3ximo n\u00famero da nosa revista\"}]},{\"@type\":\"WebSite\",\"@id\":\"https:\\\/\\\/alume.org\\\/es\\\/#website\",\"url\":\"https:\\\/\\\/alume.org\\\/es\\\/\",\"name\":\"Alume\",\"description\":\"Sa\u00fade Mental\",\"potentialAction\":[{\"@type\":\"SearchAction\",\"target\":{\"@type\":\"EntryPoint\",\"urlTemplate\":\"https:\\\/\\\/alume.org\\\/es\\\/?s={search_term_string}\"},\"query-input\":{\"@type\":\"PropertyValueSpecification\",\"valueRequired\":true,\"valueName\":\"search_term_string\"}}],\"inLanguage\":\"es\"},{\"@type\":\"Person\",\"@id\":\"https:\\\/\\\/alume.org\\\/es\\\/#\\\/schema\\\/person\\\/6e8d9dc61906f446062bcd178142786e\",\"name\":\"alume\"}]}<\/script>\n<!-- \/ Yoast SEO plugin. -->","yoast_head_json":{"title":"Entrevistamos \u00e1 cantante Luc\u00eda P\u00e9rez para o pr\u00f3ximo n\u00famero da nosa revista - Alume","robots":{"index":"index","follow":"follow","max-snippet":"max-snippet:-1","max-image-preview":"max-image-preview:large","max-video-preview":"max-video-preview:-1"},"canonical":"https:\/\/alume.org\/entrevistamos-a-cantante-lucia-perez-para-o-proximo-numero-da-nosa-revista-3\/","og_locale":"es_ES","og_type":"article","og_title":"Entrevistamos \u00e1 cantante Luc\u00eda P\u00e9rez para o pr\u00f3ximo n\u00famero da nosa revista - Alume","og_description":"A cantante do Incio veu onte a co\u00f1ecer o noso centro acompa\u00f1ada da s\u00faa nai e a realizar unha entrevista para o pr\u00f3ximo n\u00famero da revista Alumear que facemos no noso centro. Luc\u00eda P\u00e9rez veu onte pola tarde ata o noso centro de Lugo para co\u00f1ecernos e para ver o que facemos nos talleres. Mostrouse [&hellip;]","og_url":"https:\/\/alume.org\/entrevistamos-a-cantante-lucia-perez-para-o-proximo-numero-da-nosa-revista-3\/","og_site_name":"Alume","article_published_time":"2015-01-27T00:00:00+00:00","article_modified_time":"2015-10-08T08:28:22+00:00","og_image":[{"width":420,"height":279,"url":"https:\/\/alume.org\/wp-content\/uploads\/2015\/10\/DSC03187.jpg","type":"image\/jpeg"}],"author":"alume","twitter_card":"summary_large_image","twitter_misc":{"Escrito por":"alume","Tiempo de lectura":"1 minuto"},"schema":{"@context":"https:\/\/schema.org","@graph":[{"@type":"Article","@id":"https:\/\/alume.org\/entrevistamos-a-cantante-lucia-perez-para-o-proximo-numero-da-nosa-revista-3\/#article","isPartOf":{"@id":"https:\/\/alume.org\/entrevistamos-a-cantante-lucia-perez-para-o-proximo-numero-da-nosa-revista-3\/"},"author":{"name":"alume","@id":"https:\/\/alume.org\/es\/#\/schema\/person\/6e8d9dc61906f446062bcd178142786e"},"headline":"Entrevistamos \u00e1 cantante Luc\u00eda P\u00e9rez para o pr\u00f3ximo n\u00famero da nosa revista","datePublished":"2015-01-27T00:00:00+00:00","dateModified":"2015-10-08T08:28:22+00:00","mainEntityOfPage":{"@id":"https:\/\/alume.org\/entrevistamos-a-cantante-lucia-perez-para-o-proximo-numero-da-nosa-revista-3\/"},"wordCount":172,"commentCount":0,"image":{"@id":"https:\/\/alume.org\/entrevistamos-a-cantante-lucia-perez-para-o-proximo-numero-da-nosa-revista-3\/#primaryimage"},"thumbnailUrl":"https:\/\/alume.org\/wp-content\/uploads\/2015\/10\/DSC03187.jpg","articleSection":["Novas"],"inLanguage":"es","potentialAction":[{"@type":"CommentAction","name":"Comment","target":["https:\/\/alume.org\/entrevistamos-a-cantante-lucia-perez-para-o-proximo-numero-da-nosa-revista-3\/#respond"]}]},{"@type":"WebPage","@id":"https:\/\/alume.org\/entrevistamos-a-cantante-lucia-perez-para-o-proximo-numero-da-nosa-revista-3\/","url":"https:\/\/alume.org\/entrevistamos-a-cantante-lucia-perez-para-o-proximo-numero-da-nosa-revista-3\/","name":"Entrevistamos \u00e1 cantante Luc\u00eda P\u00e9rez para o pr\u00f3ximo n\u00famero da nosa revista - Alume","isPartOf":{"@id":"https:\/\/alume.org\/es\/#website"},"primaryImageOfPage":{"@id":"https:\/\/alume.org\/entrevistamos-a-cantante-lucia-perez-para-o-proximo-numero-da-nosa-revista-3\/#primaryimage"},"image":{"@id":"https:\/\/alume.org\/entrevistamos-a-cantante-lucia-perez-para-o-proximo-numero-da-nosa-revista-3\/#primaryimage"},"thumbnailUrl":"https:\/\/alume.org\/wp-content\/uploads\/2015\/10\/DSC03187.jpg","datePublished":"2015-01-27T00:00:00+00:00","dateModified":"2015-10-08T08:28:22+00:00","author":{"@id":"https:\/\/alume.org\/es\/#\/schema\/person\/6e8d9dc61906f446062bcd178142786e"},"breadcrumb":{"@id":"https:\/\/alume.org\/entrevistamos-a-cantante-lucia-perez-para-o-proximo-numero-da-nosa-revista-3\/#breadcrumb"},"inLanguage":"es","potentialAction":[{"@type":"ReadAction","target":["https:\/\/alume.org\/entrevistamos-a-cantante-lucia-perez-para-o-proximo-numero-da-nosa-revista-3\/"]}]},{"@type":"ImageObject","inLanguage":"es","@id":"https:\/\/alume.org\/entrevistamos-a-cantante-lucia-perez-para-o-proximo-numero-da-nosa-revista-3\/#primaryimage","url":"https:\/\/alume.org\/wp-content\/uploads\/2015\/10\/DSC03187.jpg","contentUrl":"https:\/\/alume.org\/wp-content\/uploads\/2015\/10\/DSC03187.jpg","width":420,"height":279},{"@type":"BreadcrumbList","@id":"https:\/\/alume.org\/entrevistamos-a-cantante-lucia-perez-para-o-proximo-numero-da-nosa-revista-3\/#breadcrumb","itemListElement":[{"@type":"ListItem","position":1,"name":"Portada","item":"https:\/\/alume.org\/es\/"},{"@type":"ListItem","position":2,"name":"Entrevistamos \u00e1 cantante Luc\u00eda P\u00e9rez para o pr\u00f3ximo n\u00famero da nosa revista"}]},{"@type":"WebSite","@id":"https:\/\/alume.org\/es\/#website","url":"https:\/\/alume.org\/es\/","name":"Alume","description":"Sa\u00fade Mental","potentialAction":[{"@type":"SearchAction","target":{"@type":"EntryPoint","urlTemplate":"https:\/\/alume.org\/es\/?s={search_term_string}"},"query-input":{"@type":"PropertyValueSpecification","valueRequired":true,"valueName":"search_term_string"}}],"inLanguage":"es"},{"@type":"Person","@id":"https:\/\/alume.org\/es\/#\/schema\/person\/6e8d9dc61906f446062bcd178142786e","name":"alume"}]}},"_links":{"self":[{"href":"https:\/\/alume.org\/es\/wp-json\/wp\/v2\/posts\/4389","targetHints":{"allow":["GET"]}}],"collection":[{"href":"https:\/\/alume.org\/es\/wp-json\/wp\/v2\/posts"}],"about":[{"href":"https:\/\/alume.org\/es\/wp-json\/wp\/v2\/types\/post"}],"author":[{"embeddable":true,"href":"https:\/\/alume.org\/es\/wp-json\/wp\/v2\/users\/1"}],"replies":[{"embeddable":true,"href":"https:\/\/alume.org\/es\/wp-json\/wp\/v2\/comments?post=4389"}],"version-history":[{"count":0,"href":"https:\/\/alume.org\/es\/wp-json\/wp\/v2\/posts\/4389\/revisions"}],"wp:featuredmedia":[{"embeddable":true,"href":"https:\/\/alume.org\/es\/wp-json\/wp\/v2\/media\/3840"}],"wp:attachment":[{"href":"https:\/\/alume.org\/es\/wp-json\/wp\/v2\/media?parent=4389"}],"wp:term":[{"taxonomy":"category","embeddable":true,"href":"https:\/\/alume.org\/es\/wp-json\/wp\/v2\/categories?post=4389"},{"taxonomy":"post_tag","embeddable":true,"href":"https:\/\/alume.org\/es\/wp-json\/wp\/v2\/tags?post=4389"}],"curies":[{"name":"wp","href":"https:\/\/api.w.org\/{rel}","templated":true}]}}