{"id":4394,"date":"2015-09-10T00:00:00","date_gmt":"2015-09-10T00:00:00","guid":{"rendered":"http:\/\/alume.org\/una-puerta-hacia-la-inclusion-laboral-3\/"},"modified":"2015-10-08T08:28:16","modified_gmt":"2015-10-08T08:28:16","slug":"una-puerta-hacia-la-inclusion-laboral-3","status":"publish","type":"post","link":"https:\/\/alume.org\/es\/una-puerta-hacia-la-inclusion-laboral-3\/","title":{"rendered":"Una puerta hacia la inclusi\u00f3n laboral"},"content":{"rendered":"<p><strong>Los alumnos del curso de jardiner\u00eda de Alume comienzan el periodo de pr\u00e1cticas en empresas p\u00fablicas y privadas del sector. Culmina as\u00ed un intenso periodo formativo de varios meses de duraci\u00f3n.<\/strong><\/p>\n<p>Doce alumnos del curso de jardiner\u00eda que se ha venido impartiendo en Alume, entre los  meses de abril y junio, culminaron este perido formativo con la realizaci\u00f3n de pr\u00e1cticas que comenzaron el pasado mi\u00e9coles en distintas empresas del sector. Esta experiencia  les permitir\u00e1 obtener el certificado de profesionalidad, un aval imprescindible para su incorporaci\u00f3n al mundo laboral.  Cuatro empresas privadas (Verdilugo, Tu Jard\u00edn, Decogarde y Jes\u00fas Jard\u00edn) incorporaron a cinco alumnos de Alume para el cuidado y mantenimiento de viveros, fincas y jardines. Por su parte, la firma  Supulsa, dependiente de la Diputaci\u00f3n Provincial, integr\u00f3 en su plantila a los siete alumnos restantes, con el cometido de acondicionar una parte del camino del transitado paseo de O Rato.  Precisamente esta cuadrilla recibi\u00f3 la visita de la diputada provincial de Benestar, Mari Teijeiro, el d\u00eda que dieron cominezo las pr\u00e1cticas en empresas, en las que tambi\u00e9n participan usuarios de otras asociaciones lucenses que atienden las necesidades de los colectivos con diversidad funcional.<\/p>\n","protected":false},"excerpt":{"rendered":"<p>Los alumnos del curso de jardiner\u00eda de Alume comienzan el periodo de pr\u00e1cticas en empresas p\u00fablicas y privadas del sector. Culmina as\u00ed un intenso periodo formativo de varios meses de duraci\u00f3n. Doce alumnos del curso de jardiner\u00eda que se ha venido impartiendo en Alume, entre los meses de abril y junio, culminaron este perido formativo [&hellip;]<\/p>\n","protected":false},"author":1,"featured_media":4395,"comment_status":"open","ping_status":"closed","sticky":false,"template":"","format":"standard","meta":{"ngg_post_thumbnail":0,"footnotes":""},"categories":[62],"tags":[],"class_list":{"0":"post-4394","1":"post","2":"type-post","3":"status-publish","4":"format-standard","5":"has-post-thumbnail","7":"category-novas"},"yoast_head":"<!-- This site is optimized with the Yoast SEO plugin v27.5 - https:\/\/yoast.com\/product\/yoast-seo-wordpress\/ -->\n<title>Una puerta hacia la inclusi\u00f3n laboral - Alume<\/title>\n<meta name=\"robots\" content=\"index, follow, max-snippet:-1, max-image-preview:large, max-video-preview:-1\" \/>\n<link rel=\"canonical\" href=\"https:\/\/alume.org\/una-puerta-hacia-la-inclusion-laboral-3\/\" \/>\n<meta property=\"og:locale\" content=\"es_ES\" \/>\n<meta property=\"og:type\" content=\"article\" \/>\n<meta property=\"og:title\" content=\"Una puerta hacia la inclusi\u00f3n laboral - Alume\" \/>\n<meta property=\"og:description\" content=\"Los alumnos del curso de jardiner\u00eda de Alume comienzan el periodo de pr\u00e1cticas en empresas p\u00fablicas y privadas del sector. Culmina as\u00ed un intenso periodo formativo de varios meses de duraci\u00f3n. Doce alumnos del curso de jardiner\u00eda que se ha venido impartiendo en Alume, entre los meses de abril y junio, culminaron este perido formativo [&hellip;]\" \/>\n<meta property=\"og:url\" content=\"https:\/\/alume.org\/una-puerta-hacia-la-inclusion-laboral-3\/\" \/>\n<meta property=\"og:site_name\" content=\"Alume\" \/>\n<meta property=\"article:published_time\" content=\"2015-09-10T00:00:00+00:00\" \/>\n<meta property=\"article:modified_time\" content=\"2015-10-08T08:28:16+00:00\" \/>\n<meta property=\"og:image\" content=\"https:\/\/alume.org\/wp-content\/uploads\/2015\/10\/P90900112.jpg\" \/>\n\t<meta property=\"og:image:width\" content=\"1024\" \/>\n\t<meta property=\"og:image:height\" content=\"768\" \/>\n\t<meta property=\"og:image:type\" content=\"image\/jpeg\" \/>\n<meta name=\"author\" content=\"alume\" \/>\n<meta name=\"twitter:card\" content=\"summary_large_image\" \/>\n<meta name=\"twitter:label1\" content=\"Escrito por\" \/>\n\t<meta name=\"twitter:data1\" content=\"alume\" \/>\n\t<meta name=\"twitter:label2\" content=\"Tiempo de lectura\" \/>\n\t<meta name=\"twitter:data2\" content=\"1 minuto\" \/>\n<script type=\"application\/ld+json\" class=\"yoast-schema-graph\">{\"@context\":\"https:\\\/\\\/schema.org\",\"@graph\":[{\"@type\":\"Article\",\"@id\":\"https:\\\/\\\/alume.org\\\/una-puerta-hacia-la-inclusion-laboral-3\\\/#article\",\"isPartOf\":{\"@id\":\"https:\\\/\\\/alume.org\\\/una-puerta-hacia-la-inclusion-laboral-3\\\/\"},\"author\":{\"name\":\"alume\",\"@id\":\"https:\\\/\\\/alume.org\\\/es\\\/#\\\/schema\\\/person\\\/6e8d9dc61906f446062bcd178142786e\"},\"headline\":\"Una puerta hacia la inclusi\u00f3n laboral\",\"datePublished\":\"2015-09-10T00:00:00+00:00\",\"dateModified\":\"2015-10-08T08:28:16+00:00\",\"mainEntityOfPage\":{\"@id\":\"https:\\\/\\\/alume.org\\\/una-puerta-hacia-la-inclusion-laboral-3\\\/\"},\"wordCount\":215,\"commentCount\":0,\"image\":{\"@id\":\"https:\\\/\\\/alume.org\\\/una-puerta-hacia-la-inclusion-laboral-3\\\/#primaryimage\"},\"thumbnailUrl\":\"https:\\\/\\\/alume.org\\\/wp-content\\\/uploads\\\/2015\\\/10\\\/P90900112.jpg\",\"articleSection\":[\"Novas\"],\"inLanguage\":\"es\",\"potentialAction\":[{\"@type\":\"CommentAction\",\"name\":\"Comment\",\"target\":[\"https:\\\/\\\/alume.org\\\/una-puerta-hacia-la-inclusion-laboral-3\\\/#respond\"]}]},{\"@type\":\"WebPage\",\"@id\":\"https:\\\/\\\/alume.org\\\/una-puerta-hacia-la-inclusion-laboral-3\\\/\",\"url\":\"https:\\\/\\\/alume.org\\\/una-puerta-hacia-la-inclusion-laboral-3\\\/\",\"name\":\"Una puerta hacia la inclusi\u00f3n laboral - Alume\",\"isPartOf\":{\"@id\":\"https:\\\/\\\/alume.org\\\/es\\\/#website\"},\"primaryImageOfPage\":{\"@id\":\"https:\\\/\\\/alume.org\\\/una-puerta-hacia-la-inclusion-laboral-3\\\/#primaryimage\"},\"image\":{\"@id\":\"https:\\\/\\\/alume.org\\\/una-puerta-hacia-la-inclusion-laboral-3\\\/#primaryimage\"},\"thumbnailUrl\":\"https:\\\/\\\/alume.org\\\/wp-content\\\/uploads\\\/2015\\\/10\\\/P90900112.jpg\",\"datePublished\":\"2015-09-10T00:00:00+00:00\",\"dateModified\":\"2015-10-08T08:28:16+00:00\",\"author\":{\"@id\":\"https:\\\/\\\/alume.org\\\/es\\\/#\\\/schema\\\/person\\\/6e8d9dc61906f446062bcd178142786e\"},\"breadcrumb\":{\"@id\":\"https:\\\/\\\/alume.org\\\/una-puerta-hacia-la-inclusion-laboral-3\\\/#breadcrumb\"},\"inLanguage\":\"es\",\"potentialAction\":[{\"@type\":\"ReadAction\",\"target\":[\"https:\\\/\\\/alume.org\\\/una-puerta-hacia-la-inclusion-laboral-3\\\/\"]}]},{\"@type\":\"ImageObject\",\"inLanguage\":\"es\",\"@id\":\"https:\\\/\\\/alume.org\\\/una-puerta-hacia-la-inclusion-laboral-3\\\/#primaryimage\",\"url\":\"https:\\\/\\\/alume.org\\\/wp-content\\\/uploads\\\/2015\\\/10\\\/P90900112.jpg\",\"contentUrl\":\"https:\\\/\\\/alume.org\\\/wp-content\\\/uploads\\\/2015\\\/10\\\/P90900112.jpg\",\"width\":1024,\"height\":768},{\"@type\":\"BreadcrumbList\",\"@id\":\"https:\\\/\\\/alume.org\\\/una-puerta-hacia-la-inclusion-laboral-3\\\/#breadcrumb\",\"itemListElement\":[{\"@type\":\"ListItem\",\"position\":1,\"name\":\"Portada\",\"item\":\"https:\\\/\\\/alume.org\\\/es\\\/\"},{\"@type\":\"ListItem\",\"position\":2,\"name\":\"Una puerta hacia la inclusi\u00f3n laboral\"}]},{\"@type\":\"WebSite\",\"@id\":\"https:\\\/\\\/alume.org\\\/es\\\/#website\",\"url\":\"https:\\\/\\\/alume.org\\\/es\\\/\",\"name\":\"Alume\",\"description\":\"Sa\u00fade Mental\",\"potentialAction\":[{\"@type\":\"SearchAction\",\"target\":{\"@type\":\"EntryPoint\",\"urlTemplate\":\"https:\\\/\\\/alume.org\\\/es\\\/?s={search_term_string}\"},\"query-input\":{\"@type\":\"PropertyValueSpecification\",\"valueRequired\":true,\"valueName\":\"search_term_string\"}}],\"inLanguage\":\"es\"},{\"@type\":\"Person\",\"@id\":\"https:\\\/\\\/alume.org\\\/es\\\/#\\\/schema\\\/person\\\/6e8d9dc61906f446062bcd178142786e\",\"name\":\"alume\"}]}<\/script>\n<!-- \/ Yoast SEO plugin. -->","yoast_head_json":{"title":"Una puerta hacia la inclusi\u00f3n laboral - Alume","robots":{"index":"index","follow":"follow","max-snippet":"max-snippet:-1","max-image-preview":"max-image-preview:large","max-video-preview":"max-video-preview:-1"},"canonical":"https:\/\/alume.org\/una-puerta-hacia-la-inclusion-laboral-3\/","og_locale":"es_ES","og_type":"article","og_title":"Una puerta hacia la inclusi\u00f3n laboral - Alume","og_description":"Los alumnos del curso de jardiner\u00eda de Alume comienzan el periodo de pr\u00e1cticas en empresas p\u00fablicas y privadas del sector. Culmina as\u00ed un intenso periodo formativo de varios meses de duraci\u00f3n. Doce alumnos del curso de jardiner\u00eda que se ha venido impartiendo en Alume, entre los meses de abril y junio, culminaron este perido formativo [&hellip;]","og_url":"https:\/\/alume.org\/una-puerta-hacia-la-inclusion-laboral-3\/","og_site_name":"Alume","article_published_time":"2015-09-10T00:00:00+00:00","article_modified_time":"2015-10-08T08:28:16+00:00","og_image":[{"width":1024,"height":768,"url":"https:\/\/alume.org\/wp-content\/uploads\/2015\/10\/P90900112.jpg","type":"image\/jpeg"}],"author":"alume","twitter_card":"summary_large_image","twitter_misc":{"Escrito por":"alume","Tiempo de lectura":"1 minuto"},"schema":{"@context":"https:\/\/schema.org","@graph":[{"@type":"Article","@id":"https:\/\/alume.org\/una-puerta-hacia-la-inclusion-laboral-3\/#article","isPartOf":{"@id":"https:\/\/alume.org\/una-puerta-hacia-la-inclusion-laboral-3\/"},"author":{"name":"alume","@id":"https:\/\/alume.org\/es\/#\/schema\/person\/6e8d9dc61906f446062bcd178142786e"},"headline":"Una puerta hacia la inclusi\u00f3n laboral","datePublished":"2015-09-10T00:00:00+00:00","dateModified":"2015-10-08T08:28:16+00:00","mainEntityOfPage":{"@id":"https:\/\/alume.org\/una-puerta-hacia-la-inclusion-laboral-3\/"},"wordCount":215,"commentCount":0,"image":{"@id":"https:\/\/alume.org\/una-puerta-hacia-la-inclusion-laboral-3\/#primaryimage"},"thumbnailUrl":"https:\/\/alume.org\/wp-content\/uploads\/2015\/10\/P90900112.jpg","articleSection":["Novas"],"inLanguage":"es","potentialAction":[{"@type":"CommentAction","name":"Comment","target":["https:\/\/alume.org\/una-puerta-hacia-la-inclusion-laboral-3\/#respond"]}]},{"@type":"WebPage","@id":"https:\/\/alume.org\/una-puerta-hacia-la-inclusion-laboral-3\/","url":"https:\/\/alume.org\/una-puerta-hacia-la-inclusion-laboral-3\/","name":"Una puerta hacia la inclusi\u00f3n laboral - Alume","isPartOf":{"@id":"https:\/\/alume.org\/es\/#website"},"primaryImageOfPage":{"@id":"https:\/\/alume.org\/una-puerta-hacia-la-inclusion-laboral-3\/#primaryimage"},"image":{"@id":"https:\/\/alume.org\/una-puerta-hacia-la-inclusion-laboral-3\/#primaryimage"},"thumbnailUrl":"https:\/\/alume.org\/wp-content\/uploads\/2015\/10\/P90900112.jpg","datePublished":"2015-09-10T00:00:00+00:00","dateModified":"2015-10-08T08:28:16+00:00","author":{"@id":"https:\/\/alume.org\/es\/#\/schema\/person\/6e8d9dc61906f446062bcd178142786e"},"breadcrumb":{"@id":"https:\/\/alume.org\/una-puerta-hacia-la-inclusion-laboral-3\/#breadcrumb"},"inLanguage":"es","potentialAction":[{"@type":"ReadAction","target":["https:\/\/alume.org\/una-puerta-hacia-la-inclusion-laboral-3\/"]}]},{"@type":"ImageObject","inLanguage":"es","@id":"https:\/\/alume.org\/una-puerta-hacia-la-inclusion-laboral-3\/#primaryimage","url":"https:\/\/alume.org\/wp-content\/uploads\/2015\/10\/P90900112.jpg","contentUrl":"https:\/\/alume.org\/wp-content\/uploads\/2015\/10\/P90900112.jpg","width":1024,"height":768},{"@type":"BreadcrumbList","@id":"https:\/\/alume.org\/una-puerta-hacia-la-inclusion-laboral-3\/#breadcrumb","itemListElement":[{"@type":"ListItem","position":1,"name":"Portada","item":"https:\/\/alume.org\/es\/"},{"@type":"ListItem","position":2,"name":"Una puerta hacia la inclusi\u00f3n laboral"}]},{"@type":"WebSite","@id":"https:\/\/alume.org\/es\/#website","url":"https:\/\/alume.org\/es\/","name":"Alume","description":"Sa\u00fade Mental","potentialAction":[{"@type":"SearchAction","target":{"@type":"EntryPoint","urlTemplate":"https:\/\/alume.org\/es\/?s={search_term_string}"},"query-input":{"@type":"PropertyValueSpecification","valueRequired":true,"valueName":"search_term_string"}}],"inLanguage":"es"},{"@type":"Person","@id":"https:\/\/alume.org\/es\/#\/schema\/person\/6e8d9dc61906f446062bcd178142786e","name":"alume"}]}},"_links":{"self":[{"href":"https:\/\/alume.org\/es\/wp-json\/wp\/v2\/posts\/4394","targetHints":{"allow":["GET"]}}],"collection":[{"href":"https:\/\/alume.org\/es\/wp-json\/wp\/v2\/posts"}],"about":[{"href":"https:\/\/alume.org\/es\/wp-json\/wp\/v2\/types\/post"}],"author":[{"embeddable":true,"href":"https:\/\/alume.org\/es\/wp-json\/wp\/v2\/users\/1"}],"replies":[{"embeddable":true,"href":"https:\/\/alume.org\/es\/wp-json\/wp\/v2\/comments?post=4394"}],"version-history":[{"count":0,"href":"https:\/\/alume.org\/es\/wp-json\/wp\/v2\/posts\/4394\/revisions"}],"wp:featuredmedia":[{"embeddable":true,"href":"https:\/\/alume.org\/es\/wp-json\/wp\/v2\/media\/4395"}],"wp:attachment":[{"href":"https:\/\/alume.org\/es\/wp-json\/wp\/v2\/media?parent=4394"}],"wp:term":[{"taxonomy":"category","embeddable":true,"href":"https:\/\/alume.org\/es\/wp-json\/wp\/v2\/categories?post=4394"},{"taxonomy":"post_tag","embeddable":true,"href":"https:\/\/alume.org\/es\/wp-json\/wp\/v2\/tags?post=4394"}],"curies":[{"name":"wp","href":"https:\/\/api.w.org\/{rel}","templated":true}]}}