{"id":4402,"date":"2013-12-23T00:00:00","date_gmt":"2013-12-23T00:00:00","guid":{"rendered":"http:\/\/alume.org\/alume-recibe-un-donativo-da-xi-carreira-e-on-lugo-monumental-3\/"},"modified":"2019-02-15T09:06:45","modified_gmt":"2019-02-15T09:06:45","slug":"alume-recibe-un-donativo-da-xi-carreira-e-on-lugo-monumental-3","status":"publish","type":"post","link":"https:\/\/alume.org\/es\/alume-recibe-un-donativo-da-xi-carreira-e-on-lugo-monumental-3\/","title":{"rendered":"Alume recibe un donativo da XI Carreira E.On Lugo Monumental"},"content":{"rendered":"<p><strong>A nosa asociaci\u00f3n recibiu este domingo 22 de decembro un donativo de 1.800 euros, que corresponden ao 30% da recadaci\u00f3n efectuada a trav\u00e9s das inscrici\u00f3ns da XI Carreira E.On Lugo Monumental, organizada polo Concello de Lugo e patrocinada polas empresas E.On, El Progreso, Larsa e Seguros Divina Pastora.<\/strong><\/p>\n<p>A nosa asociaci\u00f3n v\u00e9n de recibir un donativo de 1.800 euros, da man dos organizadores da [XI Carreira E.On Lugo Monumental], que se desenvolveu durante a ma\u00f1\u00e1 do domingo 22 de decembro, nun percorrido por toda a cidade que partiu, como novidade este ano, da parte de diante da Mosquera, emblem\u00e1tico tramo da Muralla de Lugo. A competici\u00f3n dos nenos e nenas comezou \u00e1s 11h00, xusto unha hora antes que a de adultos, na que participaron arredor de tres mil persoas, percorrendo os 10 quil\u00f3metros de ruta, polo centro da cidade. Na competici\u00f3n masculina venceu Nicol\u00e1s Arrojo, quen entrou na meta por diante de Juan Pena e Javier Veiga. Na categor\u00eda femenina, Mar\u00eda del Carmen Penas f\u00edxose coa victoria, por diante de Aroa Freije -a primeira lucense en atravesar a meta-, e Pilar N\u00fa\u00f1ez. Os trofeos da proba, organizada polo <a href=\"http:\/\/www.lugo.es\/cs\/Satellite?pagename=Lugo\/Page\/LugoInicio\">Concello de Lugo<\/a>, e patrocinada por <a href=\"http:\/\/elprogreso.galiciae.com\/\">El Progreso<\/a>, E.On, <a href=\"http:\/\/leitelarsa.es\/\">Larsa<\/a> e <a href=\"http:\/\/www.divinapastora.com\/\">Seguros Divina Pastora<\/a>, foron elaborados nos obradoiros de cer\u00e1mica de Alume, polas persoas usuarias da nosa asociaci\u00f3n. As\u00ed mesmo, ap\u00f3s a entrega de premios para os e as participantes, os organizadores fix\u00e9ronlle entrega a Alume, na man do seu presidente, Manuel Fern\u00e1ndez Prado, do donativo de 1.800 euros, correspondentes ao 30% da recadaci\u00f3n feita coas inscrici\u00f3ns da proba. Ademais disto, as persoas usuarias da nosa asociaci\u00f3n elaboraron os trofeos de cer\u00e1mica que se entregaron ao finalizar a proba, por encargo do <a href=\"https:\/\/www.facebook.com\/montepenarubiarunning\">Club Montepenarubia<\/a>, que leva xa alg\u00fan tempo apoiando o labor que realizamos na nosa asociaci\u00f3n encargando os noso produtos. [Iniciativas como esta dannos azos para continuar desenvolvendo o noso traballo pola mellora da atenci\u00f3n en sa\u00fade mental, e pola recuperaci\u00f3n das persoas con trastorno mental severo de Lugo e da s\u00faa comarca. Grazas.] {Na imaxe, momento de entrega do donativo por parte da organizaci\u00f3n da Lugo Monumental. Manuel Fern\u00e1ndez recibe o tal\u00f3n en representaci\u00f3n de Alume. A imaxe foi feita polo Club Montepenarubia.}<\/p>\n","protected":false},"excerpt":{"rendered":"<p>A nosa asociaci\u00f3n recibiu este domingo 22 de decembro un donativo de 1.800 euros, que corresponden ao 30% da recadaci\u00f3n efectuada a trav\u00e9s das inscrici\u00f3ns da XI Carreira E.On Lugo Monumental, organizada polo Concello de Lugo e patrocinada polas empresas E.On, El Progreso, Larsa e Seguros Divina Pastora. A nosa asociaci\u00f3n v\u00e9n de recibir un [&hellip;]<\/p>\n","protected":false},"author":1,"featured_media":3859,"comment_status":"open","ping_status":"closed","sticky":false,"template":"","format":"standard","meta":{"ngg_post_thumbnail":0,"footnotes":""},"categories":[1],"tags":[],"class_list":{"0":"post-4402","1":"post","2":"type-post","3":"status-publish","4":"format-standard","5":"has-post-thumbnail","7":"category-uncategorized-gl"},"yoast_head":"<!-- This site is optimized with the Yoast SEO plugin v27.5 - https:\/\/yoast.com\/product\/yoast-seo-wordpress\/ -->\n<title>Alume recibe un donativo da XI Carreira E.On Lugo Monumental - Alume<\/title>\n<meta name=\"robots\" content=\"index, follow, max-snippet:-1, max-image-preview:large, max-video-preview:-1\" \/>\n<link rel=\"canonical\" href=\"https:\/\/alume.org\/alume-recibe-un-donativo-da-xi-carreira-e-on-lugo-monumental-3\/\" \/>\n<meta property=\"og:locale\" content=\"es_ES\" \/>\n<meta property=\"og:type\" content=\"article\" \/>\n<meta property=\"og:title\" content=\"Alume recibe un donativo da XI Carreira E.On Lugo Monumental - Alume\" \/>\n<meta property=\"og:description\" content=\"A nosa asociaci\u00f3n recibiu este domingo 22 de decembro un donativo de 1.800 euros, que corresponden ao 30% da recadaci\u00f3n efectuada a trav\u00e9s das inscrici\u00f3ns da XI Carreira E.On Lugo Monumental, organizada polo Concello de Lugo e patrocinada polas empresas E.On, El Progreso, Larsa e Seguros Divina Pastora. A nosa asociaci\u00f3n v\u00e9n de recibir un [&hellip;]\" \/>\n<meta property=\"og:url\" content=\"https:\/\/alume.org\/alume-recibe-un-donativo-da-xi-carreira-e-on-lugo-monumental-3\/\" \/>\n<meta property=\"og:site_name\" content=\"Alume\" \/>\n<meta property=\"article:published_time\" content=\"2013-12-23T00:00:00+00:00\" \/>\n<meta property=\"article:modified_time\" content=\"2019-02-15T09:06:45+00:00\" \/>\n<meta property=\"og:image\" content=\"https:\/\/alume.org\/wp-content\/uploads\/2015\/10\/eo.jpg\" \/>\n\t<meta property=\"og:image:width\" content=\"440\" \/>\n\t<meta property=\"og:image:height\" content=\"340\" \/>\n\t<meta property=\"og:image:type\" content=\"image\/jpeg\" \/>\n<meta name=\"author\" content=\"alume\" \/>\n<meta name=\"twitter:card\" content=\"summary_large_image\" \/>\n<meta name=\"twitter:label1\" content=\"Escrito por\" \/>\n\t<meta name=\"twitter:data1\" content=\"alume\" \/>\n\t<meta name=\"twitter:label2\" content=\"Tiempo de lectura\" \/>\n\t<meta name=\"twitter:data2\" content=\"2 minutos\" \/>\n<script type=\"application\/ld+json\" class=\"yoast-schema-graph\">{\"@context\":\"https:\\\/\\\/schema.org\",\"@graph\":[{\"@type\":\"Article\",\"@id\":\"https:\\\/\\\/alume.org\\\/alume-recibe-un-donativo-da-xi-carreira-e-on-lugo-monumental-3\\\/#article\",\"isPartOf\":{\"@id\":\"https:\\\/\\\/alume.org\\\/alume-recibe-un-donativo-da-xi-carreira-e-on-lugo-monumental-3\\\/\"},\"author\":{\"name\":\"alume\",\"@id\":\"https:\\\/\\\/alume.org\\\/es\\\/#\\\/schema\\\/person\\\/6e8d9dc61906f446062bcd178142786e\"},\"headline\":\"Alume recibe un donativo da XI Carreira E.On Lugo Monumental\",\"datePublished\":\"2013-12-23T00:00:00+00:00\",\"dateModified\":\"2019-02-15T09:06:45+00:00\",\"mainEntityOfPage\":{\"@id\":\"https:\\\/\\\/alume.org\\\/alume-recibe-un-donativo-da-xi-carreira-e-on-lugo-monumental-3\\\/\"},\"wordCount\":404,\"commentCount\":0,\"image\":{\"@id\":\"https:\\\/\\\/alume.org\\\/alume-recibe-un-donativo-da-xi-carreira-e-on-lugo-monumental-3\\\/#primaryimage\"},\"thumbnailUrl\":\"https:\\\/\\\/alume.org\\\/wp-content\\\/uploads\\\/2015\\\/10\\\/eo.jpg\",\"articleSection\":[\"Uncategorized @gl\"],\"inLanguage\":\"es\",\"potentialAction\":[{\"@type\":\"CommentAction\",\"name\":\"Comment\",\"target\":[\"https:\\\/\\\/alume.org\\\/alume-recibe-un-donativo-da-xi-carreira-e-on-lugo-monumental-3\\\/#respond\"]}]},{\"@type\":\"WebPage\",\"@id\":\"https:\\\/\\\/alume.org\\\/alume-recibe-un-donativo-da-xi-carreira-e-on-lugo-monumental-3\\\/\",\"url\":\"https:\\\/\\\/alume.org\\\/alume-recibe-un-donativo-da-xi-carreira-e-on-lugo-monumental-3\\\/\",\"name\":\"Alume recibe un donativo da XI Carreira E.On Lugo Monumental - Alume\",\"isPartOf\":{\"@id\":\"https:\\\/\\\/alume.org\\\/es\\\/#website\"},\"primaryImageOfPage\":{\"@id\":\"https:\\\/\\\/alume.org\\\/alume-recibe-un-donativo-da-xi-carreira-e-on-lugo-monumental-3\\\/#primaryimage\"},\"image\":{\"@id\":\"https:\\\/\\\/alume.org\\\/alume-recibe-un-donativo-da-xi-carreira-e-on-lugo-monumental-3\\\/#primaryimage\"},\"thumbnailUrl\":\"https:\\\/\\\/alume.org\\\/wp-content\\\/uploads\\\/2015\\\/10\\\/eo.jpg\",\"datePublished\":\"2013-12-23T00:00:00+00:00\",\"dateModified\":\"2019-02-15T09:06:45+00:00\",\"author\":{\"@id\":\"https:\\\/\\\/alume.org\\\/es\\\/#\\\/schema\\\/person\\\/6e8d9dc61906f446062bcd178142786e\"},\"breadcrumb\":{\"@id\":\"https:\\\/\\\/alume.org\\\/alume-recibe-un-donativo-da-xi-carreira-e-on-lugo-monumental-3\\\/#breadcrumb\"},\"inLanguage\":\"es\",\"potentialAction\":[{\"@type\":\"ReadAction\",\"target\":[\"https:\\\/\\\/alume.org\\\/alume-recibe-un-donativo-da-xi-carreira-e-on-lugo-monumental-3\\\/\"]}]},{\"@type\":\"ImageObject\",\"inLanguage\":\"es\",\"@id\":\"https:\\\/\\\/alume.org\\\/alume-recibe-un-donativo-da-xi-carreira-e-on-lugo-monumental-3\\\/#primaryimage\",\"url\":\"https:\\\/\\\/alume.org\\\/wp-content\\\/uploads\\\/2015\\\/10\\\/eo.jpg\",\"contentUrl\":\"https:\\\/\\\/alume.org\\\/wp-content\\\/uploads\\\/2015\\\/10\\\/eo.jpg\",\"width\":440,\"height\":340},{\"@type\":\"BreadcrumbList\",\"@id\":\"https:\\\/\\\/alume.org\\\/alume-recibe-un-donativo-da-xi-carreira-e-on-lugo-monumental-3\\\/#breadcrumb\",\"itemListElement\":[{\"@type\":\"ListItem\",\"position\":1,\"name\":\"Portada\",\"item\":\"https:\\\/\\\/alume.org\\\/es\\\/\"},{\"@type\":\"ListItem\",\"position\":2,\"name\":\"Alume recibe un donativo da XI Carreira E.On Lugo Monumental\"}]},{\"@type\":\"WebSite\",\"@id\":\"https:\\\/\\\/alume.org\\\/es\\\/#website\",\"url\":\"https:\\\/\\\/alume.org\\\/es\\\/\",\"name\":\"Alume\",\"description\":\"Sa\u00fade Mental\",\"potentialAction\":[{\"@type\":\"SearchAction\",\"target\":{\"@type\":\"EntryPoint\",\"urlTemplate\":\"https:\\\/\\\/alume.org\\\/es\\\/?s={search_term_string}\"},\"query-input\":{\"@type\":\"PropertyValueSpecification\",\"valueRequired\":true,\"valueName\":\"search_term_string\"}}],\"inLanguage\":\"es\"},{\"@type\":\"Person\",\"@id\":\"https:\\\/\\\/alume.org\\\/es\\\/#\\\/schema\\\/person\\\/6e8d9dc61906f446062bcd178142786e\",\"name\":\"alume\"}]}<\/script>\n<!-- \/ Yoast SEO plugin. -->","yoast_head_json":{"title":"Alume recibe un donativo da XI Carreira E.On Lugo Monumental - Alume","robots":{"index":"index","follow":"follow","max-snippet":"max-snippet:-1","max-image-preview":"max-image-preview:large","max-video-preview":"max-video-preview:-1"},"canonical":"https:\/\/alume.org\/alume-recibe-un-donativo-da-xi-carreira-e-on-lugo-monumental-3\/","og_locale":"es_ES","og_type":"article","og_title":"Alume recibe un donativo da XI Carreira E.On Lugo Monumental - Alume","og_description":"A nosa asociaci\u00f3n recibiu este domingo 22 de decembro un donativo de 1.800 euros, que corresponden ao 30% da recadaci\u00f3n efectuada a trav\u00e9s das inscrici\u00f3ns da XI Carreira E.On Lugo Monumental, organizada polo Concello de Lugo e patrocinada polas empresas E.On, El Progreso, Larsa e Seguros Divina Pastora. A nosa asociaci\u00f3n v\u00e9n de recibir un [&hellip;]","og_url":"https:\/\/alume.org\/alume-recibe-un-donativo-da-xi-carreira-e-on-lugo-monumental-3\/","og_site_name":"Alume","article_published_time":"2013-12-23T00:00:00+00:00","article_modified_time":"2019-02-15T09:06:45+00:00","og_image":[{"width":440,"height":340,"url":"https:\/\/alume.org\/wp-content\/uploads\/2015\/10\/eo.jpg","type":"image\/jpeg"}],"author":"alume","twitter_card":"summary_large_image","twitter_misc":{"Escrito por":"alume","Tiempo de lectura":"2 minutos"},"schema":{"@context":"https:\/\/schema.org","@graph":[{"@type":"Article","@id":"https:\/\/alume.org\/alume-recibe-un-donativo-da-xi-carreira-e-on-lugo-monumental-3\/#article","isPartOf":{"@id":"https:\/\/alume.org\/alume-recibe-un-donativo-da-xi-carreira-e-on-lugo-monumental-3\/"},"author":{"name":"alume","@id":"https:\/\/alume.org\/es\/#\/schema\/person\/6e8d9dc61906f446062bcd178142786e"},"headline":"Alume recibe un donativo da XI Carreira E.On Lugo Monumental","datePublished":"2013-12-23T00:00:00+00:00","dateModified":"2019-02-15T09:06:45+00:00","mainEntityOfPage":{"@id":"https:\/\/alume.org\/alume-recibe-un-donativo-da-xi-carreira-e-on-lugo-monumental-3\/"},"wordCount":404,"commentCount":0,"image":{"@id":"https:\/\/alume.org\/alume-recibe-un-donativo-da-xi-carreira-e-on-lugo-monumental-3\/#primaryimage"},"thumbnailUrl":"https:\/\/alume.org\/wp-content\/uploads\/2015\/10\/eo.jpg","articleSection":["Uncategorized @gl"],"inLanguage":"es","potentialAction":[{"@type":"CommentAction","name":"Comment","target":["https:\/\/alume.org\/alume-recibe-un-donativo-da-xi-carreira-e-on-lugo-monumental-3\/#respond"]}]},{"@type":"WebPage","@id":"https:\/\/alume.org\/alume-recibe-un-donativo-da-xi-carreira-e-on-lugo-monumental-3\/","url":"https:\/\/alume.org\/alume-recibe-un-donativo-da-xi-carreira-e-on-lugo-monumental-3\/","name":"Alume recibe un donativo da XI Carreira E.On Lugo Monumental - Alume","isPartOf":{"@id":"https:\/\/alume.org\/es\/#website"},"primaryImageOfPage":{"@id":"https:\/\/alume.org\/alume-recibe-un-donativo-da-xi-carreira-e-on-lugo-monumental-3\/#primaryimage"},"image":{"@id":"https:\/\/alume.org\/alume-recibe-un-donativo-da-xi-carreira-e-on-lugo-monumental-3\/#primaryimage"},"thumbnailUrl":"https:\/\/alume.org\/wp-content\/uploads\/2015\/10\/eo.jpg","datePublished":"2013-12-23T00:00:00+00:00","dateModified":"2019-02-15T09:06:45+00:00","author":{"@id":"https:\/\/alume.org\/es\/#\/schema\/person\/6e8d9dc61906f446062bcd178142786e"},"breadcrumb":{"@id":"https:\/\/alume.org\/alume-recibe-un-donativo-da-xi-carreira-e-on-lugo-monumental-3\/#breadcrumb"},"inLanguage":"es","potentialAction":[{"@type":"ReadAction","target":["https:\/\/alume.org\/alume-recibe-un-donativo-da-xi-carreira-e-on-lugo-monumental-3\/"]}]},{"@type":"ImageObject","inLanguage":"es","@id":"https:\/\/alume.org\/alume-recibe-un-donativo-da-xi-carreira-e-on-lugo-monumental-3\/#primaryimage","url":"https:\/\/alume.org\/wp-content\/uploads\/2015\/10\/eo.jpg","contentUrl":"https:\/\/alume.org\/wp-content\/uploads\/2015\/10\/eo.jpg","width":440,"height":340},{"@type":"BreadcrumbList","@id":"https:\/\/alume.org\/alume-recibe-un-donativo-da-xi-carreira-e-on-lugo-monumental-3\/#breadcrumb","itemListElement":[{"@type":"ListItem","position":1,"name":"Portada","item":"https:\/\/alume.org\/es\/"},{"@type":"ListItem","position":2,"name":"Alume recibe un donativo da XI Carreira E.On Lugo Monumental"}]},{"@type":"WebSite","@id":"https:\/\/alume.org\/es\/#website","url":"https:\/\/alume.org\/es\/","name":"Alume","description":"Sa\u00fade Mental","potentialAction":[{"@type":"SearchAction","target":{"@type":"EntryPoint","urlTemplate":"https:\/\/alume.org\/es\/?s={search_term_string}"},"query-input":{"@type":"PropertyValueSpecification","valueRequired":true,"valueName":"search_term_string"}}],"inLanguage":"es"},{"@type":"Person","@id":"https:\/\/alume.org\/es\/#\/schema\/person\/6e8d9dc61906f446062bcd178142786e","name":"alume"}]}},"_links":{"self":[{"href":"https:\/\/alume.org\/es\/wp-json\/wp\/v2\/posts\/4402","targetHints":{"allow":["GET"]}}],"collection":[{"href":"https:\/\/alume.org\/es\/wp-json\/wp\/v2\/posts"}],"about":[{"href":"https:\/\/alume.org\/es\/wp-json\/wp\/v2\/types\/post"}],"author":[{"embeddable":true,"href":"https:\/\/alume.org\/es\/wp-json\/wp\/v2\/users\/1"}],"replies":[{"embeddable":true,"href":"https:\/\/alume.org\/es\/wp-json\/wp\/v2\/comments?post=4402"}],"version-history":[{"count":0,"href":"https:\/\/alume.org\/es\/wp-json\/wp\/v2\/posts\/4402\/revisions"}],"wp:featuredmedia":[{"embeddable":true,"href":"https:\/\/alume.org\/es\/wp-json\/wp\/v2\/media\/3859"}],"wp:attachment":[{"href":"https:\/\/alume.org\/es\/wp-json\/wp\/v2\/media?parent=4402"}],"wp:term":[{"taxonomy":"category","embeddable":true,"href":"https:\/\/alume.org\/es\/wp-json\/wp\/v2\/categories?post=4402"},{"taxonomy":"post_tag","embeddable":true,"href":"https:\/\/alume.org\/es\/wp-json\/wp\/v2\/tags?post=4402"}],"curies":[{"name":"wp","href":"https:\/\/api.w.org\/{rel}","templated":true}]}}