{"id":4712,"date":"2015-10-20T11:47:27","date_gmt":"2015-10-20T11:47:27","guid":{"rendered":"http:\/\/alume.org\/?p=4712"},"modified":"2015-10-29T09:38:11","modified_gmt":"2015-10-29T09:38:11","slug":"a-nosa-saude-2","status":"publish","type":"post","link":"https:\/\/alume.org\/es\/a-nosa-saude-2\/","title":{"rendered":"\u00a1\u00a1A nosa sa\u00fade!!"},"content":{"rendered":"<p align=\"JUSTIFY\"><a href=\"http:\/\/alume.org\/wp-content\/uploads\/2015\/10\/D\u00eda-salud-mental-2015-20-aniversario-192.jpg\"><img loading=\"lazy\" decoding=\"async\" class=\"wp-image-4697 alignnone\" src=\"http:\/\/alume.org\/wp-content\/uploads\/2015\/10\/D\u00eda-salud-mental-2015-20-aniversario-192-300x200.jpg\" alt=\"D\u00eda salud mental 2015- 20 aniversario (19)\" width=\"402\" height=\"268\" srcset=\"https:\/\/alume.org\/wp-content\/uploads\/2015\/10\/D\u00eda-salud-mental-2015-20-aniversario-192-300x200.jpg 300w, https:\/\/alume.org\/wp-content\/uploads\/2015\/10\/D\u00eda-salud-mental-2015-20-aniversario-192.jpg 1024w, https:\/\/alume.org\/wp-content\/uploads\/2015\/10\/D\u00eda-salud-mental-2015-20-aniversario-192-600x399.jpg 600w\" sizes=\"auto, (max-width: 402px) 100vw, 402px\" \/><\/a><a href=\"http:\/\/alume.org\/wp-content\/uploads\/2015\/10\/D\u00eda-salud-mental-2015-20-aniversario-11.jpg\"><img loading=\"lazy\" decoding=\"async\" class=\"wp-image-4693 alignnone\" src=\"http:\/\/alume.org\/wp-content\/uploads\/2015\/10\/D\u00eda-salud-mental-2015-20-aniversario-11-300x200.jpg\" alt=\"D\u00eda salud mental 2015- 20 aniversario (1)\" width=\"399\" height=\"266\" srcset=\"https:\/\/alume.org\/wp-content\/uploads\/2015\/10\/D\u00eda-salud-mental-2015-20-aniversario-11-300x200.jpg 300w, https:\/\/alume.org\/wp-content\/uploads\/2015\/10\/D\u00eda-salud-mental-2015-20-aniversario-11.jpg 1024w, https:\/\/alume.org\/wp-content\/uploads\/2015\/10\/D\u00eda-salud-mental-2015-20-aniversario-11-600x399.jpg 600w\" sizes=\"auto, (max-width: 399px) 100vw, 399px\" \/><\/a><\/p>\n<p align=\"JUSTIFY\"><span style=\"font-size: large;\">Un ano m\u00e1is a xente de Alume de Lugo e Guitiriz xunt\u00e1monos nuha doble festa. Por unha banda, o D\u00eda Mundial da Sa\u00fade Mental, que se conmemorou en todo o Estado o\u00a0 d\u00eda 10 de outubro. E por outro, os 20 anos de Alume. \u00a1Nada menos!. Cantas cousas levan pasado neste tempo&#8230;..<\/span><\/p>\n<p align=\"JUSTIFY\"><span style=\"font-size: large;\">A xuntanza tivo lugar no Mes\u00f3n de Abel, arredor dunha pulpada estupenda, que para iso estabamos en plenas festas de San Froil\u00e1n.<\/span><\/p>\n<p align=\"JUSTIFY\"><span style=\"font-size: large;\">Como sempre, foi unha satisfacci\u00f3n reencontrarse cos compa\u00f1eiros de \u00e1mbolosdous centros: usuarios e monitores que antes da apertura da nosa casa chairega estiveron na de Lugo. Bueno, moitos deles, porque tanto ac\u00f3 como acol\u00e1 h\u00f3ubo novas incorporaci\u00f3ns. <\/span><\/p>\n<p align=\"JUSTIFY\"><span style=\"font-size: large;\">A verdade \u00e9 que daba gusto vernos, todos guapos e, sobre todo, encantados de nos atopar de novo. Guapos e con bo apetito. Por iso Manuel Fern\u00e1ndez, o noso presidente, non se entretivo demasiado na intervenci\u00f3n de apertura do aconecemento, no que iste ano se nomeou socia de honra a Dolores Osorio. \u00a1Quen non lembra aquel torrente de enerx\u00eda, inxenio, bondade e inelixencia posta ao servizo da causa, \u00a1da nosa causa.!<\/span><\/p>\n<p align=\"JUSTIFY\"><span style=\"font-size: large;\">As\u00ed o reco\u00f1eceu o presidene de Alume, nunha emotiva evocaci\u00f3n desta compa\u00f1eira e amiga, psic\u00f3loga brillante e magn\u00edfica xestora, que dirix\u00edu con acerto a entidade cando votaba a cami\u00f1ar, e coa que se volcou ata que se lle parou aquel coraz\u00f3n grande, no que cabiamos todos, un mal d\u00eda do 2008&#8230;<\/span><\/p>\n<p align=\"JUSTIFY\"><span style=\"font-size: large;\">O seu irm\u00e1n, Pedro Osorio, recolleu emocionado un agasallo feito nos obradoiros de artesan\u00eda do centro, entre a ovaci\u00f3n, non menos sentida, de cantos estabamos al\u00ed.<\/span><\/p>\n<p align=\"JUSTIFY\"><span style=\"font-size: large;\">Co seu recordo, Manuel repasou nun momento a vida de Alume, cos cambios de ubicaci\u00f3n, cando os zapatos \u00edan queando pequenos por mor dos novos programas e actividades e, sobre todo, para atender mellor as necesidades dos usuarios que se foron incorporando co paso do tempo.<\/span><\/p>\n<p align=\"JUSTIFY\"><span style=\"font-size: large;\">Non faltaron as novidades, como a presentaci\u00f3n da nova p\u00e1xina web de Alume, que todos esperabamos con ilusi\u00f3n, e que non defraudou as expectativas.<br \/>\n<\/span><\/p>\n<p align=\"JUSTIFY\"><span style=\"font-size: large;\">Tras as palabras de benvinda, todos puxemos mans ao prato, para gozar dunha estupenda comida. A sobremesa, como sempre moi animada, non se prolongou demasiado. Estabamos de festas e a xente de Guitiriz non quer\u00edan marchar sen tomarlle o pulso as patronais lucenes. As\u00ed que colleron cara ao feiral cos compa\u00f1eiros de Lugo, para gozar todos xuntos do estupendo ambiente festivo.<\/span><\/p>\n<p align=\"JUSTIFY\"><strong>RETROSPECTIVA<\/strong><\/p>\n<p align=\"JUSTIFY\"><span style=\"font-size: large;\">Pola tardi\u00f1a, na s\u00e9 de Alume, montouse unha mostra fotogr\u00e1fica que recolle os vinte anos de vida da entidade. Unha sorpresa m\u00e1is para cantos, despois dos festivos, se reincorporaron \u00e1s actividades do centro. <\/span><\/p>\n<p align=\"JUSTIFY\"><span style=\"font-size: large;\">Nada m\u00e1is rematar a montaxe, sa\u00edmos correndo para Ram\u00f3n Ferreiro, onde se celebraba o mercadi\u00f1o Gastroarte. Al\u00ed estivemos ao pe do can\u00f3n durante d\u00faas xornadas, mostrando ao p\u00fablico o bo facer dos nosos obradoios de artesan\u00eda, adem\u00e1is de informar das actividades e programas que desenvolvemos na nosa organizaci\u00f3n. Por certo, que a\u00ednda que sexa presumir un pouco, a verdade \u00e9 que a produci\u00f3n artesanal de Alume tivo moi boa acollida por parte dos moitos visitantes que pasaron polo stand.<br \/>\n<\/span><\/p>\n<p style=\"text-align: center;\" align=\"JUSTIFY\"><strong>\u00a0<\/strong><\/p>\n","protected":false},"excerpt":{"rendered":"<p>Un ano m\u00e1is a xente de Alume de Lugo e Guitiriz xunt\u00e1monos nuha doble festa. Por unha banda, o D\u00eda Mundial da Sa\u00fade Mental, que se conmemorou en todo o Estado o\u00a0 d\u00eda 10 de outubro. E por outro, os 20 anos de Alume. \u00a1Nada menos!. Cantas cousas levan pasado neste tempo&#8230;.. A xuntanza tivo [&hellip;]<\/p>\n","protected":false},"author":3,"featured_media":4692,"comment_status":"closed","ping_status":"closed","sticky":false,"template":"","format":"standard","meta":{"ngg_post_thumbnail":0,"footnotes":""},"categories":[62],"tags":[],"class_list":{"0":"post-4712","1":"post","2":"type-post","3":"status-publish","4":"format-standard","5":"has-post-thumbnail","7":"category-novas"},"yoast_head":"<!-- This site is optimized with the Yoast SEO plugin v27.5 - https:\/\/yoast.com\/product\/yoast-seo-wordpress\/ -->\n<title>\u00a1\u00a1A nosa sa\u00fade!! - Alume<\/title>\n<meta name=\"robots\" content=\"index, follow, max-snippet:-1, max-image-preview:large, max-video-preview:-1\" \/>\n<link rel=\"canonical\" href=\"https:\/\/alume.org\/es\/a-nosa-saude-2\/\" \/>\n<meta property=\"og:locale\" content=\"es_ES\" \/>\n<meta property=\"og:type\" content=\"article\" \/>\n<meta property=\"og:title\" content=\"\u00a1\u00a1A nosa sa\u00fade!! - Alume\" \/>\n<meta property=\"og:description\" content=\"Un ano m\u00e1is a xente de Alume de Lugo e Guitiriz xunt\u00e1monos nuha doble festa. Por unha banda, o D\u00eda Mundial da Sa\u00fade Mental, que se conmemorou en todo o Estado o\u00a0 d\u00eda 10 de outubro. E por outro, os 20 anos de Alume. \u00a1Nada menos!. Cantas cousas levan pasado neste tempo&#8230;.. A xuntanza tivo [&hellip;]\" \/>\n<meta property=\"og:url\" content=\"https:\/\/alume.org\/es\/a-nosa-saude-2\/\" \/>\n<meta property=\"og:site_name\" content=\"Alume\" \/>\n<meta property=\"article:published_time\" content=\"2015-10-20T11:47:27+00:00\" \/>\n<meta property=\"article:modified_time\" content=\"2015-10-29T09:38:11+00:00\" \/>\n<meta property=\"og:image\" content=\"https:\/\/alume.org\/wp-content\/uploads\/2015\/10\/D\u00eda-salud-mental-2015-20-aniversario-1.jpg\" \/>\n\t<meta property=\"og:image:width\" content=\"1024\" \/>\n\t<meta property=\"og:image:height\" content=\"681\" \/>\n\t<meta property=\"og:image:type\" content=\"image\/jpeg\" \/>\n<meta name=\"author\" content=\"comunicacion\" \/>\n<meta name=\"twitter:card\" content=\"summary_large_image\" \/>\n<meta name=\"twitter:label1\" content=\"Escrito por\" \/>\n\t<meta name=\"twitter:data1\" content=\"comunicacion\" \/>\n\t<meta name=\"twitter:label2\" content=\"Tiempo de lectura\" \/>\n\t<meta name=\"twitter:data2\" content=\"3 minutos\" \/>\n<script type=\"application\/ld+json\" class=\"yoast-schema-graph\">{\"@context\":\"https:\\\/\\\/schema.org\",\"@graph\":[{\"@type\":\"Article\",\"@id\":\"https:\\\/\\\/alume.org\\\/es\\\/a-nosa-saude-2\\\/#article\",\"isPartOf\":{\"@id\":\"https:\\\/\\\/alume.org\\\/es\\\/a-nosa-saude-2\\\/\"},\"author\":{\"name\":\"comunicacion\",\"@id\":\"https:\\\/\\\/alume.org\\\/es\\\/#\\\/schema\\\/person\\\/1f3bdce6d22c44d303385d77ae751737\"},\"headline\":\"\u00a1\u00a1A nosa sa\u00fade!!\",\"datePublished\":\"2015-10-20T11:47:27+00:00\",\"dateModified\":\"2015-10-29T09:38:11+00:00\",\"mainEntityOfPage\":{\"@id\":\"https:\\\/\\\/alume.org\\\/es\\\/a-nosa-saude-2\\\/\"},\"wordCount\":549,\"image\":{\"@id\":\"https:\\\/\\\/alume.org\\\/es\\\/a-nosa-saude-2\\\/#primaryimage\"},\"thumbnailUrl\":\"https:\\\/\\\/alume.org\\\/wp-content\\\/uploads\\\/2015\\\/10\\\/D\u00eda-salud-mental-2015-20-aniversario-1.jpg\",\"articleSection\":[\"Novas\"],\"inLanguage\":\"es\"},{\"@type\":\"WebPage\",\"@id\":\"https:\\\/\\\/alume.org\\\/es\\\/a-nosa-saude-2\\\/\",\"url\":\"https:\\\/\\\/alume.org\\\/es\\\/a-nosa-saude-2\\\/\",\"name\":\"\u00a1\u00a1A nosa sa\u00fade!! - Alume\",\"isPartOf\":{\"@id\":\"https:\\\/\\\/alume.org\\\/es\\\/#website\"},\"primaryImageOfPage\":{\"@id\":\"https:\\\/\\\/alume.org\\\/es\\\/a-nosa-saude-2\\\/#primaryimage\"},\"image\":{\"@id\":\"https:\\\/\\\/alume.org\\\/es\\\/a-nosa-saude-2\\\/#primaryimage\"},\"thumbnailUrl\":\"https:\\\/\\\/alume.org\\\/wp-content\\\/uploads\\\/2015\\\/10\\\/D\u00eda-salud-mental-2015-20-aniversario-1.jpg\",\"datePublished\":\"2015-10-20T11:47:27+00:00\",\"dateModified\":\"2015-10-29T09:38:11+00:00\",\"author\":{\"@id\":\"https:\\\/\\\/alume.org\\\/es\\\/#\\\/schema\\\/person\\\/1f3bdce6d22c44d303385d77ae751737\"},\"breadcrumb\":{\"@id\":\"https:\\\/\\\/alume.org\\\/es\\\/a-nosa-saude-2\\\/#breadcrumb\"},\"inLanguage\":\"es\",\"potentialAction\":[{\"@type\":\"ReadAction\",\"target\":[\"https:\\\/\\\/alume.org\\\/es\\\/a-nosa-saude-2\\\/\"]}]},{\"@type\":\"ImageObject\",\"inLanguage\":\"es\",\"@id\":\"https:\\\/\\\/alume.org\\\/es\\\/a-nosa-saude-2\\\/#primaryimage\",\"url\":\"https:\\\/\\\/alume.org\\\/wp-content\\\/uploads\\\/2015\\\/10\\\/D\u00eda-salud-mental-2015-20-aniversario-1.jpg\",\"contentUrl\":\"https:\\\/\\\/alume.org\\\/wp-content\\\/uploads\\\/2015\\\/10\\\/D\u00eda-salud-mental-2015-20-aniversario-1.jpg\",\"width\":1024,\"height\":681},{\"@type\":\"BreadcrumbList\",\"@id\":\"https:\\\/\\\/alume.org\\\/es\\\/a-nosa-saude-2\\\/#breadcrumb\",\"itemListElement\":[{\"@type\":\"ListItem\",\"position\":1,\"name\":\"Portada\",\"item\":\"https:\\\/\\\/alume.org\\\/es\\\/\"},{\"@type\":\"ListItem\",\"position\":2,\"name\":\"\u00a1\u00a1A nosa sa\u00fade!!\"}]},{\"@type\":\"WebSite\",\"@id\":\"https:\\\/\\\/alume.org\\\/es\\\/#website\",\"url\":\"https:\\\/\\\/alume.org\\\/es\\\/\",\"name\":\"Alume\",\"description\":\"Sa\u00fade Mental\",\"potentialAction\":[{\"@type\":\"SearchAction\",\"target\":{\"@type\":\"EntryPoint\",\"urlTemplate\":\"https:\\\/\\\/alume.org\\\/es\\\/?s={search_term_string}\"},\"query-input\":{\"@type\":\"PropertyValueSpecification\",\"valueRequired\":true,\"valueName\":\"search_term_string\"}}],\"inLanguage\":\"es\"},{\"@type\":\"Person\",\"@id\":\"https:\\\/\\\/alume.org\\\/es\\\/#\\\/schema\\\/person\\\/1f3bdce6d22c44d303385d77ae751737\",\"name\":\"comunicacion\"}]}<\/script>\n<!-- \/ Yoast SEO plugin. -->","yoast_head_json":{"title":"\u00a1\u00a1A nosa sa\u00fade!! - Alume","robots":{"index":"index","follow":"follow","max-snippet":"max-snippet:-1","max-image-preview":"max-image-preview:large","max-video-preview":"max-video-preview:-1"},"canonical":"https:\/\/alume.org\/es\/a-nosa-saude-2\/","og_locale":"es_ES","og_type":"article","og_title":"\u00a1\u00a1A nosa sa\u00fade!! - Alume","og_description":"Un ano m\u00e1is a xente de Alume de Lugo e Guitiriz xunt\u00e1monos nuha doble festa. Por unha banda, o D\u00eda Mundial da Sa\u00fade Mental, que se conmemorou en todo o Estado o\u00a0 d\u00eda 10 de outubro. E por outro, os 20 anos de Alume. \u00a1Nada menos!. Cantas cousas levan pasado neste tempo&#8230;.. A xuntanza tivo [&hellip;]","og_url":"https:\/\/alume.org\/es\/a-nosa-saude-2\/","og_site_name":"Alume","article_published_time":"2015-10-20T11:47:27+00:00","article_modified_time":"2015-10-29T09:38:11+00:00","og_image":[{"width":1024,"height":681,"url":"https:\/\/alume.org\/wp-content\/uploads\/2015\/10\/D\u00eda-salud-mental-2015-20-aniversario-1.jpg","type":"image\/jpeg"}],"author":"comunicacion","twitter_card":"summary_large_image","twitter_misc":{"Escrito por":"comunicacion","Tiempo de lectura":"3 minutos"},"schema":{"@context":"https:\/\/schema.org","@graph":[{"@type":"Article","@id":"https:\/\/alume.org\/es\/a-nosa-saude-2\/#article","isPartOf":{"@id":"https:\/\/alume.org\/es\/a-nosa-saude-2\/"},"author":{"name":"comunicacion","@id":"https:\/\/alume.org\/es\/#\/schema\/person\/1f3bdce6d22c44d303385d77ae751737"},"headline":"\u00a1\u00a1A nosa sa\u00fade!!","datePublished":"2015-10-20T11:47:27+00:00","dateModified":"2015-10-29T09:38:11+00:00","mainEntityOfPage":{"@id":"https:\/\/alume.org\/es\/a-nosa-saude-2\/"},"wordCount":549,"image":{"@id":"https:\/\/alume.org\/es\/a-nosa-saude-2\/#primaryimage"},"thumbnailUrl":"https:\/\/alume.org\/wp-content\/uploads\/2015\/10\/D\u00eda-salud-mental-2015-20-aniversario-1.jpg","articleSection":["Novas"],"inLanguage":"es"},{"@type":"WebPage","@id":"https:\/\/alume.org\/es\/a-nosa-saude-2\/","url":"https:\/\/alume.org\/es\/a-nosa-saude-2\/","name":"\u00a1\u00a1A nosa sa\u00fade!! - Alume","isPartOf":{"@id":"https:\/\/alume.org\/es\/#website"},"primaryImageOfPage":{"@id":"https:\/\/alume.org\/es\/a-nosa-saude-2\/#primaryimage"},"image":{"@id":"https:\/\/alume.org\/es\/a-nosa-saude-2\/#primaryimage"},"thumbnailUrl":"https:\/\/alume.org\/wp-content\/uploads\/2015\/10\/D\u00eda-salud-mental-2015-20-aniversario-1.jpg","datePublished":"2015-10-20T11:47:27+00:00","dateModified":"2015-10-29T09:38:11+00:00","author":{"@id":"https:\/\/alume.org\/es\/#\/schema\/person\/1f3bdce6d22c44d303385d77ae751737"},"breadcrumb":{"@id":"https:\/\/alume.org\/es\/a-nosa-saude-2\/#breadcrumb"},"inLanguage":"es","potentialAction":[{"@type":"ReadAction","target":["https:\/\/alume.org\/es\/a-nosa-saude-2\/"]}]},{"@type":"ImageObject","inLanguage":"es","@id":"https:\/\/alume.org\/es\/a-nosa-saude-2\/#primaryimage","url":"https:\/\/alume.org\/wp-content\/uploads\/2015\/10\/D\u00eda-salud-mental-2015-20-aniversario-1.jpg","contentUrl":"https:\/\/alume.org\/wp-content\/uploads\/2015\/10\/D\u00eda-salud-mental-2015-20-aniversario-1.jpg","width":1024,"height":681},{"@type":"BreadcrumbList","@id":"https:\/\/alume.org\/es\/a-nosa-saude-2\/#breadcrumb","itemListElement":[{"@type":"ListItem","position":1,"name":"Portada","item":"https:\/\/alume.org\/es\/"},{"@type":"ListItem","position":2,"name":"\u00a1\u00a1A nosa sa\u00fade!!"}]},{"@type":"WebSite","@id":"https:\/\/alume.org\/es\/#website","url":"https:\/\/alume.org\/es\/","name":"Alume","description":"Sa\u00fade Mental","potentialAction":[{"@type":"SearchAction","target":{"@type":"EntryPoint","urlTemplate":"https:\/\/alume.org\/es\/?s={search_term_string}"},"query-input":{"@type":"PropertyValueSpecification","valueRequired":true,"valueName":"search_term_string"}}],"inLanguage":"es"},{"@type":"Person","@id":"https:\/\/alume.org\/es\/#\/schema\/person\/1f3bdce6d22c44d303385d77ae751737","name":"comunicacion"}]}},"_links":{"self":[{"href":"https:\/\/alume.org\/es\/wp-json\/wp\/v2\/posts\/4712","targetHints":{"allow":["GET"]}}],"collection":[{"href":"https:\/\/alume.org\/es\/wp-json\/wp\/v2\/posts"}],"about":[{"href":"https:\/\/alume.org\/es\/wp-json\/wp\/v2\/types\/post"}],"author":[{"embeddable":true,"href":"https:\/\/alume.org\/es\/wp-json\/wp\/v2\/users\/3"}],"replies":[{"embeddable":true,"href":"https:\/\/alume.org\/es\/wp-json\/wp\/v2\/comments?post=4712"}],"version-history":[{"count":0,"href":"https:\/\/alume.org\/es\/wp-json\/wp\/v2\/posts\/4712\/revisions"}],"wp:featuredmedia":[{"embeddable":true,"href":"https:\/\/alume.org\/es\/wp-json\/wp\/v2\/media\/4692"}],"wp:attachment":[{"href":"https:\/\/alume.org\/es\/wp-json\/wp\/v2\/media?parent=4712"}],"wp:term":[{"taxonomy":"category","embeddable":true,"href":"https:\/\/alume.org\/es\/wp-json\/wp\/v2\/categories?post=4712"},{"taxonomy":"post_tag","embeddable":true,"href":"https:\/\/alume.org\/es\/wp-json\/wp\/v2\/tags?post=4712"}],"curies":[{"name":"wp","href":"https:\/\/api.w.org\/{rel}","templated":true}]}}