{"id":4721,"date":"2015-10-27T12:48:08","date_gmt":"2015-10-27T12:48:08","guid":{"rendered":"http:\/\/alume.org\/?p=4721"},"modified":"2015-10-29T09:29:33","modified_gmt":"2015-10-29T09:29:33","slug":"o-ensino-con-alume","status":"publish","type":"post","link":"https:\/\/alume.org\/es\/o-ensino-con-alume\/","title":{"rendered":"O Ensino con Alume"},"content":{"rendered":"<p>&nbsp;<\/p>\n<p><a href=\"http:\/\/alume.org\/wp-content\/uploads\/2015\/10\/IMG_0010.jpg\"><img loading=\"lazy\" decoding=\"async\" class=\"size-medium wp-image-4764 alignright\" src=\"http:\/\/alume.org\/wp-content\/uploads\/2015\/10\/IMG_0010-225x300.jpg\" alt=\"IMG_0010\" width=\"225\" height=\"300\" srcset=\"https:\/\/alume.org\/wp-content\/uploads\/2015\/10\/IMG_0010-225x300.jpg 225w, https:\/\/alume.org\/wp-content\/uploads\/2015\/10\/IMG_0010.jpg 768w, https:\/\/alume.org\/wp-content\/uploads\/2015\/10\/IMG_0010-600x800.jpg 600w\" sizes=\"auto, (max-width: 225px) 100vw, 225px\" \/><\/a><\/p>\n<p>Dende agora, o Ensino Dur\u00e1n Maquinaria ocupar\u00e1 un lugar moi especial no historial sentimental de Alume. E non \u00e9 para menos. Para n\u00f3s foi un aut\u00e9ntico privilexio que o equipo feminino de baloncesto de Lugo inaugurara a s\u00faa campa\u00f1a <em>13 partidos 13 causas solidarias<\/em> dedic\u00e1ndonos o seu primeiro partido de LF2 da tempada 2015-2016. Por certo, a data foi do m\u00e1is propicia, xa que durante este mes celebr\u00e1se o D\u00eda Mundial da Enfermidade Metal.<\/p>\n<p>O partido estivo xenial, segundo aseguraron os afeccionados de Alume que asistiron, encantados por certo, para animar as xogadoras do equipo local, que votaron o resto \u00a1e ga\u00f1aron!. No tempo de descanso, as xogadoras fixeron entrega dunha camiseta firmada por todo o equipo a Manuel Fern\u00e1ndez Prado, presidente da nosa asociaci\u00f3n, quen agradeceu o agasallo.<\/p>\n<p>Sobra dicir que t\u00f3dolos usuarios sent\u00edronse moi fachendosos coa deferencia deste clube, co\u00f1ecido non s\u00f3 polo seu bo facer deportivo, senon tam\u00e9n pola sensibilidade e a conciencia social de cantos o integran.<\/p>\n<p>Como non podia ser doutro xeito, a camiseta ocupa desde aquela mesma data un lugar de honra na nosa s\u00e9 lucense. \u00a1\u00a1\u00a1A\u00fapa Ensino!!!<\/p>\n","protected":false},"excerpt":{"rendered":"<p>&nbsp; Dende agora, o Ensino Dur\u00e1n Maquinaria ocupar\u00e1 un lugar moi especial no historial sentimental de Alume. E non \u00e9 para menos. Para n\u00f3s foi un aut\u00e9ntico privilexio que o equipo feminino de baloncesto de Lugo inaugurara a s\u00faa campa\u00f1a 13 partidos 13 causas solidarias dedic\u00e1ndonos o seu primeiro partido de LF2 da tempada 2015-2016. [&hellip;]<\/p>\n","protected":false},"author":3,"featured_media":4764,"comment_status":"closed","ping_status":"closed","sticky":false,"template":"","format":"standard","meta":{"ngg_post_thumbnail":0,"footnotes":""},"categories":[62],"tags":[],"class_list":{"0":"post-4721","1":"post","2":"type-post","3":"status-publish","4":"format-standard","5":"has-post-thumbnail","7":"category-novas"},"yoast_head":"<!-- This site is optimized with the Yoast SEO plugin v27.5 - https:\/\/yoast.com\/product\/yoast-seo-wordpress\/ -->\n<title>O Ensino con Alume - Alume<\/title>\n<meta name=\"robots\" content=\"index, follow, max-snippet:-1, max-image-preview:large, max-video-preview:-1\" \/>\n<link rel=\"canonical\" href=\"https:\/\/alume.org\/o-ensino-con-alume\/\" \/>\n<meta property=\"og:locale\" content=\"es_ES\" \/>\n<meta property=\"og:type\" content=\"article\" \/>\n<meta property=\"og:title\" content=\"O Ensino con Alume - Alume\" \/>\n<meta property=\"og:description\" content=\"&nbsp; Dende agora, o Ensino Dur\u00e1n Maquinaria ocupar\u00e1 un lugar moi especial no historial sentimental de Alume. E non \u00e9 para menos. Para n\u00f3s foi un aut\u00e9ntico privilexio que o equipo feminino de baloncesto de Lugo inaugurara a s\u00faa campa\u00f1a 13 partidos 13 causas solidarias dedic\u00e1ndonos o seu primeiro partido de LF2 da tempada 2015-2016. [&hellip;]\" \/>\n<meta property=\"og:url\" content=\"https:\/\/alume.org\/o-ensino-con-alume\/\" \/>\n<meta property=\"og:site_name\" content=\"Alume\" \/>\n<meta property=\"article:published_time\" content=\"2015-10-27T12:48:08+00:00\" \/>\n<meta property=\"article:modified_time\" content=\"2015-10-29T09:29:33+00:00\" \/>\n<meta property=\"og:image\" content=\"https:\/\/alume.org\/wp-content\/uploads\/2015\/10\/IMG_0010.jpg\" \/>\n\t<meta property=\"og:image:width\" content=\"768\" \/>\n\t<meta property=\"og:image:height\" content=\"1024\" \/>\n\t<meta property=\"og:image:type\" content=\"image\/jpeg\" \/>\n<meta name=\"author\" content=\"comunicacion\" \/>\n<meta name=\"twitter:card\" content=\"summary_large_image\" \/>\n<meta name=\"twitter:label1\" content=\"Escrito por\" \/>\n\t<meta name=\"twitter:data1\" content=\"comunicacion\" \/>\n\t<meta name=\"twitter:label2\" content=\"Tiempo de lectura\" \/>\n\t<meta name=\"twitter:data2\" content=\"1 minuto\" \/>\n<script type=\"application\/ld+json\" class=\"yoast-schema-graph\">{\"@context\":\"https:\\\/\\\/schema.org\",\"@graph\":[{\"@type\":\"Article\",\"@id\":\"https:\\\/\\\/alume.org\\\/o-ensino-con-alume\\\/#article\",\"isPartOf\":{\"@id\":\"https:\\\/\\\/alume.org\\\/o-ensino-con-alume\\\/\"},\"author\":{\"name\":\"comunicacion\",\"@id\":\"https:\\\/\\\/alume.org\\\/es\\\/#\\\/schema\\\/person\\\/1f3bdce6d22c44d303385d77ae751737\"},\"headline\":\"O Ensino con Alume\",\"datePublished\":\"2015-10-27T12:48:08+00:00\",\"dateModified\":\"2015-10-29T09:29:33+00:00\",\"mainEntityOfPage\":{\"@id\":\"https:\\\/\\\/alume.org\\\/o-ensino-con-alume\\\/\"},\"wordCount\":203,\"image\":{\"@id\":\"https:\\\/\\\/alume.org\\\/o-ensino-con-alume\\\/#primaryimage\"},\"thumbnailUrl\":\"https:\\\/\\\/alume.org\\\/wp-content\\\/uploads\\\/2015\\\/10\\\/IMG_0010.jpg\",\"articleSection\":[\"Novas\"],\"inLanguage\":\"es\"},{\"@type\":\"WebPage\",\"@id\":\"https:\\\/\\\/alume.org\\\/o-ensino-con-alume\\\/\",\"url\":\"https:\\\/\\\/alume.org\\\/o-ensino-con-alume\\\/\",\"name\":\"O Ensino con Alume - Alume\",\"isPartOf\":{\"@id\":\"https:\\\/\\\/alume.org\\\/es\\\/#website\"},\"primaryImageOfPage\":{\"@id\":\"https:\\\/\\\/alume.org\\\/o-ensino-con-alume\\\/#primaryimage\"},\"image\":{\"@id\":\"https:\\\/\\\/alume.org\\\/o-ensino-con-alume\\\/#primaryimage\"},\"thumbnailUrl\":\"https:\\\/\\\/alume.org\\\/wp-content\\\/uploads\\\/2015\\\/10\\\/IMG_0010.jpg\",\"datePublished\":\"2015-10-27T12:48:08+00:00\",\"dateModified\":\"2015-10-29T09:29:33+00:00\",\"author\":{\"@id\":\"https:\\\/\\\/alume.org\\\/es\\\/#\\\/schema\\\/person\\\/1f3bdce6d22c44d303385d77ae751737\"},\"breadcrumb\":{\"@id\":\"https:\\\/\\\/alume.org\\\/o-ensino-con-alume\\\/#breadcrumb\"},\"inLanguage\":\"es\",\"potentialAction\":[{\"@type\":\"ReadAction\",\"target\":[\"https:\\\/\\\/alume.org\\\/o-ensino-con-alume\\\/\"]}]},{\"@type\":\"ImageObject\",\"inLanguage\":\"es\",\"@id\":\"https:\\\/\\\/alume.org\\\/o-ensino-con-alume\\\/#primaryimage\",\"url\":\"https:\\\/\\\/alume.org\\\/wp-content\\\/uploads\\\/2015\\\/10\\\/IMG_0010.jpg\",\"contentUrl\":\"https:\\\/\\\/alume.org\\\/wp-content\\\/uploads\\\/2015\\\/10\\\/IMG_0010.jpg\",\"width\":768,\"height\":1024},{\"@type\":\"BreadcrumbList\",\"@id\":\"https:\\\/\\\/alume.org\\\/o-ensino-con-alume\\\/#breadcrumb\",\"itemListElement\":[{\"@type\":\"ListItem\",\"position\":1,\"name\":\"Portada\",\"item\":\"https:\\\/\\\/alume.org\\\/es\\\/\"},{\"@type\":\"ListItem\",\"position\":2,\"name\":\"O Ensino con Alume\"}]},{\"@type\":\"WebSite\",\"@id\":\"https:\\\/\\\/alume.org\\\/es\\\/#website\",\"url\":\"https:\\\/\\\/alume.org\\\/es\\\/\",\"name\":\"Alume\",\"description\":\"Sa\u00fade Mental\",\"potentialAction\":[{\"@type\":\"SearchAction\",\"target\":{\"@type\":\"EntryPoint\",\"urlTemplate\":\"https:\\\/\\\/alume.org\\\/es\\\/?s={search_term_string}\"},\"query-input\":{\"@type\":\"PropertyValueSpecification\",\"valueRequired\":true,\"valueName\":\"search_term_string\"}}],\"inLanguage\":\"es\"},{\"@type\":\"Person\",\"@id\":\"https:\\\/\\\/alume.org\\\/es\\\/#\\\/schema\\\/person\\\/1f3bdce6d22c44d303385d77ae751737\",\"name\":\"comunicacion\"}]}<\/script>\n<!-- \/ Yoast SEO plugin. -->","yoast_head_json":{"title":"O Ensino con Alume - Alume","robots":{"index":"index","follow":"follow","max-snippet":"max-snippet:-1","max-image-preview":"max-image-preview:large","max-video-preview":"max-video-preview:-1"},"canonical":"https:\/\/alume.org\/o-ensino-con-alume\/","og_locale":"es_ES","og_type":"article","og_title":"O Ensino con Alume - Alume","og_description":"&nbsp; Dende agora, o Ensino Dur\u00e1n Maquinaria ocupar\u00e1 un lugar moi especial no historial sentimental de Alume. E non \u00e9 para menos. Para n\u00f3s foi un aut\u00e9ntico privilexio que o equipo feminino de baloncesto de Lugo inaugurara a s\u00faa campa\u00f1a 13 partidos 13 causas solidarias dedic\u00e1ndonos o seu primeiro partido de LF2 da tempada 2015-2016. [&hellip;]","og_url":"https:\/\/alume.org\/o-ensino-con-alume\/","og_site_name":"Alume","article_published_time":"2015-10-27T12:48:08+00:00","article_modified_time":"2015-10-29T09:29:33+00:00","og_image":[{"width":768,"height":1024,"url":"https:\/\/alume.org\/wp-content\/uploads\/2015\/10\/IMG_0010.jpg","type":"image\/jpeg"}],"author":"comunicacion","twitter_card":"summary_large_image","twitter_misc":{"Escrito por":"comunicacion","Tiempo de lectura":"1 minuto"},"schema":{"@context":"https:\/\/schema.org","@graph":[{"@type":"Article","@id":"https:\/\/alume.org\/o-ensino-con-alume\/#article","isPartOf":{"@id":"https:\/\/alume.org\/o-ensino-con-alume\/"},"author":{"name":"comunicacion","@id":"https:\/\/alume.org\/es\/#\/schema\/person\/1f3bdce6d22c44d303385d77ae751737"},"headline":"O Ensino con Alume","datePublished":"2015-10-27T12:48:08+00:00","dateModified":"2015-10-29T09:29:33+00:00","mainEntityOfPage":{"@id":"https:\/\/alume.org\/o-ensino-con-alume\/"},"wordCount":203,"image":{"@id":"https:\/\/alume.org\/o-ensino-con-alume\/#primaryimage"},"thumbnailUrl":"https:\/\/alume.org\/wp-content\/uploads\/2015\/10\/IMG_0010.jpg","articleSection":["Novas"],"inLanguage":"es"},{"@type":"WebPage","@id":"https:\/\/alume.org\/o-ensino-con-alume\/","url":"https:\/\/alume.org\/o-ensino-con-alume\/","name":"O Ensino con Alume - Alume","isPartOf":{"@id":"https:\/\/alume.org\/es\/#website"},"primaryImageOfPage":{"@id":"https:\/\/alume.org\/o-ensino-con-alume\/#primaryimage"},"image":{"@id":"https:\/\/alume.org\/o-ensino-con-alume\/#primaryimage"},"thumbnailUrl":"https:\/\/alume.org\/wp-content\/uploads\/2015\/10\/IMG_0010.jpg","datePublished":"2015-10-27T12:48:08+00:00","dateModified":"2015-10-29T09:29:33+00:00","author":{"@id":"https:\/\/alume.org\/es\/#\/schema\/person\/1f3bdce6d22c44d303385d77ae751737"},"breadcrumb":{"@id":"https:\/\/alume.org\/o-ensino-con-alume\/#breadcrumb"},"inLanguage":"es","potentialAction":[{"@type":"ReadAction","target":["https:\/\/alume.org\/o-ensino-con-alume\/"]}]},{"@type":"ImageObject","inLanguage":"es","@id":"https:\/\/alume.org\/o-ensino-con-alume\/#primaryimage","url":"https:\/\/alume.org\/wp-content\/uploads\/2015\/10\/IMG_0010.jpg","contentUrl":"https:\/\/alume.org\/wp-content\/uploads\/2015\/10\/IMG_0010.jpg","width":768,"height":1024},{"@type":"BreadcrumbList","@id":"https:\/\/alume.org\/o-ensino-con-alume\/#breadcrumb","itemListElement":[{"@type":"ListItem","position":1,"name":"Portada","item":"https:\/\/alume.org\/es\/"},{"@type":"ListItem","position":2,"name":"O Ensino con Alume"}]},{"@type":"WebSite","@id":"https:\/\/alume.org\/es\/#website","url":"https:\/\/alume.org\/es\/","name":"Alume","description":"Sa\u00fade Mental","potentialAction":[{"@type":"SearchAction","target":{"@type":"EntryPoint","urlTemplate":"https:\/\/alume.org\/es\/?s={search_term_string}"},"query-input":{"@type":"PropertyValueSpecification","valueRequired":true,"valueName":"search_term_string"}}],"inLanguage":"es"},{"@type":"Person","@id":"https:\/\/alume.org\/es\/#\/schema\/person\/1f3bdce6d22c44d303385d77ae751737","name":"comunicacion"}]}},"_links":{"self":[{"href":"https:\/\/alume.org\/es\/wp-json\/wp\/v2\/posts\/4721","targetHints":{"allow":["GET"]}}],"collection":[{"href":"https:\/\/alume.org\/es\/wp-json\/wp\/v2\/posts"}],"about":[{"href":"https:\/\/alume.org\/es\/wp-json\/wp\/v2\/types\/post"}],"author":[{"embeddable":true,"href":"https:\/\/alume.org\/es\/wp-json\/wp\/v2\/users\/3"}],"replies":[{"embeddable":true,"href":"https:\/\/alume.org\/es\/wp-json\/wp\/v2\/comments?post=4721"}],"version-history":[{"count":0,"href":"https:\/\/alume.org\/es\/wp-json\/wp\/v2\/posts\/4721\/revisions"}],"wp:featuredmedia":[{"embeddable":true,"href":"https:\/\/alume.org\/es\/wp-json\/wp\/v2\/media\/4764"}],"wp:attachment":[{"href":"https:\/\/alume.org\/es\/wp-json\/wp\/v2\/media?parent=4721"}],"wp:term":[{"taxonomy":"category","embeddable":true,"href":"https:\/\/alume.org\/es\/wp-json\/wp\/v2\/categories?post=4721"},{"taxonomy":"post_tag","embeddable":true,"href":"https:\/\/alume.org\/es\/wp-json\/wp\/v2\/tags?post=4721"}],"curies":[{"name":"wp","href":"https:\/\/api.w.org\/{rel}","templated":true}]}}