{"id":4769,"date":"2015-10-28T12:03:59","date_gmt":"2015-10-28T12:03:59","guid":{"rendered":"http:\/\/alume.org\/?p=4769"},"modified":"2015-10-29T09:28:15","modified_gmt":"2015-10-29T09:28:15","slug":"a-nosa-historia-en-imaxes","status":"publish","type":"post","link":"https:\/\/alume.org\/es\/a-nosa-historia-en-imaxes\/","title":{"rendered":"A nosa historia en imaxes"},"content":{"rendered":"<p>&nbsp;<\/p>\n<p><a href=\"http:\/\/alume.org\/wp-content\/uploads\/2015\/10\/IMG_00194.jpg\"><img loading=\"lazy\" decoding=\"async\" class=\"alignnone wp-image-4780\" src=\"http:\/\/alume.org\/wp-content\/uploads\/2015\/10\/IMG_00194-300x225.jpg\" alt=\"IMG_0019\" width=\"405\" height=\"304\" srcset=\"https:\/\/alume.org\/wp-content\/uploads\/2015\/10\/IMG_00194-300x225.jpg 300w, https:\/\/alume.org\/wp-content\/uploads\/2015\/10\/IMG_00194.jpg 1024w, https:\/\/alume.org\/wp-content\/uploads\/2015\/10\/IMG_00194-600x450.jpg 600w, https:\/\/alume.org\/wp-content\/uploads\/2015\/10\/IMG_00194-400x300.jpg 400w\" sizes=\"auto, (max-width: 405px) 100vw, 405px\" \/><\/a><a href=\"http:\/\/alume.org\/wp-content\/uploads\/2015\/10\/IMG_0022.jpg\"><img loading=\"lazy\" decoding=\"async\" class=\"wp-image-4771 alignnone\" src=\"http:\/\/alume.org\/wp-content\/uploads\/2015\/10\/IMG_0022-300x225.jpg\" alt=\"IMG_0022\" width=\"405\" height=\"304\" srcset=\"https:\/\/alume.org\/wp-content\/uploads\/2015\/10\/IMG_0022-300x225.jpg 300w, https:\/\/alume.org\/wp-content\/uploads\/2015\/10\/IMG_0022.jpg 1024w, https:\/\/alume.org\/wp-content\/uploads\/2015\/10\/IMG_0022-600x450.jpg 600w, https:\/\/alume.org\/wp-content\/uploads\/2015\/10\/IMG_0022-400x300.jpg 400w\" sizes=\"auto, (max-width: 405px) 100vw, 405px\" \/><\/a><\/p>\n<p>&nbsp;<\/p>\n<p>Na nosa s\u00e9 de Alume estamos encantados coa mostra fotogr\u00e1fica permanente que recolle os vinte anos de andaina da nosa asociaci\u00f3n. Tr\u00e1tase dun recopilatorio de preto de medio cento de imaxes que dan testemu\u00f1a dos primeiros pasos deste proxecto, xa consolidado, xurdido da necesidade de mellorar a calidade de vida das persoas con enfermidade metal. Familiares e profesionais bos e xenerosos, como a finada Dolores Osorio, a primeira presidenta d\u00e1 entidade _excelente psic\u00f3loga e mellor persoa_, comezaron ent\u00f3n unha loita que, pouco a pouco, foi dando os seus froitos.<\/p>\n<p>Para os que protagonizamos a hsitoria de Alume desde os seus comezos, as imaxes espertan sentimentos de a\u00f1oranza e fachenda por t\u00f3dolos logros acadados: O cambio de s\u00e9: o pisi\u00f1o pequeno, despois o chal\u00e9, ata as actuais ubicaci\u00f3ns de Nicomedes Pastor D\u00edaz, en Lugo, e do centro de Alume en Guitiriz. Os pisos tutelados que nos dan autonom\u00eda persoal e independencia, os obradoiros terap\u00e9uticos e de formaci\u00f3n prelaboral, a brigada de xardi\u00f1eiria, as viaxes de estudos e de lecer, as visitas culturais, as competici\u00f3ns deportivas, e como non, as festas que tanto nos gustan: Nadal, o Entroido, a pulpada de outubro&#8230;<\/p>\n<p>De todo canto facemos dan fe os retratos, onde tamen percibimos os cambios na nosa fisonom\u00eda e na de cantos nos acompa\u00f1an na nosa andaina :directivos, equipo profesional, os voluntarios&#8230; Todos ga\u00f1amos como os bos caldos. \u00a1Estamos encantados!.<\/p>\n<p>&nbsp;<\/p>\n<p>&nbsp;<\/p>\n<p>&nbsp;<\/p>\n","protected":false},"excerpt":{"rendered":"<p>&nbsp; &nbsp; Na nosa s\u00e9 de Alume estamos encantados coa mostra fotogr\u00e1fica permanente que recolle os vinte anos de andaina da nosa asociaci\u00f3n. Tr\u00e1tase dun recopilatorio de preto de medio cento de imaxes que dan testemu\u00f1a dos primeiros pasos deste proxecto, xa consolidado, xurdido da necesidade de mellorar a calidade de vida das persoas con [&hellip;]<\/p>\n","protected":false},"author":3,"featured_media":4771,"comment_status":"closed","ping_status":"closed","sticky":false,"template":"","format":"standard","meta":{"ngg_post_thumbnail":0,"footnotes":""},"categories":[62],"tags":[],"class_list":{"0":"post-4769","1":"post","2":"type-post","3":"status-publish","4":"format-standard","5":"has-post-thumbnail","7":"category-novas"},"yoast_head":"<!-- This site is optimized with the Yoast SEO plugin v27.5 - https:\/\/yoast.com\/product\/yoast-seo-wordpress\/ -->\n<title>A nosa historia en imaxes - Alume<\/title>\n<meta name=\"robots\" content=\"index, follow, max-snippet:-1, max-image-preview:large, max-video-preview:-1\" \/>\n<link rel=\"canonical\" href=\"https:\/\/alume.org\/es\/a-nosa-historia-en-imaxes\/\" \/>\n<meta property=\"og:locale\" content=\"es_ES\" \/>\n<meta property=\"og:type\" content=\"article\" \/>\n<meta property=\"og:title\" content=\"A nosa historia en imaxes - Alume\" \/>\n<meta property=\"og:description\" content=\"&nbsp; &nbsp; Na nosa s\u00e9 de Alume estamos encantados coa mostra fotogr\u00e1fica permanente que recolle os vinte anos de andaina da nosa asociaci\u00f3n. Tr\u00e1tase dun recopilatorio de preto de medio cento de imaxes que dan testemu\u00f1a dos primeiros pasos deste proxecto, xa consolidado, xurdido da necesidade de mellorar a calidade de vida das persoas con [&hellip;]\" \/>\n<meta property=\"og:url\" content=\"https:\/\/alume.org\/es\/a-nosa-historia-en-imaxes\/\" \/>\n<meta property=\"og:site_name\" content=\"Alume\" \/>\n<meta property=\"article:published_time\" content=\"2015-10-28T12:03:59+00:00\" \/>\n<meta property=\"article:modified_time\" content=\"2015-10-29T09:28:15+00:00\" \/>\n<meta property=\"og:image\" content=\"https:\/\/alume.org\/wp-content\/uploads\/2015\/10\/IMG_0022.jpg\" \/>\n\t<meta property=\"og:image:width\" content=\"1024\" \/>\n\t<meta property=\"og:image:height\" content=\"768\" \/>\n\t<meta property=\"og:image:type\" content=\"image\/jpeg\" \/>\n<meta name=\"author\" content=\"comunicacion\" \/>\n<meta name=\"twitter:card\" content=\"summary_large_image\" \/>\n<meta name=\"twitter:label1\" content=\"Escrito por\" \/>\n\t<meta name=\"twitter:data1\" content=\"comunicacion\" \/>\n\t<meta name=\"twitter:label2\" content=\"Tiempo de lectura\" \/>\n\t<meta name=\"twitter:data2\" content=\"1 minuto\" \/>\n<script type=\"application\/ld+json\" class=\"yoast-schema-graph\">{\"@context\":\"https:\\\/\\\/schema.org\",\"@graph\":[{\"@type\":\"Article\",\"@id\":\"https:\\\/\\\/alume.org\\\/es\\\/a-nosa-historia-en-imaxes\\\/#article\",\"isPartOf\":{\"@id\":\"https:\\\/\\\/alume.org\\\/es\\\/a-nosa-historia-en-imaxes\\\/\"},\"author\":{\"name\":\"comunicacion\",\"@id\":\"https:\\\/\\\/alume.org\\\/es\\\/#\\\/schema\\\/person\\\/1f3bdce6d22c44d303385d77ae751737\"},\"headline\":\"A nosa historia en imaxes\",\"datePublished\":\"2015-10-28T12:03:59+00:00\",\"dateModified\":\"2015-10-29T09:28:15+00:00\",\"mainEntityOfPage\":{\"@id\":\"https:\\\/\\\/alume.org\\\/es\\\/a-nosa-historia-en-imaxes\\\/\"},\"wordCount\":257,\"image\":{\"@id\":\"https:\\\/\\\/alume.org\\\/es\\\/a-nosa-historia-en-imaxes\\\/#primaryimage\"},\"thumbnailUrl\":\"https:\\\/\\\/alume.org\\\/wp-content\\\/uploads\\\/2015\\\/10\\\/IMG_0022.jpg\",\"articleSection\":[\"Novas\"],\"inLanguage\":\"es\"},{\"@type\":\"WebPage\",\"@id\":\"https:\\\/\\\/alume.org\\\/es\\\/a-nosa-historia-en-imaxes\\\/\",\"url\":\"https:\\\/\\\/alume.org\\\/es\\\/a-nosa-historia-en-imaxes\\\/\",\"name\":\"A nosa historia en imaxes - Alume\",\"isPartOf\":{\"@id\":\"https:\\\/\\\/alume.org\\\/es\\\/#website\"},\"primaryImageOfPage\":{\"@id\":\"https:\\\/\\\/alume.org\\\/es\\\/a-nosa-historia-en-imaxes\\\/#primaryimage\"},\"image\":{\"@id\":\"https:\\\/\\\/alume.org\\\/es\\\/a-nosa-historia-en-imaxes\\\/#primaryimage\"},\"thumbnailUrl\":\"https:\\\/\\\/alume.org\\\/wp-content\\\/uploads\\\/2015\\\/10\\\/IMG_0022.jpg\",\"datePublished\":\"2015-10-28T12:03:59+00:00\",\"dateModified\":\"2015-10-29T09:28:15+00:00\",\"author\":{\"@id\":\"https:\\\/\\\/alume.org\\\/es\\\/#\\\/schema\\\/person\\\/1f3bdce6d22c44d303385d77ae751737\"},\"breadcrumb\":{\"@id\":\"https:\\\/\\\/alume.org\\\/es\\\/a-nosa-historia-en-imaxes\\\/#breadcrumb\"},\"inLanguage\":\"es\",\"potentialAction\":[{\"@type\":\"ReadAction\",\"target\":[\"https:\\\/\\\/alume.org\\\/es\\\/a-nosa-historia-en-imaxes\\\/\"]}]},{\"@type\":\"ImageObject\",\"inLanguage\":\"es\",\"@id\":\"https:\\\/\\\/alume.org\\\/es\\\/a-nosa-historia-en-imaxes\\\/#primaryimage\",\"url\":\"https:\\\/\\\/alume.org\\\/wp-content\\\/uploads\\\/2015\\\/10\\\/IMG_0022.jpg\",\"contentUrl\":\"https:\\\/\\\/alume.org\\\/wp-content\\\/uploads\\\/2015\\\/10\\\/IMG_0022.jpg\",\"width\":1024,\"height\":768},{\"@type\":\"BreadcrumbList\",\"@id\":\"https:\\\/\\\/alume.org\\\/es\\\/a-nosa-historia-en-imaxes\\\/#breadcrumb\",\"itemListElement\":[{\"@type\":\"ListItem\",\"position\":1,\"name\":\"Portada\",\"item\":\"https:\\\/\\\/alume.org\\\/es\\\/\"},{\"@type\":\"ListItem\",\"position\":2,\"name\":\"A nosa historia en imaxes\"}]},{\"@type\":\"WebSite\",\"@id\":\"https:\\\/\\\/alume.org\\\/es\\\/#website\",\"url\":\"https:\\\/\\\/alume.org\\\/es\\\/\",\"name\":\"Alume\",\"description\":\"Sa\u00fade Mental\",\"potentialAction\":[{\"@type\":\"SearchAction\",\"target\":{\"@type\":\"EntryPoint\",\"urlTemplate\":\"https:\\\/\\\/alume.org\\\/es\\\/?s={search_term_string}\"},\"query-input\":{\"@type\":\"PropertyValueSpecification\",\"valueRequired\":true,\"valueName\":\"search_term_string\"}}],\"inLanguage\":\"es\"},{\"@type\":\"Person\",\"@id\":\"https:\\\/\\\/alume.org\\\/es\\\/#\\\/schema\\\/person\\\/1f3bdce6d22c44d303385d77ae751737\",\"name\":\"comunicacion\"}]}<\/script>\n<!-- \/ Yoast SEO plugin. -->","yoast_head_json":{"title":"A nosa historia en imaxes - Alume","robots":{"index":"index","follow":"follow","max-snippet":"max-snippet:-1","max-image-preview":"max-image-preview:large","max-video-preview":"max-video-preview:-1"},"canonical":"https:\/\/alume.org\/es\/a-nosa-historia-en-imaxes\/","og_locale":"es_ES","og_type":"article","og_title":"A nosa historia en imaxes - Alume","og_description":"&nbsp; &nbsp; Na nosa s\u00e9 de Alume estamos encantados coa mostra fotogr\u00e1fica permanente que recolle os vinte anos de andaina da nosa asociaci\u00f3n. Tr\u00e1tase dun recopilatorio de preto de medio cento de imaxes que dan testemu\u00f1a dos primeiros pasos deste proxecto, xa consolidado, xurdido da necesidade de mellorar a calidade de vida das persoas con [&hellip;]","og_url":"https:\/\/alume.org\/es\/a-nosa-historia-en-imaxes\/","og_site_name":"Alume","article_published_time":"2015-10-28T12:03:59+00:00","article_modified_time":"2015-10-29T09:28:15+00:00","og_image":[{"width":1024,"height":768,"url":"https:\/\/alume.org\/wp-content\/uploads\/2015\/10\/IMG_0022.jpg","type":"image\/jpeg"}],"author":"comunicacion","twitter_card":"summary_large_image","twitter_misc":{"Escrito por":"comunicacion","Tiempo de lectura":"1 minuto"},"schema":{"@context":"https:\/\/schema.org","@graph":[{"@type":"Article","@id":"https:\/\/alume.org\/es\/a-nosa-historia-en-imaxes\/#article","isPartOf":{"@id":"https:\/\/alume.org\/es\/a-nosa-historia-en-imaxes\/"},"author":{"name":"comunicacion","@id":"https:\/\/alume.org\/es\/#\/schema\/person\/1f3bdce6d22c44d303385d77ae751737"},"headline":"A nosa historia en imaxes","datePublished":"2015-10-28T12:03:59+00:00","dateModified":"2015-10-29T09:28:15+00:00","mainEntityOfPage":{"@id":"https:\/\/alume.org\/es\/a-nosa-historia-en-imaxes\/"},"wordCount":257,"image":{"@id":"https:\/\/alume.org\/es\/a-nosa-historia-en-imaxes\/#primaryimage"},"thumbnailUrl":"https:\/\/alume.org\/wp-content\/uploads\/2015\/10\/IMG_0022.jpg","articleSection":["Novas"],"inLanguage":"es"},{"@type":"WebPage","@id":"https:\/\/alume.org\/es\/a-nosa-historia-en-imaxes\/","url":"https:\/\/alume.org\/es\/a-nosa-historia-en-imaxes\/","name":"A nosa historia en imaxes - Alume","isPartOf":{"@id":"https:\/\/alume.org\/es\/#website"},"primaryImageOfPage":{"@id":"https:\/\/alume.org\/es\/a-nosa-historia-en-imaxes\/#primaryimage"},"image":{"@id":"https:\/\/alume.org\/es\/a-nosa-historia-en-imaxes\/#primaryimage"},"thumbnailUrl":"https:\/\/alume.org\/wp-content\/uploads\/2015\/10\/IMG_0022.jpg","datePublished":"2015-10-28T12:03:59+00:00","dateModified":"2015-10-29T09:28:15+00:00","author":{"@id":"https:\/\/alume.org\/es\/#\/schema\/person\/1f3bdce6d22c44d303385d77ae751737"},"breadcrumb":{"@id":"https:\/\/alume.org\/es\/a-nosa-historia-en-imaxes\/#breadcrumb"},"inLanguage":"es","potentialAction":[{"@type":"ReadAction","target":["https:\/\/alume.org\/es\/a-nosa-historia-en-imaxes\/"]}]},{"@type":"ImageObject","inLanguage":"es","@id":"https:\/\/alume.org\/es\/a-nosa-historia-en-imaxes\/#primaryimage","url":"https:\/\/alume.org\/wp-content\/uploads\/2015\/10\/IMG_0022.jpg","contentUrl":"https:\/\/alume.org\/wp-content\/uploads\/2015\/10\/IMG_0022.jpg","width":1024,"height":768},{"@type":"BreadcrumbList","@id":"https:\/\/alume.org\/es\/a-nosa-historia-en-imaxes\/#breadcrumb","itemListElement":[{"@type":"ListItem","position":1,"name":"Portada","item":"https:\/\/alume.org\/es\/"},{"@type":"ListItem","position":2,"name":"A nosa historia en imaxes"}]},{"@type":"WebSite","@id":"https:\/\/alume.org\/es\/#website","url":"https:\/\/alume.org\/es\/","name":"Alume","description":"Sa\u00fade Mental","potentialAction":[{"@type":"SearchAction","target":{"@type":"EntryPoint","urlTemplate":"https:\/\/alume.org\/es\/?s={search_term_string}"},"query-input":{"@type":"PropertyValueSpecification","valueRequired":true,"valueName":"search_term_string"}}],"inLanguage":"es"},{"@type":"Person","@id":"https:\/\/alume.org\/es\/#\/schema\/person\/1f3bdce6d22c44d303385d77ae751737","name":"comunicacion"}]}},"_links":{"self":[{"href":"https:\/\/alume.org\/es\/wp-json\/wp\/v2\/posts\/4769","targetHints":{"allow":["GET"]}}],"collection":[{"href":"https:\/\/alume.org\/es\/wp-json\/wp\/v2\/posts"}],"about":[{"href":"https:\/\/alume.org\/es\/wp-json\/wp\/v2\/types\/post"}],"author":[{"embeddable":true,"href":"https:\/\/alume.org\/es\/wp-json\/wp\/v2\/users\/3"}],"replies":[{"embeddable":true,"href":"https:\/\/alume.org\/es\/wp-json\/wp\/v2\/comments?post=4769"}],"version-history":[{"count":0,"href":"https:\/\/alume.org\/es\/wp-json\/wp\/v2\/posts\/4769\/revisions"}],"wp:featuredmedia":[{"embeddable":true,"href":"https:\/\/alume.org\/es\/wp-json\/wp\/v2\/media\/4771"}],"wp:attachment":[{"href":"https:\/\/alume.org\/es\/wp-json\/wp\/v2\/media?parent=4769"}],"wp:term":[{"taxonomy":"category","embeddable":true,"href":"https:\/\/alume.org\/es\/wp-json\/wp\/v2\/categories?post=4769"},{"taxonomy":"post_tag","embeddable":true,"href":"https:\/\/alume.org\/es\/wp-json\/wp\/v2\/tags?post=4769"}],"curies":[{"name":"wp","href":"https:\/\/api.w.org\/{rel}","templated":true}]}}