{"id":4805,"date":"2016-01-20T12:51:52","date_gmt":"2016-01-20T12:51:52","guid":{"rendered":"http:\/\/alume.org\/?p=4805"},"modified":"2016-01-20T12:52:43","modified_gmt":"2016-01-20T12:52:43","slug":"poder-sanador-da-creatividade-artesanal","status":"publish","type":"post","link":"https:\/\/alume.org\/es\/poder-sanador-da-creatividade-artesanal\/","title":{"rendered":"O poder sanador da creatividade artesanal"},"content":{"rendered":"<p>A capacidade terap\u00e9uica das manualidades est\u00e1 f\u00f3ra de toda d\u00fabida. \u00c9 unha porta aberta \u00e1 creatividade, polo que comporta un compo\u00f1ente l\u00fadico importante. A satisfacci\u00f3n que implica a execuci\u00f3n dun traballo, cun resultado est\u00e9ticamente agradable \u00e9 sempre motivador. Pero sobre todo \u00e9 una maneira divertida e relaxante de empregar o tempo. Adem\u00e1is, permite adquirir ou recuperar certas habilidades importantes para o desenvolvemento das persoas no seu d\u00eda a d\u00eda.<\/p>\n<p>En calquera das s\u00faas manifestaci\u00f3ns os traballos manuais esixen atenci\u00f3n e concentraci\u00f3n. Tam\u00e9n contrib\u00faen a desenvolver a piscomotricidade fina. Pero non t\u00f3das las actividades serven para todos. De ah\u00ed a amplia e variada oferta de de Alume Lugo e Guitiriz, coa que desde a asociaci\u00f3n tratamos de dar resposta \u00e1s capacidades creativas dos usuarios, sempre en funci\u00f3n das s\u00faas preferencias e habilidades.<\/p>\n<p>SEN TENSI\u00d3NS<\/p>\n<p>Pintura sobre lenzo, cer\u00e1mica, coiro e pel, fabricaci\u00f3n de bolsas de agasallo, confecci\u00f3n de flores, bisuter\u00eda en arame, material de escritorio, cester\u00eda, estampaci\u00f3ns en tea, etc., son alg\u00fans dos obradoiros nos que participan os usuarios dos nosos centros ocupacionais de Lugo e Guitiriz. En todos eles perc\u00edbese un ambiente relaxado e agradable.<br \/>\nNo de mandalas, por exemplo, a cromoterapia e a musicoterapia converxen nun doble obxectivo creativo e sanador. A m\u00fasica, cun fondo de sons de auga, e o caleidoscopio de cores cos que se compo\u00f1en as figuras, espertan a sensibilidade e o benestar entre os seus creadores. \u00cdsto \u00e9 algo que se percibe cunha ollada atenta ao labor que est\u00e1n a realizar.<\/p>\n<p>As actividades est\u00e1n a cargo de monitoras de Alume, adem\u00e1is de persoal voluntario, sempre moi xeneroso e entregado \u00e1 nosa causa, que asegura gozar dedicando parte do seu tempo, por exemplo, a iniciar aos usuarios nos rudimentos da costura, entre outras habilidades manuais, cuxa aprendizase contrib\u00fae a acadar un maior grao de independencia na s\u00faa vida diaria.<br \/>\nSen excepci\u00f3n, as actividades l\u00e9vanse a cabo nun ambiente totalmente distendido, que axuda a eliminar tensi\u00f3ns, un dos atrancos que dificultan a consecuci\u00f3n do equilibrio emocional, indispensable para calquera tipo de avance.<\/p>\n<p>RENDIBILIDADE TERAP\u00c9UTICA<\/p>\n<p>Ademais da produci\u00f3n propia, nos obradoiros de Alume f\u00e1nse encargos realizados por particulares (agasallos para eventos como, vodas, nacementos, primeiras comuni\u00f3ns, trofeos, etc.) e empresas, que, deste xeito, colaboran con n\u00f3s, espallando o bo facer de cantos po\u00f1en a s\u00faa creatividade \u00e1 disposici\u00f3n da xente.<br \/>\nA variada gama de traballos que saen dos nosos obradoiros comercial\u00edzase, sobre todo, a trav\u00e9s de mercadi\u00f1os solidarios, como Diversiarte, todo un cl\u00e1sico nos d\u00edas que preceden \u00e1s festas do Nadal, ou durante as\u00a0 patronais lucenses do San Froil\u00e1n, por mentar as citas m\u00e1is importantes.<\/p>\n<p>A venda tam\u00e9n se realiza na propia s\u00e9 de Alume, onde se mant\u00e9n unha mostra de traballos realizados polos alumnos dos distintos obradoiros. A oferta \u00e9 do m\u00e1is variada e \u00fatil, por canto abrangue dende traballos feitos en coiro: axendas, carteiras, chaveiros etc., ata vistosos cadernos de notas de papeis reciclados.<\/p>\n<p>O barro \u00e9 outro dos fortes dos obradoiros que se imparten en Alume, tanto pola orixinalidade dos traballos (pousavasos tem\u00e1ticos, xogos de mesa, flores. etc.) como pola s\u00faa diversidade e calidade. O mesmo ocorre co arame, un material que \u00e1 creatividade dos dese\u00f1os engade a paciente habilidade dos usuarios, de cuxas mans saen compricados broches, prendedores para o pelo, marcap\u00e1xinas, pendientes e toda sorte de adornos.<\/p>\n<p>E qu\u00e9 dicir do partido est\u00e9tico que lle sacan ao papel .\u00a1Ata ramos de noiva saen deste obadoiro!, por non citar os orixinais marcos de fotos ou de espellos, as pr\u00e1cticas libreti\u00f1as de notas ou as vistosas bolsas para agasallos.<\/p>\n<p>Os prezos, por outra banda, son moi asequibles, xa que a finalidade que se persegue coa realizaci\u00f3n dos traballos non \u00e9 a rendibilidade econ\u00f3mica, sen\u00f3n a terap\u00e9utia e rehabilitadora dos usuarios de Alume. Hai que engadir, iso s\u00ed, que os ingresos que se acadan por medio desta produci\u00f3n artesanal dest\u00ednanse a contribu\u00edr ao mantemento das actividades.<\/p>\n","protected":false},"excerpt":{"rendered":"<p>A capacidade terap\u00e9uica das manualidades est\u00e1 f\u00f3ra de toda d\u00fabida. \u00c9 unha porta aberta \u00e1 creatividade, polo que comporta un compo\u00f1ente l\u00fadico importante. A satisfacci\u00f3n que implica a execuci\u00f3n dun traballo, cun resultado est\u00e9ticamente agradable \u00e9 sempre motivador. Pero sobre todo \u00e9 una maneira divertida e relaxante de empregar o tempo. Adem\u00e1is, permite adquirir ou [&hellip;]<\/p>\n","protected":false},"author":3,"featured_media":4640,"comment_status":"closed","ping_status":"closed","sticky":false,"template":"","format":"standard","meta":{"ngg_post_thumbnail":0,"footnotes":""},"categories":[95],"tags":[],"class_list":{"0":"post-4805","1":"post","2":"type-post","3":"status-publish","4":"format-standard","5":"has-post-thumbnail","7":"category-rehabilitacion-psicosocial-e-laboral"},"yoast_head":"<!-- This site is optimized with the Yoast SEO plugin v27.5 - https:\/\/yoast.com\/product\/yoast-seo-wordpress\/ -->\n<title>O poder sanador da creatividade artesanal - Alume<\/title>\n<meta name=\"robots\" content=\"index, follow, max-snippet:-1, max-image-preview:large, max-video-preview:-1\" \/>\n<link rel=\"canonical\" href=\"https:\/\/alume.org\/poder-sanador-da-creatividade-artesanal\/\" \/>\n<meta property=\"og:locale\" content=\"es_ES\" \/>\n<meta property=\"og:type\" content=\"article\" \/>\n<meta property=\"og:title\" content=\"O poder sanador da creatividade artesanal - Alume\" \/>\n<meta property=\"og:description\" content=\"A capacidade terap\u00e9uica das manualidades est\u00e1 f\u00f3ra de toda d\u00fabida. \u00c9 unha porta aberta \u00e1 creatividade, polo que comporta un compo\u00f1ente l\u00fadico importante. A satisfacci\u00f3n que implica a execuci\u00f3n dun traballo, cun resultado est\u00e9ticamente agradable \u00e9 sempre motivador. Pero sobre todo \u00e9 una maneira divertida e relaxante de empregar o tempo. Adem\u00e1is, permite adquirir ou [&hellip;]\" \/>\n<meta property=\"og:url\" content=\"https:\/\/alume.org\/poder-sanador-da-creatividade-artesanal\/\" \/>\n<meta property=\"og:site_name\" content=\"Alume\" \/>\n<meta property=\"article:published_time\" content=\"2016-01-20T12:51:52+00:00\" \/>\n<meta property=\"article:modified_time\" content=\"2016-01-20T12:52:43+00:00\" \/>\n<meta property=\"og:image\" content=\"https:\/\/alume.org\/wp-content\/uploads\/2015\/10\/IMG_20131218_120930.jpg\" \/>\n\t<meta property=\"og:image:width\" content=\"1024\" \/>\n\t<meta property=\"og:image:height\" content=\"768\" \/>\n\t<meta property=\"og:image:type\" content=\"image\/jpeg\" \/>\n<meta name=\"author\" content=\"comunicacion\" \/>\n<meta name=\"twitter:card\" content=\"summary_large_image\" \/>\n<meta name=\"twitter:label1\" content=\"Escrito por\" \/>\n\t<meta name=\"twitter:data1\" content=\"comunicacion\" \/>\n\t<meta name=\"twitter:label2\" content=\"Tiempo de lectura\" \/>\n\t<meta name=\"twitter:data2\" content=\"4 minutos\" \/>\n<script type=\"application\/ld+json\" class=\"yoast-schema-graph\">{\"@context\":\"https:\\\/\\\/schema.org\",\"@graph\":[{\"@type\":\"Article\",\"@id\":\"https:\\\/\\\/alume.org\\\/poder-sanador-da-creatividade-artesanal\\\/#article\",\"isPartOf\":{\"@id\":\"https:\\\/\\\/alume.org\\\/poder-sanador-da-creatividade-artesanal\\\/\"},\"author\":{\"name\":\"comunicacion\",\"@id\":\"https:\\\/\\\/alume.org\\\/es\\\/#\\\/schema\\\/person\\\/1f3bdce6d22c44d303385d77ae751737\"},\"headline\":\"O poder sanador da creatividade artesanal\",\"datePublished\":\"2016-01-20T12:51:52+00:00\",\"dateModified\":\"2016-01-20T12:52:43+00:00\",\"mainEntityOfPage\":{\"@id\":\"https:\\\/\\\/alume.org\\\/poder-sanador-da-creatividade-artesanal\\\/\"},\"wordCount\":708,\"image\":{\"@id\":\"https:\\\/\\\/alume.org\\\/poder-sanador-da-creatividade-artesanal\\\/#primaryimage\"},\"thumbnailUrl\":\"https:\\\/\\\/alume.org\\\/wp-content\\\/uploads\\\/2015\\\/10\\\/IMG_20131218_120930.jpg\",\"articleSection\":[\"REHABILITACI\u00d3N PSICOSOCIAL E LABORAL\"],\"inLanguage\":\"es\"},{\"@type\":\"WebPage\",\"@id\":\"https:\\\/\\\/alume.org\\\/poder-sanador-da-creatividade-artesanal\\\/\",\"url\":\"https:\\\/\\\/alume.org\\\/poder-sanador-da-creatividade-artesanal\\\/\",\"name\":\"O poder sanador da creatividade artesanal - Alume\",\"isPartOf\":{\"@id\":\"https:\\\/\\\/alume.org\\\/es\\\/#website\"},\"primaryImageOfPage\":{\"@id\":\"https:\\\/\\\/alume.org\\\/poder-sanador-da-creatividade-artesanal\\\/#primaryimage\"},\"image\":{\"@id\":\"https:\\\/\\\/alume.org\\\/poder-sanador-da-creatividade-artesanal\\\/#primaryimage\"},\"thumbnailUrl\":\"https:\\\/\\\/alume.org\\\/wp-content\\\/uploads\\\/2015\\\/10\\\/IMG_20131218_120930.jpg\",\"datePublished\":\"2016-01-20T12:51:52+00:00\",\"dateModified\":\"2016-01-20T12:52:43+00:00\",\"author\":{\"@id\":\"https:\\\/\\\/alume.org\\\/es\\\/#\\\/schema\\\/person\\\/1f3bdce6d22c44d303385d77ae751737\"},\"breadcrumb\":{\"@id\":\"https:\\\/\\\/alume.org\\\/poder-sanador-da-creatividade-artesanal\\\/#breadcrumb\"},\"inLanguage\":\"es\",\"potentialAction\":[{\"@type\":\"ReadAction\",\"target\":[\"https:\\\/\\\/alume.org\\\/poder-sanador-da-creatividade-artesanal\\\/\"]}]},{\"@type\":\"ImageObject\",\"inLanguage\":\"es\",\"@id\":\"https:\\\/\\\/alume.org\\\/poder-sanador-da-creatividade-artesanal\\\/#primaryimage\",\"url\":\"https:\\\/\\\/alume.org\\\/wp-content\\\/uploads\\\/2015\\\/10\\\/IMG_20131218_120930.jpg\",\"contentUrl\":\"https:\\\/\\\/alume.org\\\/wp-content\\\/uploads\\\/2015\\\/10\\\/IMG_20131218_120930.jpg\",\"width\":1024,\"height\":768},{\"@type\":\"BreadcrumbList\",\"@id\":\"https:\\\/\\\/alume.org\\\/poder-sanador-da-creatividade-artesanal\\\/#breadcrumb\",\"itemListElement\":[{\"@type\":\"ListItem\",\"position\":1,\"name\":\"Portada\",\"item\":\"https:\\\/\\\/alume.org\\\/es\\\/\"},{\"@type\":\"ListItem\",\"position\":2,\"name\":\"O poder sanador da creatividade artesanal\"}]},{\"@type\":\"WebSite\",\"@id\":\"https:\\\/\\\/alume.org\\\/es\\\/#website\",\"url\":\"https:\\\/\\\/alume.org\\\/es\\\/\",\"name\":\"Alume\",\"description\":\"Sa\u00fade Mental\",\"potentialAction\":[{\"@type\":\"SearchAction\",\"target\":{\"@type\":\"EntryPoint\",\"urlTemplate\":\"https:\\\/\\\/alume.org\\\/es\\\/?s={search_term_string}\"},\"query-input\":{\"@type\":\"PropertyValueSpecification\",\"valueRequired\":true,\"valueName\":\"search_term_string\"}}],\"inLanguage\":\"es\"},{\"@type\":\"Person\",\"@id\":\"https:\\\/\\\/alume.org\\\/es\\\/#\\\/schema\\\/person\\\/1f3bdce6d22c44d303385d77ae751737\",\"name\":\"comunicacion\"}]}<\/script>\n<!-- \/ Yoast SEO plugin. -->","yoast_head_json":{"title":"O poder sanador da creatividade artesanal - Alume","robots":{"index":"index","follow":"follow","max-snippet":"max-snippet:-1","max-image-preview":"max-image-preview:large","max-video-preview":"max-video-preview:-1"},"canonical":"https:\/\/alume.org\/poder-sanador-da-creatividade-artesanal\/","og_locale":"es_ES","og_type":"article","og_title":"O poder sanador da creatividade artesanal - Alume","og_description":"A capacidade terap\u00e9uica das manualidades est\u00e1 f\u00f3ra de toda d\u00fabida. \u00c9 unha porta aberta \u00e1 creatividade, polo que comporta un compo\u00f1ente l\u00fadico importante. A satisfacci\u00f3n que implica a execuci\u00f3n dun traballo, cun resultado est\u00e9ticamente agradable \u00e9 sempre motivador. Pero sobre todo \u00e9 una maneira divertida e relaxante de empregar o tempo. Adem\u00e1is, permite adquirir ou [&hellip;]","og_url":"https:\/\/alume.org\/poder-sanador-da-creatividade-artesanal\/","og_site_name":"Alume","article_published_time":"2016-01-20T12:51:52+00:00","article_modified_time":"2016-01-20T12:52:43+00:00","og_image":[{"width":1024,"height":768,"url":"https:\/\/alume.org\/wp-content\/uploads\/2015\/10\/IMG_20131218_120930.jpg","type":"image\/jpeg"}],"author":"comunicacion","twitter_card":"summary_large_image","twitter_misc":{"Escrito por":"comunicacion","Tiempo de lectura":"4 minutos"},"schema":{"@context":"https:\/\/schema.org","@graph":[{"@type":"Article","@id":"https:\/\/alume.org\/poder-sanador-da-creatividade-artesanal\/#article","isPartOf":{"@id":"https:\/\/alume.org\/poder-sanador-da-creatividade-artesanal\/"},"author":{"name":"comunicacion","@id":"https:\/\/alume.org\/es\/#\/schema\/person\/1f3bdce6d22c44d303385d77ae751737"},"headline":"O poder sanador da creatividade artesanal","datePublished":"2016-01-20T12:51:52+00:00","dateModified":"2016-01-20T12:52:43+00:00","mainEntityOfPage":{"@id":"https:\/\/alume.org\/poder-sanador-da-creatividade-artesanal\/"},"wordCount":708,"image":{"@id":"https:\/\/alume.org\/poder-sanador-da-creatividade-artesanal\/#primaryimage"},"thumbnailUrl":"https:\/\/alume.org\/wp-content\/uploads\/2015\/10\/IMG_20131218_120930.jpg","articleSection":["REHABILITACI\u00d3N PSICOSOCIAL E LABORAL"],"inLanguage":"es"},{"@type":"WebPage","@id":"https:\/\/alume.org\/poder-sanador-da-creatividade-artesanal\/","url":"https:\/\/alume.org\/poder-sanador-da-creatividade-artesanal\/","name":"O poder sanador da creatividade artesanal - Alume","isPartOf":{"@id":"https:\/\/alume.org\/es\/#website"},"primaryImageOfPage":{"@id":"https:\/\/alume.org\/poder-sanador-da-creatividade-artesanal\/#primaryimage"},"image":{"@id":"https:\/\/alume.org\/poder-sanador-da-creatividade-artesanal\/#primaryimage"},"thumbnailUrl":"https:\/\/alume.org\/wp-content\/uploads\/2015\/10\/IMG_20131218_120930.jpg","datePublished":"2016-01-20T12:51:52+00:00","dateModified":"2016-01-20T12:52:43+00:00","author":{"@id":"https:\/\/alume.org\/es\/#\/schema\/person\/1f3bdce6d22c44d303385d77ae751737"},"breadcrumb":{"@id":"https:\/\/alume.org\/poder-sanador-da-creatividade-artesanal\/#breadcrumb"},"inLanguage":"es","potentialAction":[{"@type":"ReadAction","target":["https:\/\/alume.org\/poder-sanador-da-creatividade-artesanal\/"]}]},{"@type":"ImageObject","inLanguage":"es","@id":"https:\/\/alume.org\/poder-sanador-da-creatividade-artesanal\/#primaryimage","url":"https:\/\/alume.org\/wp-content\/uploads\/2015\/10\/IMG_20131218_120930.jpg","contentUrl":"https:\/\/alume.org\/wp-content\/uploads\/2015\/10\/IMG_20131218_120930.jpg","width":1024,"height":768},{"@type":"BreadcrumbList","@id":"https:\/\/alume.org\/poder-sanador-da-creatividade-artesanal\/#breadcrumb","itemListElement":[{"@type":"ListItem","position":1,"name":"Portada","item":"https:\/\/alume.org\/es\/"},{"@type":"ListItem","position":2,"name":"O poder sanador da creatividade artesanal"}]},{"@type":"WebSite","@id":"https:\/\/alume.org\/es\/#website","url":"https:\/\/alume.org\/es\/","name":"Alume","description":"Sa\u00fade Mental","potentialAction":[{"@type":"SearchAction","target":{"@type":"EntryPoint","urlTemplate":"https:\/\/alume.org\/es\/?s={search_term_string}"},"query-input":{"@type":"PropertyValueSpecification","valueRequired":true,"valueName":"search_term_string"}}],"inLanguage":"es"},{"@type":"Person","@id":"https:\/\/alume.org\/es\/#\/schema\/person\/1f3bdce6d22c44d303385d77ae751737","name":"comunicacion"}]}},"_links":{"self":[{"href":"https:\/\/alume.org\/es\/wp-json\/wp\/v2\/posts\/4805","targetHints":{"allow":["GET"]}}],"collection":[{"href":"https:\/\/alume.org\/es\/wp-json\/wp\/v2\/posts"}],"about":[{"href":"https:\/\/alume.org\/es\/wp-json\/wp\/v2\/types\/post"}],"author":[{"embeddable":true,"href":"https:\/\/alume.org\/es\/wp-json\/wp\/v2\/users\/3"}],"replies":[{"embeddable":true,"href":"https:\/\/alume.org\/es\/wp-json\/wp\/v2\/comments?post=4805"}],"version-history":[{"count":0,"href":"https:\/\/alume.org\/es\/wp-json\/wp\/v2\/posts\/4805\/revisions"}],"wp:featuredmedia":[{"embeddable":true,"href":"https:\/\/alume.org\/es\/wp-json\/wp\/v2\/media\/4640"}],"wp:attachment":[{"href":"https:\/\/alume.org\/es\/wp-json\/wp\/v2\/media?parent=4805"}],"wp:term":[{"taxonomy":"category","embeddable":true,"href":"https:\/\/alume.org\/es\/wp-json\/wp\/v2\/categories?post=4805"},{"taxonomy":"post_tag","embeddable":true,"href":"https:\/\/alume.org\/es\/wp-json\/wp\/v2\/tags?post=4805"}],"curies":[{"name":"wp","href":"https:\/\/api.w.org\/{rel}","templated":true}]}}