{"id":4945,"date":"2015-12-09T11:54:32","date_gmt":"2015-12-09T11:54:32","guid":{"rendered":"http:\/\/alume.org\/?p=4945"},"modified":"2015-12-09T12:04:15","modified_gmt":"2015-12-09T12:04:15","slug":"un-premio-muy-especial","status":"publish","type":"post","link":"https:\/\/alume.org\/es\/un-premio-muy-especial\/","title":{"rendered":"\u00a1N\u00f3s tam\u00e9n pintamos algo!"},"content":{"rendered":"<p>&nbsp;<\/p>\n<p>Alume recib\u00edu o Premio Especial do Xurado do X Concurso Internacional de Fotograf\u00eda sobre Discapacidade que convoca anualmente a Fundaci\u00f3n Anade. Estamos moi satisfeitos, porque \u00e1 presente edici\u00f3n do certame present\u00e1ronse\u00a0 m\u00e1is de 300 traballos procedentes de distintas comunidades do Estado. E moi bos por certo. \u00c1 inauguracion da mostra, que pode visitarse na sala multiusos do Museo Provincial de Lugo ata o vindeiro d\u00eda 13, asistiron o responsable de Cultura da Deputaci\u00f3n Provincial, a concelleira de Benestar, a directora do Museo, os responsables de Anade, os membros do xurado e numerosos usuarios e monitoras de Alume, entre outros visitantes da mostra. Por parte de Alume, a encargada de recoller o premio foi M\u00f3nica L\u00f3pez Vilar.<\/p>\n<p>Alume presentou\u00a0 unha vintena de fotogtaf\u00edas baixo o t\u00edtulo <em>N\u00f3s tam\u00e9n pintamos algo<\/em>, que reflicten distintos aspectos das actividades que se desenvolven na nosa entidade. A calidade dos traballos foi reco\u00f1ecida por un xurado integrado por expertos en fotograf\u00eda e arte, que, ademais, valoraron a orixinalidade da presentaci\u00f3n, feita sobre enmarcaci\u00f3ns de papeis pintados sobre cart\u00f3ns, un coidado traballo de atesan\u00eda feito con materiais de reciclaxe.<\/p>\n","protected":false},"excerpt":{"rendered":"<p>&nbsp; Alume recib\u00edu o Premio Especial do Xurado do X Concurso Internacional de Fotograf\u00eda sobre Discapacidade que convoca anualmente a Fundaci\u00f3n Anade. Estamos moi satisfeitos, porque \u00e1 presente edici\u00f3n do certame present\u00e1ronse\u00a0 m\u00e1is de 300 traballos procedentes de distintas comunidades do Estado. E moi bos por certo. \u00c1 inauguracion da mostra, que pode visitarse na [&hellip;]<\/p>\n","protected":false},"author":3,"featured_media":4948,"comment_status":"closed","ping_status":"closed","sticky":false,"template":"","format":"standard","meta":{"ngg_post_thumbnail":0,"footnotes":""},"categories":[62],"tags":[],"class_list":{"0":"post-4945","1":"post","2":"type-post","3":"status-publish","4":"format-standard","5":"has-post-thumbnail","7":"category-novas"},"yoast_head":"<!-- This site is optimized with the Yoast SEO plugin v27.5 - https:\/\/yoast.com\/product\/yoast-seo-wordpress\/ -->\n<title>\u00a1N\u00f3s tam\u00e9n pintamos algo! - Alume<\/title>\n<meta name=\"robots\" content=\"index, follow, max-snippet:-1, max-image-preview:large, max-video-preview:-1\" \/>\n<link rel=\"canonical\" href=\"https:\/\/alume.org\/es\/un-premio-muy-especial\/\" \/>\n<meta property=\"og:locale\" content=\"es_ES\" \/>\n<meta property=\"og:type\" content=\"article\" \/>\n<meta property=\"og:title\" content=\"\u00a1N\u00f3s tam\u00e9n pintamos algo! - Alume\" \/>\n<meta property=\"og:description\" content=\"&nbsp; Alume recib\u00edu o Premio Especial do Xurado do X Concurso Internacional de Fotograf\u00eda sobre Discapacidade que convoca anualmente a Fundaci\u00f3n Anade. Estamos moi satisfeitos, porque \u00e1 presente edici\u00f3n do certame present\u00e1ronse\u00a0 m\u00e1is de 300 traballos procedentes de distintas comunidades do Estado. E moi bos por certo. \u00c1 inauguracion da mostra, que pode visitarse na [&hellip;]\" \/>\n<meta property=\"og:url\" content=\"https:\/\/alume.org\/es\/un-premio-muy-especial\/\" \/>\n<meta property=\"og:site_name\" content=\"Alume\" \/>\n<meta property=\"article:published_time\" content=\"2015-12-09T11:54:32+00:00\" \/>\n<meta property=\"article:modified_time\" content=\"2015-12-09T12:04:15+00:00\" \/>\n<meta property=\"og:image\" content=\"https:\/\/alume.org\/wp-content\/uploads\/2015\/12\/premio-fotografia-Anade_.jpg\" \/>\n\t<meta property=\"og:image:width\" content=\"1024\" \/>\n\t<meta property=\"og:image:height\" content=\"683\" \/>\n\t<meta property=\"og:image:type\" content=\"image\/jpeg\" \/>\n<meta name=\"author\" content=\"comunicacion\" \/>\n<meta name=\"twitter:card\" content=\"summary_large_image\" \/>\n<meta name=\"twitter:label1\" content=\"Escrito por\" \/>\n\t<meta name=\"twitter:data1\" content=\"comunicacion\" \/>\n\t<meta name=\"twitter:label2\" content=\"Tiempo de lectura\" \/>\n\t<meta name=\"twitter:data2\" content=\"1 minuto\" \/>\n<script type=\"application\/ld+json\" class=\"yoast-schema-graph\">{\"@context\":\"https:\\\/\\\/schema.org\",\"@graph\":[{\"@type\":\"Article\",\"@id\":\"https:\\\/\\\/alume.org\\\/es\\\/un-premio-muy-especial\\\/#article\",\"isPartOf\":{\"@id\":\"https:\\\/\\\/alume.org\\\/es\\\/un-premio-muy-especial\\\/\"},\"author\":{\"name\":\"comunicacion\",\"@id\":\"https:\\\/\\\/alume.org\\\/es\\\/#\\\/schema\\\/person\\\/1f3bdce6d22c44d303385d77ae751737\"},\"headline\":\"\u00a1N\u00f3s tam\u00e9n pintamos algo!\",\"datePublished\":\"2015-12-09T11:54:32+00:00\",\"dateModified\":\"2015-12-09T12:04:15+00:00\",\"mainEntityOfPage\":{\"@id\":\"https:\\\/\\\/alume.org\\\/es\\\/un-premio-muy-especial\\\/\"},\"wordCount\":205,\"image\":{\"@id\":\"https:\\\/\\\/alume.org\\\/es\\\/un-premio-muy-especial\\\/#primaryimage\"},\"thumbnailUrl\":\"https:\\\/\\\/alume.org\\\/wp-content\\\/uploads\\\/2015\\\/12\\\/premio-fotografia-Anade_.jpg\",\"articleSection\":[\"Novas\"],\"inLanguage\":\"es\"},{\"@type\":\"WebPage\",\"@id\":\"https:\\\/\\\/alume.org\\\/es\\\/un-premio-muy-especial\\\/\",\"url\":\"https:\\\/\\\/alume.org\\\/es\\\/un-premio-muy-especial\\\/\",\"name\":\"\u00a1N\u00f3s tam\u00e9n pintamos algo! - Alume\",\"isPartOf\":{\"@id\":\"https:\\\/\\\/alume.org\\\/es\\\/#website\"},\"primaryImageOfPage\":{\"@id\":\"https:\\\/\\\/alume.org\\\/es\\\/un-premio-muy-especial\\\/#primaryimage\"},\"image\":{\"@id\":\"https:\\\/\\\/alume.org\\\/es\\\/un-premio-muy-especial\\\/#primaryimage\"},\"thumbnailUrl\":\"https:\\\/\\\/alume.org\\\/wp-content\\\/uploads\\\/2015\\\/12\\\/premio-fotografia-Anade_.jpg\",\"datePublished\":\"2015-12-09T11:54:32+00:00\",\"dateModified\":\"2015-12-09T12:04:15+00:00\",\"author\":{\"@id\":\"https:\\\/\\\/alume.org\\\/es\\\/#\\\/schema\\\/person\\\/1f3bdce6d22c44d303385d77ae751737\"},\"breadcrumb\":{\"@id\":\"https:\\\/\\\/alume.org\\\/es\\\/un-premio-muy-especial\\\/#breadcrumb\"},\"inLanguage\":\"es\",\"potentialAction\":[{\"@type\":\"ReadAction\",\"target\":[\"https:\\\/\\\/alume.org\\\/es\\\/un-premio-muy-especial\\\/\"]}]},{\"@type\":\"ImageObject\",\"inLanguage\":\"es\",\"@id\":\"https:\\\/\\\/alume.org\\\/es\\\/un-premio-muy-especial\\\/#primaryimage\",\"url\":\"https:\\\/\\\/alume.org\\\/wp-content\\\/uploads\\\/2015\\\/12\\\/premio-fotografia-Anade_.jpg\",\"contentUrl\":\"https:\\\/\\\/alume.org\\\/wp-content\\\/uploads\\\/2015\\\/12\\\/premio-fotografia-Anade_.jpg\",\"width\":1024,\"height\":683,\"caption\":\"EXPOSICI\u00d3N DE LA MUESTRA FOTOGR\u00c1FICA DE ANADE\"},{\"@type\":\"BreadcrumbList\",\"@id\":\"https:\\\/\\\/alume.org\\\/es\\\/un-premio-muy-especial\\\/#breadcrumb\",\"itemListElement\":[{\"@type\":\"ListItem\",\"position\":1,\"name\":\"Portada\",\"item\":\"https:\\\/\\\/alume.org\\\/es\\\/\"},{\"@type\":\"ListItem\",\"position\":2,\"name\":\"\u00a1N\u00f3s tam\u00e9n pintamos algo!\"}]},{\"@type\":\"WebSite\",\"@id\":\"https:\\\/\\\/alume.org\\\/es\\\/#website\",\"url\":\"https:\\\/\\\/alume.org\\\/es\\\/\",\"name\":\"Alume\",\"description\":\"Sa\u00fade Mental\",\"potentialAction\":[{\"@type\":\"SearchAction\",\"target\":{\"@type\":\"EntryPoint\",\"urlTemplate\":\"https:\\\/\\\/alume.org\\\/es\\\/?s={search_term_string}\"},\"query-input\":{\"@type\":\"PropertyValueSpecification\",\"valueRequired\":true,\"valueName\":\"search_term_string\"}}],\"inLanguage\":\"es\"},{\"@type\":\"Person\",\"@id\":\"https:\\\/\\\/alume.org\\\/es\\\/#\\\/schema\\\/person\\\/1f3bdce6d22c44d303385d77ae751737\",\"name\":\"comunicacion\"}]}<\/script>\n<!-- \/ Yoast SEO plugin. -->","yoast_head_json":{"title":"\u00a1N\u00f3s tam\u00e9n pintamos algo! - Alume","robots":{"index":"index","follow":"follow","max-snippet":"max-snippet:-1","max-image-preview":"max-image-preview:large","max-video-preview":"max-video-preview:-1"},"canonical":"https:\/\/alume.org\/es\/un-premio-muy-especial\/","og_locale":"es_ES","og_type":"article","og_title":"\u00a1N\u00f3s tam\u00e9n pintamos algo! - Alume","og_description":"&nbsp; Alume recib\u00edu o Premio Especial do Xurado do X Concurso Internacional de Fotograf\u00eda sobre Discapacidade que convoca anualmente a Fundaci\u00f3n Anade. Estamos moi satisfeitos, porque \u00e1 presente edici\u00f3n do certame present\u00e1ronse\u00a0 m\u00e1is de 300 traballos procedentes de distintas comunidades do Estado. E moi bos por certo. \u00c1 inauguracion da mostra, que pode visitarse na [&hellip;]","og_url":"https:\/\/alume.org\/es\/un-premio-muy-especial\/","og_site_name":"Alume","article_published_time":"2015-12-09T11:54:32+00:00","article_modified_time":"2015-12-09T12:04:15+00:00","og_image":[{"width":1024,"height":683,"url":"https:\/\/alume.org\/wp-content\/uploads\/2015\/12\/premio-fotografia-Anade_.jpg","type":"image\/jpeg"}],"author":"comunicacion","twitter_card":"summary_large_image","twitter_misc":{"Escrito por":"comunicacion","Tiempo de lectura":"1 minuto"},"schema":{"@context":"https:\/\/schema.org","@graph":[{"@type":"Article","@id":"https:\/\/alume.org\/es\/un-premio-muy-especial\/#article","isPartOf":{"@id":"https:\/\/alume.org\/es\/un-premio-muy-especial\/"},"author":{"name":"comunicacion","@id":"https:\/\/alume.org\/es\/#\/schema\/person\/1f3bdce6d22c44d303385d77ae751737"},"headline":"\u00a1N\u00f3s tam\u00e9n pintamos algo!","datePublished":"2015-12-09T11:54:32+00:00","dateModified":"2015-12-09T12:04:15+00:00","mainEntityOfPage":{"@id":"https:\/\/alume.org\/es\/un-premio-muy-especial\/"},"wordCount":205,"image":{"@id":"https:\/\/alume.org\/es\/un-premio-muy-especial\/#primaryimage"},"thumbnailUrl":"https:\/\/alume.org\/wp-content\/uploads\/2015\/12\/premio-fotografia-Anade_.jpg","articleSection":["Novas"],"inLanguage":"es"},{"@type":"WebPage","@id":"https:\/\/alume.org\/es\/un-premio-muy-especial\/","url":"https:\/\/alume.org\/es\/un-premio-muy-especial\/","name":"\u00a1N\u00f3s tam\u00e9n pintamos algo! - Alume","isPartOf":{"@id":"https:\/\/alume.org\/es\/#website"},"primaryImageOfPage":{"@id":"https:\/\/alume.org\/es\/un-premio-muy-especial\/#primaryimage"},"image":{"@id":"https:\/\/alume.org\/es\/un-premio-muy-especial\/#primaryimage"},"thumbnailUrl":"https:\/\/alume.org\/wp-content\/uploads\/2015\/12\/premio-fotografia-Anade_.jpg","datePublished":"2015-12-09T11:54:32+00:00","dateModified":"2015-12-09T12:04:15+00:00","author":{"@id":"https:\/\/alume.org\/es\/#\/schema\/person\/1f3bdce6d22c44d303385d77ae751737"},"breadcrumb":{"@id":"https:\/\/alume.org\/es\/un-premio-muy-especial\/#breadcrumb"},"inLanguage":"es","potentialAction":[{"@type":"ReadAction","target":["https:\/\/alume.org\/es\/un-premio-muy-especial\/"]}]},{"@type":"ImageObject","inLanguage":"es","@id":"https:\/\/alume.org\/es\/un-premio-muy-especial\/#primaryimage","url":"https:\/\/alume.org\/wp-content\/uploads\/2015\/12\/premio-fotografia-Anade_.jpg","contentUrl":"https:\/\/alume.org\/wp-content\/uploads\/2015\/12\/premio-fotografia-Anade_.jpg","width":1024,"height":683,"caption":"EXPOSICI\u00d3N DE LA MUESTRA FOTOGR\u00c1FICA DE ANADE"},{"@type":"BreadcrumbList","@id":"https:\/\/alume.org\/es\/un-premio-muy-especial\/#breadcrumb","itemListElement":[{"@type":"ListItem","position":1,"name":"Portada","item":"https:\/\/alume.org\/es\/"},{"@type":"ListItem","position":2,"name":"\u00a1N\u00f3s tam\u00e9n pintamos algo!"}]},{"@type":"WebSite","@id":"https:\/\/alume.org\/es\/#website","url":"https:\/\/alume.org\/es\/","name":"Alume","description":"Sa\u00fade Mental","potentialAction":[{"@type":"SearchAction","target":{"@type":"EntryPoint","urlTemplate":"https:\/\/alume.org\/es\/?s={search_term_string}"},"query-input":{"@type":"PropertyValueSpecification","valueRequired":true,"valueName":"search_term_string"}}],"inLanguage":"es"},{"@type":"Person","@id":"https:\/\/alume.org\/es\/#\/schema\/person\/1f3bdce6d22c44d303385d77ae751737","name":"comunicacion"}]}},"_links":{"self":[{"href":"https:\/\/alume.org\/es\/wp-json\/wp\/v2\/posts\/4945","targetHints":{"allow":["GET"]}}],"collection":[{"href":"https:\/\/alume.org\/es\/wp-json\/wp\/v2\/posts"}],"about":[{"href":"https:\/\/alume.org\/es\/wp-json\/wp\/v2\/types\/post"}],"author":[{"embeddable":true,"href":"https:\/\/alume.org\/es\/wp-json\/wp\/v2\/users\/3"}],"replies":[{"embeddable":true,"href":"https:\/\/alume.org\/es\/wp-json\/wp\/v2\/comments?post=4945"}],"version-history":[{"count":0,"href":"https:\/\/alume.org\/es\/wp-json\/wp\/v2\/posts\/4945\/revisions"}],"wp:featuredmedia":[{"embeddable":true,"href":"https:\/\/alume.org\/es\/wp-json\/wp\/v2\/media\/4948"}],"wp:attachment":[{"href":"https:\/\/alume.org\/es\/wp-json\/wp\/v2\/media?parent=4945"}],"wp:term":[{"taxonomy":"category","embeddable":true,"href":"https:\/\/alume.org\/es\/wp-json\/wp\/v2\/categories?post=4945"},{"taxonomy":"post_tag","embeddable":true,"href":"https:\/\/alume.org\/es\/wp-json\/wp\/v2\/tags?post=4945"}],"curies":[{"name":"wp","href":"https:\/\/api.w.org\/{rel}","templated":true}]}}