{"id":5024,"date":"2016-01-12T12:13:15","date_gmt":"2016-01-12T12:13:15","guid":{"rendered":"http:\/\/alume.org\/?p=5024"},"modified":"2016-01-12T12:43:24","modified_gmt":"2016-01-12T12:43:24","slug":"nn-foi-un-mal-ano","status":"publish","type":"post","link":"https:\/\/alume.org\/es\/nn-foi-un-mal-ano\/","title":{"rendered":"Non foi un mal ano"},"content":{"rendered":"<p>O ano 15 do s\u00e9culo XXI non foi malo para Alume Sa\u00fade Mental Lugo e Guitiriz. Malia os problemas polos que est\u00e1n a pasar t\u00f3dalas ONGs por mor dos recortes econ\u00f3micos derivados dunha crise que non cesa, cando menos para os sectores menos favorecidos da sociedade, o certo \u00e9 que o traballo de directivos, do equipo profesional e dos voluntarios deu os seus froitos.<\/p>\n<p>Entre as cuesti\u00f3ns m\u00e1is significativas, salienta a organizaci\u00f3n do XX aniversario da fundaci\u00f3n de Alume. \u00a1Xa son ani\u00f1os!. S\u00e1beno ben os que est\u00e1n a pe de obra desde os seus comezos, a\u00ednda que haxa notables ausencias, como a de Dolores Osorio, a primeira directora\u00a0\u00a0<span data-offset-key=\"bj1m-0-0\"><span data-text=\"true\"> e motor de arranque de Alume, \u00e1 que seguimos a votar en falta. <\/span><\/span><\/p>\n<p><span data-offset-key=\"bj1m-0-0\"><span data-text=\"true\">Tam\u00e9n cambiamos o nome da asociaci\u00f3n, que agora ch\u00e1mase Alume Sa\u00fade Mental; estreamos p\u00e1xina web e v\u00eddeo promocional, acadamos alg\u00fans premios deportivos e culturais, viaxamos a sitios marabillosos dentro do programa de ocio, e realizamos sa\u00eddas de estudos do m\u00e1is interesante. Adem\u00e1is, asistimos a canto acontecemento cultural de interese tivo lugar en Lugo, participamos en campa\u00f1as solidararias e, como non, celebramos t\u00f3dalas festas que marca o calendario, sempre con moita ledicia. <\/span><\/span><\/p>\n<p><span data-offset-key=\"bj1m-0-0\"><span data-text=\"true\">Todo iso, sen esquecer a campa\u00f1ana contra o estigma, na que participaron centos de persoas de ben de t\u00f3dolos sectores, inclu\u00eddo o artistico. Nomes como Gabino Diego, Imanol Uribe, Javier Guti\u00e9rrez, Mar\u00eda Casal, F\u00e1tima Baeza ou Antonio Zab\u00e1lburo, entre outros, tam\u00e9n quixeron deixar a s\u00faa testemu\u00f1a contra ese muro intanxible da ignorancia e da insolidariedade humana que tanto custa derrubar.<\/span><\/span><\/p>\n<p><span data-offset-key=\"bj1m-0-0\"><span data-text=\"true\">Non por coti\u00e1 hai que deixar de salientar o traballo que se fai a diario nos obradoirios terap\u00e9uticos e de formaci\u00f3n prelaboral de Alume, nin os que desenvolve a\u00a0 brigada de xardineir\u00eda e, por suposto, o dos\u00a0 programas Paiem, de atenci\u00f3n a internos con enfermidade mental nos c\u00e1rceres de Bonxe e Monterroso, e Espertar, de atenci\u00f3n apersoas sen tenito con trastrno mental severo.<br \/>\n<\/span><\/span><\/p>\n<p><span data-offset-key=\"bj1m-0-0\"><span data-text=\"true\">Adem\u00e1is, temos que celebrar o logro de d\u00faas inserci\u00f3ns laborais estables, que esperamos que neste ano que comeza se multipliquen por moitas m\u00e1is. O balance non \u00e9 malo. As\u00ed, Alume sa\u00fada o novo ano cunha morea de proxectos en carteira, entre outros o pr\u00f3ximo cambio de s\u00e9 que todos agardamos con moita ilusi\u00f3n.<br \/>\n<\/span><\/span><\/p>\n<p>&nbsp;<\/p>\n<p>&nbsp;<\/p>\n<div id=\"id_5694eb0b0524e5c48092677\" class=\"text_exposed_root\"><\/div>\n","protected":false},"excerpt":{"rendered":"<p>O ano 15 do s\u00e9culo XXI non foi malo para Alume Sa\u00fade Mental Lugo e Guitiriz. Malia os problemas polos que est\u00e1n a pasar t\u00f3dalas ONGs por mor dos recortes econ\u00f3micos derivados dunha crise que non cesa, cando menos para os sectores menos favorecidos da sociedade, o certo \u00e9 que o traballo de directivos, do [&hellip;]<\/p>\n","protected":false},"author":3,"featured_media":5036,"comment_status":"closed","ping_status":"closed","sticky":false,"template":"","format":"standard","meta":{"ngg_post_thumbnail":0,"footnotes":""},"categories":[62],"tags":[],"class_list":{"0":"post-5024","1":"post","2":"type-post","3":"status-publish","4":"format-standard","5":"has-post-thumbnail","7":"category-novas"},"yoast_head":"<!-- This site is optimized with the Yoast SEO plugin v27.4 - https:\/\/yoast.com\/product\/yoast-seo-wordpress\/ -->\n<title>Non foi un mal ano - Alume<\/title>\n<meta name=\"robots\" content=\"index, follow, max-snippet:-1, max-image-preview:large, max-video-preview:-1\" \/>\n<link rel=\"canonical\" href=\"https:\/\/alume.org\/nn-foi-un-mal-ano\/\" \/>\n<meta property=\"og:locale\" content=\"es_ES\" \/>\n<meta property=\"og:type\" content=\"article\" \/>\n<meta property=\"og:title\" content=\"Non foi un mal ano - Alume\" \/>\n<meta property=\"og:description\" content=\"O ano 15 do s\u00e9culo XXI non foi malo para Alume Sa\u00fade Mental Lugo e Guitiriz. Malia os problemas polos que est\u00e1n a pasar t\u00f3dalas ONGs por mor dos recortes econ\u00f3micos derivados dunha crise que non cesa, cando menos para os sectores menos favorecidos da sociedade, o certo \u00e9 que o traballo de directivos, do [&hellip;]\" \/>\n<meta property=\"og:url\" content=\"https:\/\/alume.org\/nn-foi-un-mal-ano\/\" \/>\n<meta property=\"og:site_name\" content=\"Alume\" \/>\n<meta property=\"article:published_time\" content=\"2016-01-12T12:13:15+00:00\" \/>\n<meta property=\"article:modified_time\" content=\"2016-01-12T12:43:24+00:00\" \/>\n<meta property=\"og:image\" content=\"https:\/\/alume.org\/wp-content\/uploads\/2016\/01\/DSC05509.jpg\" \/>\n\t<meta property=\"og:image:width\" content=\"1024\" \/>\n\t<meta property=\"og:image:height\" content=\"681\" \/>\n\t<meta property=\"og:image:type\" content=\"image\/jpeg\" \/>\n<meta name=\"author\" content=\"comunicacion\" \/>\n<meta name=\"twitter:card\" content=\"summary_large_image\" \/>\n<meta name=\"twitter:label1\" content=\"Escrito por\" \/>\n\t<meta name=\"twitter:data1\" content=\"comunicacion\" \/>\n\t<meta name=\"twitter:label2\" content=\"Tiempo de lectura\" \/>\n\t<meta name=\"twitter:data2\" content=\"2 minutos\" \/>\n<script type=\"application\/ld+json\" class=\"yoast-schema-graph\">{\"@context\":\"https:\\\/\\\/schema.org\",\"@graph\":[{\"@type\":\"Article\",\"@id\":\"https:\\\/\\\/alume.org\\\/nn-foi-un-mal-ano\\\/#article\",\"isPartOf\":{\"@id\":\"https:\\\/\\\/alume.org\\\/nn-foi-un-mal-ano\\\/\"},\"author\":{\"name\":\"comunicacion\",\"@id\":\"https:\\\/\\\/alume.org\\\/es\\\/#\\\/schema\\\/person\\\/1f3bdce6d22c44d303385d77ae751737\"},\"headline\":\"Non foi un mal ano\",\"datePublished\":\"2016-01-12T12:13:15+00:00\",\"dateModified\":\"2016-01-12T12:43:24+00:00\",\"mainEntityOfPage\":{\"@id\":\"https:\\\/\\\/alume.org\\\/nn-foi-un-mal-ano\\\/\"},\"wordCount\":419,\"image\":{\"@id\":\"https:\\\/\\\/alume.org\\\/nn-foi-un-mal-ano\\\/#primaryimage\"},\"thumbnailUrl\":\"https:\\\/\\\/alume.org\\\/wp-content\\\/uploads\\\/2016\\\/01\\\/DSC05509.jpg\",\"articleSection\":[\"Novas\"],\"inLanguage\":\"es\"},{\"@type\":\"WebPage\",\"@id\":\"https:\\\/\\\/alume.org\\\/nn-foi-un-mal-ano\\\/\",\"url\":\"https:\\\/\\\/alume.org\\\/nn-foi-un-mal-ano\\\/\",\"name\":\"Non foi un mal ano - Alume\",\"isPartOf\":{\"@id\":\"https:\\\/\\\/alume.org\\\/es\\\/#website\"},\"primaryImageOfPage\":{\"@id\":\"https:\\\/\\\/alume.org\\\/nn-foi-un-mal-ano\\\/#primaryimage\"},\"image\":{\"@id\":\"https:\\\/\\\/alume.org\\\/nn-foi-un-mal-ano\\\/#primaryimage\"},\"thumbnailUrl\":\"https:\\\/\\\/alume.org\\\/wp-content\\\/uploads\\\/2016\\\/01\\\/DSC05509.jpg\",\"datePublished\":\"2016-01-12T12:13:15+00:00\",\"dateModified\":\"2016-01-12T12:43:24+00:00\",\"author\":{\"@id\":\"https:\\\/\\\/alume.org\\\/es\\\/#\\\/schema\\\/person\\\/1f3bdce6d22c44d303385d77ae751737\"},\"breadcrumb\":{\"@id\":\"https:\\\/\\\/alume.org\\\/nn-foi-un-mal-ano\\\/#breadcrumb\"},\"inLanguage\":\"es\",\"potentialAction\":[{\"@type\":\"ReadAction\",\"target\":[\"https:\\\/\\\/alume.org\\\/nn-foi-un-mal-ano\\\/\"]}]},{\"@type\":\"ImageObject\",\"inLanguage\":\"es\",\"@id\":\"https:\\\/\\\/alume.org\\\/nn-foi-un-mal-ano\\\/#primaryimage\",\"url\":\"https:\\\/\\\/alume.org\\\/wp-content\\\/uploads\\\/2016\\\/01\\\/DSC05509.jpg\",\"contentUrl\":\"https:\\\/\\\/alume.org\\\/wp-content\\\/uploads\\\/2016\\\/01\\\/DSC05509.jpg\",\"width\":1024,\"height\":681},{\"@type\":\"BreadcrumbList\",\"@id\":\"https:\\\/\\\/alume.org\\\/nn-foi-un-mal-ano\\\/#breadcrumb\",\"itemListElement\":[{\"@type\":\"ListItem\",\"position\":1,\"name\":\"Portada\",\"item\":\"https:\\\/\\\/alume.org\\\/es\\\/\"},{\"@type\":\"ListItem\",\"position\":2,\"name\":\"Non foi un mal ano\"}]},{\"@type\":\"WebSite\",\"@id\":\"https:\\\/\\\/alume.org\\\/es\\\/#website\",\"url\":\"https:\\\/\\\/alume.org\\\/es\\\/\",\"name\":\"Alume\",\"description\":\"Sa\u00fade Mental\",\"potentialAction\":[{\"@type\":\"SearchAction\",\"target\":{\"@type\":\"EntryPoint\",\"urlTemplate\":\"https:\\\/\\\/alume.org\\\/es\\\/?s={search_term_string}\"},\"query-input\":{\"@type\":\"PropertyValueSpecification\",\"valueRequired\":true,\"valueName\":\"search_term_string\"}}],\"inLanguage\":\"es\"},{\"@type\":\"Person\",\"@id\":\"https:\\\/\\\/alume.org\\\/es\\\/#\\\/schema\\\/person\\\/1f3bdce6d22c44d303385d77ae751737\",\"name\":\"comunicacion\"}]}<\/script>\n<!-- \/ Yoast SEO plugin. -->","yoast_head_json":{"title":"Non foi un mal ano - Alume","robots":{"index":"index","follow":"follow","max-snippet":"max-snippet:-1","max-image-preview":"max-image-preview:large","max-video-preview":"max-video-preview:-1"},"canonical":"https:\/\/alume.org\/nn-foi-un-mal-ano\/","og_locale":"es_ES","og_type":"article","og_title":"Non foi un mal ano - Alume","og_description":"O ano 15 do s\u00e9culo XXI non foi malo para Alume Sa\u00fade Mental Lugo e Guitiriz. Malia os problemas polos que est\u00e1n a pasar t\u00f3dalas ONGs por mor dos recortes econ\u00f3micos derivados dunha crise que non cesa, cando menos para os sectores menos favorecidos da sociedade, o certo \u00e9 que o traballo de directivos, do [&hellip;]","og_url":"https:\/\/alume.org\/nn-foi-un-mal-ano\/","og_site_name":"Alume","article_published_time":"2016-01-12T12:13:15+00:00","article_modified_time":"2016-01-12T12:43:24+00:00","og_image":[{"width":1024,"height":681,"url":"https:\/\/alume.org\/wp-content\/uploads\/2016\/01\/DSC05509.jpg","type":"image\/jpeg"}],"author":"comunicacion","twitter_card":"summary_large_image","twitter_misc":{"Escrito por":"comunicacion","Tiempo de lectura":"2 minutos"},"schema":{"@context":"https:\/\/schema.org","@graph":[{"@type":"Article","@id":"https:\/\/alume.org\/nn-foi-un-mal-ano\/#article","isPartOf":{"@id":"https:\/\/alume.org\/nn-foi-un-mal-ano\/"},"author":{"name":"comunicacion","@id":"https:\/\/alume.org\/es\/#\/schema\/person\/1f3bdce6d22c44d303385d77ae751737"},"headline":"Non foi un mal ano","datePublished":"2016-01-12T12:13:15+00:00","dateModified":"2016-01-12T12:43:24+00:00","mainEntityOfPage":{"@id":"https:\/\/alume.org\/nn-foi-un-mal-ano\/"},"wordCount":419,"image":{"@id":"https:\/\/alume.org\/nn-foi-un-mal-ano\/#primaryimage"},"thumbnailUrl":"https:\/\/alume.org\/wp-content\/uploads\/2016\/01\/DSC05509.jpg","articleSection":["Novas"],"inLanguage":"es"},{"@type":"WebPage","@id":"https:\/\/alume.org\/nn-foi-un-mal-ano\/","url":"https:\/\/alume.org\/nn-foi-un-mal-ano\/","name":"Non foi un mal ano - Alume","isPartOf":{"@id":"https:\/\/alume.org\/es\/#website"},"primaryImageOfPage":{"@id":"https:\/\/alume.org\/nn-foi-un-mal-ano\/#primaryimage"},"image":{"@id":"https:\/\/alume.org\/nn-foi-un-mal-ano\/#primaryimage"},"thumbnailUrl":"https:\/\/alume.org\/wp-content\/uploads\/2016\/01\/DSC05509.jpg","datePublished":"2016-01-12T12:13:15+00:00","dateModified":"2016-01-12T12:43:24+00:00","author":{"@id":"https:\/\/alume.org\/es\/#\/schema\/person\/1f3bdce6d22c44d303385d77ae751737"},"breadcrumb":{"@id":"https:\/\/alume.org\/nn-foi-un-mal-ano\/#breadcrumb"},"inLanguage":"es","potentialAction":[{"@type":"ReadAction","target":["https:\/\/alume.org\/nn-foi-un-mal-ano\/"]}]},{"@type":"ImageObject","inLanguage":"es","@id":"https:\/\/alume.org\/nn-foi-un-mal-ano\/#primaryimage","url":"https:\/\/alume.org\/wp-content\/uploads\/2016\/01\/DSC05509.jpg","contentUrl":"https:\/\/alume.org\/wp-content\/uploads\/2016\/01\/DSC05509.jpg","width":1024,"height":681},{"@type":"BreadcrumbList","@id":"https:\/\/alume.org\/nn-foi-un-mal-ano\/#breadcrumb","itemListElement":[{"@type":"ListItem","position":1,"name":"Portada","item":"https:\/\/alume.org\/es\/"},{"@type":"ListItem","position":2,"name":"Non foi un mal ano"}]},{"@type":"WebSite","@id":"https:\/\/alume.org\/es\/#website","url":"https:\/\/alume.org\/es\/","name":"Alume","description":"Sa\u00fade Mental","potentialAction":[{"@type":"SearchAction","target":{"@type":"EntryPoint","urlTemplate":"https:\/\/alume.org\/es\/?s={search_term_string}"},"query-input":{"@type":"PropertyValueSpecification","valueRequired":true,"valueName":"search_term_string"}}],"inLanguage":"es"},{"@type":"Person","@id":"https:\/\/alume.org\/es\/#\/schema\/person\/1f3bdce6d22c44d303385d77ae751737","name":"comunicacion"}]}},"_links":{"self":[{"href":"https:\/\/alume.org\/es\/wp-json\/wp\/v2\/posts\/5024","targetHints":{"allow":["GET"]}}],"collection":[{"href":"https:\/\/alume.org\/es\/wp-json\/wp\/v2\/posts"}],"about":[{"href":"https:\/\/alume.org\/es\/wp-json\/wp\/v2\/types\/post"}],"author":[{"embeddable":true,"href":"https:\/\/alume.org\/es\/wp-json\/wp\/v2\/users\/3"}],"replies":[{"embeddable":true,"href":"https:\/\/alume.org\/es\/wp-json\/wp\/v2\/comments?post=5024"}],"version-history":[{"count":0,"href":"https:\/\/alume.org\/es\/wp-json\/wp\/v2\/posts\/5024\/revisions"}],"wp:featuredmedia":[{"embeddable":true,"href":"https:\/\/alume.org\/es\/wp-json\/wp\/v2\/media\/5036"}],"wp:attachment":[{"href":"https:\/\/alume.org\/es\/wp-json\/wp\/v2\/media?parent=5024"}],"wp:term":[{"taxonomy":"category","embeddable":true,"href":"https:\/\/alume.org\/es\/wp-json\/wp\/v2\/categories?post=5024"},{"taxonomy":"post_tag","embeddable":true,"href":"https:\/\/alume.org\/es\/wp-json\/wp\/v2\/tags?post=5024"}],"curies":[{"name":"wp","href":"https:\/\/api.w.org\/{rel}","templated":true}]}}