{"id":5061,"date":"2016-02-02T12:27:08","date_gmt":"2016-02-02T12:27:08","guid":{"rendered":"http:\/\/alume.org\/?p=5061"},"modified":"2016-05-29T12:11:19","modified_gmt":"2016-05-29T12:11:19","slug":"5061-2","status":"publish","type":"post","link":"https:\/\/alume.org\/es\/5061-2\/","title":{"rendered":"Broche de ouro \u00e1 campa\u00f1a #contraelestigma"},"content":{"rendered":"<p>Alume Sa\u00fade Mental\u00a0 rematou a campa\u00f1a #Lugocontraelestigma despois de acadar unha importante difusi\u00f3n nas redes socias<em> tumblr.com<\/em>, nas d\u00faas direcci\u00f3ns de<em> facebook<\/em> da nosa entidade e en<em> twiter<\/em>. O alcance da iniciativa s\u00f3 ao trav\u00e9s de <em>facebook Alume Sa\u00fade Mental<\/em> chegou a m\u00e1is de\u00a0 11.300 persoas. Nesta mesma rede, as\u00ed como en <em>twitter<\/em> o grao de aceptaci\u00f3n (me gusta) e de comentarios foi moi elevado.<\/p>\n<p>M\u00e1is de 200\u00a0 persoas, pertencentes a t\u00f3dolos \u00e1mbitos da sociedade, cederon as s\u00faas imaxes e mensaxes para apoiar unha campa\u00f1a ambiciosa (#Lugocontraelestigma inscribese nunha iniciativa de \u00e1mbito nacional) que tivo como obxectivo a reivindicaci\u00f3n dos dereitos das persoas con trastorno mental servero e a loita contra esa lacra que representa o estigma asociado \u00e1 enfermidade mental. Un muro invisible, e como tal, moito m\u00e1is dif\u00edcil de derribar que as barreiras f\u00edsicas. Por desgraza, non hai ferramenta nin m\u00e1quina capaz de penetrar na f\u00e1brica dos perxu\u00edzos, da ignorancia e outros monstros que acubilla no seu interior m\u00e1is \u00edntimo unha gran parte da sociedade&#8230;.<\/p>\n<p>A campa\u00f1a que agora remata serviu para visibilizar a situaci\u00f3n na que se atopan centos de persoas de t\u00f3dalas idades que padecen trastorno mental, un tipo de doenza cuxa incidencia epidemiol\u00f3xica vai en aumento, xa que os recursos e o interese por tratar de revertir esta situaci\u00f3n evolucionan en sentido inverso.<br \/>\nA reivindicaci\u00f3n dunha sanidade inclusiva foi, asimesmo, un cabalo de batalla desta campa\u00f1a que arricou na primaveira do 2014, co inestimable apoio do actor Gabino Diego, quen apadrinou a s\u00faa presentaci\u00f3n, cun importante impacto medi\u00e1tico nos medios de comunicaci\u00f3n locais e rexionais.<\/p>\n<p>A resposta das asociaci\u00f3n de peroas con diversideade funcional foi total. Directivos, persoal e usuarios de t\u00f3dalas entidades lucenses pertencentes ao terceiro sector volc\u00e1ronse con Alume nesta campa\u00f1a, coa que se sentiron identificados. Pol\u00edticos, deportistas, xornalistas, escritores, estudiantes, m\u00fasicos, pintores, cineastas, xentes do mundo do ensino e a cidadan\u00eda en xeral, manifest\u00e1ronse coas suas mensaxes\u00a0 #contraelestigma.<\/p>\n<p>Uns e outros fixeron chegar a s\u00faas adhesi\u00f3ns ao trav\u00e9s de diversos medios e desde lugares tan distantes como Arxentina, por citar alg\u00fan dos casos de paticipaci\u00f3n internacional.<\/p>\n<p><strong>OS M\u00c1IS VOTADOS<\/strong><\/p>\n<p>Persoas como Juan Gude, director de Cogami, encabezan o r\u00e1nking de popularidade nas redes sociais chegando a nada menos que 773 persoas, mentres que Manuel, coa s\u00faa frase <em>Todos temos a mensma qu\u00edmica<\/em>,\u00a0 fixo que o situaran na segunda posici\u00f3n. Quique Seti\u00e9n, o anterior adestrador de CD Lugo, e o exporteiro do Real Madrid, Diego L\u00f3pez ( actual gardameta do AC Milan), prestaron tam\u00e9n a s\u00faa imaxe \u00e1 campa\u00f1a, cun importante seguemento.<\/p>\n<p>Asimesmo, fixeron a s\u00faa aportacion a esta iniciativa o vicepresidente da Xunta, Alfonso Rueda; o exalcalde de Lugo, Jos\u00e9 L\u00f3pez Orozco; a delegada territorial da Xunta, Raquel Arias, entre outros representants da pol\u00edtica local, provincial e auton\u00f3mica. O mundo da comunicaci\u00f3n estivo representado, entre outros xornalistas lucenses, polo director xeral do diario El Progreso, Jos\u00e9 de Cora.<\/p>\n<p>Ademais, Contribu\u00edron a darlle pulo \u00e1 campa\u00f1a artistas con reco\u00f1ecemento internacional, como o lucense Antonio Murado; directores de cine consagrados, como Imanol Uribe, ou noveis, como Leticia Dolera;\u00a0 actores e actrices como Javier Guti\u00e9rrez (S\u00e1tur, en <em>\u00c1guila<\/em> <em>Roja<\/em>) , Antonio Zab\u00e1lburu\u00a0 (o doutor Sotomayor na serie <em>Hospital Centra<\/em>l), F\u00e1tima Baeza (a s\u00faa compa\u00f1eira de serie) e Mar\u00eda Casal, entre outras persoaxes populares do mundo do celuloide.<\/p>\n<p>Desde Alume queremos agradecer a solidariedade de cantas persoas participaron e apoiaron a campa\u00f1a Lugo#contraelestigma, pola s\u00faa contribuci\u00f3n desinteresada \u00e1 normalizaci\u00f3n dun colectivo moito m\u00e1is numeroso do que figuran nas estat\u00edsticas oficiais.<\/p>\n<h3><\/h3>\n<p>&nbsp;<\/p>\n<p>&nbsp;<\/p>\n","protected":false},"excerpt":{"rendered":"<p>Alume Sa\u00fade Mental\u00a0 rematou a campa\u00f1a #Lugocontraelestigma despois de acadar unha importante difusi\u00f3n nas redes socias tumblr.com, nas d\u00faas direcci\u00f3ns de facebook da nosa entidade e en twiter. O alcance da iniciativa s\u00f3 ao trav\u00e9s de facebook Alume Sa\u00fade Mental chegou a m\u00e1is de\u00a0 11.300 persoas. Nesta mesma rede, as\u00ed como en twitter o grao [&hellip;]<\/p>\n","protected":false},"author":3,"featured_media":5080,"comment_status":"closed","ping_status":"closed","sticky":false,"template":"","format":"standard","meta":{"ngg_post_thumbnail":0,"footnotes":""},"categories":[95],"tags":[],"class_list":{"0":"post-5061","1":"post","2":"type-post","3":"status-publish","4":"format-standard","5":"has-post-thumbnail","7":"category-rehabilitacion-psicosocial-e-laboral"},"yoast_head":"<!-- This site is optimized with the Yoast SEO plugin v27.5 - https:\/\/yoast.com\/product\/yoast-seo-wordpress\/ -->\n<title>Broche de ouro \u00e1 campa\u00f1a #contraelestigma - Alume<\/title>\n<meta name=\"robots\" content=\"index, follow, max-snippet:-1, max-image-preview:large, max-video-preview:-1\" \/>\n<link rel=\"canonical\" href=\"https:\/\/alume.org\/es\/5061-2\/\" \/>\n<meta property=\"og:locale\" content=\"es_ES\" \/>\n<meta property=\"og:type\" content=\"article\" \/>\n<meta property=\"og:title\" content=\"Broche de ouro \u00e1 campa\u00f1a #contraelestigma - Alume\" \/>\n<meta property=\"og:description\" content=\"Alume Sa\u00fade Mental\u00a0 rematou a campa\u00f1a #Lugocontraelestigma despois de acadar unha importante difusi\u00f3n nas redes socias tumblr.com, nas d\u00faas direcci\u00f3ns de facebook da nosa entidade e en twiter. O alcance da iniciativa s\u00f3 ao trav\u00e9s de facebook Alume Sa\u00fade Mental chegou a m\u00e1is de\u00a0 11.300 persoas. Nesta mesma rede, as\u00ed como en twitter o grao [&hellip;]\" \/>\n<meta property=\"og:url\" content=\"https:\/\/alume.org\/es\/5061-2\/\" \/>\n<meta property=\"og:site_name\" content=\"Alume\" \/>\n<meta property=\"article:published_time\" content=\"2016-02-02T12:27:08+00:00\" \/>\n<meta property=\"article:modified_time\" content=\"2016-05-29T12:11:19+00:00\" \/>\n<meta property=\"og:image\" content=\"https:\/\/alume.org\/wp-content\/uploads\/2016\/02\/Carmen-Conchi-Mar-David-Pilar-e-Clara-Gal\u00e9n.jpg\" \/>\n\t<meta property=\"og:image:width\" content=\"1024\" \/>\n\t<meta property=\"og:image:height\" content=\"768\" \/>\n\t<meta property=\"og:image:type\" content=\"image\/jpeg\" \/>\n<meta name=\"author\" content=\"comunicacion\" \/>\n<meta name=\"twitter:card\" content=\"summary_large_image\" \/>\n<meta name=\"twitter:label1\" content=\"Escrito por\" \/>\n\t<meta name=\"twitter:data1\" content=\"comunicacion\" \/>\n\t<meta name=\"twitter:label2\" content=\"Tiempo de lectura\" \/>\n\t<meta name=\"twitter:data2\" content=\"3 minutos\" \/>\n<script type=\"application\/ld+json\" class=\"yoast-schema-graph\">{\"@context\":\"https:\\\/\\\/schema.org\",\"@graph\":[{\"@type\":\"Article\",\"@id\":\"https:\\\/\\\/alume.org\\\/es\\\/5061-2\\\/#article\",\"isPartOf\":{\"@id\":\"https:\\\/\\\/alume.org\\\/es\\\/5061-2\\\/\"},\"author\":{\"name\":\"comunicacion\",\"@id\":\"https:\\\/\\\/alume.org\\\/es\\\/#\\\/schema\\\/person\\\/1f3bdce6d22c44d303385d77ae751737\"},\"headline\":\"Broche de ouro \u00e1 campa\u00f1a #contraelestigma\",\"datePublished\":\"2016-02-02T12:27:08+00:00\",\"dateModified\":\"2016-05-29T12:11:19+00:00\",\"mainEntityOfPage\":{\"@id\":\"https:\\\/\\\/alume.org\\\/es\\\/5061-2\\\/\"},\"wordCount\":650,\"image\":{\"@id\":\"https:\\\/\\\/alume.org\\\/es\\\/5061-2\\\/#primaryimage\"},\"thumbnailUrl\":\"https:\\\/\\\/alume.org\\\/wp-content\\\/uploads\\\/2016\\\/02\\\/Carmen-Conchi-Mar-David-Pilar-e-Clara-Gal\u00e9n.jpg\",\"articleSection\":[\"REHABILITACI\u00d3N PSICOSOCIAL E LABORAL\"],\"inLanguage\":\"es\"},{\"@type\":\"WebPage\",\"@id\":\"https:\\\/\\\/alume.org\\\/es\\\/5061-2\\\/\",\"url\":\"https:\\\/\\\/alume.org\\\/es\\\/5061-2\\\/\",\"name\":\"Broche de ouro \u00e1 campa\u00f1a #contraelestigma - Alume\",\"isPartOf\":{\"@id\":\"https:\\\/\\\/alume.org\\\/es\\\/#website\"},\"primaryImageOfPage\":{\"@id\":\"https:\\\/\\\/alume.org\\\/es\\\/5061-2\\\/#primaryimage\"},\"image\":{\"@id\":\"https:\\\/\\\/alume.org\\\/es\\\/5061-2\\\/#primaryimage\"},\"thumbnailUrl\":\"https:\\\/\\\/alume.org\\\/wp-content\\\/uploads\\\/2016\\\/02\\\/Carmen-Conchi-Mar-David-Pilar-e-Clara-Gal\u00e9n.jpg\",\"datePublished\":\"2016-02-02T12:27:08+00:00\",\"dateModified\":\"2016-05-29T12:11:19+00:00\",\"author\":{\"@id\":\"https:\\\/\\\/alume.org\\\/es\\\/#\\\/schema\\\/person\\\/1f3bdce6d22c44d303385d77ae751737\"},\"breadcrumb\":{\"@id\":\"https:\\\/\\\/alume.org\\\/es\\\/5061-2\\\/#breadcrumb\"},\"inLanguage\":\"es\",\"potentialAction\":[{\"@type\":\"ReadAction\",\"target\":[\"https:\\\/\\\/alume.org\\\/es\\\/5061-2\\\/\"]}]},{\"@type\":\"ImageObject\",\"inLanguage\":\"es\",\"@id\":\"https:\\\/\\\/alume.org\\\/es\\\/5061-2\\\/#primaryimage\",\"url\":\"https:\\\/\\\/alume.org\\\/wp-content\\\/uploads\\\/2016\\\/02\\\/Carmen-Conchi-Mar-David-Pilar-e-Clara-Gal\u00e9n.jpg\",\"contentUrl\":\"https:\\\/\\\/alume.org\\\/wp-content\\\/uploads\\\/2016\\\/02\\\/Carmen-Conchi-Mar-David-Pilar-e-Clara-Gal\u00e9n.jpg\",\"width\":1024,\"height\":768},{\"@type\":\"BreadcrumbList\",\"@id\":\"https:\\\/\\\/alume.org\\\/es\\\/5061-2\\\/#breadcrumb\",\"itemListElement\":[{\"@type\":\"ListItem\",\"position\":1,\"name\":\"Portada\",\"item\":\"https:\\\/\\\/alume.org\\\/es\\\/\"},{\"@type\":\"ListItem\",\"position\":2,\"name\":\"Broche de ouro \u00e1 campa\u00f1a #contraelestigma\"}]},{\"@type\":\"WebSite\",\"@id\":\"https:\\\/\\\/alume.org\\\/es\\\/#website\",\"url\":\"https:\\\/\\\/alume.org\\\/es\\\/\",\"name\":\"Alume\",\"description\":\"Sa\u00fade Mental\",\"potentialAction\":[{\"@type\":\"SearchAction\",\"target\":{\"@type\":\"EntryPoint\",\"urlTemplate\":\"https:\\\/\\\/alume.org\\\/es\\\/?s={search_term_string}\"},\"query-input\":{\"@type\":\"PropertyValueSpecification\",\"valueRequired\":true,\"valueName\":\"search_term_string\"}}],\"inLanguage\":\"es\"},{\"@type\":\"Person\",\"@id\":\"https:\\\/\\\/alume.org\\\/es\\\/#\\\/schema\\\/person\\\/1f3bdce6d22c44d303385d77ae751737\",\"name\":\"comunicacion\"}]}<\/script>\n<!-- \/ Yoast SEO plugin. -->","yoast_head_json":{"title":"Broche de ouro \u00e1 campa\u00f1a #contraelestigma - Alume","robots":{"index":"index","follow":"follow","max-snippet":"max-snippet:-1","max-image-preview":"max-image-preview:large","max-video-preview":"max-video-preview:-1"},"canonical":"https:\/\/alume.org\/es\/5061-2\/","og_locale":"es_ES","og_type":"article","og_title":"Broche de ouro \u00e1 campa\u00f1a #contraelestigma - Alume","og_description":"Alume Sa\u00fade Mental\u00a0 rematou a campa\u00f1a #Lugocontraelestigma despois de acadar unha importante difusi\u00f3n nas redes socias tumblr.com, nas d\u00faas direcci\u00f3ns de facebook da nosa entidade e en twiter. O alcance da iniciativa s\u00f3 ao trav\u00e9s de facebook Alume Sa\u00fade Mental chegou a m\u00e1is de\u00a0 11.300 persoas. Nesta mesma rede, as\u00ed como en twitter o grao [&hellip;]","og_url":"https:\/\/alume.org\/es\/5061-2\/","og_site_name":"Alume","article_published_time":"2016-02-02T12:27:08+00:00","article_modified_time":"2016-05-29T12:11:19+00:00","og_image":[{"width":1024,"height":768,"url":"https:\/\/alume.org\/wp-content\/uploads\/2016\/02\/Carmen-Conchi-Mar-David-Pilar-e-Clara-Gal\u00e9n.jpg","type":"image\/jpeg"}],"author":"comunicacion","twitter_card":"summary_large_image","twitter_misc":{"Escrito por":"comunicacion","Tiempo de lectura":"3 minutos"},"schema":{"@context":"https:\/\/schema.org","@graph":[{"@type":"Article","@id":"https:\/\/alume.org\/es\/5061-2\/#article","isPartOf":{"@id":"https:\/\/alume.org\/es\/5061-2\/"},"author":{"name":"comunicacion","@id":"https:\/\/alume.org\/es\/#\/schema\/person\/1f3bdce6d22c44d303385d77ae751737"},"headline":"Broche de ouro \u00e1 campa\u00f1a #contraelestigma","datePublished":"2016-02-02T12:27:08+00:00","dateModified":"2016-05-29T12:11:19+00:00","mainEntityOfPage":{"@id":"https:\/\/alume.org\/es\/5061-2\/"},"wordCount":650,"image":{"@id":"https:\/\/alume.org\/es\/5061-2\/#primaryimage"},"thumbnailUrl":"https:\/\/alume.org\/wp-content\/uploads\/2016\/02\/Carmen-Conchi-Mar-David-Pilar-e-Clara-Gal\u00e9n.jpg","articleSection":["REHABILITACI\u00d3N PSICOSOCIAL E LABORAL"],"inLanguage":"es"},{"@type":"WebPage","@id":"https:\/\/alume.org\/es\/5061-2\/","url":"https:\/\/alume.org\/es\/5061-2\/","name":"Broche de ouro \u00e1 campa\u00f1a #contraelestigma - Alume","isPartOf":{"@id":"https:\/\/alume.org\/es\/#website"},"primaryImageOfPage":{"@id":"https:\/\/alume.org\/es\/5061-2\/#primaryimage"},"image":{"@id":"https:\/\/alume.org\/es\/5061-2\/#primaryimage"},"thumbnailUrl":"https:\/\/alume.org\/wp-content\/uploads\/2016\/02\/Carmen-Conchi-Mar-David-Pilar-e-Clara-Gal\u00e9n.jpg","datePublished":"2016-02-02T12:27:08+00:00","dateModified":"2016-05-29T12:11:19+00:00","author":{"@id":"https:\/\/alume.org\/es\/#\/schema\/person\/1f3bdce6d22c44d303385d77ae751737"},"breadcrumb":{"@id":"https:\/\/alume.org\/es\/5061-2\/#breadcrumb"},"inLanguage":"es","potentialAction":[{"@type":"ReadAction","target":["https:\/\/alume.org\/es\/5061-2\/"]}]},{"@type":"ImageObject","inLanguage":"es","@id":"https:\/\/alume.org\/es\/5061-2\/#primaryimage","url":"https:\/\/alume.org\/wp-content\/uploads\/2016\/02\/Carmen-Conchi-Mar-David-Pilar-e-Clara-Gal\u00e9n.jpg","contentUrl":"https:\/\/alume.org\/wp-content\/uploads\/2016\/02\/Carmen-Conchi-Mar-David-Pilar-e-Clara-Gal\u00e9n.jpg","width":1024,"height":768},{"@type":"BreadcrumbList","@id":"https:\/\/alume.org\/es\/5061-2\/#breadcrumb","itemListElement":[{"@type":"ListItem","position":1,"name":"Portada","item":"https:\/\/alume.org\/es\/"},{"@type":"ListItem","position":2,"name":"Broche de ouro \u00e1 campa\u00f1a #contraelestigma"}]},{"@type":"WebSite","@id":"https:\/\/alume.org\/es\/#website","url":"https:\/\/alume.org\/es\/","name":"Alume","description":"Sa\u00fade Mental","potentialAction":[{"@type":"SearchAction","target":{"@type":"EntryPoint","urlTemplate":"https:\/\/alume.org\/es\/?s={search_term_string}"},"query-input":{"@type":"PropertyValueSpecification","valueRequired":true,"valueName":"search_term_string"}}],"inLanguage":"es"},{"@type":"Person","@id":"https:\/\/alume.org\/es\/#\/schema\/person\/1f3bdce6d22c44d303385d77ae751737","name":"comunicacion"}]}},"_links":{"self":[{"href":"https:\/\/alume.org\/es\/wp-json\/wp\/v2\/posts\/5061","targetHints":{"allow":["GET"]}}],"collection":[{"href":"https:\/\/alume.org\/es\/wp-json\/wp\/v2\/posts"}],"about":[{"href":"https:\/\/alume.org\/es\/wp-json\/wp\/v2\/types\/post"}],"author":[{"embeddable":true,"href":"https:\/\/alume.org\/es\/wp-json\/wp\/v2\/users\/3"}],"replies":[{"embeddable":true,"href":"https:\/\/alume.org\/es\/wp-json\/wp\/v2\/comments?post=5061"}],"version-history":[{"count":0,"href":"https:\/\/alume.org\/es\/wp-json\/wp\/v2\/posts\/5061\/revisions"}],"wp:featuredmedia":[{"embeddable":true,"href":"https:\/\/alume.org\/es\/wp-json\/wp\/v2\/media\/5080"}],"wp:attachment":[{"href":"https:\/\/alume.org\/es\/wp-json\/wp\/v2\/media?parent=5061"}],"wp:term":[{"taxonomy":"category","embeddable":true,"href":"https:\/\/alume.org\/es\/wp-json\/wp\/v2\/categories?post=5061"},{"taxonomy":"post_tag","embeddable":true,"href":"https:\/\/alume.org\/es\/wp-json\/wp\/v2\/tags?post=5061"}],"curies":[{"name":"wp","href":"https:\/\/api.w.org\/{rel}","templated":true}]}}