{"id":5277,"date":"2016-04-19T09:45:09","date_gmt":"2016-04-19T09:45:09","guid":{"rendered":"http:\/\/alume.org\/?p=5277"},"modified":"2017-02-22T16:50:17","modified_gmt":"2017-02-22T16:50:17","slug":"programa-espertar-protagonista-revista-tvg","status":"publish","type":"post","link":"https:\/\/alume.org\/es\/programa-espertar-protagonista-revista-tvg\/","title":{"rendered":"O programa Espertar, protagonista de &#8216;A Revista&#8217; de TVG"},"content":{"rendered":"<p>&nbsp;<\/p>\n<p>En Alume vivimos con aut\u00e9ntico entusiasmo a emisi\u00f3n de<em> A Revista,<\/em> un espazo matinal da TVG que estivo dedicado ao programa <em>Espertar<\/em>, o traballo que un equipo de Alume Sa\u00fade Mental est\u00e1 a realizar en Lugo entre as persoas con enfermidade mental severa que viven na r\u00faa . O programa foi gravado cuhas semanas de antelaci\u00f3n por un equipo do ente p\u00fablico galego.<\/p>\n<p>O <del><\/del><em>Espertar<\/em> \u00e9 unha iniciativa que naceu da man da Alume en Lugo, e que ten como obxectivo detectar e contactar con aquelas persoas sen teito que<span class=\"text_exposed_show\"> padecen unha enfermidade mental severa. A ningu\u00e9n se lle escapa que o feio de vivir na r\u00faa acent\u00faa a\u00ednda m\u00e1is a s\u00faa\u00a0 patolox\u00eda. <\/span><\/p>\n<p><span class=\"text_exposed_show\">Contactar con estas persoas, unha tarefa que non est\u00e1 exenta de dificultade, e achegalas aos recursos sanitarios de psicolox\u00eda e psiquiatr\u00eda para que lles administren un tratamento axeitado a s\u00faa doenza \u00e9 o pimeiro paso deste programa, que est\u00e1 en marcha dende o ano 2014. <\/span><\/p>\n<p><span class=\"text_exposed_show\">O\u00a0<em> Espertar<\/em> veu a luz co apoio das fundaci\u00f3ns Barri\u00e9 e Roviralta. A segunda fase do programa, que presenta m\u00e1is atrancos e dificultades, consiste no acompa\u00f1amento dos usuarios e seguemento da s\u00faa evoluci\u00f3n. Esta fase est\u00e1 pensada para ser levada a longo prazo e real\u00edzase grazas a financiaci\u00f3n do FSE e da Xunta de Galicia mediante a s\u00faa Direcci\u00f3n Xeral de Familia e Inclusi\u00f3n.<br \/>\n<\/span><\/p>\n<p>Ao remate da emisi\u00f3n todos aplaudimos con forza, non s\u00f3 polo ben realizado que estivo o prgrama, senon, e sobre todo, porque co\u00f1ecimos de preto o magn\u00edfico labor que est\u00e1 a facer o equipo de profesionais de Alume con estas persoas, cuxas circunstancias sit\u00faanas entre os colectivos sociais con maior grao de vulnerabilidade.<\/p>\n","protected":false},"excerpt":{"rendered":"<p>&nbsp; En Alume vivimos con aut\u00e9ntico entusiasmo a emisi\u00f3n de A Revista, un espazo matinal da TVG que estivo dedicado ao programa Espertar, o traballo que un equipo de Alume Sa\u00fade Mental est\u00e1 a realizar en Lugo entre as persoas con enfermidade mental severa que viven na r\u00faa . O programa foi gravado cuhas semanas [&hellip;]<\/p>\n","protected":false},"author":3,"featured_media":3435,"comment_status":"closed","ping_status":"closed","sticky":false,"template":"","format":"standard","meta":{"ngg_post_thumbnail":0,"footnotes":""},"categories":[62],"tags":[],"class_list":{"0":"post-5277","1":"post","2":"type-post","3":"status-publish","4":"format-standard","5":"has-post-thumbnail","7":"category-novas"},"yoast_head":"<!-- This site is optimized with the Yoast SEO plugin v27.5 - https:\/\/yoast.com\/product\/yoast-seo-wordpress\/ -->\n<title>O programa Espertar, protagonista de &#039;A Revista&#039; de TVG - Alume<\/title>\n<meta name=\"robots\" content=\"index, follow, max-snippet:-1, max-image-preview:large, max-video-preview:-1\" \/>\n<link rel=\"canonical\" href=\"https:\/\/alume.org\/programa-espertar-protagonista-revista-tvg\/\" \/>\n<meta property=\"og:locale\" content=\"es_ES\" \/>\n<meta property=\"og:type\" content=\"article\" \/>\n<meta property=\"og:title\" content=\"O programa Espertar, protagonista de &#039;A Revista&#039; de TVG - Alume\" \/>\n<meta property=\"og:description\" content=\"&nbsp; En Alume vivimos con aut\u00e9ntico entusiasmo a emisi\u00f3n de A Revista, un espazo matinal da TVG que estivo dedicado ao programa Espertar, o traballo que un equipo de Alume Sa\u00fade Mental est\u00e1 a realizar en Lugo entre as persoas con enfermidade mental severa que viven na r\u00faa . O programa foi gravado cuhas semanas [&hellip;]\" \/>\n<meta property=\"og:url\" content=\"https:\/\/alume.org\/programa-espertar-protagonista-revista-tvg\/\" \/>\n<meta property=\"og:site_name\" content=\"Alume\" \/>\n<meta property=\"article:published_time\" content=\"2016-04-19T09:45:09+00:00\" \/>\n<meta property=\"article:modified_time\" content=\"2017-02-22T16:50:17+00:00\" \/>\n<meta property=\"og:image\" content=\"https:\/\/alume.org\/wp-content\/uploads\/2015\/10\/alume.jpg\" \/>\n\t<meta property=\"og:image:width\" content=\"633\" \/>\n\t<meta property=\"og:image:height\" content=\"370\" \/>\n\t<meta property=\"og:image:type\" content=\"image\/jpeg\" \/>\n<meta name=\"author\" content=\"comunicacion\" \/>\n<meta name=\"twitter:card\" content=\"summary_large_image\" \/>\n<meta name=\"twitter:label1\" content=\"Escrito por\" \/>\n\t<meta name=\"twitter:data1\" content=\"comunicacion\" \/>\n\t<meta name=\"twitter:label2\" content=\"Tiempo de lectura\" \/>\n\t<meta name=\"twitter:data2\" content=\"2 minutos\" \/>\n<script type=\"application\/ld+json\" class=\"yoast-schema-graph\">{\"@context\":\"https:\\\/\\\/schema.org\",\"@graph\":[{\"@type\":\"Article\",\"@id\":\"https:\\\/\\\/alume.org\\\/programa-espertar-protagonista-revista-tvg\\\/#article\",\"isPartOf\":{\"@id\":\"https:\\\/\\\/alume.org\\\/programa-espertar-protagonista-revista-tvg\\\/\"},\"author\":{\"name\":\"comunicacion\",\"@id\":\"https:\\\/\\\/alume.org\\\/es\\\/#\\\/schema\\\/person\\\/1f3bdce6d22c44d303385d77ae751737\"},\"headline\":\"O programa Espertar, protagonista de &#8216;A Revista&#8217; de TVG\",\"datePublished\":\"2016-04-19T09:45:09+00:00\",\"dateModified\":\"2017-02-22T16:50:17+00:00\",\"mainEntityOfPage\":{\"@id\":\"https:\\\/\\\/alume.org\\\/programa-espertar-protagonista-revista-tvg\\\/\"},\"wordCount\":311,\"image\":{\"@id\":\"https:\\\/\\\/alume.org\\\/programa-espertar-protagonista-revista-tvg\\\/#primaryimage\"},\"thumbnailUrl\":\"https:\\\/\\\/alume.org\\\/wp-content\\\/uploads\\\/2015\\\/10\\\/alume.jpg\",\"articleSection\":[\"Novas\"],\"inLanguage\":\"es\"},{\"@type\":\"WebPage\",\"@id\":\"https:\\\/\\\/alume.org\\\/programa-espertar-protagonista-revista-tvg\\\/\",\"url\":\"https:\\\/\\\/alume.org\\\/programa-espertar-protagonista-revista-tvg\\\/\",\"name\":\"O programa Espertar, protagonista de 'A Revista' de TVG - Alume\",\"isPartOf\":{\"@id\":\"https:\\\/\\\/alume.org\\\/es\\\/#website\"},\"primaryImageOfPage\":{\"@id\":\"https:\\\/\\\/alume.org\\\/programa-espertar-protagonista-revista-tvg\\\/#primaryimage\"},\"image\":{\"@id\":\"https:\\\/\\\/alume.org\\\/programa-espertar-protagonista-revista-tvg\\\/#primaryimage\"},\"thumbnailUrl\":\"https:\\\/\\\/alume.org\\\/wp-content\\\/uploads\\\/2015\\\/10\\\/alume.jpg\",\"datePublished\":\"2016-04-19T09:45:09+00:00\",\"dateModified\":\"2017-02-22T16:50:17+00:00\",\"author\":{\"@id\":\"https:\\\/\\\/alume.org\\\/es\\\/#\\\/schema\\\/person\\\/1f3bdce6d22c44d303385d77ae751737\"},\"breadcrumb\":{\"@id\":\"https:\\\/\\\/alume.org\\\/programa-espertar-protagonista-revista-tvg\\\/#breadcrumb\"},\"inLanguage\":\"es\",\"potentialAction\":[{\"@type\":\"ReadAction\",\"target\":[\"https:\\\/\\\/alume.org\\\/programa-espertar-protagonista-revista-tvg\\\/\"]}]},{\"@type\":\"ImageObject\",\"inLanguage\":\"es\",\"@id\":\"https:\\\/\\\/alume.org\\\/programa-espertar-protagonista-revista-tvg\\\/#primaryimage\",\"url\":\"https:\\\/\\\/alume.org\\\/wp-content\\\/uploads\\\/2015\\\/10\\\/alume.jpg\",\"contentUrl\":\"https:\\\/\\\/alume.org\\\/wp-content\\\/uploads\\\/2015\\\/10\\\/alume.jpg\",\"width\":633,\"height\":370},{\"@type\":\"BreadcrumbList\",\"@id\":\"https:\\\/\\\/alume.org\\\/programa-espertar-protagonista-revista-tvg\\\/#breadcrumb\",\"itemListElement\":[{\"@type\":\"ListItem\",\"position\":1,\"name\":\"Portada\",\"item\":\"https:\\\/\\\/alume.org\\\/es\\\/\"},{\"@type\":\"ListItem\",\"position\":2,\"name\":\"O programa Espertar, protagonista de &#8216;A Revista&#8217; de TVG\"}]},{\"@type\":\"WebSite\",\"@id\":\"https:\\\/\\\/alume.org\\\/es\\\/#website\",\"url\":\"https:\\\/\\\/alume.org\\\/es\\\/\",\"name\":\"Alume\",\"description\":\"Sa\u00fade Mental\",\"potentialAction\":[{\"@type\":\"SearchAction\",\"target\":{\"@type\":\"EntryPoint\",\"urlTemplate\":\"https:\\\/\\\/alume.org\\\/es\\\/?s={search_term_string}\"},\"query-input\":{\"@type\":\"PropertyValueSpecification\",\"valueRequired\":true,\"valueName\":\"search_term_string\"}}],\"inLanguage\":\"es\"},{\"@type\":\"Person\",\"@id\":\"https:\\\/\\\/alume.org\\\/es\\\/#\\\/schema\\\/person\\\/1f3bdce6d22c44d303385d77ae751737\",\"name\":\"comunicacion\"}]}<\/script>\n<!-- \/ Yoast SEO plugin. -->","yoast_head_json":{"title":"O programa Espertar, protagonista de 'A Revista' de TVG - Alume","robots":{"index":"index","follow":"follow","max-snippet":"max-snippet:-1","max-image-preview":"max-image-preview:large","max-video-preview":"max-video-preview:-1"},"canonical":"https:\/\/alume.org\/programa-espertar-protagonista-revista-tvg\/","og_locale":"es_ES","og_type":"article","og_title":"O programa Espertar, protagonista de 'A Revista' de TVG - Alume","og_description":"&nbsp; En Alume vivimos con aut\u00e9ntico entusiasmo a emisi\u00f3n de A Revista, un espazo matinal da TVG que estivo dedicado ao programa Espertar, o traballo que un equipo de Alume Sa\u00fade Mental est\u00e1 a realizar en Lugo entre as persoas con enfermidade mental severa que viven na r\u00faa . O programa foi gravado cuhas semanas [&hellip;]","og_url":"https:\/\/alume.org\/programa-espertar-protagonista-revista-tvg\/","og_site_name":"Alume","article_published_time":"2016-04-19T09:45:09+00:00","article_modified_time":"2017-02-22T16:50:17+00:00","og_image":[{"width":633,"height":370,"url":"https:\/\/alume.org\/wp-content\/uploads\/2015\/10\/alume.jpg","type":"image\/jpeg"}],"author":"comunicacion","twitter_card":"summary_large_image","twitter_misc":{"Escrito por":"comunicacion","Tiempo de lectura":"2 minutos"},"schema":{"@context":"https:\/\/schema.org","@graph":[{"@type":"Article","@id":"https:\/\/alume.org\/programa-espertar-protagonista-revista-tvg\/#article","isPartOf":{"@id":"https:\/\/alume.org\/programa-espertar-protagonista-revista-tvg\/"},"author":{"name":"comunicacion","@id":"https:\/\/alume.org\/es\/#\/schema\/person\/1f3bdce6d22c44d303385d77ae751737"},"headline":"O programa Espertar, protagonista de &#8216;A Revista&#8217; de TVG","datePublished":"2016-04-19T09:45:09+00:00","dateModified":"2017-02-22T16:50:17+00:00","mainEntityOfPage":{"@id":"https:\/\/alume.org\/programa-espertar-protagonista-revista-tvg\/"},"wordCount":311,"image":{"@id":"https:\/\/alume.org\/programa-espertar-protagonista-revista-tvg\/#primaryimage"},"thumbnailUrl":"https:\/\/alume.org\/wp-content\/uploads\/2015\/10\/alume.jpg","articleSection":["Novas"],"inLanguage":"es"},{"@type":"WebPage","@id":"https:\/\/alume.org\/programa-espertar-protagonista-revista-tvg\/","url":"https:\/\/alume.org\/programa-espertar-protagonista-revista-tvg\/","name":"O programa Espertar, protagonista de 'A Revista' de TVG - Alume","isPartOf":{"@id":"https:\/\/alume.org\/es\/#website"},"primaryImageOfPage":{"@id":"https:\/\/alume.org\/programa-espertar-protagonista-revista-tvg\/#primaryimage"},"image":{"@id":"https:\/\/alume.org\/programa-espertar-protagonista-revista-tvg\/#primaryimage"},"thumbnailUrl":"https:\/\/alume.org\/wp-content\/uploads\/2015\/10\/alume.jpg","datePublished":"2016-04-19T09:45:09+00:00","dateModified":"2017-02-22T16:50:17+00:00","author":{"@id":"https:\/\/alume.org\/es\/#\/schema\/person\/1f3bdce6d22c44d303385d77ae751737"},"breadcrumb":{"@id":"https:\/\/alume.org\/programa-espertar-protagonista-revista-tvg\/#breadcrumb"},"inLanguage":"es","potentialAction":[{"@type":"ReadAction","target":["https:\/\/alume.org\/programa-espertar-protagonista-revista-tvg\/"]}]},{"@type":"ImageObject","inLanguage":"es","@id":"https:\/\/alume.org\/programa-espertar-protagonista-revista-tvg\/#primaryimage","url":"https:\/\/alume.org\/wp-content\/uploads\/2015\/10\/alume.jpg","contentUrl":"https:\/\/alume.org\/wp-content\/uploads\/2015\/10\/alume.jpg","width":633,"height":370},{"@type":"BreadcrumbList","@id":"https:\/\/alume.org\/programa-espertar-protagonista-revista-tvg\/#breadcrumb","itemListElement":[{"@type":"ListItem","position":1,"name":"Portada","item":"https:\/\/alume.org\/es\/"},{"@type":"ListItem","position":2,"name":"O programa Espertar, protagonista de &#8216;A Revista&#8217; de TVG"}]},{"@type":"WebSite","@id":"https:\/\/alume.org\/es\/#website","url":"https:\/\/alume.org\/es\/","name":"Alume","description":"Sa\u00fade Mental","potentialAction":[{"@type":"SearchAction","target":{"@type":"EntryPoint","urlTemplate":"https:\/\/alume.org\/es\/?s={search_term_string}"},"query-input":{"@type":"PropertyValueSpecification","valueRequired":true,"valueName":"search_term_string"}}],"inLanguage":"es"},{"@type":"Person","@id":"https:\/\/alume.org\/es\/#\/schema\/person\/1f3bdce6d22c44d303385d77ae751737","name":"comunicacion"}]}},"_links":{"self":[{"href":"https:\/\/alume.org\/es\/wp-json\/wp\/v2\/posts\/5277","targetHints":{"allow":["GET"]}}],"collection":[{"href":"https:\/\/alume.org\/es\/wp-json\/wp\/v2\/posts"}],"about":[{"href":"https:\/\/alume.org\/es\/wp-json\/wp\/v2\/types\/post"}],"author":[{"embeddable":true,"href":"https:\/\/alume.org\/es\/wp-json\/wp\/v2\/users\/3"}],"replies":[{"embeddable":true,"href":"https:\/\/alume.org\/es\/wp-json\/wp\/v2\/comments?post=5277"}],"version-history":[{"count":0,"href":"https:\/\/alume.org\/es\/wp-json\/wp\/v2\/posts\/5277\/revisions"}],"wp:featuredmedia":[{"embeddable":true,"href":"https:\/\/alume.org\/es\/wp-json\/wp\/v2\/media\/3435"}],"wp:attachment":[{"href":"https:\/\/alume.org\/es\/wp-json\/wp\/v2\/media?parent=5277"}],"wp:term":[{"taxonomy":"category","embeddable":true,"href":"https:\/\/alume.org\/es\/wp-json\/wp\/v2\/categories?post=5277"},{"taxonomy":"post_tag","embeddable":true,"href":"https:\/\/alume.org\/es\/wp-json\/wp\/v2\/tags?post=5277"}],"curies":[{"name":"wp","href":"https:\/\/api.w.org\/{rel}","templated":true}]}}