{"id":5379,"date":"2016-06-16T09:43:33","date_gmt":"2016-06-16T09:43:33","guid":{"rendered":"http:\/\/alume.org\/?p=5379"},"modified":"2016-08-03T10:22:32","modified_gmt":"2016-08-03T10:22:32","slug":"celebramos-nosa-v-xornada-voluntariado","status":"publish","type":"post","link":"https:\/\/alume.org\/es\/celebramos-nosa-v-xornada-voluntariado\/","title":{"rendered":"Celebramos a nosa V xornada de Voluntariado"},"content":{"rendered":"<p>&nbsp;<\/p>\n<p>O xoves 9 de xu\u00f1o celebramos a V edici\u00f3n da nosa Xornada de Voluntariado, na que participaron 10 dos nosos voluntarios.<\/p>\n<p>A xornada iniciouse coa presentaci\u00f3n dos participantes, que comentaron tam\u00e9n porque decidiron vir \u00e1 nosa entidade e realizar aqu\u00ed a s\u00faa labor. Este ano medrou o n\u00famero de homes que son voluntarios en Alume, ata agora eran 2 e en 2016 son xa 4, a\u00ednda que a maior\u00eda seguen sendo mulleres. Ao rematar recibiron un agasallo realizado no taller de coiro, un chaveiro, que foi entregado polos usuarios acompa\u00f1ado con palabras de agradecemento polo tempo que nos adican.<\/p>\n<p>Aproveitouse tam\u00e9n a xornada para ensinarlles o novo centro ao que nos trasladaremos en breve, na zona de Montir\u00f3n.<\/p>\n<p>&nbsp;<\/p>\n","protected":false},"excerpt":{"rendered":"<p>&nbsp; O xoves 9 de xu\u00f1o celebramos a V edici\u00f3n da nosa Xornada de Voluntariado, na que participaron 10 dos nosos voluntarios. A xornada iniciouse coa presentaci\u00f3n dos participantes, que comentaron tam\u00e9n porque decidiron vir \u00e1 nosa entidade e realizar aqu\u00ed a s\u00faa labor. Este ano medrou o n\u00famero de homes que son voluntarios en [&hellip;]<\/p>\n","protected":false},"author":3,"featured_media":5380,"comment_status":"closed","ping_status":"closed","sticky":false,"template":"","format":"standard","meta":{"ngg_post_thumbnail":0,"footnotes":""},"categories":[62],"tags":[87,101,102],"class_list":{"0":"post-5379","1":"post","2":"type-post","3":"status-publish","4":"format-standard","5":"has-post-thumbnail","7":"category-novas","8":"tag-alume","9":"tag-voluntariado","10":"tag-xornada"},"yoast_head":"<!-- This site is optimized with the Yoast SEO plugin v27.5 - https:\/\/yoast.com\/product\/yoast-seo-wordpress\/ -->\n<title>Celebramos a nosa V xornada de Voluntariado - Alume<\/title>\n<meta name=\"robots\" content=\"index, follow, max-snippet:-1, max-image-preview:large, max-video-preview:-1\" \/>\n<link rel=\"canonical\" href=\"https:\/\/alume.org\/celebramos-nosa-v-xornada-voluntariado\/\" \/>\n<meta property=\"og:locale\" content=\"es_ES\" \/>\n<meta property=\"og:type\" content=\"article\" \/>\n<meta property=\"og:title\" content=\"Celebramos a nosa V xornada de Voluntariado - Alume\" \/>\n<meta property=\"og:description\" content=\"&nbsp; O xoves 9 de xu\u00f1o celebramos a V edici\u00f3n da nosa Xornada de Voluntariado, na que participaron 10 dos nosos voluntarios. A xornada iniciouse coa presentaci\u00f3n dos participantes, que comentaron tam\u00e9n porque decidiron vir \u00e1 nosa entidade e realizar aqu\u00ed a s\u00faa labor. Este ano medrou o n\u00famero de homes que son voluntarios en [&hellip;]\" \/>\n<meta property=\"og:url\" content=\"https:\/\/alume.org\/celebramos-nosa-v-xornada-voluntariado\/\" \/>\n<meta property=\"og:site_name\" content=\"Alume\" \/>\n<meta property=\"article:published_time\" content=\"2016-06-16T09:43:33+00:00\" \/>\n<meta property=\"article:modified_time\" content=\"2016-08-03T10:22:32+00:00\" \/>\n<meta property=\"og:image\" content=\"https:\/\/alume.org\/wp-content\/uploads\/2016\/06\/web.jpg\" \/>\n\t<meta property=\"og:image:width\" content=\"1024\" \/>\n\t<meta property=\"og:image:height\" content=\"576\" \/>\n\t<meta property=\"og:image:type\" content=\"image\/jpeg\" \/>\n<meta name=\"author\" content=\"comunicacion\" \/>\n<meta name=\"twitter:card\" content=\"summary_large_image\" \/>\n<meta name=\"twitter:label1\" content=\"Escrito por\" \/>\n\t<meta name=\"twitter:data1\" content=\"comunicacion\" \/>\n\t<meta name=\"twitter:label2\" content=\"Tiempo de lectura\" \/>\n\t<meta name=\"twitter:data2\" content=\"1 minuto\" \/>\n<script type=\"application\/ld+json\" class=\"yoast-schema-graph\">{\"@context\":\"https:\\\/\\\/schema.org\",\"@graph\":[{\"@type\":\"Article\",\"@id\":\"https:\\\/\\\/alume.org\\\/celebramos-nosa-v-xornada-voluntariado\\\/#article\",\"isPartOf\":{\"@id\":\"https:\\\/\\\/alume.org\\\/celebramos-nosa-v-xornada-voluntariado\\\/\"},\"author\":{\"name\":\"comunicacion\",\"@id\":\"https:\\\/\\\/alume.org\\\/es\\\/#\\\/schema\\\/person\\\/1f3bdce6d22c44d303385d77ae751737\"},\"headline\":\"Celebramos a nosa V xornada de Voluntariado\",\"datePublished\":\"2016-06-16T09:43:33+00:00\",\"dateModified\":\"2016-08-03T10:22:32+00:00\",\"mainEntityOfPage\":{\"@id\":\"https:\\\/\\\/alume.org\\\/celebramos-nosa-v-xornada-voluntariado\\\/\"},\"wordCount\":132,\"image\":{\"@id\":\"https:\\\/\\\/alume.org\\\/celebramos-nosa-v-xornada-voluntariado\\\/#primaryimage\"},\"thumbnailUrl\":\"https:\\\/\\\/alume.org\\\/wp-content\\\/uploads\\\/2016\\\/06\\\/web.jpg\",\"keywords\":[\"Alume\",\"voluntariado\",\"xornada\"],\"articleSection\":[\"Novas\"],\"inLanguage\":\"es\"},{\"@type\":\"WebPage\",\"@id\":\"https:\\\/\\\/alume.org\\\/celebramos-nosa-v-xornada-voluntariado\\\/\",\"url\":\"https:\\\/\\\/alume.org\\\/celebramos-nosa-v-xornada-voluntariado\\\/\",\"name\":\"Celebramos a nosa V xornada de Voluntariado - Alume\",\"isPartOf\":{\"@id\":\"https:\\\/\\\/alume.org\\\/es\\\/#website\"},\"primaryImageOfPage\":{\"@id\":\"https:\\\/\\\/alume.org\\\/celebramos-nosa-v-xornada-voluntariado\\\/#primaryimage\"},\"image\":{\"@id\":\"https:\\\/\\\/alume.org\\\/celebramos-nosa-v-xornada-voluntariado\\\/#primaryimage\"},\"thumbnailUrl\":\"https:\\\/\\\/alume.org\\\/wp-content\\\/uploads\\\/2016\\\/06\\\/web.jpg\",\"datePublished\":\"2016-06-16T09:43:33+00:00\",\"dateModified\":\"2016-08-03T10:22:32+00:00\",\"author\":{\"@id\":\"https:\\\/\\\/alume.org\\\/es\\\/#\\\/schema\\\/person\\\/1f3bdce6d22c44d303385d77ae751737\"},\"breadcrumb\":{\"@id\":\"https:\\\/\\\/alume.org\\\/celebramos-nosa-v-xornada-voluntariado\\\/#breadcrumb\"},\"inLanguage\":\"es\",\"potentialAction\":[{\"@type\":\"ReadAction\",\"target\":[\"https:\\\/\\\/alume.org\\\/celebramos-nosa-v-xornada-voluntariado\\\/\"]}]},{\"@type\":\"ImageObject\",\"inLanguage\":\"es\",\"@id\":\"https:\\\/\\\/alume.org\\\/celebramos-nosa-v-xornada-voluntariado\\\/#primaryimage\",\"url\":\"https:\\\/\\\/alume.org\\\/wp-content\\\/uploads\\\/2016\\\/06\\\/web.jpg\",\"contentUrl\":\"https:\\\/\\\/alume.org\\\/wp-content\\\/uploads\\\/2016\\\/06\\\/web.jpg\",\"width\":1024,\"height\":576,\"caption\":\"OLYMPUS DIGITAL CAMERA\"},{\"@type\":\"BreadcrumbList\",\"@id\":\"https:\\\/\\\/alume.org\\\/celebramos-nosa-v-xornada-voluntariado\\\/#breadcrumb\",\"itemListElement\":[{\"@type\":\"ListItem\",\"position\":1,\"name\":\"Portada\",\"item\":\"https:\\\/\\\/alume.org\\\/es\\\/\"},{\"@type\":\"ListItem\",\"position\":2,\"name\":\"Celebramos a nosa V xornada de Voluntariado\"}]},{\"@type\":\"WebSite\",\"@id\":\"https:\\\/\\\/alume.org\\\/es\\\/#website\",\"url\":\"https:\\\/\\\/alume.org\\\/es\\\/\",\"name\":\"Alume\",\"description\":\"Sa\u00fade Mental\",\"potentialAction\":[{\"@type\":\"SearchAction\",\"target\":{\"@type\":\"EntryPoint\",\"urlTemplate\":\"https:\\\/\\\/alume.org\\\/es\\\/?s={search_term_string}\"},\"query-input\":{\"@type\":\"PropertyValueSpecification\",\"valueRequired\":true,\"valueName\":\"search_term_string\"}}],\"inLanguage\":\"es\"},{\"@type\":\"Person\",\"@id\":\"https:\\\/\\\/alume.org\\\/es\\\/#\\\/schema\\\/person\\\/1f3bdce6d22c44d303385d77ae751737\",\"name\":\"comunicacion\"}]}<\/script>\n<!-- \/ Yoast SEO plugin. -->","yoast_head_json":{"title":"Celebramos a nosa V xornada de Voluntariado - Alume","robots":{"index":"index","follow":"follow","max-snippet":"max-snippet:-1","max-image-preview":"max-image-preview:large","max-video-preview":"max-video-preview:-1"},"canonical":"https:\/\/alume.org\/celebramos-nosa-v-xornada-voluntariado\/","og_locale":"es_ES","og_type":"article","og_title":"Celebramos a nosa V xornada de Voluntariado - Alume","og_description":"&nbsp; O xoves 9 de xu\u00f1o celebramos a V edici\u00f3n da nosa Xornada de Voluntariado, na que participaron 10 dos nosos voluntarios. A xornada iniciouse coa presentaci\u00f3n dos participantes, que comentaron tam\u00e9n porque decidiron vir \u00e1 nosa entidade e realizar aqu\u00ed a s\u00faa labor. Este ano medrou o n\u00famero de homes que son voluntarios en [&hellip;]","og_url":"https:\/\/alume.org\/celebramos-nosa-v-xornada-voluntariado\/","og_site_name":"Alume","article_published_time":"2016-06-16T09:43:33+00:00","article_modified_time":"2016-08-03T10:22:32+00:00","og_image":[{"width":1024,"height":576,"url":"https:\/\/alume.org\/wp-content\/uploads\/2016\/06\/web.jpg","type":"image\/jpeg"}],"author":"comunicacion","twitter_card":"summary_large_image","twitter_misc":{"Escrito por":"comunicacion","Tiempo de lectura":"1 minuto"},"schema":{"@context":"https:\/\/schema.org","@graph":[{"@type":"Article","@id":"https:\/\/alume.org\/celebramos-nosa-v-xornada-voluntariado\/#article","isPartOf":{"@id":"https:\/\/alume.org\/celebramos-nosa-v-xornada-voluntariado\/"},"author":{"name":"comunicacion","@id":"https:\/\/alume.org\/es\/#\/schema\/person\/1f3bdce6d22c44d303385d77ae751737"},"headline":"Celebramos a nosa V xornada de Voluntariado","datePublished":"2016-06-16T09:43:33+00:00","dateModified":"2016-08-03T10:22:32+00:00","mainEntityOfPage":{"@id":"https:\/\/alume.org\/celebramos-nosa-v-xornada-voluntariado\/"},"wordCount":132,"image":{"@id":"https:\/\/alume.org\/celebramos-nosa-v-xornada-voluntariado\/#primaryimage"},"thumbnailUrl":"https:\/\/alume.org\/wp-content\/uploads\/2016\/06\/web.jpg","keywords":["Alume","voluntariado","xornada"],"articleSection":["Novas"],"inLanguage":"es"},{"@type":"WebPage","@id":"https:\/\/alume.org\/celebramos-nosa-v-xornada-voluntariado\/","url":"https:\/\/alume.org\/celebramos-nosa-v-xornada-voluntariado\/","name":"Celebramos a nosa V xornada de Voluntariado - Alume","isPartOf":{"@id":"https:\/\/alume.org\/es\/#website"},"primaryImageOfPage":{"@id":"https:\/\/alume.org\/celebramos-nosa-v-xornada-voluntariado\/#primaryimage"},"image":{"@id":"https:\/\/alume.org\/celebramos-nosa-v-xornada-voluntariado\/#primaryimage"},"thumbnailUrl":"https:\/\/alume.org\/wp-content\/uploads\/2016\/06\/web.jpg","datePublished":"2016-06-16T09:43:33+00:00","dateModified":"2016-08-03T10:22:32+00:00","author":{"@id":"https:\/\/alume.org\/es\/#\/schema\/person\/1f3bdce6d22c44d303385d77ae751737"},"breadcrumb":{"@id":"https:\/\/alume.org\/celebramos-nosa-v-xornada-voluntariado\/#breadcrumb"},"inLanguage":"es","potentialAction":[{"@type":"ReadAction","target":["https:\/\/alume.org\/celebramos-nosa-v-xornada-voluntariado\/"]}]},{"@type":"ImageObject","inLanguage":"es","@id":"https:\/\/alume.org\/celebramos-nosa-v-xornada-voluntariado\/#primaryimage","url":"https:\/\/alume.org\/wp-content\/uploads\/2016\/06\/web.jpg","contentUrl":"https:\/\/alume.org\/wp-content\/uploads\/2016\/06\/web.jpg","width":1024,"height":576,"caption":"OLYMPUS DIGITAL CAMERA"},{"@type":"BreadcrumbList","@id":"https:\/\/alume.org\/celebramos-nosa-v-xornada-voluntariado\/#breadcrumb","itemListElement":[{"@type":"ListItem","position":1,"name":"Portada","item":"https:\/\/alume.org\/es\/"},{"@type":"ListItem","position":2,"name":"Celebramos a nosa V xornada de Voluntariado"}]},{"@type":"WebSite","@id":"https:\/\/alume.org\/es\/#website","url":"https:\/\/alume.org\/es\/","name":"Alume","description":"Sa\u00fade Mental","potentialAction":[{"@type":"SearchAction","target":{"@type":"EntryPoint","urlTemplate":"https:\/\/alume.org\/es\/?s={search_term_string}"},"query-input":{"@type":"PropertyValueSpecification","valueRequired":true,"valueName":"search_term_string"}}],"inLanguage":"es"},{"@type":"Person","@id":"https:\/\/alume.org\/es\/#\/schema\/person\/1f3bdce6d22c44d303385d77ae751737","name":"comunicacion"}]}},"_links":{"self":[{"href":"https:\/\/alume.org\/es\/wp-json\/wp\/v2\/posts\/5379","targetHints":{"allow":["GET"]}}],"collection":[{"href":"https:\/\/alume.org\/es\/wp-json\/wp\/v2\/posts"}],"about":[{"href":"https:\/\/alume.org\/es\/wp-json\/wp\/v2\/types\/post"}],"author":[{"embeddable":true,"href":"https:\/\/alume.org\/es\/wp-json\/wp\/v2\/users\/3"}],"replies":[{"embeddable":true,"href":"https:\/\/alume.org\/es\/wp-json\/wp\/v2\/comments?post=5379"}],"version-history":[{"count":0,"href":"https:\/\/alume.org\/es\/wp-json\/wp\/v2\/posts\/5379\/revisions"}],"wp:featuredmedia":[{"embeddable":true,"href":"https:\/\/alume.org\/es\/wp-json\/wp\/v2\/media\/5380"}],"wp:attachment":[{"href":"https:\/\/alume.org\/es\/wp-json\/wp\/v2\/media?parent=5379"}],"wp:term":[{"taxonomy":"category","embeddable":true,"href":"https:\/\/alume.org\/es\/wp-json\/wp\/v2\/categories?post=5379"},{"taxonomy":"post_tag","embeddable":true,"href":"https:\/\/alume.org\/es\/wp-json\/wp\/v2\/tags?post=5379"}],"curies":[{"name":"wp","href":"https:\/\/api.w.org\/{rel}","templated":true}]}}