{"id":5486,"date":"2017-04-05T16:20:58","date_gmt":"2017-04-05T16:20:58","guid":{"rendered":"http:\/\/alume.org\/?p=5486"},"modified":"2017-05-02T16:21:34","modified_gmt":"2017-05-02T16:21:34","slug":"alume-presente-vi-feira-medieval-fontinas","status":"publish","type":"post","link":"https:\/\/alume.org\/es\/alume-presente-vi-feira-medieval-fontinas\/","title":{"rendered":"Alume presente en VI Feira Medieval de Fonti\u00f1as"},"content":{"rendered":"<p>Como todos los a\u00f1os, desde la primera edici\u00f3n de esta feria, nuestra asociaci\u00f3n ha contado con un puesto para vender los productos que se realizan artesanalmente en nuestros talleres, as\u00ed como para ofrecer informaci\u00f3n a los visitantes. Esto es gracias a la Asociaci\u00f3n de Hosteleros de Fonti\u00f1as, que nos invitan a participar.<\/p>\n<p>Este a\u00f1o la climatolog\u00eda ha sido m\u00e1s ben\u00e9vola con el mercadillo y eso se ha notado en la afluencia de visitantes.<\/p>\n<p>Desde el viernes, 31 de marzo, hasta el domingo, 2 de abril, mostramos al p\u00fablico los trabajos realizados en los talleres de alambre, cuero, cester\u00eda, fimo, cer\u00e1mica o goma eva.<\/p>\n","protected":false},"excerpt":{"rendered":"<p>Como todos los a\u00f1os, desde la primera edici\u00f3n de esta feria, nuestra asociaci\u00f3n ha contado con un puesto para vender los productos que se realizan artesanalmente en nuestros talleres, as\u00ed como para ofrecer informaci\u00f3n a los visitantes. Esto es gracias a la Asociaci\u00f3n de Hosteleros de Fonti\u00f1as, que nos invitan a participar. Este a\u00f1o la [&hellip;]<\/p>\n","protected":false},"author":3,"featured_media":5487,"comment_status":"closed","ping_status":"closed","sticky":false,"template":"","format":"standard","meta":{"ngg_post_thumbnail":0,"footnotes":""},"categories":[62,66],"tags":[87,113,112,114],"class_list":{"0":"post-5486","1":"post","2":"type-post","3":"status-publish","4":"format-standard","5":"has-post-thumbnail","7":"category-novas","8":"category-post-slider","9":"tag-alume","10":"tag-feira","11":"tag-fontinas","12":"tag-talleres"},"yoast_head":"<!-- This site is optimized with the Yoast SEO plugin v27.5 - https:\/\/yoast.com\/product\/yoast-seo-wordpress\/ -->\n<title>Alume presente en VI Feira Medieval de Fonti\u00f1as - Alume<\/title>\n<meta name=\"robots\" content=\"index, follow, max-snippet:-1, max-image-preview:large, max-video-preview:-1\" \/>\n<link rel=\"canonical\" href=\"https:\/\/alume.org\/alume-presente-vi-feira-medieval-fontinas\/\" \/>\n<meta property=\"og:locale\" content=\"es_ES\" \/>\n<meta property=\"og:type\" content=\"article\" \/>\n<meta property=\"og:title\" content=\"Alume presente en VI Feira Medieval de Fonti\u00f1as - Alume\" \/>\n<meta property=\"og:description\" content=\"Como todos los a\u00f1os, desde la primera edici\u00f3n de esta feria, nuestra asociaci\u00f3n ha contado con un puesto para vender los productos que se realizan artesanalmente en nuestros talleres, as\u00ed como para ofrecer informaci\u00f3n a los visitantes. Esto es gracias a la Asociaci\u00f3n de Hosteleros de Fonti\u00f1as, que nos invitan a participar. Este a\u00f1o la [&hellip;]\" \/>\n<meta property=\"og:url\" content=\"https:\/\/alume.org\/alume-presente-vi-feira-medieval-fontinas\/\" \/>\n<meta property=\"og:site_name\" content=\"Alume\" \/>\n<meta property=\"article:published_time\" content=\"2017-04-05T16:20:58+00:00\" \/>\n<meta property=\"article:modified_time\" content=\"2017-05-02T16:21:34+00:00\" \/>\n<meta property=\"og:image\" content=\"https:\/\/alume.org\/wp-content\/uploads\/2017\/05\/IMG-20170331-WA0001.jpg\" \/>\n\t<meta property=\"og:image:width\" content=\"1024\" \/>\n\t<meta property=\"og:image:height\" content=\"768\" \/>\n\t<meta property=\"og:image:type\" content=\"image\/jpeg\" \/>\n<meta name=\"author\" content=\"comunicacion\" \/>\n<meta name=\"twitter:card\" content=\"summary_large_image\" \/>\n<meta name=\"twitter:label1\" content=\"Escrito por\" \/>\n\t<meta name=\"twitter:data1\" content=\"comunicacion\" \/>\n\t<meta name=\"twitter:label2\" content=\"Tiempo de lectura\" \/>\n\t<meta name=\"twitter:data2\" content=\"1 minuto\" \/>\n<script type=\"application\/ld+json\" class=\"yoast-schema-graph\">{\"@context\":\"https:\\\/\\\/schema.org\",\"@graph\":[{\"@type\":\"Article\",\"@id\":\"https:\\\/\\\/alume.org\\\/alume-presente-vi-feira-medieval-fontinas\\\/#article\",\"isPartOf\":{\"@id\":\"https:\\\/\\\/alume.org\\\/alume-presente-vi-feira-medieval-fontinas\\\/\"},\"author\":{\"name\":\"comunicacion\",\"@id\":\"https:\\\/\\\/alume.org\\\/es\\\/#\\\/schema\\\/person\\\/1f3bdce6d22c44d303385d77ae751737\"},\"headline\":\"Alume presente en VI Feira Medieval de Fonti\u00f1as\",\"datePublished\":\"2017-04-05T16:20:58+00:00\",\"dateModified\":\"2017-05-02T16:21:34+00:00\",\"mainEntityOfPage\":{\"@id\":\"https:\\\/\\\/alume.org\\\/alume-presente-vi-feira-medieval-fontinas\\\/\"},\"wordCount\":123,\"image\":{\"@id\":\"https:\\\/\\\/alume.org\\\/alume-presente-vi-feira-medieval-fontinas\\\/#primaryimage\"},\"thumbnailUrl\":\"https:\\\/\\\/alume.org\\\/wp-content\\\/uploads\\\/2017\\\/05\\\/IMG-20170331-WA0001.jpg\",\"keywords\":[\"Alume\",\"feira\",\"fonti\u00f1as\",\"talleres\"],\"articleSection\":[\"Novas\",\"Post Slider\"],\"inLanguage\":\"es\"},{\"@type\":\"WebPage\",\"@id\":\"https:\\\/\\\/alume.org\\\/alume-presente-vi-feira-medieval-fontinas\\\/\",\"url\":\"https:\\\/\\\/alume.org\\\/alume-presente-vi-feira-medieval-fontinas\\\/\",\"name\":\"Alume presente en VI Feira Medieval de Fonti\u00f1as - Alume\",\"isPartOf\":{\"@id\":\"https:\\\/\\\/alume.org\\\/es\\\/#website\"},\"primaryImageOfPage\":{\"@id\":\"https:\\\/\\\/alume.org\\\/alume-presente-vi-feira-medieval-fontinas\\\/#primaryimage\"},\"image\":{\"@id\":\"https:\\\/\\\/alume.org\\\/alume-presente-vi-feira-medieval-fontinas\\\/#primaryimage\"},\"thumbnailUrl\":\"https:\\\/\\\/alume.org\\\/wp-content\\\/uploads\\\/2017\\\/05\\\/IMG-20170331-WA0001.jpg\",\"datePublished\":\"2017-04-05T16:20:58+00:00\",\"dateModified\":\"2017-05-02T16:21:34+00:00\",\"author\":{\"@id\":\"https:\\\/\\\/alume.org\\\/es\\\/#\\\/schema\\\/person\\\/1f3bdce6d22c44d303385d77ae751737\"},\"breadcrumb\":{\"@id\":\"https:\\\/\\\/alume.org\\\/alume-presente-vi-feira-medieval-fontinas\\\/#breadcrumb\"},\"inLanguage\":\"es\",\"potentialAction\":[{\"@type\":\"ReadAction\",\"target\":[\"https:\\\/\\\/alume.org\\\/alume-presente-vi-feira-medieval-fontinas\\\/\"]}]},{\"@type\":\"ImageObject\",\"inLanguage\":\"es\",\"@id\":\"https:\\\/\\\/alume.org\\\/alume-presente-vi-feira-medieval-fontinas\\\/#primaryimage\",\"url\":\"https:\\\/\\\/alume.org\\\/wp-content\\\/uploads\\\/2017\\\/05\\\/IMG-20170331-WA0001.jpg\",\"contentUrl\":\"https:\\\/\\\/alume.org\\\/wp-content\\\/uploads\\\/2017\\\/05\\\/IMG-20170331-WA0001.jpg\",\"width\":1024,\"height\":768},{\"@type\":\"BreadcrumbList\",\"@id\":\"https:\\\/\\\/alume.org\\\/alume-presente-vi-feira-medieval-fontinas\\\/#breadcrumb\",\"itemListElement\":[{\"@type\":\"ListItem\",\"position\":1,\"name\":\"Portada\",\"item\":\"https:\\\/\\\/alume.org\\\/es\\\/\"},{\"@type\":\"ListItem\",\"position\":2,\"name\":\"Alume presente en VI Feira Medieval de Fonti\u00f1as\"}]},{\"@type\":\"WebSite\",\"@id\":\"https:\\\/\\\/alume.org\\\/es\\\/#website\",\"url\":\"https:\\\/\\\/alume.org\\\/es\\\/\",\"name\":\"Alume\",\"description\":\"Sa\u00fade Mental\",\"potentialAction\":[{\"@type\":\"SearchAction\",\"target\":{\"@type\":\"EntryPoint\",\"urlTemplate\":\"https:\\\/\\\/alume.org\\\/es\\\/?s={search_term_string}\"},\"query-input\":{\"@type\":\"PropertyValueSpecification\",\"valueRequired\":true,\"valueName\":\"search_term_string\"}}],\"inLanguage\":\"es\"},{\"@type\":\"Person\",\"@id\":\"https:\\\/\\\/alume.org\\\/es\\\/#\\\/schema\\\/person\\\/1f3bdce6d22c44d303385d77ae751737\",\"name\":\"comunicacion\"}]}<\/script>\n<!-- \/ Yoast SEO plugin. -->","yoast_head_json":{"title":"Alume presente en VI Feira Medieval de Fonti\u00f1as - Alume","robots":{"index":"index","follow":"follow","max-snippet":"max-snippet:-1","max-image-preview":"max-image-preview:large","max-video-preview":"max-video-preview:-1"},"canonical":"https:\/\/alume.org\/alume-presente-vi-feira-medieval-fontinas\/","og_locale":"es_ES","og_type":"article","og_title":"Alume presente en VI Feira Medieval de Fonti\u00f1as - Alume","og_description":"Como todos los a\u00f1os, desde la primera edici\u00f3n de esta feria, nuestra asociaci\u00f3n ha contado con un puesto para vender los productos que se realizan artesanalmente en nuestros talleres, as\u00ed como para ofrecer informaci\u00f3n a los visitantes. Esto es gracias a la Asociaci\u00f3n de Hosteleros de Fonti\u00f1as, que nos invitan a participar. Este a\u00f1o la [&hellip;]","og_url":"https:\/\/alume.org\/alume-presente-vi-feira-medieval-fontinas\/","og_site_name":"Alume","article_published_time":"2017-04-05T16:20:58+00:00","article_modified_time":"2017-05-02T16:21:34+00:00","og_image":[{"width":1024,"height":768,"url":"https:\/\/alume.org\/wp-content\/uploads\/2017\/05\/IMG-20170331-WA0001.jpg","type":"image\/jpeg"}],"author":"comunicacion","twitter_card":"summary_large_image","twitter_misc":{"Escrito por":"comunicacion","Tiempo de lectura":"1 minuto"},"schema":{"@context":"https:\/\/schema.org","@graph":[{"@type":"Article","@id":"https:\/\/alume.org\/alume-presente-vi-feira-medieval-fontinas\/#article","isPartOf":{"@id":"https:\/\/alume.org\/alume-presente-vi-feira-medieval-fontinas\/"},"author":{"name":"comunicacion","@id":"https:\/\/alume.org\/es\/#\/schema\/person\/1f3bdce6d22c44d303385d77ae751737"},"headline":"Alume presente en VI Feira Medieval de Fonti\u00f1as","datePublished":"2017-04-05T16:20:58+00:00","dateModified":"2017-05-02T16:21:34+00:00","mainEntityOfPage":{"@id":"https:\/\/alume.org\/alume-presente-vi-feira-medieval-fontinas\/"},"wordCount":123,"image":{"@id":"https:\/\/alume.org\/alume-presente-vi-feira-medieval-fontinas\/#primaryimage"},"thumbnailUrl":"https:\/\/alume.org\/wp-content\/uploads\/2017\/05\/IMG-20170331-WA0001.jpg","keywords":["Alume","feira","fonti\u00f1as","talleres"],"articleSection":["Novas","Post Slider"],"inLanguage":"es"},{"@type":"WebPage","@id":"https:\/\/alume.org\/alume-presente-vi-feira-medieval-fontinas\/","url":"https:\/\/alume.org\/alume-presente-vi-feira-medieval-fontinas\/","name":"Alume presente en VI Feira Medieval de Fonti\u00f1as - Alume","isPartOf":{"@id":"https:\/\/alume.org\/es\/#website"},"primaryImageOfPage":{"@id":"https:\/\/alume.org\/alume-presente-vi-feira-medieval-fontinas\/#primaryimage"},"image":{"@id":"https:\/\/alume.org\/alume-presente-vi-feira-medieval-fontinas\/#primaryimage"},"thumbnailUrl":"https:\/\/alume.org\/wp-content\/uploads\/2017\/05\/IMG-20170331-WA0001.jpg","datePublished":"2017-04-05T16:20:58+00:00","dateModified":"2017-05-02T16:21:34+00:00","author":{"@id":"https:\/\/alume.org\/es\/#\/schema\/person\/1f3bdce6d22c44d303385d77ae751737"},"breadcrumb":{"@id":"https:\/\/alume.org\/alume-presente-vi-feira-medieval-fontinas\/#breadcrumb"},"inLanguage":"es","potentialAction":[{"@type":"ReadAction","target":["https:\/\/alume.org\/alume-presente-vi-feira-medieval-fontinas\/"]}]},{"@type":"ImageObject","inLanguage":"es","@id":"https:\/\/alume.org\/alume-presente-vi-feira-medieval-fontinas\/#primaryimage","url":"https:\/\/alume.org\/wp-content\/uploads\/2017\/05\/IMG-20170331-WA0001.jpg","contentUrl":"https:\/\/alume.org\/wp-content\/uploads\/2017\/05\/IMG-20170331-WA0001.jpg","width":1024,"height":768},{"@type":"BreadcrumbList","@id":"https:\/\/alume.org\/alume-presente-vi-feira-medieval-fontinas\/#breadcrumb","itemListElement":[{"@type":"ListItem","position":1,"name":"Portada","item":"https:\/\/alume.org\/es\/"},{"@type":"ListItem","position":2,"name":"Alume presente en VI Feira Medieval de Fonti\u00f1as"}]},{"@type":"WebSite","@id":"https:\/\/alume.org\/es\/#website","url":"https:\/\/alume.org\/es\/","name":"Alume","description":"Sa\u00fade Mental","potentialAction":[{"@type":"SearchAction","target":{"@type":"EntryPoint","urlTemplate":"https:\/\/alume.org\/es\/?s={search_term_string}"},"query-input":{"@type":"PropertyValueSpecification","valueRequired":true,"valueName":"search_term_string"}}],"inLanguage":"es"},{"@type":"Person","@id":"https:\/\/alume.org\/es\/#\/schema\/person\/1f3bdce6d22c44d303385d77ae751737","name":"comunicacion"}]}},"_links":{"self":[{"href":"https:\/\/alume.org\/es\/wp-json\/wp\/v2\/posts\/5486","targetHints":{"allow":["GET"]}}],"collection":[{"href":"https:\/\/alume.org\/es\/wp-json\/wp\/v2\/posts"}],"about":[{"href":"https:\/\/alume.org\/es\/wp-json\/wp\/v2\/types\/post"}],"author":[{"embeddable":true,"href":"https:\/\/alume.org\/es\/wp-json\/wp\/v2\/users\/3"}],"replies":[{"embeddable":true,"href":"https:\/\/alume.org\/es\/wp-json\/wp\/v2\/comments?post=5486"}],"version-history":[{"count":0,"href":"https:\/\/alume.org\/es\/wp-json\/wp\/v2\/posts\/5486\/revisions"}],"wp:featuredmedia":[{"embeddable":true,"href":"https:\/\/alume.org\/es\/wp-json\/wp\/v2\/media\/5487"}],"wp:attachment":[{"href":"https:\/\/alume.org\/es\/wp-json\/wp\/v2\/media?parent=5486"}],"wp:term":[{"taxonomy":"category","embeddable":true,"href":"https:\/\/alume.org\/es\/wp-json\/wp\/v2\/categories?post=5486"},{"taxonomy":"post_tag","embeddable":true,"href":"https:\/\/alume.org\/es\/wp-json\/wp\/v2\/tags?post=5486"}],"curies":[{"name":"wp","href":"https:\/\/api.w.org\/{rel}","templated":true}]}}