{"id":5490,"date":"2017-05-02T16:32:22","date_gmt":"2017-05-02T16:32:22","guid":{"rendered":"http:\/\/alume.org\/?p=5490"},"modified":"2017-05-02T16:32:22","modified_gmt":"2017-05-02T16:32:22","slug":"acudimos-la-gala-del-mago-carlos-adriano-dentro-la-programacion-lugo-maxico","status":"publish","type":"post","link":"https:\/\/alume.org\/es\/acudimos-la-gala-del-mago-carlos-adriano-dentro-la-programacion-lugo-maxico\/","title":{"rendered":"Acudimos a la gala del mago Carlos Adriano dentro de la programaci\u00f3n de Lugo M\u00e1xico"},"content":{"rendered":"<p>La semana de la magia de Lugo viene siendo una cita habitual para nosotros. Desde que hace 5 a\u00f1os varios magos acudieran a nuestra asociaci\u00f3n para mostrarnos su espect\u00e1culo Lugo M\u00e1xico se ha convertido en un evento marcado en nuestro calendario y al que acudimos con ganas porque nos ha enganchado.<\/p>\n<p>Este a\u00f1o estuvimos presentes en el Gustavo Freire en la gala del mago argentino Carlos Adriano, que adem\u00e1s de mago es clown, por lo que ofreci\u00f3 una actuaci\u00f3n muy divertida.<\/p>\n<p>Contamos con acudir a alguno m\u00e1s de los eventos organizados dentro de esta semana y volveremos para el a\u00f1o que viene.<\/p>\n","protected":false},"excerpt":{"rendered":"<p>La semana de la magia de Lugo viene siendo una cita habitual para nosotros. Desde que hace 5 a\u00f1os varios magos acudieran a nuestra asociaci\u00f3n para mostrarnos su espect\u00e1culo Lugo M\u00e1xico se ha convertido en un evento marcado en nuestro calendario y al que acudimos con ganas porque nos ha enganchado. Este a\u00f1o estuvimos presentes [&hellip;]<\/p>\n","protected":false},"author":3,"featured_media":5491,"comment_status":"closed","ping_status":"closed","sticky":false,"template":"","format":"standard","meta":{"ngg_post_thumbnail":0,"footnotes":""},"categories":[62,66],"tags":[115,116],"class_list":{"0":"post-5490","1":"post","2":"type-post","3":"status-publish","4":"format-standard","5":"has-post-thumbnail","7":"category-novas","8":"category-post-slider","9":"tag-lugo","10":"tag-magia"},"yoast_head":"<!-- This site is optimized with the Yoast SEO plugin v27.5 - https:\/\/yoast.com\/product\/yoast-seo-wordpress\/ -->\n<title>Acudimos a la gala del mago Carlos Adriano dentro de la programaci\u00f3n de Lugo M\u00e1xico - Alume<\/title>\n<meta name=\"robots\" content=\"index, follow, max-snippet:-1, max-image-preview:large, max-video-preview:-1\" \/>\n<link rel=\"canonical\" href=\"https:\/\/alume.org\/acudimos-la-gala-del-mago-carlos-adriano-dentro-la-programacion-lugo-maxico\/\" \/>\n<meta property=\"og:locale\" content=\"es_ES\" \/>\n<meta property=\"og:type\" content=\"article\" \/>\n<meta property=\"og:title\" content=\"Acudimos a la gala del mago Carlos Adriano dentro de la programaci\u00f3n de Lugo M\u00e1xico - Alume\" \/>\n<meta property=\"og:description\" content=\"La semana de la magia de Lugo viene siendo una cita habitual para nosotros. Desde que hace 5 a\u00f1os varios magos acudieran a nuestra asociaci\u00f3n para mostrarnos su espect\u00e1culo Lugo M\u00e1xico se ha convertido en un evento marcado en nuestro calendario y al que acudimos con ganas porque nos ha enganchado. Este a\u00f1o estuvimos presentes [&hellip;]\" \/>\n<meta property=\"og:url\" content=\"https:\/\/alume.org\/acudimos-la-gala-del-mago-carlos-adriano-dentro-la-programacion-lugo-maxico\/\" \/>\n<meta property=\"og:site_name\" content=\"Alume\" \/>\n<meta property=\"article:published_time\" content=\"2017-05-02T16:32:22+00:00\" \/>\n<meta property=\"og:image\" content=\"https:\/\/alume.org\/wp-content\/uploads\/2017\/05\/fac20170502_103646.jpg\" \/>\n\t<meta property=\"og:image:width\" content=\"1024\" \/>\n\t<meta property=\"og:image:height\" content=\"576\" \/>\n\t<meta property=\"og:image:type\" content=\"image\/jpeg\" \/>\n<meta name=\"author\" content=\"comunicacion\" \/>\n<meta name=\"twitter:card\" content=\"summary_large_image\" \/>\n<meta name=\"twitter:label1\" content=\"Escrito por\" \/>\n\t<meta name=\"twitter:data1\" content=\"comunicacion\" \/>\n\t<meta name=\"twitter:label2\" content=\"Tiempo de lectura\" \/>\n\t<meta name=\"twitter:data2\" content=\"1 minuto\" \/>\n<script type=\"application\/ld+json\" class=\"yoast-schema-graph\">{\"@context\":\"https:\\\/\\\/schema.org\",\"@graph\":[{\"@type\":\"Article\",\"@id\":\"https:\\\/\\\/alume.org\\\/acudimos-la-gala-del-mago-carlos-adriano-dentro-la-programacion-lugo-maxico\\\/#article\",\"isPartOf\":{\"@id\":\"https:\\\/\\\/alume.org\\\/acudimos-la-gala-del-mago-carlos-adriano-dentro-la-programacion-lugo-maxico\\\/\"},\"author\":{\"name\":\"comunicacion\",\"@id\":\"https:\\\/\\\/alume.org\\\/es\\\/#\\\/schema\\\/person\\\/1f3bdce6d22c44d303385d77ae751737\"},\"headline\":\"Acudimos a la gala del mago Carlos Adriano dentro de la programaci\u00f3n de Lugo M\u00e1xico\",\"datePublished\":\"2017-05-02T16:32:22+00:00\",\"mainEntityOfPage\":{\"@id\":\"https:\\\/\\\/alume.org\\\/acudimos-la-gala-del-mago-carlos-adriano-dentro-la-programacion-lugo-maxico\\\/\"},\"wordCount\":127,\"image\":{\"@id\":\"https:\\\/\\\/alume.org\\\/acudimos-la-gala-del-mago-carlos-adriano-dentro-la-programacion-lugo-maxico\\\/#primaryimage\"},\"thumbnailUrl\":\"https:\\\/\\\/alume.org\\\/wp-content\\\/uploads\\\/2017\\\/05\\\/fac20170502_103646.jpg\",\"keywords\":[\"lugo\",\"magia\"],\"articleSection\":[\"Novas\",\"Post Slider\"],\"inLanguage\":\"es\"},{\"@type\":\"WebPage\",\"@id\":\"https:\\\/\\\/alume.org\\\/acudimos-la-gala-del-mago-carlos-adriano-dentro-la-programacion-lugo-maxico\\\/\",\"url\":\"https:\\\/\\\/alume.org\\\/acudimos-la-gala-del-mago-carlos-adriano-dentro-la-programacion-lugo-maxico\\\/\",\"name\":\"Acudimos a la gala del mago Carlos Adriano dentro de la programaci\u00f3n de Lugo M\u00e1xico - Alume\",\"isPartOf\":{\"@id\":\"https:\\\/\\\/alume.org\\\/es\\\/#website\"},\"primaryImageOfPage\":{\"@id\":\"https:\\\/\\\/alume.org\\\/acudimos-la-gala-del-mago-carlos-adriano-dentro-la-programacion-lugo-maxico\\\/#primaryimage\"},\"image\":{\"@id\":\"https:\\\/\\\/alume.org\\\/acudimos-la-gala-del-mago-carlos-adriano-dentro-la-programacion-lugo-maxico\\\/#primaryimage\"},\"thumbnailUrl\":\"https:\\\/\\\/alume.org\\\/wp-content\\\/uploads\\\/2017\\\/05\\\/fac20170502_103646.jpg\",\"datePublished\":\"2017-05-02T16:32:22+00:00\",\"author\":{\"@id\":\"https:\\\/\\\/alume.org\\\/es\\\/#\\\/schema\\\/person\\\/1f3bdce6d22c44d303385d77ae751737\"},\"breadcrumb\":{\"@id\":\"https:\\\/\\\/alume.org\\\/acudimos-la-gala-del-mago-carlos-adriano-dentro-la-programacion-lugo-maxico\\\/#breadcrumb\"},\"inLanguage\":\"es\",\"potentialAction\":[{\"@type\":\"ReadAction\",\"target\":[\"https:\\\/\\\/alume.org\\\/acudimos-la-gala-del-mago-carlos-adriano-dentro-la-programacion-lugo-maxico\\\/\"]}]},{\"@type\":\"ImageObject\",\"inLanguage\":\"es\",\"@id\":\"https:\\\/\\\/alume.org\\\/acudimos-la-gala-del-mago-carlos-adriano-dentro-la-programacion-lugo-maxico\\\/#primaryimage\",\"url\":\"https:\\\/\\\/alume.org\\\/wp-content\\\/uploads\\\/2017\\\/05\\\/fac20170502_103646.jpg\",\"contentUrl\":\"https:\\\/\\\/alume.org\\\/wp-content\\\/uploads\\\/2017\\\/05\\\/fac20170502_103646.jpg\",\"width\":1024,\"height\":576},{\"@type\":\"BreadcrumbList\",\"@id\":\"https:\\\/\\\/alume.org\\\/acudimos-la-gala-del-mago-carlos-adriano-dentro-la-programacion-lugo-maxico\\\/#breadcrumb\",\"itemListElement\":[{\"@type\":\"ListItem\",\"position\":1,\"name\":\"Portada\",\"item\":\"https:\\\/\\\/alume.org\\\/es\\\/\"},{\"@type\":\"ListItem\",\"position\":2,\"name\":\"Acudimos a la gala del mago Carlos Adriano dentro de la programaci\u00f3n de Lugo M\u00e1xico\"}]},{\"@type\":\"WebSite\",\"@id\":\"https:\\\/\\\/alume.org\\\/es\\\/#website\",\"url\":\"https:\\\/\\\/alume.org\\\/es\\\/\",\"name\":\"Alume\",\"description\":\"Sa\u00fade Mental\",\"potentialAction\":[{\"@type\":\"SearchAction\",\"target\":{\"@type\":\"EntryPoint\",\"urlTemplate\":\"https:\\\/\\\/alume.org\\\/es\\\/?s={search_term_string}\"},\"query-input\":{\"@type\":\"PropertyValueSpecification\",\"valueRequired\":true,\"valueName\":\"search_term_string\"}}],\"inLanguage\":\"es\"},{\"@type\":\"Person\",\"@id\":\"https:\\\/\\\/alume.org\\\/es\\\/#\\\/schema\\\/person\\\/1f3bdce6d22c44d303385d77ae751737\",\"name\":\"comunicacion\"}]}<\/script>\n<!-- \/ Yoast SEO plugin. -->","yoast_head_json":{"title":"Acudimos a la gala del mago Carlos Adriano dentro de la programaci\u00f3n de Lugo M\u00e1xico - Alume","robots":{"index":"index","follow":"follow","max-snippet":"max-snippet:-1","max-image-preview":"max-image-preview:large","max-video-preview":"max-video-preview:-1"},"canonical":"https:\/\/alume.org\/acudimos-la-gala-del-mago-carlos-adriano-dentro-la-programacion-lugo-maxico\/","og_locale":"es_ES","og_type":"article","og_title":"Acudimos a la gala del mago Carlos Adriano dentro de la programaci\u00f3n de Lugo M\u00e1xico - Alume","og_description":"La semana de la magia de Lugo viene siendo una cita habitual para nosotros. Desde que hace 5 a\u00f1os varios magos acudieran a nuestra asociaci\u00f3n para mostrarnos su espect\u00e1culo Lugo M\u00e1xico se ha convertido en un evento marcado en nuestro calendario y al que acudimos con ganas porque nos ha enganchado. Este a\u00f1o estuvimos presentes [&hellip;]","og_url":"https:\/\/alume.org\/acudimos-la-gala-del-mago-carlos-adriano-dentro-la-programacion-lugo-maxico\/","og_site_name":"Alume","article_published_time":"2017-05-02T16:32:22+00:00","og_image":[{"width":1024,"height":576,"url":"https:\/\/alume.org\/wp-content\/uploads\/2017\/05\/fac20170502_103646.jpg","type":"image\/jpeg"}],"author":"comunicacion","twitter_card":"summary_large_image","twitter_misc":{"Escrito por":"comunicacion","Tiempo de lectura":"1 minuto"},"schema":{"@context":"https:\/\/schema.org","@graph":[{"@type":"Article","@id":"https:\/\/alume.org\/acudimos-la-gala-del-mago-carlos-adriano-dentro-la-programacion-lugo-maxico\/#article","isPartOf":{"@id":"https:\/\/alume.org\/acudimos-la-gala-del-mago-carlos-adriano-dentro-la-programacion-lugo-maxico\/"},"author":{"name":"comunicacion","@id":"https:\/\/alume.org\/es\/#\/schema\/person\/1f3bdce6d22c44d303385d77ae751737"},"headline":"Acudimos a la gala del mago Carlos Adriano dentro de la programaci\u00f3n de Lugo M\u00e1xico","datePublished":"2017-05-02T16:32:22+00:00","mainEntityOfPage":{"@id":"https:\/\/alume.org\/acudimos-la-gala-del-mago-carlos-adriano-dentro-la-programacion-lugo-maxico\/"},"wordCount":127,"image":{"@id":"https:\/\/alume.org\/acudimos-la-gala-del-mago-carlos-adriano-dentro-la-programacion-lugo-maxico\/#primaryimage"},"thumbnailUrl":"https:\/\/alume.org\/wp-content\/uploads\/2017\/05\/fac20170502_103646.jpg","keywords":["lugo","magia"],"articleSection":["Novas","Post Slider"],"inLanguage":"es"},{"@type":"WebPage","@id":"https:\/\/alume.org\/acudimos-la-gala-del-mago-carlos-adriano-dentro-la-programacion-lugo-maxico\/","url":"https:\/\/alume.org\/acudimos-la-gala-del-mago-carlos-adriano-dentro-la-programacion-lugo-maxico\/","name":"Acudimos a la gala del mago Carlos Adriano dentro de la programaci\u00f3n de Lugo M\u00e1xico - Alume","isPartOf":{"@id":"https:\/\/alume.org\/es\/#website"},"primaryImageOfPage":{"@id":"https:\/\/alume.org\/acudimos-la-gala-del-mago-carlos-adriano-dentro-la-programacion-lugo-maxico\/#primaryimage"},"image":{"@id":"https:\/\/alume.org\/acudimos-la-gala-del-mago-carlos-adriano-dentro-la-programacion-lugo-maxico\/#primaryimage"},"thumbnailUrl":"https:\/\/alume.org\/wp-content\/uploads\/2017\/05\/fac20170502_103646.jpg","datePublished":"2017-05-02T16:32:22+00:00","author":{"@id":"https:\/\/alume.org\/es\/#\/schema\/person\/1f3bdce6d22c44d303385d77ae751737"},"breadcrumb":{"@id":"https:\/\/alume.org\/acudimos-la-gala-del-mago-carlos-adriano-dentro-la-programacion-lugo-maxico\/#breadcrumb"},"inLanguage":"es","potentialAction":[{"@type":"ReadAction","target":["https:\/\/alume.org\/acudimos-la-gala-del-mago-carlos-adriano-dentro-la-programacion-lugo-maxico\/"]}]},{"@type":"ImageObject","inLanguage":"es","@id":"https:\/\/alume.org\/acudimos-la-gala-del-mago-carlos-adriano-dentro-la-programacion-lugo-maxico\/#primaryimage","url":"https:\/\/alume.org\/wp-content\/uploads\/2017\/05\/fac20170502_103646.jpg","contentUrl":"https:\/\/alume.org\/wp-content\/uploads\/2017\/05\/fac20170502_103646.jpg","width":1024,"height":576},{"@type":"BreadcrumbList","@id":"https:\/\/alume.org\/acudimos-la-gala-del-mago-carlos-adriano-dentro-la-programacion-lugo-maxico\/#breadcrumb","itemListElement":[{"@type":"ListItem","position":1,"name":"Portada","item":"https:\/\/alume.org\/es\/"},{"@type":"ListItem","position":2,"name":"Acudimos a la gala del mago Carlos Adriano dentro de la programaci\u00f3n de Lugo M\u00e1xico"}]},{"@type":"WebSite","@id":"https:\/\/alume.org\/es\/#website","url":"https:\/\/alume.org\/es\/","name":"Alume","description":"Sa\u00fade Mental","potentialAction":[{"@type":"SearchAction","target":{"@type":"EntryPoint","urlTemplate":"https:\/\/alume.org\/es\/?s={search_term_string}"},"query-input":{"@type":"PropertyValueSpecification","valueRequired":true,"valueName":"search_term_string"}}],"inLanguage":"es"},{"@type":"Person","@id":"https:\/\/alume.org\/es\/#\/schema\/person\/1f3bdce6d22c44d303385d77ae751737","name":"comunicacion"}]}},"_links":{"self":[{"href":"https:\/\/alume.org\/es\/wp-json\/wp\/v2\/posts\/5490","targetHints":{"allow":["GET"]}}],"collection":[{"href":"https:\/\/alume.org\/es\/wp-json\/wp\/v2\/posts"}],"about":[{"href":"https:\/\/alume.org\/es\/wp-json\/wp\/v2\/types\/post"}],"author":[{"embeddable":true,"href":"https:\/\/alume.org\/es\/wp-json\/wp\/v2\/users\/3"}],"replies":[{"embeddable":true,"href":"https:\/\/alume.org\/es\/wp-json\/wp\/v2\/comments?post=5490"}],"version-history":[{"count":0,"href":"https:\/\/alume.org\/es\/wp-json\/wp\/v2\/posts\/5490\/revisions"}],"wp:featuredmedia":[{"embeddable":true,"href":"https:\/\/alume.org\/es\/wp-json\/wp\/v2\/media\/5491"}],"wp:attachment":[{"href":"https:\/\/alume.org\/es\/wp-json\/wp\/v2\/media?parent=5490"}],"wp:term":[{"taxonomy":"category","embeddable":true,"href":"https:\/\/alume.org\/es\/wp-json\/wp\/v2\/categories?post=5490"},{"taxonomy":"post_tag","embeddable":true,"href":"https:\/\/alume.org\/es\/wp-json\/wp\/v2\/tags?post=5490"}],"curies":[{"name":"wp","href":"https:\/\/api.w.org\/{rel}","templated":true}]}}