{"id":5504,"date":"2017-05-19T08:45:39","date_gmt":"2017-05-19T08:45:39","guid":{"rendered":"http:\/\/alume.org\/?p=5504"},"modified":"2017-05-19T08:45:39","modified_gmt":"2017-05-19T08:45:39","slug":"participamos-la-vii-edicion-la-carrera-solidaria-del-colegio-cervantes","status":"publish","type":"post","link":"https:\/\/alume.org\/es\/participamos-la-vii-edicion-la-carrera-solidaria-del-colegio-cervantes\/","title":{"rendered":"Participamos en la VII edici\u00f3n de la Carrera Solidaria del Colegio Cervantes"},"content":{"rendered":"<p>Como viene siendo tradici\u00f3n hemos participado en la carrera solidaria organizada por el Colegio Cervantes y su ANPA en la Nueva Plaza de la Milagrosa. Treinta personas: 24 usuarias y usuarios del centro y 6 familiares y trabajadores, participamos en la carrera <em>L\u00f3stregos &#8211; Penarubia <\/em>para personas con diversidad funcional organizada tambi\u00e9n por el Club Montepenarubia Lugo y que este a\u00f1o cumple su tercera edici\u00f3n.<\/p>\n<p>En estra prueba, que va creciendo a\u00f1o a a\u00f1o y en la que hab\u00eda 75 participantes entre nuestra entidad, Cogami, Aspnais, San Vicente de Paul, Feafes y Santa Marina, nuestros chicos se llevaron el podio: \u00c1ngel obtuvo el primer puesto, y Marcos, campe\u00f3n de la edici\u00f3n anterior, y Carlos el segundo y tercero respectivamente. Sandra adem\u00e1s fue la ganadora entre las mujeres participantes.<\/p>\n<p>Los trofeos recibidos fueron realizados en nuestro taller de cer\u00e1mica y se da la casualidad que en su elaboraci\u00f3n participaron dos de los ganadores.<\/p>\n<p>La entrega de premios fue realizada por el Concelleiro de Deportes, Miguel Fern\u00e1ndez, y la Concelleira de Servicios Sociales, Ana Abelleira. La carrera, fue presentada por el profesor y entrenador de atletismo Felipe Barata y cont\u00f3 con la asistencia de la Alcaldesa, Lara M\u00e9ndez y otras autoridades.<\/p>\n<p>En esta entrega se destac\u00f3 adem\u00e1s el labor llevado a cabo por el jefe de estudios del Colegio Cervantes, Gonzalo Castro, nombrado <em>Atleta de honor <\/em>por el Club Montepenarubia Lugo.<\/p>\n<p>Varios de nuestros usuarios participaron tambi\u00e9n en la carrera general, en la que hab\u00eda unos 300 participantes, en la que quedaron entre los 40 primeros, lo que demuestra la calidad de los deportistas de nuestra entidad.<\/p>\n<p>Adem\u00e1s de participar en la carrera expusimos el trabajo realizado en nuestros talleres de manualidades en un stand, junto a Cogami, Unidos contra el C\u00e1ncer y la Sociedad Protectora de Animales y Plantas.<\/p>\n<p>Queremos agradecer al Club Montepenarubia Lugo y al Colegio Cervantes el que siempre cuenten con nosotros para este acto. Comenzamos a entrenar para la pr\u00f3xima edici\u00f3n.<\/p>\n","protected":false},"excerpt":{"rendered":"<p>Como viene siendo tradici\u00f3n hemos participado en la carrera solidaria organizada por el Colegio Cervantes y su ANPA en la Nueva Plaza de la Milagrosa. Treinta personas: 24 usuarias y usuarios del centro y 6 familiares y trabajadores, participamos en la carrera L\u00f3stregos &#8211; Penarubia para personas con diversidad funcional organizada tambi\u00e9n por el Club [&hellip;]<\/p>\n","protected":false},"author":3,"featured_media":5505,"comment_status":"closed","ping_status":"closed","sticky":false,"template":"","format":"standard","meta":{"ngg_post_thumbnail":0,"footnotes":""},"categories":[62,66],"tags":[126,127,128,129],"class_list":{"0":"post-5504","1":"post","2":"type-post","3":"status-publish","4":"format-standard","5":"has-post-thumbnail","7":"category-novas","8":"category-post-slider","9":"tag-carrera","10":"tag-colegio-cervantes","11":"tag-montepenarubia","12":"tag-solidaria"},"yoast_head":"<!-- This site is optimized with the Yoast SEO plugin v27.5 - https:\/\/yoast.com\/product\/yoast-seo-wordpress\/ -->\n<title>Participamos en la VII edici\u00f3n de la Carrera Solidaria del Colegio Cervantes - Alume<\/title>\n<meta name=\"robots\" content=\"index, follow, max-snippet:-1, max-image-preview:large, max-video-preview:-1\" \/>\n<link rel=\"canonical\" href=\"https:\/\/alume.org\/participamos-la-vii-edicion-la-carrera-solidaria-del-colegio-cervantes\/\" \/>\n<meta property=\"og:locale\" content=\"es_ES\" \/>\n<meta property=\"og:type\" content=\"article\" \/>\n<meta property=\"og:title\" content=\"Participamos en la VII edici\u00f3n de la Carrera Solidaria del Colegio Cervantes - Alume\" \/>\n<meta property=\"og:description\" content=\"Como viene siendo tradici\u00f3n hemos participado en la carrera solidaria organizada por el Colegio Cervantes y su ANPA en la Nueva Plaza de la Milagrosa. Treinta personas: 24 usuarias y usuarios del centro y 6 familiares y trabajadores, participamos en la carrera L\u00f3stregos &#8211; Penarubia para personas con diversidad funcional organizada tambi\u00e9n por el Club [&hellip;]\" \/>\n<meta property=\"og:url\" content=\"https:\/\/alume.org\/participamos-la-vii-edicion-la-carrera-solidaria-del-colegio-cervantes\/\" \/>\n<meta property=\"og:site_name\" content=\"Alume\" \/>\n<meta property=\"article:published_time\" content=\"2017-05-19T08:45:39+00:00\" \/>\n<meta property=\"og:image\" content=\"https:\/\/alume.org\/wp-content\/uploads\/2017\/05\/20170517_105227face.jpg\" \/>\n\t<meta property=\"og:image:width\" content=\"1024\" \/>\n\t<meta property=\"og:image:height\" content=\"576\" \/>\n\t<meta property=\"og:image:type\" content=\"image\/jpeg\" \/>\n<meta name=\"author\" content=\"comunicacion\" \/>\n<meta name=\"twitter:card\" content=\"summary_large_image\" \/>\n<meta name=\"twitter:label1\" content=\"Escrito por\" \/>\n\t<meta name=\"twitter:data1\" content=\"comunicacion\" \/>\n\t<meta name=\"twitter:label2\" content=\"Tiempo de lectura\" \/>\n\t<meta name=\"twitter:data2\" content=\"2 minutos\" \/>\n<script type=\"application\/ld+json\" class=\"yoast-schema-graph\">{\"@context\":\"https:\\\/\\\/schema.org\",\"@graph\":[{\"@type\":\"Article\",\"@id\":\"https:\\\/\\\/alume.org\\\/participamos-la-vii-edicion-la-carrera-solidaria-del-colegio-cervantes\\\/#article\",\"isPartOf\":{\"@id\":\"https:\\\/\\\/alume.org\\\/participamos-la-vii-edicion-la-carrera-solidaria-del-colegio-cervantes\\\/\"},\"author\":{\"name\":\"comunicacion\",\"@id\":\"https:\\\/\\\/alume.org\\\/es\\\/#\\\/schema\\\/person\\\/1f3bdce6d22c44d303385d77ae751737\"},\"headline\":\"Participamos en la VII edici\u00f3n de la Carrera Solidaria del Colegio Cervantes\",\"datePublished\":\"2017-05-19T08:45:39+00:00\",\"mainEntityOfPage\":{\"@id\":\"https:\\\/\\\/alume.org\\\/participamos-la-vii-edicion-la-carrera-solidaria-del-colegio-cervantes\\\/\"},\"wordCount\":354,\"image\":{\"@id\":\"https:\\\/\\\/alume.org\\\/participamos-la-vii-edicion-la-carrera-solidaria-del-colegio-cervantes\\\/#primaryimage\"},\"thumbnailUrl\":\"https:\\\/\\\/alume.org\\\/wp-content\\\/uploads\\\/2017\\\/05\\\/20170517_105227face.jpg\",\"keywords\":[\"Carrera\",\"colegio Cervantes\",\"Montepenarubia\",\"solidaria\"],\"articleSection\":[\"Novas\",\"Post Slider\"],\"inLanguage\":\"es\"},{\"@type\":\"WebPage\",\"@id\":\"https:\\\/\\\/alume.org\\\/participamos-la-vii-edicion-la-carrera-solidaria-del-colegio-cervantes\\\/\",\"url\":\"https:\\\/\\\/alume.org\\\/participamos-la-vii-edicion-la-carrera-solidaria-del-colegio-cervantes\\\/\",\"name\":\"Participamos en la VII edici\u00f3n de la Carrera Solidaria del Colegio Cervantes - Alume\",\"isPartOf\":{\"@id\":\"https:\\\/\\\/alume.org\\\/es\\\/#website\"},\"primaryImageOfPage\":{\"@id\":\"https:\\\/\\\/alume.org\\\/participamos-la-vii-edicion-la-carrera-solidaria-del-colegio-cervantes\\\/#primaryimage\"},\"image\":{\"@id\":\"https:\\\/\\\/alume.org\\\/participamos-la-vii-edicion-la-carrera-solidaria-del-colegio-cervantes\\\/#primaryimage\"},\"thumbnailUrl\":\"https:\\\/\\\/alume.org\\\/wp-content\\\/uploads\\\/2017\\\/05\\\/20170517_105227face.jpg\",\"datePublished\":\"2017-05-19T08:45:39+00:00\",\"author\":{\"@id\":\"https:\\\/\\\/alume.org\\\/es\\\/#\\\/schema\\\/person\\\/1f3bdce6d22c44d303385d77ae751737\"},\"breadcrumb\":{\"@id\":\"https:\\\/\\\/alume.org\\\/participamos-la-vii-edicion-la-carrera-solidaria-del-colegio-cervantes\\\/#breadcrumb\"},\"inLanguage\":\"es\",\"potentialAction\":[{\"@type\":\"ReadAction\",\"target\":[\"https:\\\/\\\/alume.org\\\/participamos-la-vii-edicion-la-carrera-solidaria-del-colegio-cervantes\\\/\"]}]},{\"@type\":\"ImageObject\",\"inLanguage\":\"es\",\"@id\":\"https:\\\/\\\/alume.org\\\/participamos-la-vii-edicion-la-carrera-solidaria-del-colegio-cervantes\\\/#primaryimage\",\"url\":\"https:\\\/\\\/alume.org\\\/wp-content\\\/uploads\\\/2017\\\/05\\\/20170517_105227face.jpg\",\"contentUrl\":\"https:\\\/\\\/alume.org\\\/wp-content\\\/uploads\\\/2017\\\/05\\\/20170517_105227face.jpg\",\"width\":1024,\"height\":576},{\"@type\":\"BreadcrumbList\",\"@id\":\"https:\\\/\\\/alume.org\\\/participamos-la-vii-edicion-la-carrera-solidaria-del-colegio-cervantes\\\/#breadcrumb\",\"itemListElement\":[{\"@type\":\"ListItem\",\"position\":1,\"name\":\"Portada\",\"item\":\"https:\\\/\\\/alume.org\\\/es\\\/\"},{\"@type\":\"ListItem\",\"position\":2,\"name\":\"Participamos en la VII edici\u00f3n de la Carrera Solidaria del Colegio Cervantes\"}]},{\"@type\":\"WebSite\",\"@id\":\"https:\\\/\\\/alume.org\\\/es\\\/#website\",\"url\":\"https:\\\/\\\/alume.org\\\/es\\\/\",\"name\":\"Alume\",\"description\":\"Sa\u00fade Mental\",\"potentialAction\":[{\"@type\":\"SearchAction\",\"target\":{\"@type\":\"EntryPoint\",\"urlTemplate\":\"https:\\\/\\\/alume.org\\\/es\\\/?s={search_term_string}\"},\"query-input\":{\"@type\":\"PropertyValueSpecification\",\"valueRequired\":true,\"valueName\":\"search_term_string\"}}],\"inLanguage\":\"es\"},{\"@type\":\"Person\",\"@id\":\"https:\\\/\\\/alume.org\\\/es\\\/#\\\/schema\\\/person\\\/1f3bdce6d22c44d303385d77ae751737\",\"name\":\"comunicacion\"}]}<\/script>\n<!-- \/ Yoast SEO plugin. -->","yoast_head_json":{"title":"Participamos en la VII edici\u00f3n de la Carrera Solidaria del Colegio Cervantes - Alume","robots":{"index":"index","follow":"follow","max-snippet":"max-snippet:-1","max-image-preview":"max-image-preview:large","max-video-preview":"max-video-preview:-1"},"canonical":"https:\/\/alume.org\/participamos-la-vii-edicion-la-carrera-solidaria-del-colegio-cervantes\/","og_locale":"es_ES","og_type":"article","og_title":"Participamos en la VII edici\u00f3n de la Carrera Solidaria del Colegio Cervantes - Alume","og_description":"Como viene siendo tradici\u00f3n hemos participado en la carrera solidaria organizada por el Colegio Cervantes y su ANPA en la Nueva Plaza de la Milagrosa. Treinta personas: 24 usuarias y usuarios del centro y 6 familiares y trabajadores, participamos en la carrera L\u00f3stregos &#8211; Penarubia para personas con diversidad funcional organizada tambi\u00e9n por el Club [&hellip;]","og_url":"https:\/\/alume.org\/participamos-la-vii-edicion-la-carrera-solidaria-del-colegio-cervantes\/","og_site_name":"Alume","article_published_time":"2017-05-19T08:45:39+00:00","og_image":[{"width":1024,"height":576,"url":"https:\/\/alume.org\/wp-content\/uploads\/2017\/05\/20170517_105227face.jpg","type":"image\/jpeg"}],"author":"comunicacion","twitter_card":"summary_large_image","twitter_misc":{"Escrito por":"comunicacion","Tiempo de lectura":"2 minutos"},"schema":{"@context":"https:\/\/schema.org","@graph":[{"@type":"Article","@id":"https:\/\/alume.org\/participamos-la-vii-edicion-la-carrera-solidaria-del-colegio-cervantes\/#article","isPartOf":{"@id":"https:\/\/alume.org\/participamos-la-vii-edicion-la-carrera-solidaria-del-colegio-cervantes\/"},"author":{"name":"comunicacion","@id":"https:\/\/alume.org\/es\/#\/schema\/person\/1f3bdce6d22c44d303385d77ae751737"},"headline":"Participamos en la VII edici\u00f3n de la Carrera Solidaria del Colegio Cervantes","datePublished":"2017-05-19T08:45:39+00:00","mainEntityOfPage":{"@id":"https:\/\/alume.org\/participamos-la-vii-edicion-la-carrera-solidaria-del-colegio-cervantes\/"},"wordCount":354,"image":{"@id":"https:\/\/alume.org\/participamos-la-vii-edicion-la-carrera-solidaria-del-colegio-cervantes\/#primaryimage"},"thumbnailUrl":"https:\/\/alume.org\/wp-content\/uploads\/2017\/05\/20170517_105227face.jpg","keywords":["Carrera","colegio Cervantes","Montepenarubia","solidaria"],"articleSection":["Novas","Post Slider"],"inLanguage":"es"},{"@type":"WebPage","@id":"https:\/\/alume.org\/participamos-la-vii-edicion-la-carrera-solidaria-del-colegio-cervantes\/","url":"https:\/\/alume.org\/participamos-la-vii-edicion-la-carrera-solidaria-del-colegio-cervantes\/","name":"Participamos en la VII edici\u00f3n de la Carrera Solidaria del Colegio Cervantes - Alume","isPartOf":{"@id":"https:\/\/alume.org\/es\/#website"},"primaryImageOfPage":{"@id":"https:\/\/alume.org\/participamos-la-vii-edicion-la-carrera-solidaria-del-colegio-cervantes\/#primaryimage"},"image":{"@id":"https:\/\/alume.org\/participamos-la-vii-edicion-la-carrera-solidaria-del-colegio-cervantes\/#primaryimage"},"thumbnailUrl":"https:\/\/alume.org\/wp-content\/uploads\/2017\/05\/20170517_105227face.jpg","datePublished":"2017-05-19T08:45:39+00:00","author":{"@id":"https:\/\/alume.org\/es\/#\/schema\/person\/1f3bdce6d22c44d303385d77ae751737"},"breadcrumb":{"@id":"https:\/\/alume.org\/participamos-la-vii-edicion-la-carrera-solidaria-del-colegio-cervantes\/#breadcrumb"},"inLanguage":"es","potentialAction":[{"@type":"ReadAction","target":["https:\/\/alume.org\/participamos-la-vii-edicion-la-carrera-solidaria-del-colegio-cervantes\/"]}]},{"@type":"ImageObject","inLanguage":"es","@id":"https:\/\/alume.org\/participamos-la-vii-edicion-la-carrera-solidaria-del-colegio-cervantes\/#primaryimage","url":"https:\/\/alume.org\/wp-content\/uploads\/2017\/05\/20170517_105227face.jpg","contentUrl":"https:\/\/alume.org\/wp-content\/uploads\/2017\/05\/20170517_105227face.jpg","width":1024,"height":576},{"@type":"BreadcrumbList","@id":"https:\/\/alume.org\/participamos-la-vii-edicion-la-carrera-solidaria-del-colegio-cervantes\/#breadcrumb","itemListElement":[{"@type":"ListItem","position":1,"name":"Portada","item":"https:\/\/alume.org\/es\/"},{"@type":"ListItem","position":2,"name":"Participamos en la VII edici\u00f3n de la Carrera Solidaria del Colegio Cervantes"}]},{"@type":"WebSite","@id":"https:\/\/alume.org\/es\/#website","url":"https:\/\/alume.org\/es\/","name":"Alume","description":"Sa\u00fade Mental","potentialAction":[{"@type":"SearchAction","target":{"@type":"EntryPoint","urlTemplate":"https:\/\/alume.org\/es\/?s={search_term_string}"},"query-input":{"@type":"PropertyValueSpecification","valueRequired":true,"valueName":"search_term_string"}}],"inLanguage":"es"},{"@type":"Person","@id":"https:\/\/alume.org\/es\/#\/schema\/person\/1f3bdce6d22c44d303385d77ae751737","name":"comunicacion"}]}},"_links":{"self":[{"href":"https:\/\/alume.org\/es\/wp-json\/wp\/v2\/posts\/5504","targetHints":{"allow":["GET"]}}],"collection":[{"href":"https:\/\/alume.org\/es\/wp-json\/wp\/v2\/posts"}],"about":[{"href":"https:\/\/alume.org\/es\/wp-json\/wp\/v2\/types\/post"}],"author":[{"embeddable":true,"href":"https:\/\/alume.org\/es\/wp-json\/wp\/v2\/users\/3"}],"replies":[{"embeddable":true,"href":"https:\/\/alume.org\/es\/wp-json\/wp\/v2\/comments?post=5504"}],"version-history":[{"count":0,"href":"https:\/\/alume.org\/es\/wp-json\/wp\/v2\/posts\/5504\/revisions"}],"wp:featuredmedia":[{"embeddable":true,"href":"https:\/\/alume.org\/es\/wp-json\/wp\/v2\/media\/5505"}],"wp:attachment":[{"href":"https:\/\/alume.org\/es\/wp-json\/wp\/v2\/media?parent=5504"}],"wp:term":[{"taxonomy":"category","embeddable":true,"href":"https:\/\/alume.org\/es\/wp-json\/wp\/v2\/categories?post=5504"},{"taxonomy":"post_tag","embeddable":true,"href":"https:\/\/alume.org\/es\/wp-json\/wp\/v2\/tags?post=5504"}],"curies":[{"name":"wp","href":"https:\/\/api.w.org\/{rel}","templated":true}]}}