{"id":5545,"date":"2017-10-10T18:09:08","date_gmt":"2017-10-10T18:09:08","guid":{"rendered":"http:\/\/alume.org\/?p=5545"},"modified":"2018-01-15T12:13:17","modified_gmt":"2018-01-15T12:13:17","slug":"outro-ano-celebrando-dia-mundial-da-saude-mental","status":"publish","type":"post","link":"https:\/\/alume.org\/es\/outro-ano-celebrando-dia-mundial-da-saude-mental\/","title":{"rendered":"Outro ano celebrando D\u00eda Mundial da Sa\u00fade Mental"},"content":{"rendered":"<p>Como ven sendo tradici\u00f3n, o 10 de outubro \u00e9 para n\u00f3s, adem\u00e1is dunha data de reivindicaci\u00f3n, \u00a0un d\u00eda de celebraci\u00f3n e xuntanza. Este ano a maiores un\u00edmonos \u00e1s entidades galegas de sa\u00fade mental e Feafes Galicia, para dar visibilidade ao colectivo coa campa\u00f1a \u201cO que te\u00f1o na mente\u201d, onde os participantes puideron aportar as s\u00faas ideas sobre c\u00f3mo se deber\u00eda mellorar a sa\u00fade mental no traballo.<\/p>\n<p>Comezamos a xornada na Praza Maior de Lugo, onde o noso presidente, Manuel Fern\u00e1ndez, leu o manifesto sobre a sa\u00fade mental no traballo, tema central escollido este ano para o D\u00eda Mundial, coa presenza da alcaldesa, Lara M\u00e9ndez, a Concelleira de Benestar Social, Igualdade e Inclusi\u00f3n, Ana Abelleira, a Concelleira de Econom\u00eda, Emprego e Desenvolvemento Econ\u00f3mico, Ana Prieto, representantes do grupo do Partido Popular, Antonio Ameijide, Enrique Rozas e Mari Teijeiro e a voceira do grupo municipal de Lugo Novo, M\u00aa Cristina P\u00e9rez.<\/p>\n<p>Despois os representantes do Concello fixeron a s\u00faa aportaci\u00f3n no mural dando as s\u00faas ideas para mellorar a sa\u00fade mental no \u00e1mbito do traballo, inaugurando as\u00ed a campa\u00f1a para que as persoas que as\u00ed o desexaran deixasen tam\u00e9n as s\u00faas opini\u00f3n.<\/p>\n<p>Tras o acto na Praza Maior tivemos, como \u00e9 xa tradicional, a nosa pulpada aproveitando o San Froil\u00e1n, onde se declarou ao Club Dez Portas Lugo de tenis de mesa como socio de honra neste 2017, pola s\u00faa implicaci\u00f3n na inclusi\u00f3n do noso colectivo a trav\u00e9s do deporte.<\/p>\n","protected":false},"excerpt":{"rendered":"<p>Como ven sendo tradici\u00f3n, o 10 de outubro \u00e9 para n\u00f3s, adem\u00e1is dunha data de reivindicaci\u00f3n, \u00a0un d\u00eda de celebraci\u00f3n e xuntanza. Este ano a maiores un\u00edmonos \u00e1s entidades galegas de sa\u00fade mental e Feafes Galicia, para dar visibilidade ao colectivo coa campa\u00f1a \u201cO que te\u00f1o na mente\u201d, onde os participantes puideron aportar as s\u00faas [&hellip;]<\/p>\n","protected":false},"author":3,"featured_media":5548,"comment_status":"closed","ping_status":"closed","sticky":false,"template":"","format":"standard","meta":{"ngg_post_thumbnail":0,"footnotes":""},"categories":[62,66],"tags":[156,152,154,155,153],"class_list":{"0":"post-5545","1":"post","2":"type-post","3":"status-publish","4":"format-standard","5":"has-post-thumbnail","7":"category-novas","8":"category-post-slider","9":"tag-dez-portas","10":"tag-dia-mundial","11":"tag-pulpada","12":"tag-socio-de-honra","13":"tag-traballo"},"yoast_head":"<!-- This site is optimized with the Yoast SEO plugin v27.5 - https:\/\/yoast.com\/product\/yoast-seo-wordpress\/ -->\n<title>Outro ano celebrando D\u00eda Mundial da Sa\u00fade Mental - Alume<\/title>\n<meta name=\"robots\" content=\"index, follow, max-snippet:-1, max-image-preview:large, max-video-preview:-1\" \/>\n<link rel=\"canonical\" href=\"https:\/\/alume.org\/outro-ano-celebrando-dia-mundial-da-saude-mental\/\" \/>\n<meta property=\"og:locale\" content=\"es_ES\" \/>\n<meta property=\"og:type\" content=\"article\" \/>\n<meta property=\"og:title\" content=\"Outro ano celebrando D\u00eda Mundial da Sa\u00fade Mental - Alume\" \/>\n<meta property=\"og:description\" content=\"Como ven sendo tradici\u00f3n, o 10 de outubro \u00e9 para n\u00f3s, adem\u00e1is dunha data de reivindicaci\u00f3n, \u00a0un d\u00eda de celebraci\u00f3n e xuntanza. Este ano a maiores un\u00edmonos \u00e1s entidades galegas de sa\u00fade mental e Feafes Galicia, para dar visibilidade ao colectivo coa campa\u00f1a \u201cO que te\u00f1o na mente\u201d, onde os participantes puideron aportar as s\u00faas [&hellip;]\" \/>\n<meta property=\"og:url\" content=\"https:\/\/alume.org\/outro-ano-celebrando-dia-mundial-da-saude-mental\/\" \/>\n<meta property=\"og:site_name\" content=\"Alume\" \/>\n<meta property=\"article:published_time\" content=\"2017-10-10T18:09:08+00:00\" \/>\n<meta property=\"article:modified_time\" content=\"2018-01-15T12:13:17+00:00\" \/>\n<meta property=\"og:image\" content=\"https:\/\/alume.org\/wp-content\/uploads\/2017\/10\/mosaico.jpg\" \/>\n\t<meta property=\"og:image:width\" content=\"1024\" \/>\n\t<meta property=\"og:image:height\" content=\"1024\" \/>\n\t<meta property=\"og:image:type\" content=\"image\/jpeg\" \/>\n<meta name=\"author\" content=\"comunicacion\" \/>\n<meta name=\"twitter:card\" content=\"summary_large_image\" \/>\n<meta name=\"twitter:label1\" content=\"Escrito por\" \/>\n\t<meta name=\"twitter:data1\" content=\"comunicacion\" \/>\n\t<meta name=\"twitter:label2\" content=\"Tiempo de lectura\" \/>\n\t<meta name=\"twitter:data2\" content=\"1 minuto\" \/>\n<script type=\"application\/ld+json\" class=\"yoast-schema-graph\">{\"@context\":\"https:\\\/\\\/schema.org\",\"@graph\":[{\"@type\":\"Article\",\"@id\":\"https:\\\/\\\/alume.org\\\/outro-ano-celebrando-dia-mundial-da-saude-mental\\\/#article\",\"isPartOf\":{\"@id\":\"https:\\\/\\\/alume.org\\\/outro-ano-celebrando-dia-mundial-da-saude-mental\\\/\"},\"author\":{\"name\":\"comunicacion\",\"@id\":\"https:\\\/\\\/alume.org\\\/es\\\/#\\\/schema\\\/person\\\/1f3bdce6d22c44d303385d77ae751737\"},\"headline\":\"Outro ano celebrando D\u00eda Mundial da Sa\u00fade Mental\",\"datePublished\":\"2017-10-10T18:09:08+00:00\",\"dateModified\":\"2018-01-15T12:13:17+00:00\",\"mainEntityOfPage\":{\"@id\":\"https:\\\/\\\/alume.org\\\/outro-ano-celebrando-dia-mundial-da-saude-mental\\\/\"},\"wordCount\":279,\"image\":{\"@id\":\"https:\\\/\\\/alume.org\\\/outro-ano-celebrando-dia-mundial-da-saude-mental\\\/#primaryimage\"},\"thumbnailUrl\":\"https:\\\/\\\/alume.org\\\/wp-content\\\/uploads\\\/2017\\\/10\\\/mosaico.jpg\",\"keywords\":[\"Dez Portas\",\"D\u00eda Mundial\",\"pulpada\",\"socio de honra\",\"traballo\"],\"articleSection\":[\"Novas\",\"Post Slider\"],\"inLanguage\":\"es\"},{\"@type\":\"WebPage\",\"@id\":\"https:\\\/\\\/alume.org\\\/outro-ano-celebrando-dia-mundial-da-saude-mental\\\/\",\"url\":\"https:\\\/\\\/alume.org\\\/outro-ano-celebrando-dia-mundial-da-saude-mental\\\/\",\"name\":\"Outro ano celebrando D\u00eda Mundial da Sa\u00fade Mental - Alume\",\"isPartOf\":{\"@id\":\"https:\\\/\\\/alume.org\\\/es\\\/#website\"},\"primaryImageOfPage\":{\"@id\":\"https:\\\/\\\/alume.org\\\/outro-ano-celebrando-dia-mundial-da-saude-mental\\\/#primaryimage\"},\"image\":{\"@id\":\"https:\\\/\\\/alume.org\\\/outro-ano-celebrando-dia-mundial-da-saude-mental\\\/#primaryimage\"},\"thumbnailUrl\":\"https:\\\/\\\/alume.org\\\/wp-content\\\/uploads\\\/2017\\\/10\\\/mosaico.jpg\",\"datePublished\":\"2017-10-10T18:09:08+00:00\",\"dateModified\":\"2018-01-15T12:13:17+00:00\",\"author\":{\"@id\":\"https:\\\/\\\/alume.org\\\/es\\\/#\\\/schema\\\/person\\\/1f3bdce6d22c44d303385d77ae751737\"},\"breadcrumb\":{\"@id\":\"https:\\\/\\\/alume.org\\\/outro-ano-celebrando-dia-mundial-da-saude-mental\\\/#breadcrumb\"},\"inLanguage\":\"es\",\"potentialAction\":[{\"@type\":\"ReadAction\",\"target\":[\"https:\\\/\\\/alume.org\\\/outro-ano-celebrando-dia-mundial-da-saude-mental\\\/\"]}]},{\"@type\":\"ImageObject\",\"inLanguage\":\"es\",\"@id\":\"https:\\\/\\\/alume.org\\\/outro-ano-celebrando-dia-mundial-da-saude-mental\\\/#primaryimage\",\"url\":\"https:\\\/\\\/alume.org\\\/wp-content\\\/uploads\\\/2017\\\/10\\\/mosaico.jpg\",\"contentUrl\":\"https:\\\/\\\/alume.org\\\/wp-content\\\/uploads\\\/2017\\\/10\\\/mosaico.jpg\",\"width\":1024,\"height\":1024},{\"@type\":\"BreadcrumbList\",\"@id\":\"https:\\\/\\\/alume.org\\\/outro-ano-celebrando-dia-mundial-da-saude-mental\\\/#breadcrumb\",\"itemListElement\":[{\"@type\":\"ListItem\",\"position\":1,\"name\":\"Portada\",\"item\":\"https:\\\/\\\/alume.org\\\/es\\\/\"},{\"@type\":\"ListItem\",\"position\":2,\"name\":\"Outro ano celebrando D\u00eda Mundial da Sa\u00fade Mental\"}]},{\"@type\":\"WebSite\",\"@id\":\"https:\\\/\\\/alume.org\\\/es\\\/#website\",\"url\":\"https:\\\/\\\/alume.org\\\/es\\\/\",\"name\":\"Alume\",\"description\":\"Sa\u00fade Mental\",\"potentialAction\":[{\"@type\":\"SearchAction\",\"target\":{\"@type\":\"EntryPoint\",\"urlTemplate\":\"https:\\\/\\\/alume.org\\\/es\\\/?s={search_term_string}\"},\"query-input\":{\"@type\":\"PropertyValueSpecification\",\"valueRequired\":true,\"valueName\":\"search_term_string\"}}],\"inLanguage\":\"es\"},{\"@type\":\"Person\",\"@id\":\"https:\\\/\\\/alume.org\\\/es\\\/#\\\/schema\\\/person\\\/1f3bdce6d22c44d303385d77ae751737\",\"name\":\"comunicacion\"}]}<\/script>\n<!-- \/ Yoast SEO plugin. -->","yoast_head_json":{"title":"Outro ano celebrando D\u00eda Mundial da Sa\u00fade Mental - Alume","robots":{"index":"index","follow":"follow","max-snippet":"max-snippet:-1","max-image-preview":"max-image-preview:large","max-video-preview":"max-video-preview:-1"},"canonical":"https:\/\/alume.org\/outro-ano-celebrando-dia-mundial-da-saude-mental\/","og_locale":"es_ES","og_type":"article","og_title":"Outro ano celebrando D\u00eda Mundial da Sa\u00fade Mental - Alume","og_description":"Como ven sendo tradici\u00f3n, o 10 de outubro \u00e9 para n\u00f3s, adem\u00e1is dunha data de reivindicaci\u00f3n, \u00a0un d\u00eda de celebraci\u00f3n e xuntanza. Este ano a maiores un\u00edmonos \u00e1s entidades galegas de sa\u00fade mental e Feafes Galicia, para dar visibilidade ao colectivo coa campa\u00f1a \u201cO que te\u00f1o na mente\u201d, onde os participantes puideron aportar as s\u00faas [&hellip;]","og_url":"https:\/\/alume.org\/outro-ano-celebrando-dia-mundial-da-saude-mental\/","og_site_name":"Alume","article_published_time":"2017-10-10T18:09:08+00:00","article_modified_time":"2018-01-15T12:13:17+00:00","og_image":[{"width":1024,"height":1024,"url":"https:\/\/alume.org\/wp-content\/uploads\/2017\/10\/mosaico.jpg","type":"image\/jpeg"}],"author":"comunicacion","twitter_card":"summary_large_image","twitter_misc":{"Escrito por":"comunicacion","Tiempo de lectura":"1 minuto"},"schema":{"@context":"https:\/\/schema.org","@graph":[{"@type":"Article","@id":"https:\/\/alume.org\/outro-ano-celebrando-dia-mundial-da-saude-mental\/#article","isPartOf":{"@id":"https:\/\/alume.org\/outro-ano-celebrando-dia-mundial-da-saude-mental\/"},"author":{"name":"comunicacion","@id":"https:\/\/alume.org\/es\/#\/schema\/person\/1f3bdce6d22c44d303385d77ae751737"},"headline":"Outro ano celebrando D\u00eda Mundial da Sa\u00fade Mental","datePublished":"2017-10-10T18:09:08+00:00","dateModified":"2018-01-15T12:13:17+00:00","mainEntityOfPage":{"@id":"https:\/\/alume.org\/outro-ano-celebrando-dia-mundial-da-saude-mental\/"},"wordCount":279,"image":{"@id":"https:\/\/alume.org\/outro-ano-celebrando-dia-mundial-da-saude-mental\/#primaryimage"},"thumbnailUrl":"https:\/\/alume.org\/wp-content\/uploads\/2017\/10\/mosaico.jpg","keywords":["Dez Portas","D\u00eda Mundial","pulpada","socio de honra","traballo"],"articleSection":["Novas","Post Slider"],"inLanguage":"es"},{"@type":"WebPage","@id":"https:\/\/alume.org\/outro-ano-celebrando-dia-mundial-da-saude-mental\/","url":"https:\/\/alume.org\/outro-ano-celebrando-dia-mundial-da-saude-mental\/","name":"Outro ano celebrando D\u00eda Mundial da Sa\u00fade Mental - Alume","isPartOf":{"@id":"https:\/\/alume.org\/es\/#website"},"primaryImageOfPage":{"@id":"https:\/\/alume.org\/outro-ano-celebrando-dia-mundial-da-saude-mental\/#primaryimage"},"image":{"@id":"https:\/\/alume.org\/outro-ano-celebrando-dia-mundial-da-saude-mental\/#primaryimage"},"thumbnailUrl":"https:\/\/alume.org\/wp-content\/uploads\/2017\/10\/mosaico.jpg","datePublished":"2017-10-10T18:09:08+00:00","dateModified":"2018-01-15T12:13:17+00:00","author":{"@id":"https:\/\/alume.org\/es\/#\/schema\/person\/1f3bdce6d22c44d303385d77ae751737"},"breadcrumb":{"@id":"https:\/\/alume.org\/outro-ano-celebrando-dia-mundial-da-saude-mental\/#breadcrumb"},"inLanguage":"es","potentialAction":[{"@type":"ReadAction","target":["https:\/\/alume.org\/outro-ano-celebrando-dia-mundial-da-saude-mental\/"]}]},{"@type":"ImageObject","inLanguage":"es","@id":"https:\/\/alume.org\/outro-ano-celebrando-dia-mundial-da-saude-mental\/#primaryimage","url":"https:\/\/alume.org\/wp-content\/uploads\/2017\/10\/mosaico.jpg","contentUrl":"https:\/\/alume.org\/wp-content\/uploads\/2017\/10\/mosaico.jpg","width":1024,"height":1024},{"@type":"BreadcrumbList","@id":"https:\/\/alume.org\/outro-ano-celebrando-dia-mundial-da-saude-mental\/#breadcrumb","itemListElement":[{"@type":"ListItem","position":1,"name":"Portada","item":"https:\/\/alume.org\/es\/"},{"@type":"ListItem","position":2,"name":"Outro ano celebrando D\u00eda Mundial da Sa\u00fade Mental"}]},{"@type":"WebSite","@id":"https:\/\/alume.org\/es\/#website","url":"https:\/\/alume.org\/es\/","name":"Alume","description":"Sa\u00fade Mental","potentialAction":[{"@type":"SearchAction","target":{"@type":"EntryPoint","urlTemplate":"https:\/\/alume.org\/es\/?s={search_term_string}"},"query-input":{"@type":"PropertyValueSpecification","valueRequired":true,"valueName":"search_term_string"}}],"inLanguage":"es"},{"@type":"Person","@id":"https:\/\/alume.org\/es\/#\/schema\/person\/1f3bdce6d22c44d303385d77ae751737","name":"comunicacion"}]}},"_links":{"self":[{"href":"https:\/\/alume.org\/es\/wp-json\/wp\/v2\/posts\/5545","targetHints":{"allow":["GET"]}}],"collection":[{"href":"https:\/\/alume.org\/es\/wp-json\/wp\/v2\/posts"}],"about":[{"href":"https:\/\/alume.org\/es\/wp-json\/wp\/v2\/types\/post"}],"author":[{"embeddable":true,"href":"https:\/\/alume.org\/es\/wp-json\/wp\/v2\/users\/3"}],"replies":[{"embeddable":true,"href":"https:\/\/alume.org\/es\/wp-json\/wp\/v2\/comments?post=5545"}],"version-history":[{"count":0,"href":"https:\/\/alume.org\/es\/wp-json\/wp\/v2\/posts\/5545\/revisions"}],"wp:featuredmedia":[{"embeddable":true,"href":"https:\/\/alume.org\/es\/wp-json\/wp\/v2\/media\/5548"}],"wp:attachment":[{"href":"https:\/\/alume.org\/es\/wp-json\/wp\/v2\/media?parent=5545"}],"wp:term":[{"taxonomy":"category","embeddable":true,"href":"https:\/\/alume.org\/es\/wp-json\/wp\/v2\/categories?post=5545"},{"taxonomy":"post_tag","embeddable":true,"href":"https:\/\/alume.org\/es\/wp-json\/wp\/v2\/tags?post=5545"}],"curies":[{"name":"wp","href":"https:\/\/api.w.org\/{rel}","templated":true}]}}