{"id":5636,"date":"2018-06-15T08:42:55","date_gmt":"2018-06-15T08:42:55","guid":{"rendered":"https:\/\/alume.org\/?p=5636"},"modified":"2020-02-20T12:07:32","modified_gmt":"2020-02-20T12:07:32","slug":"aprendemos-primeros-auxilios-con-feafes-galicia","status":"publish","type":"post","link":"https:\/\/alume.org\/es\/aprendemos-primeros-auxilios-con-feafes-galicia\/","title":{"rendered":"Aprendemos primeros auxilios con Feafes Galicia"},"content":{"rendered":"<p>El 1 de junio, dos monitoras de nuestra entidad, con compa\u00f1eros encargados de ocio de las distintas entidades dentro de FEAFES Galicia participaron en una jornada formativa sobre primeros auxilios. En este encuentro estuvimos presentes con las asociaciones A Creba, Morea, Doa, Apem, Fonte da Virxe, Avela\u00ed\u00f1a y Sa\u00fade Mental Ferrol, Eume e Ortegal, adem\u00e1s de las delegaciones de FEAFES en A Coru\u00f1a, Santiago, Ourense y Vigo.<\/p>\n<p>Impartida por un profesional de Cruz Roja, en esta jornada se ahond\u00f3 en los contenidos abordados en una formaci\u00f3n sobre esta misma materia realizada el a\u00f1o pasado. En primer lugar, los asistentes refrescaron cuestiones ya conocidas como las pautas de actuaci\u00f3n ante una situaci\u00f3n de emergencia, causas y consideraciones de los paros respiratorios, nociones sobre el soporte vital b\u00e1sico o la secuencia de actuaci\u00f3n con la posici\u00f3n lateral de seguridad.<\/p>\n<p>En cuanto a los contenidos nuevos, los monitores de ocio aprendieron a tratar heridas y contusiones, quemaduras y alteraciones de la termorregulaci\u00f3n, traumatismos osteoarticulares, movilizaci\u00f3n y evacuaci\u00f3n de las personas heridas y c\u00f3mo elaborar correctamente un botiqu\u00edn.<\/p>\n<p>El curso tuvo lugar de 09:30 a 14:30 en el aula de formaci\u00f3n de Cruz Roja en Santiago de Compostela y surgi\u00f3 la ra\u00edz de una propuesta de los propios monitores.<\/p>\n","protected":false},"excerpt":{"rendered":"<p>El 1 de junio, dos monitoras de nuestra entidad, con compa\u00f1eros encargados de ocio de las distintas entidades dentro de FEAFES Galicia participaron en una jornada formativa sobre primeros auxilios. En este encuentro estuvimos presentes con las asociaciones A Creba, Morea, Doa, Apem, Fonte da Virxe, Avela\u00ed\u00f1a y Sa\u00fade Mental Ferrol, Eume e Ortegal, adem\u00e1s [&hellip;]<\/p>\n","protected":false},"author":3,"featured_media":5637,"comment_status":"closed","ping_status":"closed","sticky":false,"template":"","format":"standard","meta":{"ngg_post_thumbnail":0,"footnotes":""},"categories":[62,66],"tags":[183,162,145,184,97,185,186],"class_list":{"0":"post-5636","1":"post","2":"type-post","3":"status-publish","4":"format-standard","5":"has-post-thumbnail","7":"category-novas","8":"category-post-slider","9":"tag-cruz-roja","10":"tag-emergencia","11":"tag-feafes-galicia","12":"tag-monitores","13":"tag-ocio","14":"tag-primeros-auxilios","15":"tag-santiago"},"yoast_head":"<!-- This site is optimized with the Yoast SEO plugin v27.5 - https:\/\/yoast.com\/product\/yoast-seo-wordpress\/ -->\n<title>Aprendemos primeros auxilios con Feafes Galicia - Alume<\/title>\n<meta name=\"robots\" content=\"index, follow, max-snippet:-1, max-image-preview:large, max-video-preview:-1\" \/>\n<link rel=\"canonical\" href=\"https:\/\/alume.org\/aprendemos-primeros-auxilios-con-feafes-galicia\/\" \/>\n<meta property=\"og:locale\" content=\"es_ES\" \/>\n<meta property=\"og:type\" content=\"article\" \/>\n<meta property=\"og:title\" content=\"Aprendemos primeros auxilios con Feafes Galicia - Alume\" \/>\n<meta property=\"og:description\" content=\"El 1 de junio, dos monitoras de nuestra entidad, con compa\u00f1eros encargados de ocio de las distintas entidades dentro de FEAFES Galicia participaron en una jornada formativa sobre primeros auxilios. En este encuentro estuvimos presentes con las asociaciones A Creba, Morea, Doa, Apem, Fonte da Virxe, Avela\u00ed\u00f1a y Sa\u00fade Mental Ferrol, Eume e Ortegal, adem\u00e1s [&hellip;]\" \/>\n<meta property=\"og:url\" content=\"https:\/\/alume.org\/aprendemos-primeros-auxilios-con-feafes-galicia\/\" \/>\n<meta property=\"og:site_name\" content=\"Alume\" \/>\n<meta property=\"article:published_time\" content=\"2018-06-15T08:42:55+00:00\" \/>\n<meta property=\"article:modified_time\" content=\"2020-02-20T12:07:32+00:00\" \/>\n<meta property=\"og:image\" content=\"https:\/\/alume.org\/wp-content\/uploads\/2018\/06\/unnamed.jpg\" \/>\n\t<meta property=\"og:image:width\" content=\"800\" \/>\n\t<meta property=\"og:image:height\" content=\"533\" \/>\n\t<meta property=\"og:image:type\" content=\"image\/jpeg\" \/>\n<meta name=\"author\" content=\"comunicacion\" \/>\n<meta name=\"twitter:card\" content=\"summary_large_image\" \/>\n<meta name=\"twitter:label1\" content=\"Escrito por\" \/>\n\t<meta name=\"twitter:data1\" content=\"comunicacion\" \/>\n\t<meta name=\"twitter:label2\" content=\"Tiempo de lectura\" \/>\n\t<meta name=\"twitter:data2\" content=\"1 minuto\" \/>\n<script type=\"application\/ld+json\" class=\"yoast-schema-graph\">{\"@context\":\"https:\\\/\\\/schema.org\",\"@graph\":[{\"@type\":\"Article\",\"@id\":\"https:\\\/\\\/alume.org\\\/aprendemos-primeros-auxilios-con-feafes-galicia\\\/#article\",\"isPartOf\":{\"@id\":\"https:\\\/\\\/alume.org\\\/aprendemos-primeros-auxilios-con-feafes-galicia\\\/\"},\"author\":{\"name\":\"comunicacion\",\"@id\":\"https:\\\/\\\/alume.org\\\/es\\\/#\\\/schema\\\/person\\\/1f3bdce6d22c44d303385d77ae751737\"},\"headline\":\"Aprendemos primeros auxilios con Feafes Galicia\",\"datePublished\":\"2018-06-15T08:42:55+00:00\",\"dateModified\":\"2020-02-20T12:07:32+00:00\",\"mainEntityOfPage\":{\"@id\":\"https:\\\/\\\/alume.org\\\/aprendemos-primeros-auxilios-con-feafes-galicia\\\/\"},\"wordCount\":227,\"image\":{\"@id\":\"https:\\\/\\\/alume.org\\\/aprendemos-primeros-auxilios-con-feafes-galicia\\\/#primaryimage\"},\"thumbnailUrl\":\"https:\\\/\\\/alume.org\\\/wp-content\\\/uploads\\\/2018\\\/06\\\/unnamed.jpg\",\"keywords\":[\"Cruz Roja\",\"emergencia\",\"feafes galicia\",\"monitores\",\"Ocio\",\"primeros auxilios\",\"santiago\"],\"articleSection\":[\"Novas\",\"Post Slider\"],\"inLanguage\":\"es\"},{\"@type\":\"WebPage\",\"@id\":\"https:\\\/\\\/alume.org\\\/aprendemos-primeros-auxilios-con-feafes-galicia\\\/\",\"url\":\"https:\\\/\\\/alume.org\\\/aprendemos-primeros-auxilios-con-feafes-galicia\\\/\",\"name\":\"Aprendemos primeros auxilios con Feafes Galicia - Alume\",\"isPartOf\":{\"@id\":\"https:\\\/\\\/alume.org\\\/es\\\/#website\"},\"primaryImageOfPage\":{\"@id\":\"https:\\\/\\\/alume.org\\\/aprendemos-primeros-auxilios-con-feafes-galicia\\\/#primaryimage\"},\"image\":{\"@id\":\"https:\\\/\\\/alume.org\\\/aprendemos-primeros-auxilios-con-feafes-galicia\\\/#primaryimage\"},\"thumbnailUrl\":\"https:\\\/\\\/alume.org\\\/wp-content\\\/uploads\\\/2018\\\/06\\\/unnamed.jpg\",\"datePublished\":\"2018-06-15T08:42:55+00:00\",\"dateModified\":\"2020-02-20T12:07:32+00:00\",\"author\":{\"@id\":\"https:\\\/\\\/alume.org\\\/es\\\/#\\\/schema\\\/person\\\/1f3bdce6d22c44d303385d77ae751737\"},\"breadcrumb\":{\"@id\":\"https:\\\/\\\/alume.org\\\/aprendemos-primeros-auxilios-con-feafes-galicia\\\/#breadcrumb\"},\"inLanguage\":\"es\",\"potentialAction\":[{\"@type\":\"ReadAction\",\"target\":[\"https:\\\/\\\/alume.org\\\/aprendemos-primeros-auxilios-con-feafes-galicia\\\/\"]}]},{\"@type\":\"ImageObject\",\"inLanguage\":\"es\",\"@id\":\"https:\\\/\\\/alume.org\\\/aprendemos-primeros-auxilios-con-feafes-galicia\\\/#primaryimage\",\"url\":\"https:\\\/\\\/alume.org\\\/wp-content\\\/uploads\\\/2018\\\/06\\\/unnamed.jpg\",\"contentUrl\":\"https:\\\/\\\/alume.org\\\/wp-content\\\/uploads\\\/2018\\\/06\\\/unnamed.jpg\",\"width\":800,\"height\":533},{\"@type\":\"BreadcrumbList\",\"@id\":\"https:\\\/\\\/alume.org\\\/aprendemos-primeros-auxilios-con-feafes-galicia\\\/#breadcrumb\",\"itemListElement\":[{\"@type\":\"ListItem\",\"position\":1,\"name\":\"Portada\",\"item\":\"https:\\\/\\\/alume.org\\\/es\\\/\"},{\"@type\":\"ListItem\",\"position\":2,\"name\":\"Aprendemos primeros auxilios con Feafes Galicia\"}]},{\"@type\":\"WebSite\",\"@id\":\"https:\\\/\\\/alume.org\\\/es\\\/#website\",\"url\":\"https:\\\/\\\/alume.org\\\/es\\\/\",\"name\":\"Alume\",\"description\":\"Sa\u00fade Mental\",\"potentialAction\":[{\"@type\":\"SearchAction\",\"target\":{\"@type\":\"EntryPoint\",\"urlTemplate\":\"https:\\\/\\\/alume.org\\\/es\\\/?s={search_term_string}\"},\"query-input\":{\"@type\":\"PropertyValueSpecification\",\"valueRequired\":true,\"valueName\":\"search_term_string\"}}],\"inLanguage\":\"es\"},{\"@type\":\"Person\",\"@id\":\"https:\\\/\\\/alume.org\\\/es\\\/#\\\/schema\\\/person\\\/1f3bdce6d22c44d303385d77ae751737\",\"name\":\"comunicacion\"}]}<\/script>\n<!-- \/ Yoast SEO plugin. -->","yoast_head_json":{"title":"Aprendemos primeros auxilios con Feafes Galicia - Alume","robots":{"index":"index","follow":"follow","max-snippet":"max-snippet:-1","max-image-preview":"max-image-preview:large","max-video-preview":"max-video-preview:-1"},"canonical":"https:\/\/alume.org\/aprendemos-primeros-auxilios-con-feafes-galicia\/","og_locale":"es_ES","og_type":"article","og_title":"Aprendemos primeros auxilios con Feafes Galicia - Alume","og_description":"El 1 de junio, dos monitoras de nuestra entidad, con compa\u00f1eros encargados de ocio de las distintas entidades dentro de FEAFES Galicia participaron en una jornada formativa sobre primeros auxilios. En este encuentro estuvimos presentes con las asociaciones A Creba, Morea, Doa, Apem, Fonte da Virxe, Avela\u00ed\u00f1a y Sa\u00fade Mental Ferrol, Eume e Ortegal, adem\u00e1s [&hellip;]","og_url":"https:\/\/alume.org\/aprendemos-primeros-auxilios-con-feafes-galicia\/","og_site_name":"Alume","article_published_time":"2018-06-15T08:42:55+00:00","article_modified_time":"2020-02-20T12:07:32+00:00","og_image":[{"width":800,"height":533,"url":"https:\/\/alume.org\/wp-content\/uploads\/2018\/06\/unnamed.jpg","type":"image\/jpeg"}],"author":"comunicacion","twitter_card":"summary_large_image","twitter_misc":{"Escrito por":"comunicacion","Tiempo de lectura":"1 minuto"},"schema":{"@context":"https:\/\/schema.org","@graph":[{"@type":"Article","@id":"https:\/\/alume.org\/aprendemos-primeros-auxilios-con-feafes-galicia\/#article","isPartOf":{"@id":"https:\/\/alume.org\/aprendemos-primeros-auxilios-con-feafes-galicia\/"},"author":{"name":"comunicacion","@id":"https:\/\/alume.org\/es\/#\/schema\/person\/1f3bdce6d22c44d303385d77ae751737"},"headline":"Aprendemos primeros auxilios con Feafes Galicia","datePublished":"2018-06-15T08:42:55+00:00","dateModified":"2020-02-20T12:07:32+00:00","mainEntityOfPage":{"@id":"https:\/\/alume.org\/aprendemos-primeros-auxilios-con-feafes-galicia\/"},"wordCount":227,"image":{"@id":"https:\/\/alume.org\/aprendemos-primeros-auxilios-con-feafes-galicia\/#primaryimage"},"thumbnailUrl":"https:\/\/alume.org\/wp-content\/uploads\/2018\/06\/unnamed.jpg","keywords":["Cruz Roja","emergencia","feafes galicia","monitores","Ocio","primeros auxilios","santiago"],"articleSection":["Novas","Post Slider"],"inLanguage":"es"},{"@type":"WebPage","@id":"https:\/\/alume.org\/aprendemos-primeros-auxilios-con-feafes-galicia\/","url":"https:\/\/alume.org\/aprendemos-primeros-auxilios-con-feafes-galicia\/","name":"Aprendemos primeros auxilios con Feafes Galicia - Alume","isPartOf":{"@id":"https:\/\/alume.org\/es\/#website"},"primaryImageOfPage":{"@id":"https:\/\/alume.org\/aprendemos-primeros-auxilios-con-feafes-galicia\/#primaryimage"},"image":{"@id":"https:\/\/alume.org\/aprendemos-primeros-auxilios-con-feafes-galicia\/#primaryimage"},"thumbnailUrl":"https:\/\/alume.org\/wp-content\/uploads\/2018\/06\/unnamed.jpg","datePublished":"2018-06-15T08:42:55+00:00","dateModified":"2020-02-20T12:07:32+00:00","author":{"@id":"https:\/\/alume.org\/es\/#\/schema\/person\/1f3bdce6d22c44d303385d77ae751737"},"breadcrumb":{"@id":"https:\/\/alume.org\/aprendemos-primeros-auxilios-con-feafes-galicia\/#breadcrumb"},"inLanguage":"es","potentialAction":[{"@type":"ReadAction","target":["https:\/\/alume.org\/aprendemos-primeros-auxilios-con-feafes-galicia\/"]}]},{"@type":"ImageObject","inLanguage":"es","@id":"https:\/\/alume.org\/aprendemos-primeros-auxilios-con-feafes-galicia\/#primaryimage","url":"https:\/\/alume.org\/wp-content\/uploads\/2018\/06\/unnamed.jpg","contentUrl":"https:\/\/alume.org\/wp-content\/uploads\/2018\/06\/unnamed.jpg","width":800,"height":533},{"@type":"BreadcrumbList","@id":"https:\/\/alume.org\/aprendemos-primeros-auxilios-con-feafes-galicia\/#breadcrumb","itemListElement":[{"@type":"ListItem","position":1,"name":"Portada","item":"https:\/\/alume.org\/es\/"},{"@type":"ListItem","position":2,"name":"Aprendemos primeros auxilios con Feafes Galicia"}]},{"@type":"WebSite","@id":"https:\/\/alume.org\/es\/#website","url":"https:\/\/alume.org\/es\/","name":"Alume","description":"Sa\u00fade Mental","potentialAction":[{"@type":"SearchAction","target":{"@type":"EntryPoint","urlTemplate":"https:\/\/alume.org\/es\/?s={search_term_string}"},"query-input":{"@type":"PropertyValueSpecification","valueRequired":true,"valueName":"search_term_string"}}],"inLanguage":"es"},{"@type":"Person","@id":"https:\/\/alume.org\/es\/#\/schema\/person\/1f3bdce6d22c44d303385d77ae751737","name":"comunicacion"}]}},"_links":{"self":[{"href":"https:\/\/alume.org\/es\/wp-json\/wp\/v2\/posts\/5636","targetHints":{"allow":["GET"]}}],"collection":[{"href":"https:\/\/alume.org\/es\/wp-json\/wp\/v2\/posts"}],"about":[{"href":"https:\/\/alume.org\/es\/wp-json\/wp\/v2\/types\/post"}],"author":[{"embeddable":true,"href":"https:\/\/alume.org\/es\/wp-json\/wp\/v2\/users\/3"}],"replies":[{"embeddable":true,"href":"https:\/\/alume.org\/es\/wp-json\/wp\/v2\/comments?post=5636"}],"version-history":[{"count":1,"href":"https:\/\/alume.org\/es\/wp-json\/wp\/v2\/posts\/5636\/revisions"}],"predecessor-version":[{"id":5774,"href":"https:\/\/alume.org\/es\/wp-json\/wp\/v2\/posts\/5636\/revisions\/5774"}],"wp:featuredmedia":[{"embeddable":true,"href":"https:\/\/alume.org\/es\/wp-json\/wp\/v2\/media\/5637"}],"wp:attachment":[{"href":"https:\/\/alume.org\/es\/wp-json\/wp\/v2\/media?parent=5636"}],"wp:term":[{"taxonomy":"category","embeddable":true,"href":"https:\/\/alume.org\/es\/wp-json\/wp\/v2\/categories?post=5636"},{"taxonomy":"post_tag","embeddable":true,"href":"https:\/\/alume.org\/es\/wp-json\/wp\/v2\/tags?post=5636"}],"curies":[{"name":"wp","href":"https:\/\/api.w.org\/{rel}","templated":true}]}}