{"id":5673,"date":"2018-10-22T09:44:31","date_gmt":"2018-10-22T09:44:31","guid":{"rendered":"https:\/\/alume.org\/?p=5673"},"modified":"2020-02-20T12:07:31","modified_gmt":"2020-02-20T12:07:31","slug":"dia-mundial-de-la-salud-mental-2018-educacion-inclusiva-salud-mental-positiva","status":"publish","type":"post","link":"https:\/\/alume.org\/es\/dia-mundial-de-la-salud-mental-2018-educacion-inclusiva-salud-mental-positiva\/","title":{"rendered":"D\u00eda Mundial de la Salud Mental 2018: Educaci\u00f3n inclusiva, salud mental positiva"},"content":{"rendered":"\n<p>En 2018, el D\u00eda Mundial de la Salud Mental estuvo <strong>dedicado\na los m\u00e1s j\u00f3venes.<\/strong> El objetivo de este lema es reivindicar una\neducaci\u00f3n&nbsp;<strong>que apueste por los valores, que trabaje la diversidad y la\ninclusi\u00f3n y que tenga en cuenta los retos de una sociedad que cambia a una\nvelocidad de v\u00e9rtigo,&nbsp;<\/strong>para que se consiga una<strong>&nbsp;salud mental m\u00e1s\npositiva<\/strong>&nbsp;de las generaciones futuras.<\/p>\n\n\n\n<p>La tem\u00e1tica de este a\u00f1o est\u00e1 en l\u00ednea con la que marca\nla&nbsp;Federaci\u00f3n Mundial para la Salud Mental&nbsp;(WFMH) a nivel global, que\nes&nbsp;<strong>\u201cj\u00f3venes y salud mental en un mundo cambiante\u201d<\/strong>.<\/p>\n\n\n\n<p>Este a\u00f1o se visibiliz\u00f3 el d\u00eda de la salud mental con varias\nactividades. La primera en Guitiriz el d\u00eda 4 de octubre, en la que usuarios y\ntrabajadores de ese centro colocaron dos mesas informativas y con productos\nrealizados en el taller e informaron a los viandantes sobre la importancia de\nla salud mental en la infancia y adolescencia. <\/p>\n\n\n\n<p>En las prisiones de Bonxe y Monterroso los internos que\nest\u00e1n en el programa PAIEM pusieron a prueba sus conocimientos de salud mental\ncon un \u201cpasapalabra\u201d especial dise\u00f1ado por Feafes Galicia. <\/p>\n\n\n\n<p>Ya el 10 de octubre, como es tradici\u00f3n, estuvimos en la\nPraza Maior de Lugo, donde nuestro presidente ley\u00f3 el manifiesto escrito desde\nla confederaci\u00f3n para este a\u00f1o. Despu\u00e9s, alumnos y alumnas de 6\u00ba curso del\nColegio Cervantes de Lugo participaron en una actividad que les invit\u00f3 a reflexionar\nsobre los h\u00e1bitos saludables y los no saludables relacionados con la salud\nmental. Tras esto, toda la poblaci\u00f3n pudo participar eligiendo entre h\u00e1bitos\nsaludables y no saludables y hacerse una foto en nuestro photocall.<\/p>\n\n\n\n<p>El colegio Cervantes fue adem\u00e1s nombrado este a\u00f1o como socio\nde honor de nuestra entidad por su trayectoria en la sensibilizaci\u00f3n y\nvisibilizaci\u00f3n de nuestro colectivo. La jornada termin\u00f3 con la tradicional\npulpada.<\/p>\n","protected":false},"excerpt":{"rendered":"<p>En 2018, el D\u00eda Mundial de la Salud Mental estuvo dedicado a los m\u00e1s j\u00f3venes. El objetivo de este lema es reivindicar una educaci\u00f3n&nbsp;que apueste por los valores, que trabaje la diversidad y la inclusi\u00f3n y que tenga en cuenta los retos de una sociedad que cambia a una velocidad de v\u00e9rtigo,&nbsp;para que se consiga [&hellip;]<\/p>\n","protected":false},"author":3,"featured_media":5674,"comment_status":"closed","ping_status":"closed","sticky":false,"template":"","format":"standard","meta":{"ngg_post_thumbnail":0,"footnotes":""},"categories":[62,66],"tags":[127,203,208,205,209,206,154,204,207],"class_list":{"0":"post-5673","1":"post","2":"type-post","3":"status-publish","4":"format-standard","5":"has-post-thumbnail","7":"category-novas","8":"category-post-slider","9":"tag-colegio-cervantes","10":"tag-dia-mundial-de-la-salud-mental","11":"tag-educacion","12":"tag-guitiriz","13":"tag-infancia","14":"tag-paiem","15":"tag-pulpada","16":"tag-salud-mental","17":"tag-socio-de-honor"},"yoast_head":"<!-- This site is optimized with the Yoast SEO plugin v27.5 - https:\/\/yoast.com\/product\/yoast-seo-wordpress\/ -->\n<title>D\u00eda Mundial de la Salud Mental 2018: Educaci\u00f3n inclusiva, salud mental positiva - Alume<\/title>\n<meta name=\"robots\" content=\"index, follow, max-snippet:-1, max-image-preview:large, max-video-preview:-1\" \/>\n<link rel=\"canonical\" href=\"https:\/\/alume.org\/dia-mundial-de-la-salud-mental-2018-educacion-inclusiva-salud-mental-positiva\/\" \/>\n<meta property=\"og:locale\" content=\"es_ES\" \/>\n<meta property=\"og:type\" content=\"article\" \/>\n<meta property=\"og:title\" content=\"D\u00eda Mundial de la Salud Mental 2018: Educaci\u00f3n inclusiva, salud mental positiva - Alume\" \/>\n<meta property=\"og:description\" content=\"En 2018, el D\u00eda Mundial de la Salud Mental estuvo dedicado a los m\u00e1s j\u00f3venes. El objetivo de este lema es reivindicar una educaci\u00f3n&nbsp;que apueste por los valores, que trabaje la diversidad y la inclusi\u00f3n y que tenga en cuenta los retos de una sociedad que cambia a una velocidad de v\u00e9rtigo,&nbsp;para que se consiga [&hellip;]\" \/>\n<meta property=\"og:url\" content=\"https:\/\/alume.org\/dia-mundial-de-la-salud-mental-2018-educacion-inclusiva-salud-mental-positiva\/\" \/>\n<meta property=\"og:site_name\" content=\"Alume\" \/>\n<meta property=\"article:published_time\" content=\"2018-10-22T09:44:31+00:00\" \/>\n<meta property=\"article:modified_time\" content=\"2020-02-20T12:07:31+00:00\" \/>\n<meta property=\"og:image\" content=\"https:\/\/alume.org\/wp-content\/uploads\/2019\/01\/salud-mental-2018-91.jpg\" \/>\n\t<meta property=\"og:image:width\" content=\"1024\" \/>\n\t<meta property=\"og:image:height\" content=\"681\" \/>\n\t<meta property=\"og:image:type\" content=\"image\/jpeg\" \/>\n<meta name=\"author\" content=\"comunicacion\" \/>\n<meta name=\"twitter:card\" content=\"summary_large_image\" \/>\n<meta name=\"twitter:label1\" content=\"Escrito por\" \/>\n\t<meta name=\"twitter:data1\" content=\"comunicacion\" \/>\n\t<meta name=\"twitter:label2\" content=\"Tiempo de lectura\" \/>\n\t<meta name=\"twitter:data2\" content=\"2 minutos\" \/>\n<script type=\"application\/ld+json\" class=\"yoast-schema-graph\">{\"@context\":\"https:\\\/\\\/schema.org\",\"@graph\":[{\"@type\":\"Article\",\"@id\":\"https:\\\/\\\/alume.org\\\/dia-mundial-de-la-salud-mental-2018-educacion-inclusiva-salud-mental-positiva\\\/#article\",\"isPartOf\":{\"@id\":\"https:\\\/\\\/alume.org\\\/dia-mundial-de-la-salud-mental-2018-educacion-inclusiva-salud-mental-positiva\\\/\"},\"author\":{\"name\":\"comunicacion\",\"@id\":\"https:\\\/\\\/alume.org\\\/es\\\/#\\\/schema\\\/person\\\/1f3bdce6d22c44d303385d77ae751737\"},\"headline\":\"D\u00eda Mundial de la Salud Mental 2018: Educaci\u00f3n inclusiva, salud mental positiva\",\"datePublished\":\"2018-10-22T09:44:31+00:00\",\"dateModified\":\"2020-02-20T12:07:31+00:00\",\"mainEntityOfPage\":{\"@id\":\"https:\\\/\\\/alume.org\\\/dia-mundial-de-la-salud-mental-2018-educacion-inclusiva-salud-mental-positiva\\\/\"},\"wordCount\":349,\"image\":{\"@id\":\"https:\\\/\\\/alume.org\\\/dia-mundial-de-la-salud-mental-2018-educacion-inclusiva-salud-mental-positiva\\\/#primaryimage\"},\"thumbnailUrl\":\"https:\\\/\\\/alume.org\\\/wp-content\\\/uploads\\\/2019\\\/01\\\/salud-mental-2018-91.jpg\",\"keywords\":[\"colegio Cervantes\",\"dia mundial de la salud mental\",\"educaci\u00f3n\",\"guitiriz\",\"infancia\",\"paiem\",\"pulpada\",\"salud mental\",\"socio de honor\"],\"articleSection\":[\"Novas\",\"Post Slider\"],\"inLanguage\":\"es\"},{\"@type\":\"WebPage\",\"@id\":\"https:\\\/\\\/alume.org\\\/dia-mundial-de-la-salud-mental-2018-educacion-inclusiva-salud-mental-positiva\\\/\",\"url\":\"https:\\\/\\\/alume.org\\\/dia-mundial-de-la-salud-mental-2018-educacion-inclusiva-salud-mental-positiva\\\/\",\"name\":\"D\u00eda Mundial de la Salud Mental 2018: Educaci\u00f3n inclusiva, salud mental positiva - Alume\",\"isPartOf\":{\"@id\":\"https:\\\/\\\/alume.org\\\/es\\\/#website\"},\"primaryImageOfPage\":{\"@id\":\"https:\\\/\\\/alume.org\\\/dia-mundial-de-la-salud-mental-2018-educacion-inclusiva-salud-mental-positiva\\\/#primaryimage\"},\"image\":{\"@id\":\"https:\\\/\\\/alume.org\\\/dia-mundial-de-la-salud-mental-2018-educacion-inclusiva-salud-mental-positiva\\\/#primaryimage\"},\"thumbnailUrl\":\"https:\\\/\\\/alume.org\\\/wp-content\\\/uploads\\\/2019\\\/01\\\/salud-mental-2018-91.jpg\",\"datePublished\":\"2018-10-22T09:44:31+00:00\",\"dateModified\":\"2020-02-20T12:07:31+00:00\",\"author\":{\"@id\":\"https:\\\/\\\/alume.org\\\/es\\\/#\\\/schema\\\/person\\\/1f3bdce6d22c44d303385d77ae751737\"},\"breadcrumb\":{\"@id\":\"https:\\\/\\\/alume.org\\\/dia-mundial-de-la-salud-mental-2018-educacion-inclusiva-salud-mental-positiva\\\/#breadcrumb\"},\"inLanguage\":\"es\",\"potentialAction\":[{\"@type\":\"ReadAction\",\"target\":[\"https:\\\/\\\/alume.org\\\/dia-mundial-de-la-salud-mental-2018-educacion-inclusiva-salud-mental-positiva\\\/\"]}]},{\"@type\":\"ImageObject\",\"inLanguage\":\"es\",\"@id\":\"https:\\\/\\\/alume.org\\\/dia-mundial-de-la-salud-mental-2018-educacion-inclusiva-salud-mental-positiva\\\/#primaryimage\",\"url\":\"https:\\\/\\\/alume.org\\\/wp-content\\\/uploads\\\/2019\\\/01\\\/salud-mental-2018-91.jpg\",\"contentUrl\":\"https:\\\/\\\/alume.org\\\/wp-content\\\/uploads\\\/2019\\\/01\\\/salud-mental-2018-91.jpg\",\"width\":1024,\"height\":681},{\"@type\":\"BreadcrumbList\",\"@id\":\"https:\\\/\\\/alume.org\\\/dia-mundial-de-la-salud-mental-2018-educacion-inclusiva-salud-mental-positiva\\\/#breadcrumb\",\"itemListElement\":[{\"@type\":\"ListItem\",\"position\":1,\"name\":\"Portada\",\"item\":\"https:\\\/\\\/alume.org\\\/es\\\/\"},{\"@type\":\"ListItem\",\"position\":2,\"name\":\"D\u00eda Mundial de la Salud Mental 2018: Educaci\u00f3n inclusiva, salud mental positiva\"}]},{\"@type\":\"WebSite\",\"@id\":\"https:\\\/\\\/alume.org\\\/es\\\/#website\",\"url\":\"https:\\\/\\\/alume.org\\\/es\\\/\",\"name\":\"Alume\",\"description\":\"Sa\u00fade Mental\",\"potentialAction\":[{\"@type\":\"SearchAction\",\"target\":{\"@type\":\"EntryPoint\",\"urlTemplate\":\"https:\\\/\\\/alume.org\\\/es\\\/?s={search_term_string}\"},\"query-input\":{\"@type\":\"PropertyValueSpecification\",\"valueRequired\":true,\"valueName\":\"search_term_string\"}}],\"inLanguage\":\"es\"},{\"@type\":\"Person\",\"@id\":\"https:\\\/\\\/alume.org\\\/es\\\/#\\\/schema\\\/person\\\/1f3bdce6d22c44d303385d77ae751737\",\"name\":\"comunicacion\"}]}<\/script>\n<!-- \/ Yoast SEO plugin. -->","yoast_head_json":{"title":"D\u00eda Mundial de la Salud Mental 2018: Educaci\u00f3n inclusiva, salud mental positiva - Alume","robots":{"index":"index","follow":"follow","max-snippet":"max-snippet:-1","max-image-preview":"max-image-preview:large","max-video-preview":"max-video-preview:-1"},"canonical":"https:\/\/alume.org\/dia-mundial-de-la-salud-mental-2018-educacion-inclusiva-salud-mental-positiva\/","og_locale":"es_ES","og_type":"article","og_title":"D\u00eda Mundial de la Salud Mental 2018: Educaci\u00f3n inclusiva, salud mental positiva - Alume","og_description":"En 2018, el D\u00eda Mundial de la Salud Mental estuvo dedicado a los m\u00e1s j\u00f3venes. El objetivo de este lema es reivindicar una educaci\u00f3n&nbsp;que apueste por los valores, que trabaje la diversidad y la inclusi\u00f3n y que tenga en cuenta los retos de una sociedad que cambia a una velocidad de v\u00e9rtigo,&nbsp;para que se consiga [&hellip;]","og_url":"https:\/\/alume.org\/dia-mundial-de-la-salud-mental-2018-educacion-inclusiva-salud-mental-positiva\/","og_site_name":"Alume","article_published_time":"2018-10-22T09:44:31+00:00","article_modified_time":"2020-02-20T12:07:31+00:00","og_image":[{"width":1024,"height":681,"url":"https:\/\/alume.org\/wp-content\/uploads\/2019\/01\/salud-mental-2018-91.jpg","type":"image\/jpeg"}],"author":"comunicacion","twitter_card":"summary_large_image","twitter_misc":{"Escrito por":"comunicacion","Tiempo de lectura":"2 minutos"},"schema":{"@context":"https:\/\/schema.org","@graph":[{"@type":"Article","@id":"https:\/\/alume.org\/dia-mundial-de-la-salud-mental-2018-educacion-inclusiva-salud-mental-positiva\/#article","isPartOf":{"@id":"https:\/\/alume.org\/dia-mundial-de-la-salud-mental-2018-educacion-inclusiva-salud-mental-positiva\/"},"author":{"name":"comunicacion","@id":"https:\/\/alume.org\/es\/#\/schema\/person\/1f3bdce6d22c44d303385d77ae751737"},"headline":"D\u00eda Mundial de la Salud Mental 2018: Educaci\u00f3n inclusiva, salud mental positiva","datePublished":"2018-10-22T09:44:31+00:00","dateModified":"2020-02-20T12:07:31+00:00","mainEntityOfPage":{"@id":"https:\/\/alume.org\/dia-mundial-de-la-salud-mental-2018-educacion-inclusiva-salud-mental-positiva\/"},"wordCount":349,"image":{"@id":"https:\/\/alume.org\/dia-mundial-de-la-salud-mental-2018-educacion-inclusiva-salud-mental-positiva\/#primaryimage"},"thumbnailUrl":"https:\/\/alume.org\/wp-content\/uploads\/2019\/01\/salud-mental-2018-91.jpg","keywords":["colegio Cervantes","dia mundial de la salud mental","educaci\u00f3n","guitiriz","infancia","paiem","pulpada","salud mental","socio de honor"],"articleSection":["Novas","Post Slider"],"inLanguage":"es"},{"@type":"WebPage","@id":"https:\/\/alume.org\/dia-mundial-de-la-salud-mental-2018-educacion-inclusiva-salud-mental-positiva\/","url":"https:\/\/alume.org\/dia-mundial-de-la-salud-mental-2018-educacion-inclusiva-salud-mental-positiva\/","name":"D\u00eda Mundial de la Salud Mental 2018: Educaci\u00f3n inclusiva, salud mental positiva - Alume","isPartOf":{"@id":"https:\/\/alume.org\/es\/#website"},"primaryImageOfPage":{"@id":"https:\/\/alume.org\/dia-mundial-de-la-salud-mental-2018-educacion-inclusiva-salud-mental-positiva\/#primaryimage"},"image":{"@id":"https:\/\/alume.org\/dia-mundial-de-la-salud-mental-2018-educacion-inclusiva-salud-mental-positiva\/#primaryimage"},"thumbnailUrl":"https:\/\/alume.org\/wp-content\/uploads\/2019\/01\/salud-mental-2018-91.jpg","datePublished":"2018-10-22T09:44:31+00:00","dateModified":"2020-02-20T12:07:31+00:00","author":{"@id":"https:\/\/alume.org\/es\/#\/schema\/person\/1f3bdce6d22c44d303385d77ae751737"},"breadcrumb":{"@id":"https:\/\/alume.org\/dia-mundial-de-la-salud-mental-2018-educacion-inclusiva-salud-mental-positiva\/#breadcrumb"},"inLanguage":"es","potentialAction":[{"@type":"ReadAction","target":["https:\/\/alume.org\/dia-mundial-de-la-salud-mental-2018-educacion-inclusiva-salud-mental-positiva\/"]}]},{"@type":"ImageObject","inLanguage":"es","@id":"https:\/\/alume.org\/dia-mundial-de-la-salud-mental-2018-educacion-inclusiva-salud-mental-positiva\/#primaryimage","url":"https:\/\/alume.org\/wp-content\/uploads\/2019\/01\/salud-mental-2018-91.jpg","contentUrl":"https:\/\/alume.org\/wp-content\/uploads\/2019\/01\/salud-mental-2018-91.jpg","width":1024,"height":681},{"@type":"BreadcrumbList","@id":"https:\/\/alume.org\/dia-mundial-de-la-salud-mental-2018-educacion-inclusiva-salud-mental-positiva\/#breadcrumb","itemListElement":[{"@type":"ListItem","position":1,"name":"Portada","item":"https:\/\/alume.org\/es\/"},{"@type":"ListItem","position":2,"name":"D\u00eda Mundial de la Salud Mental 2018: Educaci\u00f3n inclusiva, salud mental positiva"}]},{"@type":"WebSite","@id":"https:\/\/alume.org\/es\/#website","url":"https:\/\/alume.org\/es\/","name":"Alume","description":"Sa\u00fade Mental","potentialAction":[{"@type":"SearchAction","target":{"@type":"EntryPoint","urlTemplate":"https:\/\/alume.org\/es\/?s={search_term_string}"},"query-input":{"@type":"PropertyValueSpecification","valueRequired":true,"valueName":"search_term_string"}}],"inLanguage":"es"},{"@type":"Person","@id":"https:\/\/alume.org\/es\/#\/schema\/person\/1f3bdce6d22c44d303385d77ae751737","name":"comunicacion"}]}},"_links":{"self":[{"href":"https:\/\/alume.org\/es\/wp-json\/wp\/v2\/posts\/5673","targetHints":{"allow":["GET"]}}],"collection":[{"href":"https:\/\/alume.org\/es\/wp-json\/wp\/v2\/posts"}],"about":[{"href":"https:\/\/alume.org\/es\/wp-json\/wp\/v2\/types\/post"}],"author":[{"embeddable":true,"href":"https:\/\/alume.org\/es\/wp-json\/wp\/v2\/users\/3"}],"replies":[{"embeddable":true,"href":"https:\/\/alume.org\/es\/wp-json\/wp\/v2\/comments?post=5673"}],"version-history":[{"count":1,"href":"https:\/\/alume.org\/es\/wp-json\/wp\/v2\/posts\/5673\/revisions"}],"predecessor-version":[{"id":5771,"href":"https:\/\/alume.org\/es\/wp-json\/wp\/v2\/posts\/5673\/revisions\/5771"}],"wp:featuredmedia":[{"embeddable":true,"href":"https:\/\/alume.org\/es\/wp-json\/wp\/v2\/media\/5674"}],"wp:attachment":[{"href":"https:\/\/alume.org\/es\/wp-json\/wp\/v2\/media?parent=5673"}],"wp:term":[{"taxonomy":"category","embeddable":true,"href":"https:\/\/alume.org\/es\/wp-json\/wp\/v2\/categories?post=5673"},{"taxonomy":"post_tag","embeddable":true,"href":"https:\/\/alume.org\/es\/wp-json\/wp\/v2\/tags?post=5673"}],"curies":[{"name":"wp","href":"https:\/\/api.w.org\/{rel}","templated":true}]}}