{"id":5705,"date":"2019-10-14T10:26:00","date_gmt":"2019-10-14T10:26:00","guid":{"rendered":"https:\/\/alume.org\/?p=5705"},"modified":"2020-02-20T12:07:30","modified_gmt":"2020-02-20T12:07:30","slug":"el-dia-mundial-de-la-salud-mental-este-2019-esta-dedicado-a-la-visibilizacion-y-prevencion-del-suicidio","status":"publish","type":"post","link":"https:\/\/alume.org\/es\/el-dia-mundial-de-la-salud-mental-este-2019-esta-dedicado-a-la-visibilizacion-y-prevencion-del-suicidio\/","title":{"rendered":"El D\u00eda Mundial de la Salud Mental este 2019 est\u00e1 dedicado a la visibilizaci\u00f3n y prevenci\u00f3n del suicidio"},"content":{"rendered":"<p class=\"MsoNormal\" style=\"margin-bottom: .0001pt; line-height: normal;\"><span style=\"font-size: 12.0pt; font-family: 'Times New Roman','serif'; mso-fareast-font-family: 'Times New Roman'; mso-ansi-language: ES; mso-fareast-language: ES;\">El 10 de octubre, se conmemora el <b>D\u00eda Mundial de la Salud Mental<\/b>, este\na\u00f1o, la conmemoraci\u00f3n gira en torno al<b> suicidio<\/b>, considerado por la OMS\nuno de los problemas m\u00e1s graves de salud p\u00fablica que, consecuentemente, debe\nser atendido de forma prioritaria.<\/span><\/p>\n<p class=\"MsoNormal\" style=\"margin-bottom: .0001pt; line-height: normal;\"><span style=\"font-size: 12.0pt; font-family: 'Times New Roman','serif'; mso-fareast-font-family: 'Times New Roman'; mso-ansi-language: ES; mso-fareast-language: ES;\">\u00a0<\/span><span style=\"font-size: 12.0pt; font-family: 'Times New Roman','serif'; mso-fareast-font-family: 'Times New Roman'; mso-ansi-language: ES; mso-fareast-language: ES;\">Bajo el lema <b>\u201cConect@ con la vida\u201d<\/b>, se busca reivindicar un abordaje\ntransversal del suicidio para mitigar sus efectos. Es preciso trabajar en la\nprevenci\u00f3n, detecci\u00f3n, diagn\u00f3stico, tratamiento y continuidad de cuidados de\nlos problemas de salud mental, as\u00ed como en la visibilizaci\u00f3n de esta realidad\nque est\u00e1 tan oculta en la sociedad.<\/span><\/p>\n<p class=\"MsoNormal\" style=\"margin-bottom: .0001pt; line-height: normal;\"><span style=\"font-size: 12.0pt; font-family: 'Times New Roman','serif'; mso-fareast-font-family: 'Times New Roman'; mso-ansi-language: ES; mso-fareast-language: ES;\">\u00a0<\/span><span style=\"font-size: 12.0pt; font-family: 'Times New Roman','serif'; mso-fareast-font-family: 'Times New Roman'; mso-ansi-language: ES; mso-fareast-language: ES;\">Los datos revelan que en el mundo se suicida una persona cada 40 segundos,\ny en Espa\u00f1a es la principal causa externa de mortalidad. <b>Galicia,\nlamentablemente, est\u00e1 en lo m\u00e1s alto de la clasificaci\u00f3n de suicidios a nivel\nestatal<\/b>, siendo la segunda comunidad aut\u00f3noma con mayor tasa de incidencia,\nsuperada tan s\u00f3lo por Asturias. Estamos hablando de alrededor de 300 muertes\npor suicidio al a\u00f1o, convirti\u00e9ndose este en un problema sanitario y social de\nsignificativa relevancia en nuestra comunidad.<\/span><\/p>\n<p class=\"MsoNormal\" style=\"margin-bottom: .0001pt; line-height: normal;\"><span style=\"font-size: 12.0pt; font-family: 'Times New Roman','serif'; mso-fareast-font-family: 'Times New Roman'; mso-ansi-language: ES; mso-fareast-language: ES;\">\u00a0<\/span><span style=\"font-size: 12.0pt; font-family: 'Times New Roman','serif'; mso-fareast-font-family: 'Times New Roman'; mso-ansi-language: ES; mso-fareast-language: ES;\">No obstante, <b>prevenir los suicidios es posible<\/b>. Para ello, es\nimportante hablar de esta realidad, desterrar los falsos mitos que existen\nalrededor de ella y eliminar el tab\u00fa para que las personas que se encuentran en\nriesgo puedan buscar ayuda. La prevenci\u00f3n del suicidio comprende una serie de\nactividades que van desde la educaci\u00f3n en la infancia y en la juventud hasta el\ntratamiento eficaz de los trastornos mentales, pasando por un control ambiental\nde los factores de riesgo y una difusi\u00f3n apropiada de la informaci\u00f3n.<\/span><\/p>\n<p class=\"MsoNormal\" style=\"margin-bottom: .0001pt; line-height: normal;\"><span style=\"font-size: 12.0pt; font-family: 'Times New Roman','serif'; mso-fareast-font-family: 'Times New Roman'; mso-ansi-language: ES; mso-fareast-language: ES;\">\u00a0<\/span><span style=\"font-size: 12.0pt; font-family: 'Times New Roman','serif'; mso-fareast-font-family: 'Times New Roman'; mso-ansi-language: ES; mso-fareast-language: ES;\">Por ello, llamamos a los <b>medios de comunicaci\u00f3n <\/b>a tratar de una\nmanera responsable la informaci\u00f3n sobre el suicidio para concienciar a la\npoblaci\u00f3n, promover su prevenci\u00f3n y ayudar a reducir su incidencia. Llamamos a <b>todos\nlos ciudadanos <\/b>a visibilizar esta realidad, tratarla con respeto y ponerse\nen manos de profesionales cuando sea necesario. Llamamos a las <b>administraciones\np\u00fablicas<\/b> a comprometerse con la problem\u00e1tica del suicidio y a colocarla en\nel lugar que le corresponde dentro de las agendas pol\u00edticas y sanitarias.<\/span><\/p>\n<p class=\"MsoNormal\" style=\"margin-bottom: .0001pt; line-height: normal;\"><span style=\"font-size: 12.0pt; font-family: 'Times New Roman','serif'; mso-fareast-font-family: 'Times New Roman'; mso-ansi-language: ES; mso-fareast-language: ES;\">\u00a0<\/span><span style=\"font-size: 12.0pt; font-family: 'Times New Roman','serif'; mso-fareast-font-family: 'Times New Roman'; mso-ansi-language: ES; mso-fareast-language: ES;\">El suicidio debe ser abordado de una manera transversal, siendo necesarias\npol\u00edticas de prevenci\u00f3n en materia de salud p\u00fablica dotadas de los recursos\nmateriales, econ\u00f3micos y humanos necesarios. Exigimos, por tanto, que el <b>Plan\nde Prevenci\u00f3n del Suicidio de Galicia tenga una implementaci\u00f3n real, efectiva y\nfirme<\/b>, estando a la altura de las necesidades que existen en este \u00e1mbito.<\/span><\/p>\n<p class=\"MsoNormal\" style=\"margin-bottom: .0001pt; line-height: normal;\"><span style=\"font-size: 12.0pt; font-family: 'Times New Roman','serif'; mso-fareast-font-family: 'Times New Roman'; mso-ansi-language: ES; mso-fareast-language: ES;\">\u00a0<\/span><span style=\"font-size: 12.0pt; font-family: 'Times New Roman','serif'; mso-fareast-font-family: 'Times New Roman'; mso-ansi-language: ES; mso-fareast-language: ES;\">Este a\u00f1o, desde Alume, como es tradici\u00f3n estuvimos en la Praza Maior de\nLugo, donde nuestro presidente ley\u00f3 un manifiesto para concienciar sobre el\nsuicidio, hablamos sobre mitos y realidades e hicimos un photocall con el lema <b>\u201cConect@ con la vida\u201d<\/b>. <\/span><\/p>\nEn las prisiones de Bonxe y Monterroso los internos que est\u00e1n en el programa\nPAIEM debatieron tambi\u00e9n sobre la realidad del suicidio y los mitos y\nrealidades que lo rodean. <span style=\"mso-spacerun: yes;\">\u00a0<\/span>\n\nTambi\u00e9n se entreg\u00f3 el reconocimiento como socia de honor, que este a\u00f1o\nrecay\u00f3 sobre Josefina Platas por su apoyo y sensibilidad con nuestro colectivo.\nLa jornada termin\u00f3 con la tradicional pulpada.\n\n<!-- \/wp:post-content --><!-- wp:paragraph --><!--EndFragment-->","protected":false},"excerpt":{"rendered":"<p>El 10 de octubre, se conmemora el D\u00eda Mundial de la Salud Mental, este a\u00f1o, la conmemoraci\u00f3n gira en torno al suicidio, considerado por la OMS uno de los problemas m\u00e1s graves de salud p\u00fablica que, consecuentemente, debe ser atendido de forma prioritaria. \u00a0Bajo el lema \u201cConect@ con la vida\u201d, se busca reivindicar un abordaje [&hellip;]<\/p>\n","protected":false},"author":3,"featured_media":5706,"comment_status":"closed","ping_status":"closed","sticky":false,"template":"","format":"standard","meta":{"ngg_post_thumbnail":0,"footnotes":""},"categories":[62,66],"tags":[203,232,154,207,231],"class_list":{"0":"post-5705","1":"post","2":"type-post","3":"status-publish","4":"format-standard","5":"has-post-thumbnail","7":"category-novas","8":"category-post-slider","9":"tag-dia-mundial-de-la-salud-mental","10":"tag-prevencion","11":"tag-pulpada","12":"tag-socio-de-honor","13":"tag-suicidio"},"yoast_head":"<!-- This site is optimized with the Yoast SEO plugin v27.5 - https:\/\/yoast.com\/product\/yoast-seo-wordpress\/ -->\n<title>El D\u00eda Mundial de la Salud Mental este 2019 est\u00e1 dedicado a la visibilizaci\u00f3n y prevenci\u00f3n del suicidio - Alume<\/title>\n<meta name=\"robots\" content=\"index, follow, max-snippet:-1, max-image-preview:large, max-video-preview:-1\" \/>\n<link rel=\"canonical\" href=\"https:\/\/alume.org\/el-dia-mundial-de-la-salud-mental-este-2019-esta-dedicado-a-la-visibilizacion-y-prevencion-del-suicidio\/\" \/>\n<meta property=\"og:locale\" content=\"es_ES\" \/>\n<meta property=\"og:type\" content=\"article\" \/>\n<meta property=\"og:title\" content=\"El D\u00eda Mundial de la Salud Mental este 2019 est\u00e1 dedicado a la visibilizaci\u00f3n y prevenci\u00f3n del suicidio - Alume\" \/>\n<meta property=\"og:description\" content=\"El 10 de octubre, se conmemora el D\u00eda Mundial de la Salud Mental, este a\u00f1o, la conmemoraci\u00f3n gira en torno al suicidio, considerado por la OMS uno de los problemas m\u00e1s graves de salud p\u00fablica que, consecuentemente, debe ser atendido de forma prioritaria. \u00a0Bajo el lema \u201cConect@ con la vida\u201d, se busca reivindicar un abordaje [&hellip;]\" \/>\n<meta property=\"og:url\" content=\"https:\/\/alume.org\/el-dia-mundial-de-la-salud-mental-este-2019-esta-dedicado-a-la-visibilizacion-y-prevencion-del-suicidio\/\" \/>\n<meta property=\"og:site_name\" content=\"Alume\" \/>\n<meta property=\"article:published_time\" content=\"2019-10-14T10:26:00+00:00\" \/>\n<meta property=\"article:modified_time\" content=\"2020-02-20T12:07:30+00:00\" \/>\n<meta property=\"og:image\" content=\"https:\/\/alume.org\/wp-content\/uploads\/2019\/12\/faceD\u00cdA-MSM-PULPADA-2019-65.jpg\" \/>\n\t<meta property=\"og:image:width\" content=\"1024\" \/>\n\t<meta property=\"og:image:height\" content=\"386\" \/>\n\t<meta property=\"og:image:type\" content=\"image\/jpeg\" \/>\n<meta name=\"author\" content=\"comunicacion\" \/>\n<meta name=\"twitter:card\" content=\"summary_large_image\" \/>\n<meta name=\"twitter:label1\" content=\"Escrito por\" \/>\n\t<meta name=\"twitter:data1\" content=\"comunicacion\" \/>\n\t<meta name=\"twitter:label2\" content=\"Tiempo de lectura\" \/>\n\t<meta name=\"twitter:data2\" content=\"3 minutos\" \/>\n<script type=\"application\/ld+json\" class=\"yoast-schema-graph\">{\"@context\":\"https:\\\/\\\/schema.org\",\"@graph\":[{\"@type\":\"Article\",\"@id\":\"https:\\\/\\\/alume.org\\\/el-dia-mundial-de-la-salud-mental-este-2019-esta-dedicado-a-la-visibilizacion-y-prevencion-del-suicidio\\\/#article\",\"isPartOf\":{\"@id\":\"https:\\\/\\\/alume.org\\\/el-dia-mundial-de-la-salud-mental-este-2019-esta-dedicado-a-la-visibilizacion-y-prevencion-del-suicidio\\\/\"},\"author\":{\"name\":\"comunicacion\",\"@id\":\"https:\\\/\\\/alume.org\\\/es\\\/#\\\/schema\\\/person\\\/1f3bdce6d22c44d303385d77ae751737\"},\"headline\":\"El D\u00eda Mundial de la Salud Mental este 2019 est\u00e1 dedicado a la visibilizaci\u00f3n y prevenci\u00f3n del suicidio\",\"datePublished\":\"2019-10-14T10:26:00+00:00\",\"dateModified\":\"2020-02-20T12:07:30+00:00\",\"mainEntityOfPage\":{\"@id\":\"https:\\\/\\\/alume.org\\\/el-dia-mundial-de-la-salud-mental-este-2019-esta-dedicado-a-la-visibilizacion-y-prevencion-del-suicidio\\\/\"},\"wordCount\":560,\"image\":{\"@id\":\"https:\\\/\\\/alume.org\\\/el-dia-mundial-de-la-salud-mental-este-2019-esta-dedicado-a-la-visibilizacion-y-prevencion-del-suicidio\\\/#primaryimage\"},\"thumbnailUrl\":\"https:\\\/\\\/alume.org\\\/wp-content\\\/uploads\\\/2019\\\/12\\\/faceD\u00cdA-MSM-PULPADA-2019-65.jpg\",\"keywords\":[\"dia mundial de la salud mental\",\"prevencion\",\"pulpada\",\"socio de honor\",\"suicidio\"],\"articleSection\":[\"Novas\",\"Post Slider\"],\"inLanguage\":\"es\"},{\"@type\":\"WebPage\",\"@id\":\"https:\\\/\\\/alume.org\\\/el-dia-mundial-de-la-salud-mental-este-2019-esta-dedicado-a-la-visibilizacion-y-prevencion-del-suicidio\\\/\",\"url\":\"https:\\\/\\\/alume.org\\\/el-dia-mundial-de-la-salud-mental-este-2019-esta-dedicado-a-la-visibilizacion-y-prevencion-del-suicidio\\\/\",\"name\":\"El D\u00eda Mundial de la Salud Mental este 2019 est\u00e1 dedicado a la visibilizaci\u00f3n y prevenci\u00f3n del suicidio - Alume\",\"isPartOf\":{\"@id\":\"https:\\\/\\\/alume.org\\\/es\\\/#website\"},\"primaryImageOfPage\":{\"@id\":\"https:\\\/\\\/alume.org\\\/el-dia-mundial-de-la-salud-mental-este-2019-esta-dedicado-a-la-visibilizacion-y-prevencion-del-suicidio\\\/#primaryimage\"},\"image\":{\"@id\":\"https:\\\/\\\/alume.org\\\/el-dia-mundial-de-la-salud-mental-este-2019-esta-dedicado-a-la-visibilizacion-y-prevencion-del-suicidio\\\/#primaryimage\"},\"thumbnailUrl\":\"https:\\\/\\\/alume.org\\\/wp-content\\\/uploads\\\/2019\\\/12\\\/faceD\u00cdA-MSM-PULPADA-2019-65.jpg\",\"datePublished\":\"2019-10-14T10:26:00+00:00\",\"dateModified\":\"2020-02-20T12:07:30+00:00\",\"author\":{\"@id\":\"https:\\\/\\\/alume.org\\\/es\\\/#\\\/schema\\\/person\\\/1f3bdce6d22c44d303385d77ae751737\"},\"breadcrumb\":{\"@id\":\"https:\\\/\\\/alume.org\\\/el-dia-mundial-de-la-salud-mental-este-2019-esta-dedicado-a-la-visibilizacion-y-prevencion-del-suicidio\\\/#breadcrumb\"},\"inLanguage\":\"es\",\"potentialAction\":[{\"@type\":\"ReadAction\",\"target\":[\"https:\\\/\\\/alume.org\\\/el-dia-mundial-de-la-salud-mental-este-2019-esta-dedicado-a-la-visibilizacion-y-prevencion-del-suicidio\\\/\"]}]},{\"@type\":\"ImageObject\",\"inLanguage\":\"es\",\"@id\":\"https:\\\/\\\/alume.org\\\/el-dia-mundial-de-la-salud-mental-este-2019-esta-dedicado-a-la-visibilizacion-y-prevencion-del-suicidio\\\/#primaryimage\",\"url\":\"https:\\\/\\\/alume.org\\\/wp-content\\\/uploads\\\/2019\\\/12\\\/faceD\u00cdA-MSM-PULPADA-2019-65.jpg\",\"contentUrl\":\"https:\\\/\\\/alume.org\\\/wp-content\\\/uploads\\\/2019\\\/12\\\/faceD\u00cdA-MSM-PULPADA-2019-65.jpg\",\"width\":1024,\"height\":386},{\"@type\":\"BreadcrumbList\",\"@id\":\"https:\\\/\\\/alume.org\\\/el-dia-mundial-de-la-salud-mental-este-2019-esta-dedicado-a-la-visibilizacion-y-prevencion-del-suicidio\\\/#breadcrumb\",\"itemListElement\":[{\"@type\":\"ListItem\",\"position\":1,\"name\":\"Portada\",\"item\":\"https:\\\/\\\/alume.org\\\/es\\\/\"},{\"@type\":\"ListItem\",\"position\":2,\"name\":\"El D\u00eda Mundial de la Salud Mental este 2019 est\u00e1 dedicado a la visibilizaci\u00f3n y prevenci\u00f3n del suicidio\"}]},{\"@type\":\"WebSite\",\"@id\":\"https:\\\/\\\/alume.org\\\/es\\\/#website\",\"url\":\"https:\\\/\\\/alume.org\\\/es\\\/\",\"name\":\"Alume\",\"description\":\"Sa\u00fade Mental\",\"potentialAction\":[{\"@type\":\"SearchAction\",\"target\":{\"@type\":\"EntryPoint\",\"urlTemplate\":\"https:\\\/\\\/alume.org\\\/es\\\/?s={search_term_string}\"},\"query-input\":{\"@type\":\"PropertyValueSpecification\",\"valueRequired\":true,\"valueName\":\"search_term_string\"}}],\"inLanguage\":\"es\"},{\"@type\":\"Person\",\"@id\":\"https:\\\/\\\/alume.org\\\/es\\\/#\\\/schema\\\/person\\\/1f3bdce6d22c44d303385d77ae751737\",\"name\":\"comunicacion\"}]}<\/script>\n<!-- \/ Yoast SEO plugin. -->","yoast_head_json":{"title":"El D\u00eda Mundial de la Salud Mental este 2019 est\u00e1 dedicado a la visibilizaci\u00f3n y prevenci\u00f3n del suicidio - Alume","robots":{"index":"index","follow":"follow","max-snippet":"max-snippet:-1","max-image-preview":"max-image-preview:large","max-video-preview":"max-video-preview:-1"},"canonical":"https:\/\/alume.org\/el-dia-mundial-de-la-salud-mental-este-2019-esta-dedicado-a-la-visibilizacion-y-prevencion-del-suicidio\/","og_locale":"es_ES","og_type":"article","og_title":"El D\u00eda Mundial de la Salud Mental este 2019 est\u00e1 dedicado a la visibilizaci\u00f3n y prevenci\u00f3n del suicidio - Alume","og_description":"El 10 de octubre, se conmemora el D\u00eda Mundial de la Salud Mental, este a\u00f1o, la conmemoraci\u00f3n gira en torno al suicidio, considerado por la OMS uno de los problemas m\u00e1s graves de salud p\u00fablica que, consecuentemente, debe ser atendido de forma prioritaria. \u00a0Bajo el lema \u201cConect@ con la vida\u201d, se busca reivindicar un abordaje [&hellip;]","og_url":"https:\/\/alume.org\/el-dia-mundial-de-la-salud-mental-este-2019-esta-dedicado-a-la-visibilizacion-y-prevencion-del-suicidio\/","og_site_name":"Alume","article_published_time":"2019-10-14T10:26:00+00:00","article_modified_time":"2020-02-20T12:07:30+00:00","og_image":[{"width":1024,"height":386,"url":"https:\/\/alume.org\/wp-content\/uploads\/2019\/12\/faceD\u00cdA-MSM-PULPADA-2019-65.jpg","type":"image\/jpeg"}],"author":"comunicacion","twitter_card":"summary_large_image","twitter_misc":{"Escrito por":"comunicacion","Tiempo de lectura":"3 minutos"},"schema":{"@context":"https:\/\/schema.org","@graph":[{"@type":"Article","@id":"https:\/\/alume.org\/el-dia-mundial-de-la-salud-mental-este-2019-esta-dedicado-a-la-visibilizacion-y-prevencion-del-suicidio\/#article","isPartOf":{"@id":"https:\/\/alume.org\/el-dia-mundial-de-la-salud-mental-este-2019-esta-dedicado-a-la-visibilizacion-y-prevencion-del-suicidio\/"},"author":{"name":"comunicacion","@id":"https:\/\/alume.org\/es\/#\/schema\/person\/1f3bdce6d22c44d303385d77ae751737"},"headline":"El D\u00eda Mundial de la Salud Mental este 2019 est\u00e1 dedicado a la visibilizaci\u00f3n y prevenci\u00f3n del suicidio","datePublished":"2019-10-14T10:26:00+00:00","dateModified":"2020-02-20T12:07:30+00:00","mainEntityOfPage":{"@id":"https:\/\/alume.org\/el-dia-mundial-de-la-salud-mental-este-2019-esta-dedicado-a-la-visibilizacion-y-prevencion-del-suicidio\/"},"wordCount":560,"image":{"@id":"https:\/\/alume.org\/el-dia-mundial-de-la-salud-mental-este-2019-esta-dedicado-a-la-visibilizacion-y-prevencion-del-suicidio\/#primaryimage"},"thumbnailUrl":"https:\/\/alume.org\/wp-content\/uploads\/2019\/12\/faceD\u00cdA-MSM-PULPADA-2019-65.jpg","keywords":["dia mundial de la salud mental","prevencion","pulpada","socio de honor","suicidio"],"articleSection":["Novas","Post Slider"],"inLanguage":"es"},{"@type":"WebPage","@id":"https:\/\/alume.org\/el-dia-mundial-de-la-salud-mental-este-2019-esta-dedicado-a-la-visibilizacion-y-prevencion-del-suicidio\/","url":"https:\/\/alume.org\/el-dia-mundial-de-la-salud-mental-este-2019-esta-dedicado-a-la-visibilizacion-y-prevencion-del-suicidio\/","name":"El D\u00eda Mundial de la Salud Mental este 2019 est\u00e1 dedicado a la visibilizaci\u00f3n y prevenci\u00f3n del suicidio - Alume","isPartOf":{"@id":"https:\/\/alume.org\/es\/#website"},"primaryImageOfPage":{"@id":"https:\/\/alume.org\/el-dia-mundial-de-la-salud-mental-este-2019-esta-dedicado-a-la-visibilizacion-y-prevencion-del-suicidio\/#primaryimage"},"image":{"@id":"https:\/\/alume.org\/el-dia-mundial-de-la-salud-mental-este-2019-esta-dedicado-a-la-visibilizacion-y-prevencion-del-suicidio\/#primaryimage"},"thumbnailUrl":"https:\/\/alume.org\/wp-content\/uploads\/2019\/12\/faceD\u00cdA-MSM-PULPADA-2019-65.jpg","datePublished":"2019-10-14T10:26:00+00:00","dateModified":"2020-02-20T12:07:30+00:00","author":{"@id":"https:\/\/alume.org\/es\/#\/schema\/person\/1f3bdce6d22c44d303385d77ae751737"},"breadcrumb":{"@id":"https:\/\/alume.org\/el-dia-mundial-de-la-salud-mental-este-2019-esta-dedicado-a-la-visibilizacion-y-prevencion-del-suicidio\/#breadcrumb"},"inLanguage":"es","potentialAction":[{"@type":"ReadAction","target":["https:\/\/alume.org\/el-dia-mundial-de-la-salud-mental-este-2019-esta-dedicado-a-la-visibilizacion-y-prevencion-del-suicidio\/"]}]},{"@type":"ImageObject","inLanguage":"es","@id":"https:\/\/alume.org\/el-dia-mundial-de-la-salud-mental-este-2019-esta-dedicado-a-la-visibilizacion-y-prevencion-del-suicidio\/#primaryimage","url":"https:\/\/alume.org\/wp-content\/uploads\/2019\/12\/faceD\u00cdA-MSM-PULPADA-2019-65.jpg","contentUrl":"https:\/\/alume.org\/wp-content\/uploads\/2019\/12\/faceD\u00cdA-MSM-PULPADA-2019-65.jpg","width":1024,"height":386},{"@type":"BreadcrumbList","@id":"https:\/\/alume.org\/el-dia-mundial-de-la-salud-mental-este-2019-esta-dedicado-a-la-visibilizacion-y-prevencion-del-suicidio\/#breadcrumb","itemListElement":[{"@type":"ListItem","position":1,"name":"Portada","item":"https:\/\/alume.org\/es\/"},{"@type":"ListItem","position":2,"name":"El D\u00eda Mundial de la Salud Mental este 2019 est\u00e1 dedicado a la visibilizaci\u00f3n y prevenci\u00f3n del suicidio"}]},{"@type":"WebSite","@id":"https:\/\/alume.org\/es\/#website","url":"https:\/\/alume.org\/es\/","name":"Alume","description":"Sa\u00fade Mental","potentialAction":[{"@type":"SearchAction","target":{"@type":"EntryPoint","urlTemplate":"https:\/\/alume.org\/es\/?s={search_term_string}"},"query-input":{"@type":"PropertyValueSpecification","valueRequired":true,"valueName":"search_term_string"}}],"inLanguage":"es"},{"@type":"Person","@id":"https:\/\/alume.org\/es\/#\/schema\/person\/1f3bdce6d22c44d303385d77ae751737","name":"comunicacion"}]}},"_links":{"self":[{"href":"https:\/\/alume.org\/es\/wp-json\/wp\/v2\/posts\/5705","targetHints":{"allow":["GET"]}}],"collection":[{"href":"https:\/\/alume.org\/es\/wp-json\/wp\/v2\/posts"}],"about":[{"href":"https:\/\/alume.org\/es\/wp-json\/wp\/v2\/types\/post"}],"author":[{"embeddable":true,"href":"https:\/\/alume.org\/es\/wp-json\/wp\/v2\/users\/3"}],"replies":[{"embeddable":true,"href":"https:\/\/alume.org\/es\/wp-json\/wp\/v2\/comments?post=5705"}],"version-history":[{"count":1,"href":"https:\/\/alume.org\/es\/wp-json\/wp\/v2\/posts\/5705\/revisions"}],"predecessor-version":[{"id":5763,"href":"https:\/\/alume.org\/es\/wp-json\/wp\/v2\/posts\/5705\/revisions\/5763"}],"wp:featuredmedia":[{"embeddable":true,"href":"https:\/\/alume.org\/es\/wp-json\/wp\/v2\/media\/5706"}],"wp:attachment":[{"href":"https:\/\/alume.org\/es\/wp-json\/wp\/v2\/media?parent=5705"}],"wp:term":[{"taxonomy":"category","embeddable":true,"href":"https:\/\/alume.org\/es\/wp-json\/wp\/v2\/categories?post=5705"},{"taxonomy":"post_tag","embeddable":true,"href":"https:\/\/alume.org\/es\/wp-json\/wp\/v2\/tags?post=5705"}],"curies":[{"name":"wp","href":"https:\/\/api.w.org\/{rel}","templated":true}]}}