{"id":5831,"date":"2020-06-16T15:23:22","date_gmt":"2020-06-16T15:23:22","guid":{"rendered":"https:\/\/alume.org\/?p=5831"},"modified":"2020-06-16T15:23:23","modified_gmt":"2020-06-16T15:23:23","slug":"retomamos-la-actividad-presencial","status":"publish","type":"post","link":"https:\/\/alume.org\/es\/retomamos-la-actividad-presencial\/","title":{"rendered":"Retomamos la actividad presencial"},"content":{"rendered":"\n<p>Debido a la situaci\u00f3n actual por el COVID-19, en nuestra asociaci\u00f3n nos vimos obligados a pausar la atenci\u00f3n presencial. Durante estos meses hemos estado haciendo un seguimiento telef\u00f3nico diario y, cuando la situaci\u00f3n lo requiri\u00f3, atenci\u00f3n domiciliaria de los usuarios para intentar prevenir situaciones de riesgo que pudieran empeorar su salud mental, sobre todo en aquellos casos en los que viven solos. Nos ha alegrado comprobar que nuestros usuarios han conseguido llevar la situaci\u00f3n con una relativa normalidad y agradecemos la valoraci\u00f3n tan positiva que han hecho de este seguimiento. Celebramos especialmente que no se produjese ning\u00fan ingreso hospitalario en la Unidad de Agudos de Psiquiatr\u00eda durante este per\u00edodo.<\/p>\n\n\n\n<p>Desde el d\u00eda 3 de junio hemos comenzado a retomar de forma escalonada la actividad presencial de la entidad. En un principio las personas que empiecen se entrevistar\u00e1n con la psic\u00f3loga y la terapeuta que evaluar\u00e1n su situaci\u00f3n y adem\u00e1s les informar\u00e1n de la nueva forma en la que va a funcionar el centro.<\/p>\n\n\n\n<p>Lo m\u00e1s importante es la seguridad y la prevenci\u00f3n, as\u00ed que tendr\u00e1n que venir por turnos, ponerse mascarilla y seguir las normas del centro para evitar contagios. No podr\u00e1n acudir las personas que noten alg\u00fan posible s\u00edntoma del COVID-19.<\/p>\n\n\n\n<p>Los grupos de los diferentes talleres ser\u00e1n reducidos para poder mantener la distancia de seguridad, y se mantendr\u00e1 el seguimiento telef\u00f3nico en los d\u00edas que no acudan al centro para atender sus necesidades.<\/p>\n\n\n\n<p>A partir de ahora la actividad se ir\u00e1 regularizando, dentro de esta \u201cnueva normalidad\u201d, con todas las medidas de prevenci\u00f3n, recursos y protocolos, para que la atenci\u00f3n sea lo m\u00e1s segura posible.<\/p>\n","protected":false},"excerpt":{"rendered":"<p>Debido a la situaci\u00f3n actual por el COVID-19, en nuestra asociaci\u00f3n nos vimos obligados a pausar la atenci\u00f3n presencial. Durante estos meses hemos estado haciendo un seguimiento telef\u00f3nico diario y, cuando la situaci\u00f3n lo requiri\u00f3, atenci\u00f3n domiciliaria de los usuarios para intentar prevenir situaciones de riesgo que pudieran empeorar su salud mental, sobre todo en [&hellip;]<\/p>\n","protected":false},"author":3,"featured_media":5832,"comment_status":"closed","ping_status":"closed","sticky":false,"template":"","format":"standard","meta":{"ngg_post_thumbnail":0,"footnotes":""},"categories":[62,66],"tags":[246,245,247],"class_list":{"0":"post-5831","1":"post","2":"type-post","3":"status-publish","4":"format-standard","5":"has-post-thumbnail","7":"category-novas","8":"category-post-slider","9":"tag-actividad-presencial","10":"tag-covid-19","11":"tag-nueva-normalidad"},"yoast_head":"<!-- This site is optimized with the Yoast SEO plugin v27.5 - https:\/\/yoast.com\/product\/yoast-seo-wordpress\/ -->\n<title>Retomamos la actividad presencial - Alume<\/title>\n<meta name=\"robots\" content=\"index, follow, max-snippet:-1, max-image-preview:large, max-video-preview:-1\" \/>\n<link rel=\"canonical\" href=\"https:\/\/alume.org\/retomamos-la-actividad-presencial\/\" \/>\n<meta property=\"og:locale\" content=\"es_ES\" \/>\n<meta property=\"og:type\" content=\"article\" \/>\n<meta property=\"og:title\" content=\"Retomamos la actividad presencial - Alume\" \/>\n<meta property=\"og:description\" content=\"Debido a la situaci\u00f3n actual por el COVID-19, en nuestra asociaci\u00f3n nos vimos obligados a pausar la atenci\u00f3n presencial. Durante estos meses hemos estado haciendo un seguimiento telef\u00f3nico diario y, cuando la situaci\u00f3n lo requiri\u00f3, atenci\u00f3n domiciliaria de los usuarios para intentar prevenir situaciones de riesgo que pudieran empeorar su salud mental, sobre todo en [&hellip;]\" \/>\n<meta property=\"og:url\" content=\"https:\/\/alume.org\/retomamos-la-actividad-presencial\/\" \/>\n<meta property=\"og:site_name\" content=\"Alume\" \/>\n<meta property=\"article:published_time\" content=\"2020-06-16T15:23:22+00:00\" \/>\n<meta property=\"article:modified_time\" content=\"2020-06-16T15:23:23+00:00\" \/>\n<meta property=\"og:image\" content=\"https:\/\/alume.org\/wp-content\/uploads\/2020\/06\/IMG-20200616-WA0008.jpg\" \/>\n\t<meta property=\"og:image:width\" content=\"2016\" \/>\n\t<meta property=\"og:image:height\" content=\"1512\" \/>\n\t<meta property=\"og:image:type\" content=\"image\/jpeg\" \/>\n<meta name=\"author\" content=\"comunicacion\" \/>\n<meta name=\"twitter:card\" content=\"summary_large_image\" \/>\n<meta name=\"twitter:label1\" content=\"Escrito por\" \/>\n\t<meta name=\"twitter:data1\" content=\"comunicacion\" \/>\n\t<meta name=\"twitter:label2\" content=\"Tiempo de lectura\" \/>\n\t<meta name=\"twitter:data2\" content=\"1 minuto\" \/>\n<script type=\"application\/ld+json\" class=\"yoast-schema-graph\">{\"@context\":\"https:\\\/\\\/schema.org\",\"@graph\":[{\"@type\":\"Article\",\"@id\":\"https:\\\/\\\/alume.org\\\/retomamos-la-actividad-presencial\\\/#article\",\"isPartOf\":{\"@id\":\"https:\\\/\\\/alume.org\\\/retomamos-la-actividad-presencial\\\/\"},\"author\":{\"name\":\"comunicacion\",\"@id\":\"https:\\\/\\\/alume.org\\\/es\\\/#\\\/schema\\\/person\\\/1f3bdce6d22c44d303385d77ae751737\"},\"headline\":\"Retomamos la actividad presencial\",\"datePublished\":\"2020-06-16T15:23:22+00:00\",\"dateModified\":\"2020-06-16T15:23:23+00:00\",\"mainEntityOfPage\":{\"@id\":\"https:\\\/\\\/alume.org\\\/retomamos-la-actividad-presencial\\\/\"},\"wordCount\":300,\"image\":{\"@id\":\"https:\\\/\\\/alume.org\\\/retomamos-la-actividad-presencial\\\/#primaryimage\"},\"thumbnailUrl\":\"https:\\\/\\\/alume.org\\\/wp-content\\\/uploads\\\/2020\\\/06\\\/IMG-20200616-WA0008.jpg\",\"keywords\":[\"actividad presencial\",\"covid-19\",\"nueva normalidad\"],\"articleSection\":[\"Novas\",\"Post Slider\"],\"inLanguage\":\"es\"},{\"@type\":\"WebPage\",\"@id\":\"https:\\\/\\\/alume.org\\\/retomamos-la-actividad-presencial\\\/\",\"url\":\"https:\\\/\\\/alume.org\\\/retomamos-la-actividad-presencial\\\/\",\"name\":\"Retomamos la actividad presencial - Alume\",\"isPartOf\":{\"@id\":\"https:\\\/\\\/alume.org\\\/es\\\/#website\"},\"primaryImageOfPage\":{\"@id\":\"https:\\\/\\\/alume.org\\\/retomamos-la-actividad-presencial\\\/#primaryimage\"},\"image\":{\"@id\":\"https:\\\/\\\/alume.org\\\/retomamos-la-actividad-presencial\\\/#primaryimage\"},\"thumbnailUrl\":\"https:\\\/\\\/alume.org\\\/wp-content\\\/uploads\\\/2020\\\/06\\\/IMG-20200616-WA0008.jpg\",\"datePublished\":\"2020-06-16T15:23:22+00:00\",\"dateModified\":\"2020-06-16T15:23:23+00:00\",\"author\":{\"@id\":\"https:\\\/\\\/alume.org\\\/es\\\/#\\\/schema\\\/person\\\/1f3bdce6d22c44d303385d77ae751737\"},\"breadcrumb\":{\"@id\":\"https:\\\/\\\/alume.org\\\/retomamos-la-actividad-presencial\\\/#breadcrumb\"},\"inLanguage\":\"es\",\"potentialAction\":[{\"@type\":\"ReadAction\",\"target\":[\"https:\\\/\\\/alume.org\\\/retomamos-la-actividad-presencial\\\/\"]}]},{\"@type\":\"ImageObject\",\"inLanguage\":\"es\",\"@id\":\"https:\\\/\\\/alume.org\\\/retomamos-la-actividad-presencial\\\/#primaryimage\",\"url\":\"https:\\\/\\\/alume.org\\\/wp-content\\\/uploads\\\/2020\\\/06\\\/IMG-20200616-WA0008.jpg\",\"contentUrl\":\"https:\\\/\\\/alume.org\\\/wp-content\\\/uploads\\\/2020\\\/06\\\/IMG-20200616-WA0008.jpg\",\"width\":2016,\"height\":1512},{\"@type\":\"BreadcrumbList\",\"@id\":\"https:\\\/\\\/alume.org\\\/retomamos-la-actividad-presencial\\\/#breadcrumb\",\"itemListElement\":[{\"@type\":\"ListItem\",\"position\":1,\"name\":\"Portada\",\"item\":\"https:\\\/\\\/alume.org\\\/es\\\/\"},{\"@type\":\"ListItem\",\"position\":2,\"name\":\"Retomamos la actividad presencial\"}]},{\"@type\":\"WebSite\",\"@id\":\"https:\\\/\\\/alume.org\\\/es\\\/#website\",\"url\":\"https:\\\/\\\/alume.org\\\/es\\\/\",\"name\":\"Alume\",\"description\":\"Sa\u00fade Mental\",\"potentialAction\":[{\"@type\":\"SearchAction\",\"target\":{\"@type\":\"EntryPoint\",\"urlTemplate\":\"https:\\\/\\\/alume.org\\\/es\\\/?s={search_term_string}\"},\"query-input\":{\"@type\":\"PropertyValueSpecification\",\"valueRequired\":true,\"valueName\":\"search_term_string\"}}],\"inLanguage\":\"es\"},{\"@type\":\"Person\",\"@id\":\"https:\\\/\\\/alume.org\\\/es\\\/#\\\/schema\\\/person\\\/1f3bdce6d22c44d303385d77ae751737\",\"name\":\"comunicacion\"}]}<\/script>\n<!-- \/ Yoast SEO plugin. -->","yoast_head_json":{"title":"Retomamos la actividad presencial - Alume","robots":{"index":"index","follow":"follow","max-snippet":"max-snippet:-1","max-image-preview":"max-image-preview:large","max-video-preview":"max-video-preview:-1"},"canonical":"https:\/\/alume.org\/retomamos-la-actividad-presencial\/","og_locale":"es_ES","og_type":"article","og_title":"Retomamos la actividad presencial - Alume","og_description":"Debido a la situaci\u00f3n actual por el COVID-19, en nuestra asociaci\u00f3n nos vimos obligados a pausar la atenci\u00f3n presencial. Durante estos meses hemos estado haciendo un seguimiento telef\u00f3nico diario y, cuando la situaci\u00f3n lo requiri\u00f3, atenci\u00f3n domiciliaria de los usuarios para intentar prevenir situaciones de riesgo que pudieran empeorar su salud mental, sobre todo en [&hellip;]","og_url":"https:\/\/alume.org\/retomamos-la-actividad-presencial\/","og_site_name":"Alume","article_published_time":"2020-06-16T15:23:22+00:00","article_modified_time":"2020-06-16T15:23:23+00:00","og_image":[{"width":2016,"height":1512,"url":"https:\/\/alume.org\/wp-content\/uploads\/2020\/06\/IMG-20200616-WA0008.jpg","type":"image\/jpeg"}],"author":"comunicacion","twitter_card":"summary_large_image","twitter_misc":{"Escrito por":"comunicacion","Tiempo de lectura":"1 minuto"},"schema":{"@context":"https:\/\/schema.org","@graph":[{"@type":"Article","@id":"https:\/\/alume.org\/retomamos-la-actividad-presencial\/#article","isPartOf":{"@id":"https:\/\/alume.org\/retomamos-la-actividad-presencial\/"},"author":{"name":"comunicacion","@id":"https:\/\/alume.org\/es\/#\/schema\/person\/1f3bdce6d22c44d303385d77ae751737"},"headline":"Retomamos la actividad presencial","datePublished":"2020-06-16T15:23:22+00:00","dateModified":"2020-06-16T15:23:23+00:00","mainEntityOfPage":{"@id":"https:\/\/alume.org\/retomamos-la-actividad-presencial\/"},"wordCount":300,"image":{"@id":"https:\/\/alume.org\/retomamos-la-actividad-presencial\/#primaryimage"},"thumbnailUrl":"https:\/\/alume.org\/wp-content\/uploads\/2020\/06\/IMG-20200616-WA0008.jpg","keywords":["actividad presencial","covid-19","nueva normalidad"],"articleSection":["Novas","Post Slider"],"inLanguage":"es"},{"@type":"WebPage","@id":"https:\/\/alume.org\/retomamos-la-actividad-presencial\/","url":"https:\/\/alume.org\/retomamos-la-actividad-presencial\/","name":"Retomamos la actividad presencial - Alume","isPartOf":{"@id":"https:\/\/alume.org\/es\/#website"},"primaryImageOfPage":{"@id":"https:\/\/alume.org\/retomamos-la-actividad-presencial\/#primaryimage"},"image":{"@id":"https:\/\/alume.org\/retomamos-la-actividad-presencial\/#primaryimage"},"thumbnailUrl":"https:\/\/alume.org\/wp-content\/uploads\/2020\/06\/IMG-20200616-WA0008.jpg","datePublished":"2020-06-16T15:23:22+00:00","dateModified":"2020-06-16T15:23:23+00:00","author":{"@id":"https:\/\/alume.org\/es\/#\/schema\/person\/1f3bdce6d22c44d303385d77ae751737"},"breadcrumb":{"@id":"https:\/\/alume.org\/retomamos-la-actividad-presencial\/#breadcrumb"},"inLanguage":"es","potentialAction":[{"@type":"ReadAction","target":["https:\/\/alume.org\/retomamos-la-actividad-presencial\/"]}]},{"@type":"ImageObject","inLanguage":"es","@id":"https:\/\/alume.org\/retomamos-la-actividad-presencial\/#primaryimage","url":"https:\/\/alume.org\/wp-content\/uploads\/2020\/06\/IMG-20200616-WA0008.jpg","contentUrl":"https:\/\/alume.org\/wp-content\/uploads\/2020\/06\/IMG-20200616-WA0008.jpg","width":2016,"height":1512},{"@type":"BreadcrumbList","@id":"https:\/\/alume.org\/retomamos-la-actividad-presencial\/#breadcrumb","itemListElement":[{"@type":"ListItem","position":1,"name":"Portada","item":"https:\/\/alume.org\/es\/"},{"@type":"ListItem","position":2,"name":"Retomamos la actividad presencial"}]},{"@type":"WebSite","@id":"https:\/\/alume.org\/es\/#website","url":"https:\/\/alume.org\/es\/","name":"Alume","description":"Sa\u00fade Mental","potentialAction":[{"@type":"SearchAction","target":{"@type":"EntryPoint","urlTemplate":"https:\/\/alume.org\/es\/?s={search_term_string}"},"query-input":{"@type":"PropertyValueSpecification","valueRequired":true,"valueName":"search_term_string"}}],"inLanguage":"es"},{"@type":"Person","@id":"https:\/\/alume.org\/es\/#\/schema\/person\/1f3bdce6d22c44d303385d77ae751737","name":"comunicacion"}]}},"_links":{"self":[{"href":"https:\/\/alume.org\/es\/wp-json\/wp\/v2\/posts\/5831","targetHints":{"allow":["GET"]}}],"collection":[{"href":"https:\/\/alume.org\/es\/wp-json\/wp\/v2\/posts"}],"about":[{"href":"https:\/\/alume.org\/es\/wp-json\/wp\/v2\/types\/post"}],"author":[{"embeddable":true,"href":"https:\/\/alume.org\/es\/wp-json\/wp\/v2\/users\/3"}],"replies":[{"embeddable":true,"href":"https:\/\/alume.org\/es\/wp-json\/wp\/v2\/comments?post=5831"}],"version-history":[{"count":2,"href":"https:\/\/alume.org\/es\/wp-json\/wp\/v2\/posts\/5831\/revisions"}],"predecessor-version":[{"id":5834,"href":"https:\/\/alume.org\/es\/wp-json\/wp\/v2\/posts\/5831\/revisions\/5834"}],"wp:featuredmedia":[{"embeddable":true,"href":"https:\/\/alume.org\/es\/wp-json\/wp\/v2\/media\/5832"}],"wp:attachment":[{"href":"https:\/\/alume.org\/es\/wp-json\/wp\/v2\/media?parent=5831"}],"wp:term":[{"taxonomy":"category","embeddable":true,"href":"https:\/\/alume.org\/es\/wp-json\/wp\/v2\/categories?post=5831"},{"taxonomy":"post_tag","embeddable":true,"href":"https:\/\/alume.org\/es\/wp-json\/wp\/v2\/tags?post=5831"}],"curies":[{"name":"wp","href":"https:\/\/api.w.org\/{rel}","templated":true}]}}