{"id":5863,"date":"2020-09-30T16:27:00","date_gmt":"2020-09-30T16:27:00","guid":{"rendered":"https:\/\/alume.org\/?p=5863"},"modified":"2020-09-30T16:27:01","modified_gmt":"2020-09-30T16:27:01","slug":"el-dia-de-la-salud-mental-de-2020-estara-dedicado-a-reivindicar-la-inversion-global-en-salud-mental","status":"publish","type":"post","link":"https:\/\/alume.org\/es\/el-dia-de-la-salud-mental-de-2020-estara-dedicado-a-reivindicar-la-inversion-global-en-salud-mental\/","title":{"rendered":"El D\u00eda de la Salud Mental de 2020 estar\u00e1 dedicado a reivindicar la inversi\u00f3n global en salud mental"},"content":{"rendered":"\n<p>La Federaci\u00f3n Mundial para la Salud Mental (WFMH) ha decidido que este a\u00f1o se el d\u00eda se centrar\u00e1 en reivindicar que la salud mental sea una prioridad para los estados y en las inversiones a nivel global.<\/p>\n\n\n\n<p>El mundo est\u00e1 experimentando el impacto sin precedentes de la actual emergencia sanitaria a nivel global debida al COVID-19 que ha impactado, a su vez, en la salud mental de millones de personas. Los \u00faltimos meses han tra\u00eddo muchos retos, con el incremento de los niveles de ansiedad, aislamiento, angustia emocional y miedo.<\/p>\n\n\n\n<p>La actual pandemia emerge en un panorama en el que las enfermedades mentales est\u00e1n en aumento en todo el mundo. Aproximadamente 450 millones de personas viven con trastornos mentales que se encuentran entre las principales causas de discapacidad del planeta.<\/p>\n\n\n\n<p>Una persona de cada cuatro se ver\u00e1 afectada por un trastorno mental en alguna etapa de su vida, mientras que los trastornos mentales, neurol\u00f3gicos y por uso de sustancias cobran un alto precio en los resultados de salud, lo que representa el 13% de la carga mundial total de enfermedad (OMS, 2012). . La Organizaci\u00f3n Mundial de la Salud (2018) afirma que cada 40 segundos alguien muere por suicidio, y por cada suicidio, hay muchas m\u00e1s personas que intentan suicidarse cada a\u00f1o.<\/p>\n\n\n\n<p>Este panorama desolador requiere que nos aseguremos de que la salud mental sea una prioridad ahora m\u00e1s que nunca, por lo tanto, es de gran importancia que el tema del D\u00eda Mundial de la Salud Mental 2020 sea, seg\u00fan la Federaci\u00f3n Mundial para la Salud Mental, \u201cSalud mental para todos: Mayor inversi\u00f3n, mayor acceso\u201d.<\/p>\n\n\n\n<p>La salud mental es un derecho humano; es hora de que la salud mental est\u00e9 disponible para todos. La atenci\u00f3n primaria de salud accesible y de calidad es la base de la cobertura sanitaria universal y se necesita con urgencia mientras el mundo se enfrenta a la actual emergencia sanitaria.<\/p>\n\n\n\n<p>En el caso de Espa\u00f1a, el lema escogido es \u201cSalud mental, una prioridad global\u201d elegido por votaci\u00f3n popular. El dise\u00f1ador Antonio Lorente ha sido el encargado de elaborar la imagen que formar\u00e1 parte de la campa\u00f1a de este a\u00f1o.<\/p>\n","protected":false},"excerpt":{"rendered":"<p>La Federaci\u00f3n Mundial para la Salud Mental (WFMH) ha decidido que este a\u00f1o se el d\u00eda se centrar\u00e1 en reivindicar que la salud mental sea una prioridad para los estados y en las inversiones a nivel global. El mundo est\u00e1 experimentando el impacto sin precedentes de la actual emergencia sanitaria a nivel global debida al [&hellip;]<\/p>\n","protected":false},"author":3,"featured_media":5864,"comment_status":"closed","ping_status":"closed","sticky":false,"template":"","format":"standard","meta":{"ngg_post_thumbnail":0,"footnotes":""},"categories":[62,66],"tags":[262,260,261],"class_list":{"0":"post-5863","1":"post","2":"type-post","3":"status-publish","4":"format-standard","5":"has-post-thumbnail","7":"category-novas","8":"category-post-slider","9":"tag-262","10":"tag-dia-mundial-salud-mental","11":"tag-inversion-global-en-salud-mental"},"yoast_head":"<!-- This site is optimized with the Yoast SEO plugin v27.5 - https:\/\/yoast.com\/product\/yoast-seo-wordpress\/ -->\n<title>El D\u00eda de la Salud Mental de 2020 estar\u00e1 dedicado a reivindicar la inversi\u00f3n global en salud mental - Alume<\/title>\n<meta name=\"robots\" content=\"index, follow, max-snippet:-1, max-image-preview:large, max-video-preview:-1\" \/>\n<link rel=\"canonical\" href=\"https:\/\/alume.org\/el-dia-de-la-salud-mental-de-2020-estara-dedicado-a-reivindicar-la-inversion-global-en-salud-mental\/\" \/>\n<meta property=\"og:locale\" content=\"es_ES\" \/>\n<meta property=\"og:type\" content=\"article\" \/>\n<meta property=\"og:title\" content=\"El D\u00eda de la Salud Mental de 2020 estar\u00e1 dedicado a reivindicar la inversi\u00f3n global en salud mental - Alume\" \/>\n<meta property=\"og:description\" content=\"La Federaci\u00f3n Mundial para la Salud Mental (WFMH) ha decidido que este a\u00f1o se el d\u00eda se centrar\u00e1 en reivindicar que la salud mental sea una prioridad para los estados y en las inversiones a nivel global. El mundo est\u00e1 experimentando el impacto sin precedentes de la actual emergencia sanitaria a nivel global debida al [&hellip;]\" \/>\n<meta property=\"og:url\" content=\"https:\/\/alume.org\/el-dia-de-la-salud-mental-de-2020-estara-dedicado-a-reivindicar-la-inversion-global-en-salud-mental\/\" \/>\n<meta property=\"og:site_name\" content=\"Alume\" \/>\n<meta property=\"article:published_time\" content=\"2020-09-30T16:27:00+00:00\" \/>\n<meta property=\"article:modified_time\" content=\"2020-09-30T16:27:01+00:00\" \/>\n<meta property=\"og:image\" content=\"https:\/\/alume.org\/wp-content\/uploads\/2020\/09\/dmsm2020-vertical-corregido-724x1024-1.jpg\" \/>\n\t<meta property=\"og:image:width\" content=\"724\" \/>\n\t<meta property=\"og:image:height\" content=\"1024\" \/>\n\t<meta property=\"og:image:type\" content=\"image\/jpeg\" \/>\n<meta name=\"author\" content=\"comunicacion\" \/>\n<meta name=\"twitter:card\" content=\"summary_large_image\" \/>\n<meta name=\"twitter:label1\" content=\"Escrito por\" \/>\n\t<meta name=\"twitter:data1\" content=\"comunicacion\" \/>\n\t<meta name=\"twitter:label2\" content=\"Tiempo de lectura\" \/>\n\t<meta name=\"twitter:data2\" content=\"2 minutos\" \/>\n<script type=\"application\/ld+json\" class=\"yoast-schema-graph\">{\"@context\":\"https:\\\/\\\/schema.org\",\"@graph\":[{\"@type\":\"Article\",\"@id\":\"https:\\\/\\\/alume.org\\\/el-dia-de-la-salud-mental-de-2020-estara-dedicado-a-reivindicar-la-inversion-global-en-salud-mental\\\/#article\",\"isPartOf\":{\"@id\":\"https:\\\/\\\/alume.org\\\/el-dia-de-la-salud-mental-de-2020-estara-dedicado-a-reivindicar-la-inversion-global-en-salud-mental\\\/\"},\"author\":{\"name\":\"comunicacion\",\"@id\":\"https:\\\/\\\/alume.org\\\/es\\\/#\\\/schema\\\/person\\\/1f3bdce6d22c44d303385d77ae751737\"},\"headline\":\"El D\u00eda de la Salud Mental de 2020 estar\u00e1 dedicado a reivindicar la inversi\u00f3n global en salud mental\",\"datePublished\":\"2020-09-30T16:27:00+00:00\",\"dateModified\":\"2020-09-30T16:27:01+00:00\",\"mainEntityOfPage\":{\"@id\":\"https:\\\/\\\/alume.org\\\/el-dia-de-la-salud-mental-de-2020-estara-dedicado-a-reivindicar-la-inversion-global-en-salud-mental\\\/\"},\"wordCount\":387,\"image\":{\"@id\":\"https:\\\/\\\/alume.org\\\/el-dia-de-la-salud-mental-de-2020-estara-dedicado-a-reivindicar-la-inversion-global-en-salud-mental\\\/#primaryimage\"},\"thumbnailUrl\":\"https:\\\/\\\/alume.org\\\/wp-content\\\/uploads\\\/2020\\\/09\\\/dmsm2020-vertical-corregido-724x1024-1.jpg\",\"keywords\":[\"2020\",\"d\u00eda mundial salud mental\",\"inversi\u00f3n global en salud mental\"],\"articleSection\":[\"Novas\",\"Post Slider\"],\"inLanguage\":\"es\"},{\"@type\":\"WebPage\",\"@id\":\"https:\\\/\\\/alume.org\\\/el-dia-de-la-salud-mental-de-2020-estara-dedicado-a-reivindicar-la-inversion-global-en-salud-mental\\\/\",\"url\":\"https:\\\/\\\/alume.org\\\/el-dia-de-la-salud-mental-de-2020-estara-dedicado-a-reivindicar-la-inversion-global-en-salud-mental\\\/\",\"name\":\"El D\u00eda de la Salud Mental de 2020 estar\u00e1 dedicado a reivindicar la inversi\u00f3n global en salud mental - Alume\",\"isPartOf\":{\"@id\":\"https:\\\/\\\/alume.org\\\/es\\\/#website\"},\"primaryImageOfPage\":{\"@id\":\"https:\\\/\\\/alume.org\\\/el-dia-de-la-salud-mental-de-2020-estara-dedicado-a-reivindicar-la-inversion-global-en-salud-mental\\\/#primaryimage\"},\"image\":{\"@id\":\"https:\\\/\\\/alume.org\\\/el-dia-de-la-salud-mental-de-2020-estara-dedicado-a-reivindicar-la-inversion-global-en-salud-mental\\\/#primaryimage\"},\"thumbnailUrl\":\"https:\\\/\\\/alume.org\\\/wp-content\\\/uploads\\\/2020\\\/09\\\/dmsm2020-vertical-corregido-724x1024-1.jpg\",\"datePublished\":\"2020-09-30T16:27:00+00:00\",\"dateModified\":\"2020-09-30T16:27:01+00:00\",\"author\":{\"@id\":\"https:\\\/\\\/alume.org\\\/es\\\/#\\\/schema\\\/person\\\/1f3bdce6d22c44d303385d77ae751737\"},\"breadcrumb\":{\"@id\":\"https:\\\/\\\/alume.org\\\/el-dia-de-la-salud-mental-de-2020-estara-dedicado-a-reivindicar-la-inversion-global-en-salud-mental\\\/#breadcrumb\"},\"inLanguage\":\"es\",\"potentialAction\":[{\"@type\":\"ReadAction\",\"target\":[\"https:\\\/\\\/alume.org\\\/el-dia-de-la-salud-mental-de-2020-estara-dedicado-a-reivindicar-la-inversion-global-en-salud-mental\\\/\"]}]},{\"@type\":\"ImageObject\",\"inLanguage\":\"es\",\"@id\":\"https:\\\/\\\/alume.org\\\/el-dia-de-la-salud-mental-de-2020-estara-dedicado-a-reivindicar-la-inversion-global-en-salud-mental\\\/#primaryimage\",\"url\":\"https:\\\/\\\/alume.org\\\/wp-content\\\/uploads\\\/2020\\\/09\\\/dmsm2020-vertical-corregido-724x1024-1.jpg\",\"contentUrl\":\"https:\\\/\\\/alume.org\\\/wp-content\\\/uploads\\\/2020\\\/09\\\/dmsm2020-vertical-corregido-724x1024-1.jpg\",\"width\":724,\"height\":1024},{\"@type\":\"BreadcrumbList\",\"@id\":\"https:\\\/\\\/alume.org\\\/el-dia-de-la-salud-mental-de-2020-estara-dedicado-a-reivindicar-la-inversion-global-en-salud-mental\\\/#breadcrumb\",\"itemListElement\":[{\"@type\":\"ListItem\",\"position\":1,\"name\":\"Portada\",\"item\":\"https:\\\/\\\/alume.org\\\/es\\\/\"},{\"@type\":\"ListItem\",\"position\":2,\"name\":\"El D\u00eda de la Salud Mental de 2020 estar\u00e1 dedicado a reivindicar la inversi\u00f3n global en salud mental\"}]},{\"@type\":\"WebSite\",\"@id\":\"https:\\\/\\\/alume.org\\\/es\\\/#website\",\"url\":\"https:\\\/\\\/alume.org\\\/es\\\/\",\"name\":\"Alume\",\"description\":\"Sa\u00fade Mental\",\"potentialAction\":[{\"@type\":\"SearchAction\",\"target\":{\"@type\":\"EntryPoint\",\"urlTemplate\":\"https:\\\/\\\/alume.org\\\/es\\\/?s={search_term_string}\"},\"query-input\":{\"@type\":\"PropertyValueSpecification\",\"valueRequired\":true,\"valueName\":\"search_term_string\"}}],\"inLanguage\":\"es\"},{\"@type\":\"Person\",\"@id\":\"https:\\\/\\\/alume.org\\\/es\\\/#\\\/schema\\\/person\\\/1f3bdce6d22c44d303385d77ae751737\",\"name\":\"comunicacion\"}]}<\/script>\n<!-- \/ Yoast SEO plugin. -->","yoast_head_json":{"title":"El D\u00eda de la Salud Mental de 2020 estar\u00e1 dedicado a reivindicar la inversi\u00f3n global en salud mental - Alume","robots":{"index":"index","follow":"follow","max-snippet":"max-snippet:-1","max-image-preview":"max-image-preview:large","max-video-preview":"max-video-preview:-1"},"canonical":"https:\/\/alume.org\/el-dia-de-la-salud-mental-de-2020-estara-dedicado-a-reivindicar-la-inversion-global-en-salud-mental\/","og_locale":"es_ES","og_type":"article","og_title":"El D\u00eda de la Salud Mental de 2020 estar\u00e1 dedicado a reivindicar la inversi\u00f3n global en salud mental - Alume","og_description":"La Federaci\u00f3n Mundial para la Salud Mental (WFMH) ha decidido que este a\u00f1o se el d\u00eda se centrar\u00e1 en reivindicar que la salud mental sea una prioridad para los estados y en las inversiones a nivel global. El mundo est\u00e1 experimentando el impacto sin precedentes de la actual emergencia sanitaria a nivel global debida al [&hellip;]","og_url":"https:\/\/alume.org\/el-dia-de-la-salud-mental-de-2020-estara-dedicado-a-reivindicar-la-inversion-global-en-salud-mental\/","og_site_name":"Alume","article_published_time":"2020-09-30T16:27:00+00:00","article_modified_time":"2020-09-30T16:27:01+00:00","og_image":[{"width":724,"height":1024,"url":"https:\/\/alume.org\/wp-content\/uploads\/2020\/09\/dmsm2020-vertical-corregido-724x1024-1.jpg","type":"image\/jpeg"}],"author":"comunicacion","twitter_card":"summary_large_image","twitter_misc":{"Escrito por":"comunicacion","Tiempo de lectura":"2 minutos"},"schema":{"@context":"https:\/\/schema.org","@graph":[{"@type":"Article","@id":"https:\/\/alume.org\/el-dia-de-la-salud-mental-de-2020-estara-dedicado-a-reivindicar-la-inversion-global-en-salud-mental\/#article","isPartOf":{"@id":"https:\/\/alume.org\/el-dia-de-la-salud-mental-de-2020-estara-dedicado-a-reivindicar-la-inversion-global-en-salud-mental\/"},"author":{"name":"comunicacion","@id":"https:\/\/alume.org\/es\/#\/schema\/person\/1f3bdce6d22c44d303385d77ae751737"},"headline":"El D\u00eda de la Salud Mental de 2020 estar\u00e1 dedicado a reivindicar la inversi\u00f3n global en salud mental","datePublished":"2020-09-30T16:27:00+00:00","dateModified":"2020-09-30T16:27:01+00:00","mainEntityOfPage":{"@id":"https:\/\/alume.org\/el-dia-de-la-salud-mental-de-2020-estara-dedicado-a-reivindicar-la-inversion-global-en-salud-mental\/"},"wordCount":387,"image":{"@id":"https:\/\/alume.org\/el-dia-de-la-salud-mental-de-2020-estara-dedicado-a-reivindicar-la-inversion-global-en-salud-mental\/#primaryimage"},"thumbnailUrl":"https:\/\/alume.org\/wp-content\/uploads\/2020\/09\/dmsm2020-vertical-corregido-724x1024-1.jpg","keywords":["2020","d\u00eda mundial salud mental","inversi\u00f3n global en salud mental"],"articleSection":["Novas","Post Slider"],"inLanguage":"es"},{"@type":"WebPage","@id":"https:\/\/alume.org\/el-dia-de-la-salud-mental-de-2020-estara-dedicado-a-reivindicar-la-inversion-global-en-salud-mental\/","url":"https:\/\/alume.org\/el-dia-de-la-salud-mental-de-2020-estara-dedicado-a-reivindicar-la-inversion-global-en-salud-mental\/","name":"El D\u00eda de la Salud Mental de 2020 estar\u00e1 dedicado a reivindicar la inversi\u00f3n global en salud mental - Alume","isPartOf":{"@id":"https:\/\/alume.org\/es\/#website"},"primaryImageOfPage":{"@id":"https:\/\/alume.org\/el-dia-de-la-salud-mental-de-2020-estara-dedicado-a-reivindicar-la-inversion-global-en-salud-mental\/#primaryimage"},"image":{"@id":"https:\/\/alume.org\/el-dia-de-la-salud-mental-de-2020-estara-dedicado-a-reivindicar-la-inversion-global-en-salud-mental\/#primaryimage"},"thumbnailUrl":"https:\/\/alume.org\/wp-content\/uploads\/2020\/09\/dmsm2020-vertical-corregido-724x1024-1.jpg","datePublished":"2020-09-30T16:27:00+00:00","dateModified":"2020-09-30T16:27:01+00:00","author":{"@id":"https:\/\/alume.org\/es\/#\/schema\/person\/1f3bdce6d22c44d303385d77ae751737"},"breadcrumb":{"@id":"https:\/\/alume.org\/el-dia-de-la-salud-mental-de-2020-estara-dedicado-a-reivindicar-la-inversion-global-en-salud-mental\/#breadcrumb"},"inLanguage":"es","potentialAction":[{"@type":"ReadAction","target":["https:\/\/alume.org\/el-dia-de-la-salud-mental-de-2020-estara-dedicado-a-reivindicar-la-inversion-global-en-salud-mental\/"]}]},{"@type":"ImageObject","inLanguage":"es","@id":"https:\/\/alume.org\/el-dia-de-la-salud-mental-de-2020-estara-dedicado-a-reivindicar-la-inversion-global-en-salud-mental\/#primaryimage","url":"https:\/\/alume.org\/wp-content\/uploads\/2020\/09\/dmsm2020-vertical-corregido-724x1024-1.jpg","contentUrl":"https:\/\/alume.org\/wp-content\/uploads\/2020\/09\/dmsm2020-vertical-corregido-724x1024-1.jpg","width":724,"height":1024},{"@type":"BreadcrumbList","@id":"https:\/\/alume.org\/el-dia-de-la-salud-mental-de-2020-estara-dedicado-a-reivindicar-la-inversion-global-en-salud-mental\/#breadcrumb","itemListElement":[{"@type":"ListItem","position":1,"name":"Portada","item":"https:\/\/alume.org\/es\/"},{"@type":"ListItem","position":2,"name":"El D\u00eda de la Salud Mental de 2020 estar\u00e1 dedicado a reivindicar la inversi\u00f3n global en salud mental"}]},{"@type":"WebSite","@id":"https:\/\/alume.org\/es\/#website","url":"https:\/\/alume.org\/es\/","name":"Alume","description":"Sa\u00fade Mental","potentialAction":[{"@type":"SearchAction","target":{"@type":"EntryPoint","urlTemplate":"https:\/\/alume.org\/es\/?s={search_term_string}"},"query-input":{"@type":"PropertyValueSpecification","valueRequired":true,"valueName":"search_term_string"}}],"inLanguage":"es"},{"@type":"Person","@id":"https:\/\/alume.org\/es\/#\/schema\/person\/1f3bdce6d22c44d303385d77ae751737","name":"comunicacion"}]}},"_links":{"self":[{"href":"https:\/\/alume.org\/es\/wp-json\/wp\/v2\/posts\/5863","targetHints":{"allow":["GET"]}}],"collection":[{"href":"https:\/\/alume.org\/es\/wp-json\/wp\/v2\/posts"}],"about":[{"href":"https:\/\/alume.org\/es\/wp-json\/wp\/v2\/types\/post"}],"author":[{"embeddable":true,"href":"https:\/\/alume.org\/es\/wp-json\/wp\/v2\/users\/3"}],"replies":[{"embeddable":true,"href":"https:\/\/alume.org\/es\/wp-json\/wp\/v2\/comments?post=5863"}],"version-history":[{"count":2,"href":"https:\/\/alume.org\/es\/wp-json\/wp\/v2\/posts\/5863\/revisions"}],"predecessor-version":[{"id":5866,"href":"https:\/\/alume.org\/es\/wp-json\/wp\/v2\/posts\/5863\/revisions\/5866"}],"wp:featuredmedia":[{"embeddable":true,"href":"https:\/\/alume.org\/es\/wp-json\/wp\/v2\/media\/5864"}],"wp:attachment":[{"href":"https:\/\/alume.org\/es\/wp-json\/wp\/v2\/media?parent=5863"}],"wp:term":[{"taxonomy":"category","embeddable":true,"href":"https:\/\/alume.org\/es\/wp-json\/wp\/v2\/categories?post=5863"},{"taxonomy":"post_tag","embeddable":true,"href":"https:\/\/alume.org\/es\/wp-json\/wp\/v2\/tags?post=5863"}],"curies":[{"name":"wp","href":"https:\/\/api.w.org\/{rel}","templated":true}]}}