{"id":5877,"date":"2020-11-13T10:14:08","date_gmt":"2020-11-13T10:14:08","guid":{"rendered":"https:\/\/alume.org\/?p=5877"},"modified":"2020-11-13T10:14:09","modified_gmt":"2020-11-13T10:14:09","slug":"dia-mundial-de-la-salud-mental-2020","status":"publish","type":"post","link":"https:\/\/alume.org\/es\/dia-mundial-de-la-salud-mental-2020\/","title":{"rendered":"D\u00eda Mundial de la Salud Mental 2020"},"content":{"rendered":"\n<p>Este a\u00f1o, por el COVID-19, no hemos podido realizar nuestra tradicional celebraci\u00f3n, ni hemos podido participar en la pulpada aprovechando el San Froil\u00e1n, pero la buena noticia es que nos mantenemos sin casos positivos.<\/p>\n\n\n\n<p>En cambio hemos participado de forma online en las actividades organizadas por nuestra confederaci\u00f3n, y entre otras cosas, contribuimos a mantener #DiaMundialSaludMental como trending topic en Twitter. Tambi\u00e9n, Bajo el lema \u2018Salud Mental y bienestar, una prioridad global\u2019, desde la Confederaci\u00f3n nos animaron a hacernos fotograf\u00edas con camisetas con este lema y las subi\u00e9semos a las redes sociales.<\/p>\n\n\n\n<p>Con motivo del D\u00eda Mundial de la Salud Mental, la Confederaci\u00f3n SALUD MENTAL ESPA\u00d1A, ha seguido la propuesta de la Federaci\u00f3n Mundial para la salud mental, y reclam\u00f3 que se prioricen inversiones en materia de sanidad, educaci\u00f3n, empleo y colectivos vulnerables.<\/p>\n","protected":false},"excerpt":{"rendered":"<p>Este a\u00f1o, por el COVID-19, no hemos podido realizar nuestra tradicional celebraci\u00f3n, ni hemos podido participar en la pulpada aprovechando el San Froil\u00e1n, pero la buena noticia es que nos mantenemos sin casos positivos. En cambio hemos participado de forma online en las actividades organizadas por nuestra confederaci\u00f3n, y entre otras cosas, contribuimos a mantener [&hellip;]<\/p>\n","protected":false},"author":3,"featured_media":5878,"comment_status":"closed","ping_status":"closed","sticky":false,"template":"","format":"standard","meta":{"ngg_post_thumbnail":0,"footnotes":""},"categories":[62,66],"tags":[267,260,268],"class_list":{"0":"post-5877","1":"post","2":"type-post","3":"status-publish","4":"format-standard","5":"has-post-thumbnail","7":"category-novas","8":"category-post-slider","9":"tag-confederacion","10":"tag-dia-mundial-salud-mental","11":"tag-prioridad-global"},"yoast_head":"<!-- This site is optimized with the Yoast SEO plugin v27.5 - https:\/\/yoast.com\/product\/yoast-seo-wordpress\/ -->\n<title>D\u00eda Mundial de la Salud Mental 2020 - Alume<\/title>\n<meta name=\"robots\" content=\"index, follow, max-snippet:-1, max-image-preview:large, max-video-preview:-1\" \/>\n<link rel=\"canonical\" href=\"https:\/\/alume.org\/dia-mundial-de-la-salud-mental-2020\/\" \/>\n<meta property=\"og:locale\" content=\"es_ES\" \/>\n<meta property=\"og:type\" content=\"article\" \/>\n<meta property=\"og:title\" content=\"D\u00eda Mundial de la Salud Mental 2020 - Alume\" \/>\n<meta property=\"og:description\" content=\"Este a\u00f1o, por el COVID-19, no hemos podido realizar nuestra tradicional celebraci\u00f3n, ni hemos podido participar en la pulpada aprovechando el San Froil\u00e1n, pero la buena noticia es que nos mantenemos sin casos positivos. En cambio hemos participado de forma online en las actividades organizadas por nuestra confederaci\u00f3n, y entre otras cosas, contribuimos a mantener [&hellip;]\" \/>\n<meta property=\"og:url\" content=\"https:\/\/alume.org\/dia-mundial-de-la-salud-mental-2020\/\" \/>\n<meta property=\"og:site_name\" content=\"Alume\" \/>\n<meta property=\"article:published_time\" content=\"2020-11-13T10:14:08+00:00\" \/>\n<meta property=\"article:modified_time\" content=\"2020-11-13T10:14:09+00:00\" \/>\n<meta property=\"og:image\" content=\"https:\/\/alume.org\/wp-content\/uploads\/2020\/11\/Ej9s0V9XsAA7ETL.jpg\" \/>\n\t<meta property=\"og:image:width\" content=\"2016\" \/>\n\t<meta property=\"og:image:height\" content=\"1512\" \/>\n\t<meta property=\"og:image:type\" content=\"image\/jpeg\" \/>\n<meta name=\"author\" content=\"comunicacion\" \/>\n<meta name=\"twitter:card\" content=\"summary_large_image\" \/>\n<meta name=\"twitter:label1\" content=\"Escrito por\" \/>\n\t<meta name=\"twitter:data1\" content=\"comunicacion\" \/>\n\t<meta name=\"twitter:label2\" content=\"Tiempo de lectura\" \/>\n\t<meta name=\"twitter:data2\" content=\"1 minuto\" \/>\n<script type=\"application\/ld+json\" class=\"yoast-schema-graph\">{\"@context\":\"https:\\\/\\\/schema.org\",\"@graph\":[{\"@type\":\"Article\",\"@id\":\"https:\\\/\\\/alume.org\\\/dia-mundial-de-la-salud-mental-2020\\\/#article\",\"isPartOf\":{\"@id\":\"https:\\\/\\\/alume.org\\\/dia-mundial-de-la-salud-mental-2020\\\/\"},\"author\":{\"name\":\"comunicacion\",\"@id\":\"https:\\\/\\\/alume.org\\\/es\\\/#\\\/schema\\\/person\\\/1f3bdce6d22c44d303385d77ae751737\"},\"headline\":\"D\u00eda Mundial de la Salud Mental 2020\",\"datePublished\":\"2020-11-13T10:14:08+00:00\",\"dateModified\":\"2020-11-13T10:14:09+00:00\",\"mainEntityOfPage\":{\"@id\":\"https:\\\/\\\/alume.org\\\/dia-mundial-de-la-salud-mental-2020\\\/\"},\"wordCount\":153,\"image\":{\"@id\":\"https:\\\/\\\/alume.org\\\/dia-mundial-de-la-salud-mental-2020\\\/#primaryimage\"},\"thumbnailUrl\":\"https:\\\/\\\/alume.org\\\/wp-content\\\/uploads\\\/2020\\\/11\\\/Ej9s0V9XsAA7ETL.jpg\",\"keywords\":[\"confederaci\u00f3n\",\"d\u00eda mundial salud mental\",\"prioridad global\"],\"articleSection\":[\"Novas\",\"Post Slider\"],\"inLanguage\":\"es\"},{\"@type\":\"WebPage\",\"@id\":\"https:\\\/\\\/alume.org\\\/dia-mundial-de-la-salud-mental-2020\\\/\",\"url\":\"https:\\\/\\\/alume.org\\\/dia-mundial-de-la-salud-mental-2020\\\/\",\"name\":\"D\u00eda Mundial de la Salud Mental 2020 - Alume\",\"isPartOf\":{\"@id\":\"https:\\\/\\\/alume.org\\\/es\\\/#website\"},\"primaryImageOfPage\":{\"@id\":\"https:\\\/\\\/alume.org\\\/dia-mundial-de-la-salud-mental-2020\\\/#primaryimage\"},\"image\":{\"@id\":\"https:\\\/\\\/alume.org\\\/dia-mundial-de-la-salud-mental-2020\\\/#primaryimage\"},\"thumbnailUrl\":\"https:\\\/\\\/alume.org\\\/wp-content\\\/uploads\\\/2020\\\/11\\\/Ej9s0V9XsAA7ETL.jpg\",\"datePublished\":\"2020-11-13T10:14:08+00:00\",\"dateModified\":\"2020-11-13T10:14:09+00:00\",\"author\":{\"@id\":\"https:\\\/\\\/alume.org\\\/es\\\/#\\\/schema\\\/person\\\/1f3bdce6d22c44d303385d77ae751737\"},\"breadcrumb\":{\"@id\":\"https:\\\/\\\/alume.org\\\/dia-mundial-de-la-salud-mental-2020\\\/#breadcrumb\"},\"inLanguage\":\"es\",\"potentialAction\":[{\"@type\":\"ReadAction\",\"target\":[\"https:\\\/\\\/alume.org\\\/dia-mundial-de-la-salud-mental-2020\\\/\"]}]},{\"@type\":\"ImageObject\",\"inLanguage\":\"es\",\"@id\":\"https:\\\/\\\/alume.org\\\/dia-mundial-de-la-salud-mental-2020\\\/#primaryimage\",\"url\":\"https:\\\/\\\/alume.org\\\/wp-content\\\/uploads\\\/2020\\\/11\\\/Ej9s0V9XsAA7ETL.jpg\",\"contentUrl\":\"https:\\\/\\\/alume.org\\\/wp-content\\\/uploads\\\/2020\\\/11\\\/Ej9s0V9XsAA7ETL.jpg\",\"width\":2016,\"height\":1512},{\"@type\":\"BreadcrumbList\",\"@id\":\"https:\\\/\\\/alume.org\\\/dia-mundial-de-la-salud-mental-2020\\\/#breadcrumb\",\"itemListElement\":[{\"@type\":\"ListItem\",\"position\":1,\"name\":\"Portada\",\"item\":\"https:\\\/\\\/alume.org\\\/es\\\/\"},{\"@type\":\"ListItem\",\"position\":2,\"name\":\"D\u00eda Mundial de la Salud Mental 2020\"}]},{\"@type\":\"WebSite\",\"@id\":\"https:\\\/\\\/alume.org\\\/es\\\/#website\",\"url\":\"https:\\\/\\\/alume.org\\\/es\\\/\",\"name\":\"Alume\",\"description\":\"Sa\u00fade Mental\",\"potentialAction\":[{\"@type\":\"SearchAction\",\"target\":{\"@type\":\"EntryPoint\",\"urlTemplate\":\"https:\\\/\\\/alume.org\\\/es\\\/?s={search_term_string}\"},\"query-input\":{\"@type\":\"PropertyValueSpecification\",\"valueRequired\":true,\"valueName\":\"search_term_string\"}}],\"inLanguage\":\"es\"},{\"@type\":\"Person\",\"@id\":\"https:\\\/\\\/alume.org\\\/es\\\/#\\\/schema\\\/person\\\/1f3bdce6d22c44d303385d77ae751737\",\"name\":\"comunicacion\"}]}<\/script>\n<!-- \/ Yoast SEO plugin. -->","yoast_head_json":{"title":"D\u00eda Mundial de la Salud Mental 2020 - Alume","robots":{"index":"index","follow":"follow","max-snippet":"max-snippet:-1","max-image-preview":"max-image-preview:large","max-video-preview":"max-video-preview:-1"},"canonical":"https:\/\/alume.org\/dia-mundial-de-la-salud-mental-2020\/","og_locale":"es_ES","og_type":"article","og_title":"D\u00eda Mundial de la Salud Mental 2020 - Alume","og_description":"Este a\u00f1o, por el COVID-19, no hemos podido realizar nuestra tradicional celebraci\u00f3n, ni hemos podido participar en la pulpada aprovechando el San Froil\u00e1n, pero la buena noticia es que nos mantenemos sin casos positivos. En cambio hemos participado de forma online en las actividades organizadas por nuestra confederaci\u00f3n, y entre otras cosas, contribuimos a mantener [&hellip;]","og_url":"https:\/\/alume.org\/dia-mundial-de-la-salud-mental-2020\/","og_site_name":"Alume","article_published_time":"2020-11-13T10:14:08+00:00","article_modified_time":"2020-11-13T10:14:09+00:00","og_image":[{"width":2016,"height":1512,"url":"https:\/\/alume.org\/wp-content\/uploads\/2020\/11\/Ej9s0V9XsAA7ETL.jpg","type":"image\/jpeg"}],"author":"comunicacion","twitter_card":"summary_large_image","twitter_misc":{"Escrito por":"comunicacion","Tiempo de lectura":"1 minuto"},"schema":{"@context":"https:\/\/schema.org","@graph":[{"@type":"Article","@id":"https:\/\/alume.org\/dia-mundial-de-la-salud-mental-2020\/#article","isPartOf":{"@id":"https:\/\/alume.org\/dia-mundial-de-la-salud-mental-2020\/"},"author":{"name":"comunicacion","@id":"https:\/\/alume.org\/es\/#\/schema\/person\/1f3bdce6d22c44d303385d77ae751737"},"headline":"D\u00eda Mundial de la Salud Mental 2020","datePublished":"2020-11-13T10:14:08+00:00","dateModified":"2020-11-13T10:14:09+00:00","mainEntityOfPage":{"@id":"https:\/\/alume.org\/dia-mundial-de-la-salud-mental-2020\/"},"wordCount":153,"image":{"@id":"https:\/\/alume.org\/dia-mundial-de-la-salud-mental-2020\/#primaryimage"},"thumbnailUrl":"https:\/\/alume.org\/wp-content\/uploads\/2020\/11\/Ej9s0V9XsAA7ETL.jpg","keywords":["confederaci\u00f3n","d\u00eda mundial salud mental","prioridad global"],"articleSection":["Novas","Post Slider"],"inLanguage":"es"},{"@type":"WebPage","@id":"https:\/\/alume.org\/dia-mundial-de-la-salud-mental-2020\/","url":"https:\/\/alume.org\/dia-mundial-de-la-salud-mental-2020\/","name":"D\u00eda Mundial de la Salud Mental 2020 - Alume","isPartOf":{"@id":"https:\/\/alume.org\/es\/#website"},"primaryImageOfPage":{"@id":"https:\/\/alume.org\/dia-mundial-de-la-salud-mental-2020\/#primaryimage"},"image":{"@id":"https:\/\/alume.org\/dia-mundial-de-la-salud-mental-2020\/#primaryimage"},"thumbnailUrl":"https:\/\/alume.org\/wp-content\/uploads\/2020\/11\/Ej9s0V9XsAA7ETL.jpg","datePublished":"2020-11-13T10:14:08+00:00","dateModified":"2020-11-13T10:14:09+00:00","author":{"@id":"https:\/\/alume.org\/es\/#\/schema\/person\/1f3bdce6d22c44d303385d77ae751737"},"breadcrumb":{"@id":"https:\/\/alume.org\/dia-mundial-de-la-salud-mental-2020\/#breadcrumb"},"inLanguage":"es","potentialAction":[{"@type":"ReadAction","target":["https:\/\/alume.org\/dia-mundial-de-la-salud-mental-2020\/"]}]},{"@type":"ImageObject","inLanguage":"es","@id":"https:\/\/alume.org\/dia-mundial-de-la-salud-mental-2020\/#primaryimage","url":"https:\/\/alume.org\/wp-content\/uploads\/2020\/11\/Ej9s0V9XsAA7ETL.jpg","contentUrl":"https:\/\/alume.org\/wp-content\/uploads\/2020\/11\/Ej9s0V9XsAA7ETL.jpg","width":2016,"height":1512},{"@type":"BreadcrumbList","@id":"https:\/\/alume.org\/dia-mundial-de-la-salud-mental-2020\/#breadcrumb","itemListElement":[{"@type":"ListItem","position":1,"name":"Portada","item":"https:\/\/alume.org\/es\/"},{"@type":"ListItem","position":2,"name":"D\u00eda Mundial de la Salud Mental 2020"}]},{"@type":"WebSite","@id":"https:\/\/alume.org\/es\/#website","url":"https:\/\/alume.org\/es\/","name":"Alume","description":"Sa\u00fade Mental","potentialAction":[{"@type":"SearchAction","target":{"@type":"EntryPoint","urlTemplate":"https:\/\/alume.org\/es\/?s={search_term_string}"},"query-input":{"@type":"PropertyValueSpecification","valueRequired":true,"valueName":"search_term_string"}}],"inLanguage":"es"},{"@type":"Person","@id":"https:\/\/alume.org\/es\/#\/schema\/person\/1f3bdce6d22c44d303385d77ae751737","name":"comunicacion"}]}},"_links":{"self":[{"href":"https:\/\/alume.org\/es\/wp-json\/wp\/v2\/posts\/5877","targetHints":{"allow":["GET"]}}],"collection":[{"href":"https:\/\/alume.org\/es\/wp-json\/wp\/v2\/posts"}],"about":[{"href":"https:\/\/alume.org\/es\/wp-json\/wp\/v2\/types\/post"}],"author":[{"embeddable":true,"href":"https:\/\/alume.org\/es\/wp-json\/wp\/v2\/users\/3"}],"replies":[{"embeddable":true,"href":"https:\/\/alume.org\/es\/wp-json\/wp\/v2\/comments?post=5877"}],"version-history":[{"count":2,"href":"https:\/\/alume.org\/es\/wp-json\/wp\/v2\/posts\/5877\/revisions"}],"predecessor-version":[{"id":5880,"href":"https:\/\/alume.org\/es\/wp-json\/wp\/v2\/posts\/5877\/revisions\/5880"}],"wp:featuredmedia":[{"embeddable":true,"href":"https:\/\/alume.org\/es\/wp-json\/wp\/v2\/media\/5878"}],"wp:attachment":[{"href":"https:\/\/alume.org\/es\/wp-json\/wp\/v2\/media?parent=5877"}],"wp:term":[{"taxonomy":"category","embeddable":true,"href":"https:\/\/alume.org\/es\/wp-json\/wp\/v2\/categories?post=5877"},{"taxonomy":"post_tag","embeddable":true,"href":"https:\/\/alume.org\/es\/wp-json\/wp\/v2\/tags?post=5877"}],"curies":[{"name":"wp","href":"https:\/\/api.w.org\/{rel}","templated":true}]}}