{"id":5884,"date":"2020-12-21T17:20:00","date_gmt":"2020-12-21T17:20:00","guid":{"rendered":"https:\/\/alume.org\/?p=5884"},"modified":"2021-01-18T17:30:00","modified_gmt":"2021-01-18T17:30:00","slug":"la-xunta-nos-cede-el-uso-de-la-antigua-sede-de-aspnais","status":"publish","type":"post","link":"https:\/\/alume.org\/es\/la-xunta-nos-cede-el-uso-de-la-antigua-sede-de-aspnais\/","title":{"rendered":"La Xunta nos cede el uso de la antigua sede de Aspnais"},"content":{"rendered":"\n<p>La Xunta nos ha cedido la antigua sede de Aspnais, ubicada en la Rampa de Claudio L\u00f3pez, por 15 a\u00f1os.<\/p>\n\n\n\n<p>Compartiremos este espacio con la asociaci\u00f3n Afalu, que atiende a personas con Alzheimer, lo que nos ayudar\u00e1 a desarrollar sinergias entre las entidades.<\/p>\n\n\n\n<p>A esta nueva sede trasladaremos nuestro centro de rehabilitaci\u00f3n psicosocial y laboral. Adem\u00e1s de dar continuidad al trabajo realizado hasta ahora, con estas instalaciones m\u00e1s amplias, podremos poner en marcha dos unidades nuevas: una de atenci\u00f3n a trastornos de la personalidad y otra de atenci\u00f3n temprana.<\/p>\n\n\n\n<p>Con este nuevo espacio, mejor situado, se facilita la integraci\u00f3n comunitaria tanto de los usuarios como de las propias actividades, m\u00e1s visibles y accesibles.<\/p>\n","protected":false},"excerpt":{"rendered":"<p>La Xunta nos ha cedido la antigua sede de Aspnais, ubicada en la Rampa de Claudio L\u00f3pez, por 15 a\u00f1os. Compartiremos este espacio con la asociaci\u00f3n Afalu, que atiende a personas con Alzheimer, lo que nos ayudar\u00e1 a desarrollar sinergias entre las entidades. A esta nueva sede trasladaremos nuestro centro de rehabilitaci\u00f3n psicosocial y laboral. [&hellip;]<\/p>\n","protected":false},"author":3,"featured_media":5885,"comment_status":"closed","ping_status":"closed","sticky":false,"template":"","format":"standard","meta":{"ngg_post_thumbnail":0,"footnotes":""},"categories":[62,66],"tags":[273,269,271,270,272],"class_list":{"0":"post-5884","1":"post","2":"type-post","3":"status-publish","4":"format-standard","5":"has-post-thumbnail","7":"category-novas","8":"category-post-slider","9":"tag-afalu","10":"tag-aspnais","11":"tag-atencion-temprana","12":"tag-local","13":"tag-trastornos-de-la-personalidad"},"yoast_head":"<!-- This site is optimized with the Yoast SEO plugin v27.5 - https:\/\/yoast.com\/product\/yoast-seo-wordpress\/ -->\n<title>La Xunta nos cede el uso de la antigua sede de Aspnais - Alume<\/title>\n<meta name=\"robots\" content=\"index, follow, max-snippet:-1, max-image-preview:large, max-video-preview:-1\" \/>\n<link rel=\"canonical\" href=\"https:\/\/alume.org\/es\/la-xunta-nos-cede-el-uso-de-la-antigua-sede-de-aspnais\/\" \/>\n<meta property=\"og:locale\" content=\"es_ES\" \/>\n<meta property=\"og:type\" content=\"article\" \/>\n<meta property=\"og:title\" content=\"La Xunta nos cede el uso de la antigua sede de Aspnais - Alume\" \/>\n<meta property=\"og:description\" content=\"La Xunta nos ha cedido la antigua sede de Aspnais, ubicada en la Rampa de Claudio L\u00f3pez, por 15 a\u00f1os. Compartiremos este espacio con la asociaci\u00f3n Afalu, que atiende a personas con Alzheimer, lo que nos ayudar\u00e1 a desarrollar sinergias entre las entidades. A esta nueva sede trasladaremos nuestro centro de rehabilitaci\u00f3n psicosocial y laboral. [&hellip;]\" \/>\n<meta property=\"og:url\" content=\"https:\/\/alume.org\/es\/la-xunta-nos-cede-el-uso-de-la-antigua-sede-de-aspnais\/\" \/>\n<meta property=\"og:site_name\" content=\"Alume\" \/>\n<meta property=\"article:published_time\" content=\"2020-12-21T17:20:00+00:00\" \/>\n<meta property=\"article:modified_time\" content=\"2021-01-18T17:30:00+00:00\" \/>\n<meta property=\"og:image\" content=\"https:\/\/alume.org\/wp-content\/uploads\/2021\/01\/125567134_3450354638418739_8784937258806716061_n.jpg\" \/>\n\t<meta property=\"og:image:width\" content=\"960\" \/>\n\t<meta property=\"og:image:height\" content=\"540\" \/>\n\t<meta property=\"og:image:type\" content=\"image\/jpeg\" \/>\n<meta name=\"author\" content=\"comunicacion\" \/>\n<meta name=\"twitter:card\" content=\"summary_large_image\" \/>\n<meta name=\"twitter:label1\" content=\"Escrito por\" \/>\n\t<meta name=\"twitter:data1\" content=\"comunicacion\" \/>\n\t<meta name=\"twitter:label2\" content=\"Tiempo de lectura\" \/>\n\t<meta name=\"twitter:data2\" content=\"1 minuto\" \/>\n<script type=\"application\/ld+json\" class=\"yoast-schema-graph\">{\"@context\":\"https:\\\/\\\/schema.org\",\"@graph\":[{\"@type\":\"Article\",\"@id\":\"https:\\\/\\\/alume.org\\\/es\\\/la-xunta-nos-cede-el-uso-de-la-antigua-sede-de-aspnais\\\/#article\",\"isPartOf\":{\"@id\":\"https:\\\/\\\/alume.org\\\/es\\\/la-xunta-nos-cede-el-uso-de-la-antigua-sede-de-aspnais\\\/\"},\"author\":{\"name\":\"comunicacion\",\"@id\":\"https:\\\/\\\/alume.org\\\/es\\\/#\\\/schema\\\/person\\\/1f3bdce6d22c44d303385d77ae751737\"},\"headline\":\"La Xunta nos cede el uso de la antigua sede de Aspnais\",\"datePublished\":\"2020-12-21T17:20:00+00:00\",\"dateModified\":\"2021-01-18T17:30:00+00:00\",\"mainEntityOfPage\":{\"@id\":\"https:\\\/\\\/alume.org\\\/es\\\/la-xunta-nos-cede-el-uso-de-la-antigua-sede-de-aspnais\\\/\"},\"wordCount\":134,\"image\":{\"@id\":\"https:\\\/\\\/alume.org\\\/es\\\/la-xunta-nos-cede-el-uso-de-la-antigua-sede-de-aspnais\\\/#primaryimage\"},\"thumbnailUrl\":\"https:\\\/\\\/alume.org\\\/wp-content\\\/uploads\\\/2021\\\/01\\\/125567134_3450354638418739_8784937258806716061_n.jpg\",\"keywords\":[\"afalu\",\"aspnais\",\"atenci\u00f3n temprana\",\"local\",\"trastornos de la personalidad\"],\"articleSection\":[\"Novas\",\"Post Slider\"],\"inLanguage\":\"es\"},{\"@type\":\"WebPage\",\"@id\":\"https:\\\/\\\/alume.org\\\/es\\\/la-xunta-nos-cede-el-uso-de-la-antigua-sede-de-aspnais\\\/\",\"url\":\"https:\\\/\\\/alume.org\\\/es\\\/la-xunta-nos-cede-el-uso-de-la-antigua-sede-de-aspnais\\\/\",\"name\":\"La Xunta nos cede el uso de la antigua sede de Aspnais - Alume\",\"isPartOf\":{\"@id\":\"https:\\\/\\\/alume.org\\\/es\\\/#website\"},\"primaryImageOfPage\":{\"@id\":\"https:\\\/\\\/alume.org\\\/es\\\/la-xunta-nos-cede-el-uso-de-la-antigua-sede-de-aspnais\\\/#primaryimage\"},\"image\":{\"@id\":\"https:\\\/\\\/alume.org\\\/es\\\/la-xunta-nos-cede-el-uso-de-la-antigua-sede-de-aspnais\\\/#primaryimage\"},\"thumbnailUrl\":\"https:\\\/\\\/alume.org\\\/wp-content\\\/uploads\\\/2021\\\/01\\\/125567134_3450354638418739_8784937258806716061_n.jpg\",\"datePublished\":\"2020-12-21T17:20:00+00:00\",\"dateModified\":\"2021-01-18T17:30:00+00:00\",\"author\":{\"@id\":\"https:\\\/\\\/alume.org\\\/es\\\/#\\\/schema\\\/person\\\/1f3bdce6d22c44d303385d77ae751737\"},\"breadcrumb\":{\"@id\":\"https:\\\/\\\/alume.org\\\/es\\\/la-xunta-nos-cede-el-uso-de-la-antigua-sede-de-aspnais\\\/#breadcrumb\"},\"inLanguage\":\"es\",\"potentialAction\":[{\"@type\":\"ReadAction\",\"target\":[\"https:\\\/\\\/alume.org\\\/es\\\/la-xunta-nos-cede-el-uso-de-la-antigua-sede-de-aspnais\\\/\"]}]},{\"@type\":\"ImageObject\",\"inLanguage\":\"es\",\"@id\":\"https:\\\/\\\/alume.org\\\/es\\\/la-xunta-nos-cede-el-uso-de-la-antigua-sede-de-aspnais\\\/#primaryimage\",\"url\":\"https:\\\/\\\/alume.org\\\/wp-content\\\/uploads\\\/2021\\\/01\\\/125567134_3450354638418739_8784937258806716061_n.jpg\",\"contentUrl\":\"https:\\\/\\\/alume.org\\\/wp-content\\\/uploads\\\/2021\\\/01\\\/125567134_3450354638418739_8784937258806716061_n.jpg\",\"width\":960,\"height\":540},{\"@type\":\"BreadcrumbList\",\"@id\":\"https:\\\/\\\/alume.org\\\/es\\\/la-xunta-nos-cede-el-uso-de-la-antigua-sede-de-aspnais\\\/#breadcrumb\",\"itemListElement\":[{\"@type\":\"ListItem\",\"position\":1,\"name\":\"Portada\",\"item\":\"https:\\\/\\\/alume.org\\\/es\\\/\"},{\"@type\":\"ListItem\",\"position\":2,\"name\":\"La Xunta nos cede el uso de la antigua sede de Aspnais\"}]},{\"@type\":\"WebSite\",\"@id\":\"https:\\\/\\\/alume.org\\\/es\\\/#website\",\"url\":\"https:\\\/\\\/alume.org\\\/es\\\/\",\"name\":\"Alume\",\"description\":\"Sa\u00fade Mental\",\"potentialAction\":[{\"@type\":\"SearchAction\",\"target\":{\"@type\":\"EntryPoint\",\"urlTemplate\":\"https:\\\/\\\/alume.org\\\/es\\\/?s={search_term_string}\"},\"query-input\":{\"@type\":\"PropertyValueSpecification\",\"valueRequired\":true,\"valueName\":\"search_term_string\"}}],\"inLanguage\":\"es\"},{\"@type\":\"Person\",\"@id\":\"https:\\\/\\\/alume.org\\\/es\\\/#\\\/schema\\\/person\\\/1f3bdce6d22c44d303385d77ae751737\",\"name\":\"comunicacion\"}]}<\/script>\n<!-- \/ Yoast SEO plugin. -->","yoast_head_json":{"title":"La Xunta nos cede el uso de la antigua sede de Aspnais - Alume","robots":{"index":"index","follow":"follow","max-snippet":"max-snippet:-1","max-image-preview":"max-image-preview:large","max-video-preview":"max-video-preview:-1"},"canonical":"https:\/\/alume.org\/es\/la-xunta-nos-cede-el-uso-de-la-antigua-sede-de-aspnais\/","og_locale":"es_ES","og_type":"article","og_title":"La Xunta nos cede el uso de la antigua sede de Aspnais - Alume","og_description":"La Xunta nos ha cedido la antigua sede de Aspnais, ubicada en la Rampa de Claudio L\u00f3pez, por 15 a\u00f1os. Compartiremos este espacio con la asociaci\u00f3n Afalu, que atiende a personas con Alzheimer, lo que nos ayudar\u00e1 a desarrollar sinergias entre las entidades. A esta nueva sede trasladaremos nuestro centro de rehabilitaci\u00f3n psicosocial y laboral. [&hellip;]","og_url":"https:\/\/alume.org\/es\/la-xunta-nos-cede-el-uso-de-la-antigua-sede-de-aspnais\/","og_site_name":"Alume","article_published_time":"2020-12-21T17:20:00+00:00","article_modified_time":"2021-01-18T17:30:00+00:00","og_image":[{"width":960,"height":540,"url":"https:\/\/alume.org\/wp-content\/uploads\/2021\/01\/125567134_3450354638418739_8784937258806716061_n.jpg","type":"image\/jpeg"}],"author":"comunicacion","twitter_card":"summary_large_image","twitter_misc":{"Escrito por":"comunicacion","Tiempo de lectura":"1 minuto"},"schema":{"@context":"https:\/\/schema.org","@graph":[{"@type":"Article","@id":"https:\/\/alume.org\/es\/la-xunta-nos-cede-el-uso-de-la-antigua-sede-de-aspnais\/#article","isPartOf":{"@id":"https:\/\/alume.org\/es\/la-xunta-nos-cede-el-uso-de-la-antigua-sede-de-aspnais\/"},"author":{"name":"comunicacion","@id":"https:\/\/alume.org\/es\/#\/schema\/person\/1f3bdce6d22c44d303385d77ae751737"},"headline":"La Xunta nos cede el uso de la antigua sede de Aspnais","datePublished":"2020-12-21T17:20:00+00:00","dateModified":"2021-01-18T17:30:00+00:00","mainEntityOfPage":{"@id":"https:\/\/alume.org\/es\/la-xunta-nos-cede-el-uso-de-la-antigua-sede-de-aspnais\/"},"wordCount":134,"image":{"@id":"https:\/\/alume.org\/es\/la-xunta-nos-cede-el-uso-de-la-antigua-sede-de-aspnais\/#primaryimage"},"thumbnailUrl":"https:\/\/alume.org\/wp-content\/uploads\/2021\/01\/125567134_3450354638418739_8784937258806716061_n.jpg","keywords":["afalu","aspnais","atenci\u00f3n temprana","local","trastornos de la personalidad"],"articleSection":["Novas","Post Slider"],"inLanguage":"es"},{"@type":"WebPage","@id":"https:\/\/alume.org\/es\/la-xunta-nos-cede-el-uso-de-la-antigua-sede-de-aspnais\/","url":"https:\/\/alume.org\/es\/la-xunta-nos-cede-el-uso-de-la-antigua-sede-de-aspnais\/","name":"La Xunta nos cede el uso de la antigua sede de Aspnais - Alume","isPartOf":{"@id":"https:\/\/alume.org\/es\/#website"},"primaryImageOfPage":{"@id":"https:\/\/alume.org\/es\/la-xunta-nos-cede-el-uso-de-la-antigua-sede-de-aspnais\/#primaryimage"},"image":{"@id":"https:\/\/alume.org\/es\/la-xunta-nos-cede-el-uso-de-la-antigua-sede-de-aspnais\/#primaryimage"},"thumbnailUrl":"https:\/\/alume.org\/wp-content\/uploads\/2021\/01\/125567134_3450354638418739_8784937258806716061_n.jpg","datePublished":"2020-12-21T17:20:00+00:00","dateModified":"2021-01-18T17:30:00+00:00","author":{"@id":"https:\/\/alume.org\/es\/#\/schema\/person\/1f3bdce6d22c44d303385d77ae751737"},"breadcrumb":{"@id":"https:\/\/alume.org\/es\/la-xunta-nos-cede-el-uso-de-la-antigua-sede-de-aspnais\/#breadcrumb"},"inLanguage":"es","potentialAction":[{"@type":"ReadAction","target":["https:\/\/alume.org\/es\/la-xunta-nos-cede-el-uso-de-la-antigua-sede-de-aspnais\/"]}]},{"@type":"ImageObject","inLanguage":"es","@id":"https:\/\/alume.org\/es\/la-xunta-nos-cede-el-uso-de-la-antigua-sede-de-aspnais\/#primaryimage","url":"https:\/\/alume.org\/wp-content\/uploads\/2021\/01\/125567134_3450354638418739_8784937258806716061_n.jpg","contentUrl":"https:\/\/alume.org\/wp-content\/uploads\/2021\/01\/125567134_3450354638418739_8784937258806716061_n.jpg","width":960,"height":540},{"@type":"BreadcrumbList","@id":"https:\/\/alume.org\/es\/la-xunta-nos-cede-el-uso-de-la-antigua-sede-de-aspnais\/#breadcrumb","itemListElement":[{"@type":"ListItem","position":1,"name":"Portada","item":"https:\/\/alume.org\/es\/"},{"@type":"ListItem","position":2,"name":"La Xunta nos cede el uso de la antigua sede de Aspnais"}]},{"@type":"WebSite","@id":"https:\/\/alume.org\/es\/#website","url":"https:\/\/alume.org\/es\/","name":"Alume","description":"Sa\u00fade Mental","potentialAction":[{"@type":"SearchAction","target":{"@type":"EntryPoint","urlTemplate":"https:\/\/alume.org\/es\/?s={search_term_string}"},"query-input":{"@type":"PropertyValueSpecification","valueRequired":true,"valueName":"search_term_string"}}],"inLanguage":"es"},{"@type":"Person","@id":"https:\/\/alume.org\/es\/#\/schema\/person\/1f3bdce6d22c44d303385d77ae751737","name":"comunicacion"}]}},"_links":{"self":[{"href":"https:\/\/alume.org\/es\/wp-json\/wp\/v2\/posts\/5884","targetHints":{"allow":["GET"]}}],"collection":[{"href":"https:\/\/alume.org\/es\/wp-json\/wp\/v2\/posts"}],"about":[{"href":"https:\/\/alume.org\/es\/wp-json\/wp\/v2\/types\/post"}],"author":[{"embeddable":true,"href":"https:\/\/alume.org\/es\/wp-json\/wp\/v2\/users\/3"}],"replies":[{"embeddable":true,"href":"https:\/\/alume.org\/es\/wp-json\/wp\/v2\/comments?post=5884"}],"version-history":[{"count":2,"href":"https:\/\/alume.org\/es\/wp-json\/wp\/v2\/posts\/5884\/revisions"}],"predecessor-version":[{"id":5887,"href":"https:\/\/alume.org\/es\/wp-json\/wp\/v2\/posts\/5884\/revisions\/5887"}],"wp:featuredmedia":[{"embeddable":true,"href":"https:\/\/alume.org\/es\/wp-json\/wp\/v2\/media\/5885"}],"wp:attachment":[{"href":"https:\/\/alume.org\/es\/wp-json\/wp\/v2\/media?parent=5884"}],"wp:term":[{"taxonomy":"category","embeddable":true,"href":"https:\/\/alume.org\/es\/wp-json\/wp\/v2\/categories?post=5884"},{"taxonomy":"post_tag","embeddable":true,"href":"https:\/\/alume.org\/es\/wp-json\/wp\/v2\/tags?post=5884"}],"curies":[{"name":"wp","href":"https:\/\/api.w.org\/{rel}","templated":true}]}}