{"id":5953,"date":"2021-06-04T11:05:25","date_gmt":"2021-06-04T11:05:25","guid":{"rendered":"https:\/\/alume.org\/?p=5953"},"modified":"2021-06-04T11:05:25","modified_gmt":"2021-06-04T11:05:25","slug":"como-es-el-programa-que-llevamos-a-cabo-en-las-prisiones","status":"publish","type":"post","link":"https:\/\/alume.org\/es\/como-es-el-programa-que-llevamos-a-cabo-en-las-prisiones\/","title":{"rendered":"\u00bfC\u00f3mo es el programa que llevamos a cabo en las prisiones?"},"content":{"rendered":"<p>En este art\u00edculo os vamos a presentar el programa que llevamos a cabo en prisiones, gracias a la entrevista realizada por 5 usuarias de la entidad Laura, psic\u00f3loga del programa y por Bel\u00e9n, terapeuta ocupacional, a los internos participantes del mismo en las prisiones de Bonxe y Monterroso.<\/p>\n<p>Desde el 2011, Alume ha venido realizando un programa de atenci\u00f3n a personas con trastorno mental severo en las prisiones de Bonxe y Monterroso. Este programa tiene principalmente 2 objetivos:<\/p>\n<ul>\n<li>Dar visibilidad a un colectivo que se encuentra escondido y bastante desatendido en prisi\u00f3n.<\/li>\n<li>Mejorar la calidad de vida de estos usuarios dentro del centro penitenciario.<\/li>\n<\/ul>\n<p>Dentro del programa se realizan actividades de psicoeducaci\u00f3n y manejo de la enfermedad por parte de la psic\u00f3loga, y talleres de habilidades cognitivas, psicomotricidad y habilidades sociales, por parte de la terapeuta ocupacional y una de las trabajadoras sociales de la entidad.<\/p>\n<p>Aunque el trabajo es un poco complejo, porque los participantes a veces muestran poca motivaci\u00f3n, vemos que nuestra labor es valorada, y lo que m\u00e1s valoran es que les hagamos caso, seg\u00fan cuenta Laura, psic\u00f3loga del programa, \u201cEs un espacio que tienen para ellos, para hablar de un tema en el que all\u00ed no se les pregunta gran cosa. No suele haber inter\u00e9s para hablar con las personas para ver que tal est\u00e1n, qu\u00e9 les pasa. Valoran tener un espacio espec\u00edfico para ellos.\u201d Y tambi\u00e9n valoran, en palabras de un participante que \u201cayuda a mantenerme ocupado y distra\u00eddo, me suelo relajar si ando un poco agitado\u201d en un d\u00eda a d\u00eda que todos coinciden en que se hace largo y aburrido. A\u00fan as\u00ed, hasta llegar a esto cuesta hacerles entender que participar en el programa les aporta beneficios a su salud mental y tambi\u00e9n, en algunas ocasiones, penitenciarios.<\/p>\n<p>Otras dificultades las encontramos en la parte econ\u00f3mica y en las actividades que podemos llevar a cabo en el centro penitenciario, por el material que podemos introducir. Al final prima la creatividad para poder hacer las cosas, ya que no podemos entrar con mucho m\u00e1s que bol\u00edgrafos y folios.<\/p>\n<p>Tambi\u00e9n aporta Laura que si se le permitiese mejorar algo \u201char\u00eda obligatoria la formaci\u00f3n espec\u00edfica en salud mental para los trabajadores de all\u00ed dentro\u201d aunque reconoce que ha visto la evoluci\u00f3n en estos a\u00f1os que lleva en el programa y dice \u201cA\u00fan as\u00ed, no podemos depender de que est\u00e9n o no formados, ya que hay internos con problemas de salud mental en todos los centros\u201d.<\/p>\n<p>Sobre la atenci\u00f3n a las personas con enfermedad mental en prisi\u00f3n, queda a\u00fan por hacer para que su atenci\u00f3n sea la adecuada. Los centros penitenciarios son recursos que se supone buscan la rehabilitaci\u00f3n y reinserci\u00f3n de las personas, pero que no cuentan con la financiaci\u00f3n necesaria para poder hacerlo. Al final son las entidades sociales las que entran a cubrir esos huecos, por eso nos encontramos con programas implantados por Cruz Roja, Aliad, APCA, o nosotros.<\/p>\n<p>En las prisiones de Lugo tampoco hay un psiquiatra en plantilla. De hecho, hasta hace poco los presos ten\u00edan que solicitar sus citas, que fuesen aprobadas y salir escoltados por guardias civiles y pasar el rato en la sala de espera esposados. Con esto, muchos de ellos decid\u00edan no salir a las citas. Tambi\u00e9n en Monterroso contaban con un psiquiatra que acud\u00eda voluntariamente, cuando pod\u00eda. Esto no era una situaci\u00f3n ideal, por lo que a base de insistir, se consigui\u00f3 hace 3 a\u00f1os que las personas con trastorno mental severo fuesen incluidas en el cupo de atenci\u00f3n del equipo de continuidad de cuidados, y as\u00ed poder hacer una revisi\u00f3n peri\u00f3dica por parte del psiquiatra dentro de la prisi\u00f3n.<\/p>\n<p>Con la pandemia, en los primeros meses se fren\u00f3 la atenci\u00f3n presencial, pudiendo solamente prestar apoyo telef\u00f3nico desde la asociaci\u00f3n a los profesionales que intervienen con los usuarios. En junio del a\u00f1o pasado, pudimos volver a entrar en Bonxe, en un principio por locutorio, lo que implica tener por medio una mampara, y como dice uno de los participantes \u201chacer actividades all\u00ed es complicado\u201d. En julio pudimos volver a entrar en Monterroso, y la situaci\u00f3n se normaliz\u00f3 un poco en las dos prisiones, pudiendo regresar a los espacios que antes utiliz\u00e1bamos, pero con grupos m\u00e1s reducidos o incluso de forma individualizada para minimizar riesgos. Un usuario precisamente se queja de que \u201cno estamos vacunados, siendo las prisiones un\u00a0 grupo de riesgo debido a las muchas enfermedades que aqu\u00ed existen, VIH, problemas de pulm\u00f3n, hepatitis, problemas respiratorios, etc.\u201d<\/p>\n<p>Las personas con las que trabajamos var\u00edan constantemente, aunque ahora no tanto por la pandemia, pues los traslados est\u00e1n parados. Hay participantes que llevan m\u00e1s 5 a\u00f1os y los hay que acaban de empezar. Tambi\u00e9n los hay que ya hab\u00edan estado en el programa en otras prisiones.<\/p>\n<p>Estos internos suelen contar con una escasa red social de apoyo, que adem\u00e1s tiende a estar desestructurada, cuando no es inexistente, por lo que es normal que a la pregunta de c\u00f3mo se sienten dentro de la prisi\u00f3n haya esta respuesta \u201cDespu\u00e9s de 9 a\u00f1os preso y falt\u00e1ndome para salir un a\u00f1o y 9 meses tengo miedo. Lo perd\u00ed todo: familia, hijos. Todo. Me veo solo en el mundo. En prisi\u00f3n tengo de todo, en la calle no tengo nada. No s\u00e9 que puedo hacer el d\u00eda que salga y la c\u00e1rcel lo \u00fanico que me aport\u00f3 fue empeorar yo y quedarme sin nada en la vida.\u201d.<\/p>\n<p>Conclu\u00edmos reinvindicando la necesidad del programa y de la mejora en la atenci\u00f3n a los usuarios y en su visibilizaci\u00f3n, ya que tanto la enfermedad mental como el estar en prisi\u00f3n est\u00e1n altamente estigmatizados, y estas personas se encuentran con un doble estigma que les hace dif\u00edcil el conseguir su inclusi\u00f3n social.<\/p>\n<p>&nbsp;<\/p>\n","protected":false},"excerpt":{"rendered":"<p>En este art\u00edculo os vamos a presentar el programa que llevamos a cabo en prisiones, gracias a la entrevista realizada por 5 usuarias de la entidad Laura, psic\u00f3loga del programa y por Bel\u00e9n, terapeuta ocupacional, a los internos participantes del mismo en las prisiones de Bonxe y Monterroso. Desde el 2011, Alume ha venido realizando [&hellip;]<\/p>\n","protected":false},"author":3,"featured_media":5954,"comment_status":"closed","ping_status":"closed","sticky":false,"template":"","format":"standard","meta":{"ngg_post_thumbnail":0,"footnotes":""},"categories":[62,66],"tags":[291,289,290,292,287,288],"class_list":{"0":"post-5953","1":"post","2":"type-post","3":"status-publish","4":"format-standard","5":"has-post-thumbnail","7":"category-novas","8":"category-post-slider","9":"tag-bonxe","10":"tag-continuidad-de-cuidados","11":"tag-internos","12":"tag-monterroso","13":"tag-prision","14":"tag-trastorno-mental"},"yoast_head":"<!-- This site is optimized with the Yoast SEO plugin v27.5 - https:\/\/yoast.com\/product\/yoast-seo-wordpress\/ -->\n<title>\u00bfC\u00f3mo es el programa que llevamos a cabo en las prisiones? - Alume<\/title>\n<meta name=\"robots\" content=\"index, follow, max-snippet:-1, max-image-preview:large, max-video-preview:-1\" \/>\n<link rel=\"canonical\" href=\"https:\/\/alume.org\/como-es-el-programa-que-llevamos-a-cabo-en-las-prisiones\/\" \/>\n<meta property=\"og:locale\" content=\"es_ES\" \/>\n<meta property=\"og:type\" content=\"article\" \/>\n<meta property=\"og:title\" content=\"\u00bfC\u00f3mo es el programa que llevamos a cabo en las prisiones? - Alume\" \/>\n<meta property=\"og:description\" content=\"En este art\u00edculo os vamos a presentar el programa que llevamos a cabo en prisiones, gracias a la entrevista realizada por 5 usuarias de la entidad Laura, psic\u00f3loga del programa y por Bel\u00e9n, terapeuta ocupacional, a los internos participantes del mismo en las prisiones de Bonxe y Monterroso. Desde el 2011, Alume ha venido realizando [&hellip;]\" \/>\n<meta property=\"og:url\" content=\"https:\/\/alume.org\/como-es-el-programa-que-llevamos-a-cabo-en-las-prisiones\/\" \/>\n<meta property=\"og:site_name\" content=\"Alume\" \/>\n<meta property=\"article:published_time\" content=\"2021-06-04T11:05:25+00:00\" \/>\n<meta property=\"og:image\" content=\"https:\/\/alume.org\/wp-content\/uploads\/2021\/06\/Noticia-web-paiem.jpg\" \/>\n\t<meta property=\"og:image:width\" content=\"2016\" \/>\n\t<meta property=\"og:image:height\" content=\"1512\" \/>\n\t<meta property=\"og:image:type\" content=\"image\/jpeg\" \/>\n<meta name=\"author\" content=\"comunicacion\" \/>\n<meta name=\"twitter:card\" content=\"summary_large_image\" \/>\n<meta name=\"twitter:label1\" content=\"Escrito por\" \/>\n\t<meta name=\"twitter:data1\" content=\"comunicacion\" \/>\n\t<meta name=\"twitter:label2\" content=\"Tiempo de lectura\" \/>\n\t<meta name=\"twitter:data2\" content=\"5 minutos\" \/>\n<script type=\"application\/ld+json\" class=\"yoast-schema-graph\">{\"@context\":\"https:\\\/\\\/schema.org\",\"@graph\":[{\"@type\":\"Article\",\"@id\":\"https:\\\/\\\/alume.org\\\/como-es-el-programa-que-llevamos-a-cabo-en-las-prisiones\\\/#article\",\"isPartOf\":{\"@id\":\"https:\\\/\\\/alume.org\\\/como-es-el-programa-que-llevamos-a-cabo-en-las-prisiones\\\/\"},\"author\":{\"name\":\"comunicacion\",\"@id\":\"https:\\\/\\\/alume.org\\\/es\\\/#\\\/schema\\\/person\\\/1f3bdce6d22c44d303385d77ae751737\"},\"headline\":\"\u00bfC\u00f3mo es el programa que llevamos a cabo en las prisiones?\",\"datePublished\":\"2021-06-04T11:05:25+00:00\",\"mainEntityOfPage\":{\"@id\":\"https:\\\/\\\/alume.org\\\/como-es-el-programa-que-llevamos-a-cabo-en-las-prisiones\\\/\"},\"wordCount\":1031,\"image\":{\"@id\":\"https:\\\/\\\/alume.org\\\/como-es-el-programa-que-llevamos-a-cabo-en-las-prisiones\\\/#primaryimage\"},\"thumbnailUrl\":\"https:\\\/\\\/alume.org\\\/wp-content\\\/uploads\\\/2021\\\/06\\\/Noticia-web-paiem.jpg\",\"keywords\":[\"Bonxe\",\"continuidad de cuidados\",\"internos\",\"Monterroso\",\"prisi\u00f3n\",\"trastorno mental\"],\"articleSection\":[\"Novas\",\"Post Slider\"],\"inLanguage\":\"es\"},{\"@type\":\"WebPage\",\"@id\":\"https:\\\/\\\/alume.org\\\/como-es-el-programa-que-llevamos-a-cabo-en-las-prisiones\\\/\",\"url\":\"https:\\\/\\\/alume.org\\\/como-es-el-programa-que-llevamos-a-cabo-en-las-prisiones\\\/\",\"name\":\"\u00bfC\u00f3mo es el programa que llevamos a cabo en las prisiones? - Alume\",\"isPartOf\":{\"@id\":\"https:\\\/\\\/alume.org\\\/es\\\/#website\"},\"primaryImageOfPage\":{\"@id\":\"https:\\\/\\\/alume.org\\\/como-es-el-programa-que-llevamos-a-cabo-en-las-prisiones\\\/#primaryimage\"},\"image\":{\"@id\":\"https:\\\/\\\/alume.org\\\/como-es-el-programa-que-llevamos-a-cabo-en-las-prisiones\\\/#primaryimage\"},\"thumbnailUrl\":\"https:\\\/\\\/alume.org\\\/wp-content\\\/uploads\\\/2021\\\/06\\\/Noticia-web-paiem.jpg\",\"datePublished\":\"2021-06-04T11:05:25+00:00\",\"author\":{\"@id\":\"https:\\\/\\\/alume.org\\\/es\\\/#\\\/schema\\\/person\\\/1f3bdce6d22c44d303385d77ae751737\"},\"breadcrumb\":{\"@id\":\"https:\\\/\\\/alume.org\\\/como-es-el-programa-que-llevamos-a-cabo-en-las-prisiones\\\/#breadcrumb\"},\"inLanguage\":\"es\",\"potentialAction\":[{\"@type\":\"ReadAction\",\"target\":[\"https:\\\/\\\/alume.org\\\/como-es-el-programa-que-llevamos-a-cabo-en-las-prisiones\\\/\"]}]},{\"@type\":\"ImageObject\",\"inLanguage\":\"es\",\"@id\":\"https:\\\/\\\/alume.org\\\/como-es-el-programa-que-llevamos-a-cabo-en-las-prisiones\\\/#primaryimage\",\"url\":\"https:\\\/\\\/alume.org\\\/wp-content\\\/uploads\\\/2021\\\/06\\\/Noticia-web-paiem.jpg\",\"contentUrl\":\"https:\\\/\\\/alume.org\\\/wp-content\\\/uploads\\\/2021\\\/06\\\/Noticia-web-paiem.jpg\",\"width\":2016,\"height\":1512},{\"@type\":\"BreadcrumbList\",\"@id\":\"https:\\\/\\\/alume.org\\\/como-es-el-programa-que-llevamos-a-cabo-en-las-prisiones\\\/#breadcrumb\",\"itemListElement\":[{\"@type\":\"ListItem\",\"position\":1,\"name\":\"Portada\",\"item\":\"https:\\\/\\\/alume.org\\\/es\\\/\"},{\"@type\":\"ListItem\",\"position\":2,\"name\":\"\u00bfC\u00f3mo es el programa que llevamos a cabo en las prisiones?\"}]},{\"@type\":\"WebSite\",\"@id\":\"https:\\\/\\\/alume.org\\\/es\\\/#website\",\"url\":\"https:\\\/\\\/alume.org\\\/es\\\/\",\"name\":\"Alume\",\"description\":\"Sa\u00fade Mental\",\"potentialAction\":[{\"@type\":\"SearchAction\",\"target\":{\"@type\":\"EntryPoint\",\"urlTemplate\":\"https:\\\/\\\/alume.org\\\/es\\\/?s={search_term_string}\"},\"query-input\":{\"@type\":\"PropertyValueSpecification\",\"valueRequired\":true,\"valueName\":\"search_term_string\"}}],\"inLanguage\":\"es\"},{\"@type\":\"Person\",\"@id\":\"https:\\\/\\\/alume.org\\\/es\\\/#\\\/schema\\\/person\\\/1f3bdce6d22c44d303385d77ae751737\",\"name\":\"comunicacion\"}]}<\/script>\n<!-- \/ Yoast SEO plugin. -->","yoast_head_json":{"title":"\u00bfC\u00f3mo es el programa que llevamos a cabo en las prisiones? - Alume","robots":{"index":"index","follow":"follow","max-snippet":"max-snippet:-1","max-image-preview":"max-image-preview:large","max-video-preview":"max-video-preview:-1"},"canonical":"https:\/\/alume.org\/como-es-el-programa-que-llevamos-a-cabo-en-las-prisiones\/","og_locale":"es_ES","og_type":"article","og_title":"\u00bfC\u00f3mo es el programa que llevamos a cabo en las prisiones? - Alume","og_description":"En este art\u00edculo os vamos a presentar el programa que llevamos a cabo en prisiones, gracias a la entrevista realizada por 5 usuarias de la entidad Laura, psic\u00f3loga del programa y por Bel\u00e9n, terapeuta ocupacional, a los internos participantes del mismo en las prisiones de Bonxe y Monterroso. Desde el 2011, Alume ha venido realizando [&hellip;]","og_url":"https:\/\/alume.org\/como-es-el-programa-que-llevamos-a-cabo-en-las-prisiones\/","og_site_name":"Alume","article_published_time":"2021-06-04T11:05:25+00:00","og_image":[{"width":2016,"height":1512,"url":"https:\/\/alume.org\/wp-content\/uploads\/2021\/06\/Noticia-web-paiem.jpg","type":"image\/jpeg"}],"author":"comunicacion","twitter_card":"summary_large_image","twitter_misc":{"Escrito por":"comunicacion","Tiempo de lectura":"5 minutos"},"schema":{"@context":"https:\/\/schema.org","@graph":[{"@type":"Article","@id":"https:\/\/alume.org\/como-es-el-programa-que-llevamos-a-cabo-en-las-prisiones\/#article","isPartOf":{"@id":"https:\/\/alume.org\/como-es-el-programa-que-llevamos-a-cabo-en-las-prisiones\/"},"author":{"name":"comunicacion","@id":"https:\/\/alume.org\/es\/#\/schema\/person\/1f3bdce6d22c44d303385d77ae751737"},"headline":"\u00bfC\u00f3mo es el programa que llevamos a cabo en las prisiones?","datePublished":"2021-06-04T11:05:25+00:00","mainEntityOfPage":{"@id":"https:\/\/alume.org\/como-es-el-programa-que-llevamos-a-cabo-en-las-prisiones\/"},"wordCount":1031,"image":{"@id":"https:\/\/alume.org\/como-es-el-programa-que-llevamos-a-cabo-en-las-prisiones\/#primaryimage"},"thumbnailUrl":"https:\/\/alume.org\/wp-content\/uploads\/2021\/06\/Noticia-web-paiem.jpg","keywords":["Bonxe","continuidad de cuidados","internos","Monterroso","prisi\u00f3n","trastorno mental"],"articleSection":["Novas","Post Slider"],"inLanguage":"es"},{"@type":"WebPage","@id":"https:\/\/alume.org\/como-es-el-programa-que-llevamos-a-cabo-en-las-prisiones\/","url":"https:\/\/alume.org\/como-es-el-programa-que-llevamos-a-cabo-en-las-prisiones\/","name":"\u00bfC\u00f3mo es el programa que llevamos a cabo en las prisiones? - Alume","isPartOf":{"@id":"https:\/\/alume.org\/es\/#website"},"primaryImageOfPage":{"@id":"https:\/\/alume.org\/como-es-el-programa-que-llevamos-a-cabo-en-las-prisiones\/#primaryimage"},"image":{"@id":"https:\/\/alume.org\/como-es-el-programa-que-llevamos-a-cabo-en-las-prisiones\/#primaryimage"},"thumbnailUrl":"https:\/\/alume.org\/wp-content\/uploads\/2021\/06\/Noticia-web-paiem.jpg","datePublished":"2021-06-04T11:05:25+00:00","author":{"@id":"https:\/\/alume.org\/es\/#\/schema\/person\/1f3bdce6d22c44d303385d77ae751737"},"breadcrumb":{"@id":"https:\/\/alume.org\/como-es-el-programa-que-llevamos-a-cabo-en-las-prisiones\/#breadcrumb"},"inLanguage":"es","potentialAction":[{"@type":"ReadAction","target":["https:\/\/alume.org\/como-es-el-programa-que-llevamos-a-cabo-en-las-prisiones\/"]}]},{"@type":"ImageObject","inLanguage":"es","@id":"https:\/\/alume.org\/como-es-el-programa-que-llevamos-a-cabo-en-las-prisiones\/#primaryimage","url":"https:\/\/alume.org\/wp-content\/uploads\/2021\/06\/Noticia-web-paiem.jpg","contentUrl":"https:\/\/alume.org\/wp-content\/uploads\/2021\/06\/Noticia-web-paiem.jpg","width":2016,"height":1512},{"@type":"BreadcrumbList","@id":"https:\/\/alume.org\/como-es-el-programa-que-llevamos-a-cabo-en-las-prisiones\/#breadcrumb","itemListElement":[{"@type":"ListItem","position":1,"name":"Portada","item":"https:\/\/alume.org\/es\/"},{"@type":"ListItem","position":2,"name":"\u00bfC\u00f3mo es el programa que llevamos a cabo en las prisiones?"}]},{"@type":"WebSite","@id":"https:\/\/alume.org\/es\/#website","url":"https:\/\/alume.org\/es\/","name":"Alume","description":"Sa\u00fade Mental","potentialAction":[{"@type":"SearchAction","target":{"@type":"EntryPoint","urlTemplate":"https:\/\/alume.org\/es\/?s={search_term_string}"},"query-input":{"@type":"PropertyValueSpecification","valueRequired":true,"valueName":"search_term_string"}}],"inLanguage":"es"},{"@type":"Person","@id":"https:\/\/alume.org\/es\/#\/schema\/person\/1f3bdce6d22c44d303385d77ae751737","name":"comunicacion"}]}},"_links":{"self":[{"href":"https:\/\/alume.org\/es\/wp-json\/wp\/v2\/posts\/5953","targetHints":{"allow":["GET"]}}],"collection":[{"href":"https:\/\/alume.org\/es\/wp-json\/wp\/v2\/posts"}],"about":[{"href":"https:\/\/alume.org\/es\/wp-json\/wp\/v2\/types\/post"}],"author":[{"embeddable":true,"href":"https:\/\/alume.org\/es\/wp-json\/wp\/v2\/users\/3"}],"replies":[{"embeddable":true,"href":"https:\/\/alume.org\/es\/wp-json\/wp\/v2\/comments?post=5953"}],"version-history":[{"count":1,"href":"https:\/\/alume.org\/es\/wp-json\/wp\/v2\/posts\/5953\/revisions"}],"predecessor-version":[{"id":5955,"href":"https:\/\/alume.org\/es\/wp-json\/wp\/v2\/posts\/5953\/revisions\/5955"}],"wp:featuredmedia":[{"embeddable":true,"href":"https:\/\/alume.org\/es\/wp-json\/wp\/v2\/media\/5954"}],"wp:attachment":[{"href":"https:\/\/alume.org\/es\/wp-json\/wp\/v2\/media?parent=5953"}],"wp:term":[{"taxonomy":"category","embeddable":true,"href":"https:\/\/alume.org\/es\/wp-json\/wp\/v2\/categories?post=5953"},{"taxonomy":"post_tag","embeddable":true,"href":"https:\/\/alume.org\/es\/wp-json\/wp\/v2\/tags?post=5953"}],"curies":[{"name":"wp","href":"https:\/\/api.w.org\/{rel}","templated":true}]}}