{"id":5992,"date":"2021-10-15T10:11:55","date_gmt":"2021-10-15T10:11:55","guid":{"rendered":"https:\/\/alume.org\/?p=5992"},"modified":"2021-10-15T10:11:55","modified_gmt":"2021-10-15T10:11:55","slug":"visitas-inmersivas-gracias-a-la-red-museistica-de-lugo","status":"publish","type":"post","link":"https:\/\/alume.org\/es\/visitas-inmersivas-gracias-a-la-red-museistica-de-lugo\/","title":{"rendered":"Visitas inmersivas, gracias a la Red Muse\u00edstica de Lugo"},"content":{"rendered":"<p>Nos hemos puesto en contacto con la Red Muse\u00edstica de Lugo, con el objetivo de realizar alguna actividad cultural que nos permitiese conocer m\u00e1s sobre nuestro entorno. Desde la Red nos han propuesto un programa de diversas actividades, entre ellas visitas inmersivas a los diferentes museos que componen esta red.<\/p>\n<p>Estas actividades las iniciamos con la visita virtual al Pazo de Tor, despu\u00e9s de hacer un taller relacionado con la historia de los pazos de Galicia y hablando de las historias que envuelven a pazos famosos como el de Meir\u00e1s o Bai\u00f3n.<\/p>\n<p>Diferentes grupos podr\u00e1n disfrutar de estas actividades durante los siguientes mi\u00e9rcoles, en los que conoceremos el Museo do Mar, San Paio de Narla y el Museo Provincial.<\/p>\n","protected":false},"excerpt":{"rendered":"<p>Nos hemos puesto en contacto con la Red Muse\u00edstica de Lugo, con el objetivo de realizar alguna actividad cultural que nos permitiese conocer m\u00e1s sobre nuestro entorno. Desde la Red nos han propuesto un programa de diversas actividades, entre ellas visitas inmersivas a los diferentes museos que componen esta red. Estas actividades las iniciamos con [&hellip;]<\/p>\n","protected":false},"author":3,"featured_media":5993,"comment_status":"closed","ping_status":"closed","sticky":false,"template":"","format":"standard","meta":{"ngg_post_thumbnail":0,"footnotes":""},"categories":[62,66],"tags":[305,306,304],"class_list":{"0":"post-5992","1":"post","2":"type-post","3":"status-publish","4":"format-standard","5":"has-post-thumbnail","7":"category-novas","8":"category-post-slider","9":"tag-museo","10":"tag-rede-museistica-de-lugo","11":"tag-visitas-inmersivas"},"yoast_head":"<!-- This site is optimized with the Yoast SEO plugin v27.5 - https:\/\/yoast.com\/product\/yoast-seo-wordpress\/ -->\n<title>Visitas inmersivas, gracias a la Red Muse\u00edstica de Lugo - Alume<\/title>\n<meta name=\"robots\" content=\"index, follow, max-snippet:-1, max-image-preview:large, max-video-preview:-1\" \/>\n<link rel=\"canonical\" href=\"https:\/\/alume.org\/es\/visitas-inmersivas-gracias-a-la-red-museistica-de-lugo\/\" \/>\n<meta property=\"og:locale\" content=\"es_ES\" \/>\n<meta property=\"og:type\" content=\"article\" \/>\n<meta property=\"og:title\" content=\"Visitas inmersivas, gracias a la Red Muse\u00edstica de Lugo - Alume\" \/>\n<meta property=\"og:description\" content=\"Nos hemos puesto en contacto con la Red Muse\u00edstica de Lugo, con el objetivo de realizar alguna actividad cultural que nos permitiese conocer m\u00e1s sobre nuestro entorno. Desde la Red nos han propuesto un programa de diversas actividades, entre ellas visitas inmersivas a los diferentes museos que componen esta red. Estas actividades las iniciamos con [&hellip;]\" \/>\n<meta property=\"og:url\" content=\"https:\/\/alume.org\/es\/visitas-inmersivas-gracias-a-la-red-museistica-de-lugo\/\" \/>\n<meta property=\"og:site_name\" content=\"Alume\" \/>\n<meta property=\"article:published_time\" content=\"2021-10-15T10:11:55+00:00\" \/>\n<meta property=\"og:image\" content=\"https:\/\/alume.org\/wp-content\/uploads\/2021\/10\/IMG-20211015-WA0007.jpg\" \/>\n\t<meta property=\"og:image:width\" content=\"1600\" \/>\n\t<meta property=\"og:image:height\" content=\"739\" \/>\n\t<meta property=\"og:image:type\" content=\"image\/jpeg\" \/>\n<meta name=\"author\" content=\"comunicacion\" \/>\n<meta name=\"twitter:card\" content=\"summary_large_image\" \/>\n<meta name=\"twitter:label1\" content=\"Escrito por\" \/>\n\t<meta name=\"twitter:data1\" content=\"comunicacion\" \/>\n\t<meta name=\"twitter:label2\" content=\"Tiempo de lectura\" \/>\n\t<meta name=\"twitter:data2\" content=\"1 minuto\" \/>\n<script type=\"application\/ld+json\" class=\"yoast-schema-graph\">{\"@context\":\"https:\\\/\\\/schema.org\",\"@graph\":[{\"@type\":\"Article\",\"@id\":\"https:\\\/\\\/alume.org\\\/es\\\/visitas-inmersivas-gracias-a-la-red-museistica-de-lugo\\\/#article\",\"isPartOf\":{\"@id\":\"https:\\\/\\\/alume.org\\\/es\\\/visitas-inmersivas-gracias-a-la-red-museistica-de-lugo\\\/\"},\"author\":{\"name\":\"comunicacion\",\"@id\":\"https:\\\/\\\/alume.org\\\/es\\\/#\\\/schema\\\/person\\\/1f3bdce6d22c44d303385d77ae751737\"},\"headline\":\"Visitas inmersivas, gracias a la Red Muse\u00edstica de Lugo\",\"datePublished\":\"2021-10-15T10:11:55+00:00\",\"mainEntityOfPage\":{\"@id\":\"https:\\\/\\\/alume.org\\\/es\\\/visitas-inmersivas-gracias-a-la-red-museistica-de-lugo\\\/\"},\"wordCount\":136,\"image\":{\"@id\":\"https:\\\/\\\/alume.org\\\/es\\\/visitas-inmersivas-gracias-a-la-red-museistica-de-lugo\\\/#primaryimage\"},\"thumbnailUrl\":\"https:\\\/\\\/alume.org\\\/wp-content\\\/uploads\\\/2021\\\/10\\\/IMG-20211015-WA0007.jpg\",\"keywords\":[\"museo\",\"rede muse\u00edstica de lugo\",\"visitas inmersivas\"],\"articleSection\":[\"Novas\",\"Post Slider\"],\"inLanguage\":\"es\"},{\"@type\":\"WebPage\",\"@id\":\"https:\\\/\\\/alume.org\\\/es\\\/visitas-inmersivas-gracias-a-la-red-museistica-de-lugo\\\/\",\"url\":\"https:\\\/\\\/alume.org\\\/es\\\/visitas-inmersivas-gracias-a-la-red-museistica-de-lugo\\\/\",\"name\":\"Visitas inmersivas, gracias a la Red Muse\u00edstica de Lugo - Alume\",\"isPartOf\":{\"@id\":\"https:\\\/\\\/alume.org\\\/es\\\/#website\"},\"primaryImageOfPage\":{\"@id\":\"https:\\\/\\\/alume.org\\\/es\\\/visitas-inmersivas-gracias-a-la-red-museistica-de-lugo\\\/#primaryimage\"},\"image\":{\"@id\":\"https:\\\/\\\/alume.org\\\/es\\\/visitas-inmersivas-gracias-a-la-red-museistica-de-lugo\\\/#primaryimage\"},\"thumbnailUrl\":\"https:\\\/\\\/alume.org\\\/wp-content\\\/uploads\\\/2021\\\/10\\\/IMG-20211015-WA0007.jpg\",\"datePublished\":\"2021-10-15T10:11:55+00:00\",\"author\":{\"@id\":\"https:\\\/\\\/alume.org\\\/es\\\/#\\\/schema\\\/person\\\/1f3bdce6d22c44d303385d77ae751737\"},\"breadcrumb\":{\"@id\":\"https:\\\/\\\/alume.org\\\/es\\\/visitas-inmersivas-gracias-a-la-red-museistica-de-lugo\\\/#breadcrumb\"},\"inLanguage\":\"es\",\"potentialAction\":[{\"@type\":\"ReadAction\",\"target\":[\"https:\\\/\\\/alume.org\\\/es\\\/visitas-inmersivas-gracias-a-la-red-museistica-de-lugo\\\/\"]}]},{\"@type\":\"ImageObject\",\"inLanguage\":\"es\",\"@id\":\"https:\\\/\\\/alume.org\\\/es\\\/visitas-inmersivas-gracias-a-la-red-museistica-de-lugo\\\/#primaryimage\",\"url\":\"https:\\\/\\\/alume.org\\\/wp-content\\\/uploads\\\/2021\\\/10\\\/IMG-20211015-WA0007.jpg\",\"contentUrl\":\"https:\\\/\\\/alume.org\\\/wp-content\\\/uploads\\\/2021\\\/10\\\/IMG-20211015-WA0007.jpg\",\"width\":1600,\"height\":739},{\"@type\":\"BreadcrumbList\",\"@id\":\"https:\\\/\\\/alume.org\\\/es\\\/visitas-inmersivas-gracias-a-la-red-museistica-de-lugo\\\/#breadcrumb\",\"itemListElement\":[{\"@type\":\"ListItem\",\"position\":1,\"name\":\"Portada\",\"item\":\"https:\\\/\\\/alume.org\\\/es\\\/\"},{\"@type\":\"ListItem\",\"position\":2,\"name\":\"Visitas inmersivas, gracias a la Red Muse\u00edstica de Lugo\"}]},{\"@type\":\"WebSite\",\"@id\":\"https:\\\/\\\/alume.org\\\/es\\\/#website\",\"url\":\"https:\\\/\\\/alume.org\\\/es\\\/\",\"name\":\"Alume\",\"description\":\"Sa\u00fade Mental\",\"potentialAction\":[{\"@type\":\"SearchAction\",\"target\":{\"@type\":\"EntryPoint\",\"urlTemplate\":\"https:\\\/\\\/alume.org\\\/es\\\/?s={search_term_string}\"},\"query-input\":{\"@type\":\"PropertyValueSpecification\",\"valueRequired\":true,\"valueName\":\"search_term_string\"}}],\"inLanguage\":\"es\"},{\"@type\":\"Person\",\"@id\":\"https:\\\/\\\/alume.org\\\/es\\\/#\\\/schema\\\/person\\\/1f3bdce6d22c44d303385d77ae751737\",\"name\":\"comunicacion\"}]}<\/script>\n<!-- \/ Yoast SEO plugin. -->","yoast_head_json":{"title":"Visitas inmersivas, gracias a la Red Muse\u00edstica de Lugo - Alume","robots":{"index":"index","follow":"follow","max-snippet":"max-snippet:-1","max-image-preview":"max-image-preview:large","max-video-preview":"max-video-preview:-1"},"canonical":"https:\/\/alume.org\/es\/visitas-inmersivas-gracias-a-la-red-museistica-de-lugo\/","og_locale":"es_ES","og_type":"article","og_title":"Visitas inmersivas, gracias a la Red Muse\u00edstica de Lugo - Alume","og_description":"Nos hemos puesto en contacto con la Red Muse\u00edstica de Lugo, con el objetivo de realizar alguna actividad cultural que nos permitiese conocer m\u00e1s sobre nuestro entorno. Desde la Red nos han propuesto un programa de diversas actividades, entre ellas visitas inmersivas a los diferentes museos que componen esta red. Estas actividades las iniciamos con [&hellip;]","og_url":"https:\/\/alume.org\/es\/visitas-inmersivas-gracias-a-la-red-museistica-de-lugo\/","og_site_name":"Alume","article_published_time":"2021-10-15T10:11:55+00:00","og_image":[{"width":1600,"height":739,"url":"https:\/\/alume.org\/wp-content\/uploads\/2021\/10\/IMG-20211015-WA0007.jpg","type":"image\/jpeg"}],"author":"comunicacion","twitter_card":"summary_large_image","twitter_misc":{"Escrito por":"comunicacion","Tiempo de lectura":"1 minuto"},"schema":{"@context":"https:\/\/schema.org","@graph":[{"@type":"Article","@id":"https:\/\/alume.org\/es\/visitas-inmersivas-gracias-a-la-red-museistica-de-lugo\/#article","isPartOf":{"@id":"https:\/\/alume.org\/es\/visitas-inmersivas-gracias-a-la-red-museistica-de-lugo\/"},"author":{"name":"comunicacion","@id":"https:\/\/alume.org\/es\/#\/schema\/person\/1f3bdce6d22c44d303385d77ae751737"},"headline":"Visitas inmersivas, gracias a la Red Muse\u00edstica de Lugo","datePublished":"2021-10-15T10:11:55+00:00","mainEntityOfPage":{"@id":"https:\/\/alume.org\/es\/visitas-inmersivas-gracias-a-la-red-museistica-de-lugo\/"},"wordCount":136,"image":{"@id":"https:\/\/alume.org\/es\/visitas-inmersivas-gracias-a-la-red-museistica-de-lugo\/#primaryimage"},"thumbnailUrl":"https:\/\/alume.org\/wp-content\/uploads\/2021\/10\/IMG-20211015-WA0007.jpg","keywords":["museo","rede muse\u00edstica de lugo","visitas inmersivas"],"articleSection":["Novas","Post Slider"],"inLanguage":"es"},{"@type":"WebPage","@id":"https:\/\/alume.org\/es\/visitas-inmersivas-gracias-a-la-red-museistica-de-lugo\/","url":"https:\/\/alume.org\/es\/visitas-inmersivas-gracias-a-la-red-museistica-de-lugo\/","name":"Visitas inmersivas, gracias a la Red Muse\u00edstica de Lugo - Alume","isPartOf":{"@id":"https:\/\/alume.org\/es\/#website"},"primaryImageOfPage":{"@id":"https:\/\/alume.org\/es\/visitas-inmersivas-gracias-a-la-red-museistica-de-lugo\/#primaryimage"},"image":{"@id":"https:\/\/alume.org\/es\/visitas-inmersivas-gracias-a-la-red-museistica-de-lugo\/#primaryimage"},"thumbnailUrl":"https:\/\/alume.org\/wp-content\/uploads\/2021\/10\/IMG-20211015-WA0007.jpg","datePublished":"2021-10-15T10:11:55+00:00","author":{"@id":"https:\/\/alume.org\/es\/#\/schema\/person\/1f3bdce6d22c44d303385d77ae751737"},"breadcrumb":{"@id":"https:\/\/alume.org\/es\/visitas-inmersivas-gracias-a-la-red-museistica-de-lugo\/#breadcrumb"},"inLanguage":"es","potentialAction":[{"@type":"ReadAction","target":["https:\/\/alume.org\/es\/visitas-inmersivas-gracias-a-la-red-museistica-de-lugo\/"]}]},{"@type":"ImageObject","inLanguage":"es","@id":"https:\/\/alume.org\/es\/visitas-inmersivas-gracias-a-la-red-museistica-de-lugo\/#primaryimage","url":"https:\/\/alume.org\/wp-content\/uploads\/2021\/10\/IMG-20211015-WA0007.jpg","contentUrl":"https:\/\/alume.org\/wp-content\/uploads\/2021\/10\/IMG-20211015-WA0007.jpg","width":1600,"height":739},{"@type":"BreadcrumbList","@id":"https:\/\/alume.org\/es\/visitas-inmersivas-gracias-a-la-red-museistica-de-lugo\/#breadcrumb","itemListElement":[{"@type":"ListItem","position":1,"name":"Portada","item":"https:\/\/alume.org\/es\/"},{"@type":"ListItem","position":2,"name":"Visitas inmersivas, gracias a la Red Muse\u00edstica de Lugo"}]},{"@type":"WebSite","@id":"https:\/\/alume.org\/es\/#website","url":"https:\/\/alume.org\/es\/","name":"Alume","description":"Sa\u00fade Mental","potentialAction":[{"@type":"SearchAction","target":{"@type":"EntryPoint","urlTemplate":"https:\/\/alume.org\/es\/?s={search_term_string}"},"query-input":{"@type":"PropertyValueSpecification","valueRequired":true,"valueName":"search_term_string"}}],"inLanguage":"es"},{"@type":"Person","@id":"https:\/\/alume.org\/es\/#\/schema\/person\/1f3bdce6d22c44d303385d77ae751737","name":"comunicacion"}]}},"_links":{"self":[{"href":"https:\/\/alume.org\/es\/wp-json\/wp\/v2\/posts\/5992","targetHints":{"allow":["GET"]}}],"collection":[{"href":"https:\/\/alume.org\/es\/wp-json\/wp\/v2\/posts"}],"about":[{"href":"https:\/\/alume.org\/es\/wp-json\/wp\/v2\/types\/post"}],"author":[{"embeddable":true,"href":"https:\/\/alume.org\/es\/wp-json\/wp\/v2\/users\/3"}],"replies":[{"embeddable":true,"href":"https:\/\/alume.org\/es\/wp-json\/wp\/v2\/comments?post=5992"}],"version-history":[{"count":1,"href":"https:\/\/alume.org\/es\/wp-json\/wp\/v2\/posts\/5992\/revisions"}],"predecessor-version":[{"id":5994,"href":"https:\/\/alume.org\/es\/wp-json\/wp\/v2\/posts\/5992\/revisions\/5994"}],"wp:featuredmedia":[{"embeddable":true,"href":"https:\/\/alume.org\/es\/wp-json\/wp\/v2\/media\/5993"}],"wp:attachment":[{"href":"https:\/\/alume.org\/es\/wp-json\/wp\/v2\/media?parent=5992"}],"wp:term":[{"taxonomy":"category","embeddable":true,"href":"https:\/\/alume.org\/es\/wp-json\/wp\/v2\/categories?post=5992"},{"taxonomy":"post_tag","embeddable":true,"href":"https:\/\/alume.org\/es\/wp-json\/wp\/v2\/tags?post=5992"}],"curies":[{"name":"wp","href":"https:\/\/api.w.org\/{rel}","templated":true}]}}