{"id":5996,"date":"2021-12-01T12:11:57","date_gmt":"2021-12-01T12:11:57","guid":{"rendered":"https:\/\/alume.org\/?p=5996"},"modified":"2021-12-17T10:21:14","modified_gmt":"2021-12-17T10:21:14","slug":"haciendo-el-camino-de-santiago","status":"publish","type":"post","link":"https:\/\/alume.org\/es\/haciendo-el-camino-de-santiago\/","title":{"rendered":"Haciendo el Camino de Santiago"},"content":{"rendered":"<p>En este A\u00f1o Santo, seis usuarios de la entidad se han animado a realizar las \u00faltimas cuatro etapas del Camino de Santiago. Esta actividad fue organizada por Feafes Galicia, y supone una vuelta a la normalidad tras un par\u00f3n provocado por la pandemia.<\/p>\n<p>Su Camino comenz\u00f3 en Melide, y lo realizaron durante cuatro viernes consecutivos. En \u00e9l, aparte de nuestros usuarios, participaron otras 20 personas de diferentes asociaciones de la Federaci\u00f3n.<\/p>\n<p>La actividad termin\u00f3 el 19 de noviembre, con la llegada de los peregrinos a la Plaza del Obradoiro.<\/p>\n<p>Los participantes destacan de esta experiencia la posibilidad de conocer el Camino, los impresionantes paisajes, que el tiempo les acompa\u00f1\u00f3 y no tuvieron que caminar con lluvia y que el recorrido era f\u00e1cil de hacer y no muy intenso. Han resaltado que se animar\u00edan a repetir.<\/p>\n","protected":false},"excerpt":{"rendered":"<p>En este A\u00f1o Santo, seis usuarios de la entidad se han animado a realizar las \u00faltimas cuatro etapas del Camino de Santiago. Esta actividad fue organizada por Feafes Galicia, y supone una vuelta a la normalidad tras un par\u00f3n provocado por la pandemia. Su Camino comenz\u00f3 en Melide, y lo realizaron durante cuatro viernes consecutivos. [&hellip;]<\/p>\n","protected":false},"author":3,"featured_media":5997,"comment_status":"closed","ping_status":"closed","sticky":false,"template":"","format":"standard","meta":{"ngg_post_thumbnail":0,"footnotes":""},"categories":[62],"tags":[307,145],"class_list":{"0":"post-5996","1":"post","2":"type-post","3":"status-publish","4":"format-standard","5":"has-post-thumbnail","7":"category-novas","8":"tag-camino-de-satiago","9":"tag-feafes-galicia"},"yoast_head":"<!-- This site is optimized with the Yoast SEO plugin v27.5 - https:\/\/yoast.com\/product\/yoast-seo-wordpress\/ -->\n<title>Haciendo el Camino de Santiago - Alume<\/title>\n<meta name=\"description\" content=\"Usuarios de la entidad se animaron a participar en las \u00faltimas cuatro etapas del Camino de Santiago.\" \/>\n<meta name=\"robots\" content=\"index, follow, max-snippet:-1, max-image-preview:large, max-video-preview:-1\" \/>\n<link rel=\"canonical\" href=\"https:\/\/alume.org\/es\/haciendo-el-camino-de-santiago\/\" \/>\n<meta property=\"og:locale\" content=\"es_ES\" \/>\n<meta property=\"og:type\" content=\"article\" \/>\n<meta property=\"og:title\" content=\"Haciendo el Camino de Santiago - Alume\" \/>\n<meta property=\"og:description\" content=\"Usuarios de la entidad se animaron a participar en las \u00faltimas cuatro etapas del Camino de Santiago.\" \/>\n<meta property=\"og:url\" content=\"https:\/\/alume.org\/es\/haciendo-el-camino-de-santiago\/\" \/>\n<meta property=\"og:site_name\" content=\"Alume\" \/>\n<meta property=\"article:published_time\" content=\"2021-12-01T12:11:57+00:00\" \/>\n<meta property=\"article:modified_time\" content=\"2021-12-17T10:21:14+00:00\" \/>\n<meta property=\"og:image\" content=\"https:\/\/alume.org\/wp-content\/uploads\/2021\/12\/IMG-20211108-WA0000.jpg\" \/>\n\t<meta property=\"og:image:width\" content=\"1617\" \/>\n\t<meta property=\"og:image:height\" content=\"1158\" \/>\n\t<meta property=\"og:image:type\" content=\"image\/jpeg\" \/>\n<meta name=\"author\" content=\"comunicacion\" \/>\n<meta name=\"twitter:card\" content=\"summary_large_image\" \/>\n<meta name=\"twitter:label1\" content=\"Escrito por\" \/>\n\t<meta name=\"twitter:data1\" content=\"comunicacion\" \/>\n\t<meta name=\"twitter:label2\" content=\"Tiempo de lectura\" \/>\n\t<meta name=\"twitter:data2\" content=\"1 minuto\" \/>\n<script type=\"application\/ld+json\" class=\"yoast-schema-graph\">{\"@context\":\"https:\\\/\\\/schema.org\",\"@graph\":[{\"@type\":\"Article\",\"@id\":\"https:\\\/\\\/alume.org\\\/es\\\/haciendo-el-camino-de-santiago\\\/#article\",\"isPartOf\":{\"@id\":\"https:\\\/\\\/alume.org\\\/es\\\/haciendo-el-camino-de-santiago\\\/\"},\"author\":{\"name\":\"comunicacion\",\"@id\":\"https:\\\/\\\/alume.org\\\/es\\\/#\\\/schema\\\/person\\\/1f3bdce6d22c44d303385d77ae751737\"},\"headline\":\"Haciendo el Camino de Santiago\",\"datePublished\":\"2021-12-01T12:11:57+00:00\",\"dateModified\":\"2021-12-17T10:21:14+00:00\",\"mainEntityOfPage\":{\"@id\":\"https:\\\/\\\/alume.org\\\/es\\\/haciendo-el-camino-de-santiago\\\/\"},\"wordCount\":143,\"image\":{\"@id\":\"https:\\\/\\\/alume.org\\\/es\\\/haciendo-el-camino-de-santiago\\\/#primaryimage\"},\"thumbnailUrl\":\"https:\\\/\\\/alume.org\\\/wp-content\\\/uploads\\\/2021\\\/12\\\/IMG-20211108-WA0000.jpg\",\"keywords\":[\"Camino de Satiago\",\"feafes galicia\"],\"articleSection\":[\"Novas\"],\"inLanguage\":\"es\"},{\"@type\":\"WebPage\",\"@id\":\"https:\\\/\\\/alume.org\\\/es\\\/haciendo-el-camino-de-santiago\\\/\",\"url\":\"https:\\\/\\\/alume.org\\\/es\\\/haciendo-el-camino-de-santiago\\\/\",\"name\":\"Haciendo el Camino de Santiago - Alume\",\"isPartOf\":{\"@id\":\"https:\\\/\\\/alume.org\\\/es\\\/#website\"},\"primaryImageOfPage\":{\"@id\":\"https:\\\/\\\/alume.org\\\/es\\\/haciendo-el-camino-de-santiago\\\/#primaryimage\"},\"image\":{\"@id\":\"https:\\\/\\\/alume.org\\\/es\\\/haciendo-el-camino-de-santiago\\\/#primaryimage\"},\"thumbnailUrl\":\"https:\\\/\\\/alume.org\\\/wp-content\\\/uploads\\\/2021\\\/12\\\/IMG-20211108-WA0000.jpg\",\"datePublished\":\"2021-12-01T12:11:57+00:00\",\"dateModified\":\"2021-12-17T10:21:14+00:00\",\"author\":{\"@id\":\"https:\\\/\\\/alume.org\\\/es\\\/#\\\/schema\\\/person\\\/1f3bdce6d22c44d303385d77ae751737\"},\"description\":\"Usuarios de la entidad se animaron a participar en las \u00faltimas cuatro etapas del Camino de Santiago.\",\"breadcrumb\":{\"@id\":\"https:\\\/\\\/alume.org\\\/es\\\/haciendo-el-camino-de-santiago\\\/#breadcrumb\"},\"inLanguage\":\"es\",\"potentialAction\":[{\"@type\":\"ReadAction\",\"target\":[\"https:\\\/\\\/alume.org\\\/es\\\/haciendo-el-camino-de-santiago\\\/\"]}]},{\"@type\":\"ImageObject\",\"inLanguage\":\"es\",\"@id\":\"https:\\\/\\\/alume.org\\\/es\\\/haciendo-el-camino-de-santiago\\\/#primaryimage\",\"url\":\"https:\\\/\\\/alume.org\\\/wp-content\\\/uploads\\\/2021\\\/12\\\/IMG-20211108-WA0000.jpg\",\"contentUrl\":\"https:\\\/\\\/alume.org\\\/wp-content\\\/uploads\\\/2021\\\/12\\\/IMG-20211108-WA0000.jpg\",\"width\":1617,\"height\":1158},{\"@type\":\"BreadcrumbList\",\"@id\":\"https:\\\/\\\/alume.org\\\/es\\\/haciendo-el-camino-de-santiago\\\/#breadcrumb\",\"itemListElement\":[{\"@type\":\"ListItem\",\"position\":1,\"name\":\"Portada\",\"item\":\"https:\\\/\\\/alume.org\\\/es\\\/\"},{\"@type\":\"ListItem\",\"position\":2,\"name\":\"Haciendo el Camino de Santiago\"}]},{\"@type\":\"WebSite\",\"@id\":\"https:\\\/\\\/alume.org\\\/es\\\/#website\",\"url\":\"https:\\\/\\\/alume.org\\\/es\\\/\",\"name\":\"Alume\",\"description\":\"Sa\u00fade Mental\",\"potentialAction\":[{\"@type\":\"SearchAction\",\"target\":{\"@type\":\"EntryPoint\",\"urlTemplate\":\"https:\\\/\\\/alume.org\\\/es\\\/?s={search_term_string}\"},\"query-input\":{\"@type\":\"PropertyValueSpecification\",\"valueRequired\":true,\"valueName\":\"search_term_string\"}}],\"inLanguage\":\"es\"},{\"@type\":\"Person\",\"@id\":\"https:\\\/\\\/alume.org\\\/es\\\/#\\\/schema\\\/person\\\/1f3bdce6d22c44d303385d77ae751737\",\"name\":\"comunicacion\"}]}<\/script>\n<!-- \/ Yoast SEO plugin. -->","yoast_head_json":{"title":"Haciendo el Camino de Santiago - Alume","description":"Usuarios de la entidad se animaron a participar en las \u00faltimas cuatro etapas del Camino de Santiago.","robots":{"index":"index","follow":"follow","max-snippet":"max-snippet:-1","max-image-preview":"max-image-preview:large","max-video-preview":"max-video-preview:-1"},"canonical":"https:\/\/alume.org\/es\/haciendo-el-camino-de-santiago\/","og_locale":"es_ES","og_type":"article","og_title":"Haciendo el Camino de Santiago - Alume","og_description":"Usuarios de la entidad se animaron a participar en las \u00faltimas cuatro etapas del Camino de Santiago.","og_url":"https:\/\/alume.org\/es\/haciendo-el-camino-de-santiago\/","og_site_name":"Alume","article_published_time":"2021-12-01T12:11:57+00:00","article_modified_time":"2021-12-17T10:21:14+00:00","og_image":[{"width":1617,"height":1158,"url":"https:\/\/alume.org\/wp-content\/uploads\/2021\/12\/IMG-20211108-WA0000.jpg","type":"image\/jpeg"}],"author":"comunicacion","twitter_card":"summary_large_image","twitter_misc":{"Escrito por":"comunicacion","Tiempo de lectura":"1 minuto"},"schema":{"@context":"https:\/\/schema.org","@graph":[{"@type":"Article","@id":"https:\/\/alume.org\/es\/haciendo-el-camino-de-santiago\/#article","isPartOf":{"@id":"https:\/\/alume.org\/es\/haciendo-el-camino-de-santiago\/"},"author":{"name":"comunicacion","@id":"https:\/\/alume.org\/es\/#\/schema\/person\/1f3bdce6d22c44d303385d77ae751737"},"headline":"Haciendo el Camino de Santiago","datePublished":"2021-12-01T12:11:57+00:00","dateModified":"2021-12-17T10:21:14+00:00","mainEntityOfPage":{"@id":"https:\/\/alume.org\/es\/haciendo-el-camino-de-santiago\/"},"wordCount":143,"image":{"@id":"https:\/\/alume.org\/es\/haciendo-el-camino-de-santiago\/#primaryimage"},"thumbnailUrl":"https:\/\/alume.org\/wp-content\/uploads\/2021\/12\/IMG-20211108-WA0000.jpg","keywords":["Camino de Satiago","feafes galicia"],"articleSection":["Novas"],"inLanguage":"es"},{"@type":"WebPage","@id":"https:\/\/alume.org\/es\/haciendo-el-camino-de-santiago\/","url":"https:\/\/alume.org\/es\/haciendo-el-camino-de-santiago\/","name":"Haciendo el Camino de Santiago - Alume","isPartOf":{"@id":"https:\/\/alume.org\/es\/#website"},"primaryImageOfPage":{"@id":"https:\/\/alume.org\/es\/haciendo-el-camino-de-santiago\/#primaryimage"},"image":{"@id":"https:\/\/alume.org\/es\/haciendo-el-camino-de-santiago\/#primaryimage"},"thumbnailUrl":"https:\/\/alume.org\/wp-content\/uploads\/2021\/12\/IMG-20211108-WA0000.jpg","datePublished":"2021-12-01T12:11:57+00:00","dateModified":"2021-12-17T10:21:14+00:00","author":{"@id":"https:\/\/alume.org\/es\/#\/schema\/person\/1f3bdce6d22c44d303385d77ae751737"},"description":"Usuarios de la entidad se animaron a participar en las \u00faltimas cuatro etapas del Camino de Santiago.","breadcrumb":{"@id":"https:\/\/alume.org\/es\/haciendo-el-camino-de-santiago\/#breadcrumb"},"inLanguage":"es","potentialAction":[{"@type":"ReadAction","target":["https:\/\/alume.org\/es\/haciendo-el-camino-de-santiago\/"]}]},{"@type":"ImageObject","inLanguage":"es","@id":"https:\/\/alume.org\/es\/haciendo-el-camino-de-santiago\/#primaryimage","url":"https:\/\/alume.org\/wp-content\/uploads\/2021\/12\/IMG-20211108-WA0000.jpg","contentUrl":"https:\/\/alume.org\/wp-content\/uploads\/2021\/12\/IMG-20211108-WA0000.jpg","width":1617,"height":1158},{"@type":"BreadcrumbList","@id":"https:\/\/alume.org\/es\/haciendo-el-camino-de-santiago\/#breadcrumb","itemListElement":[{"@type":"ListItem","position":1,"name":"Portada","item":"https:\/\/alume.org\/es\/"},{"@type":"ListItem","position":2,"name":"Haciendo el Camino de Santiago"}]},{"@type":"WebSite","@id":"https:\/\/alume.org\/es\/#website","url":"https:\/\/alume.org\/es\/","name":"Alume","description":"Sa\u00fade Mental","potentialAction":[{"@type":"SearchAction","target":{"@type":"EntryPoint","urlTemplate":"https:\/\/alume.org\/es\/?s={search_term_string}"},"query-input":{"@type":"PropertyValueSpecification","valueRequired":true,"valueName":"search_term_string"}}],"inLanguage":"es"},{"@type":"Person","@id":"https:\/\/alume.org\/es\/#\/schema\/person\/1f3bdce6d22c44d303385d77ae751737","name":"comunicacion"}]}},"_links":{"self":[{"href":"https:\/\/alume.org\/es\/wp-json\/wp\/v2\/posts\/5996","targetHints":{"allow":["GET"]}}],"collection":[{"href":"https:\/\/alume.org\/es\/wp-json\/wp\/v2\/posts"}],"about":[{"href":"https:\/\/alume.org\/es\/wp-json\/wp\/v2\/types\/post"}],"author":[{"embeddable":true,"href":"https:\/\/alume.org\/es\/wp-json\/wp\/v2\/users\/3"}],"replies":[{"embeddable":true,"href":"https:\/\/alume.org\/es\/wp-json\/wp\/v2\/comments?post=5996"}],"version-history":[{"count":1,"href":"https:\/\/alume.org\/es\/wp-json\/wp\/v2\/posts\/5996\/revisions"}],"predecessor-version":[{"id":5998,"href":"https:\/\/alume.org\/es\/wp-json\/wp\/v2\/posts\/5996\/revisions\/5998"}],"wp:featuredmedia":[{"embeddable":true,"href":"https:\/\/alume.org\/es\/wp-json\/wp\/v2\/media\/5997"}],"wp:attachment":[{"href":"https:\/\/alume.org\/es\/wp-json\/wp\/v2\/media?parent=5996"}],"wp:term":[{"taxonomy":"category","embeddable":true,"href":"https:\/\/alume.org\/es\/wp-json\/wp\/v2\/categories?post=5996"},{"taxonomy":"post_tag","embeddable":true,"href":"https:\/\/alume.org\/es\/wp-json\/wp\/v2\/tags?post=5996"}],"curies":[{"name":"wp","href":"https:\/\/api.w.org\/{rel}","templated":true}]}}