{"id":6003,"date":"2021-12-10T12:34:24","date_gmt":"2021-12-10T12:34:24","guid":{"rendered":"https:\/\/alume.org\/?p=6003"},"modified":"2021-12-10T12:34:24","modified_gmt":"2021-12-10T12:34:24","slug":"calendario-de-adviento","status":"publish","type":"post","link":"https:\/\/alume.org\/es\/calendario-de-adviento\/","title":{"rendered":"Calendario de Adviento"},"content":{"rendered":"<p>Esta Navidad propusimos como iniciativa hacer un Calendario de Adviento para que los\/las nuestros\/las usuarios\/las pudieran recibir un regalo en estas fechas. Hoy fue el primer d\u00eda que se inici\u00f3 la apertura y entrega de detalles, a lo que accede por sorteo, evidentemente aquel que recibe regalo un d\u00eda ya no vuelve a participar en los siguientes sorteos.<\/p>\n<p>Puesto que tenemos dos grupos al largo de la ma\u00f1ana, hicimos un calendario para cada uno de ellos. Por eso ver\u00e9is que hay dos ganadores en el d\u00eda de hoy.<\/p>\n<p>&nbsp;<\/p>\n<div id='gallery-1' class='gallery galleryid-6003 gallery-columns-3 gallery-size-portrait'><figure class='gallery-item'>\n\t\t\t<div class='gallery-icon landscape'>\n\t\t\t\t<a href='https:\/\/alume.org\/wp-content\/uploads\/2021\/12\/1638378804603.jpg'><img loading=\"lazy\" decoding=\"async\" width=\"440\" height=\"473\" src=\"https:\/\/alume.org\/wp-content\/uploads\/2021\/12\/1638378804603-440x473.jpg\" class=\"attachment-portrait size-portrait\" alt=\"\" \/><\/a>\n\t\t\t<\/div><\/figure><figure class='gallery-item'>\n\t\t\t<div class='gallery-icon landscape'>\n\t\t\t\t<a href='https:\/\/alume.org\/wp-content\/uploads\/2021\/12\/1638378804587.jpg'><img loading=\"lazy\" decoding=\"async\" width=\"440\" height=\"473\" src=\"https:\/\/alume.org\/wp-content\/uploads\/2021\/12\/1638378804587-440x473.jpg\" class=\"attachment-portrait size-portrait\" alt=\"\" \/><\/a>\n\t\t\t<\/div><\/figure><figure class='gallery-item'>\n\t\t\t<div class='gallery-icon landscape'>\n\t\t\t\t<a href='https:\/\/alume.org\/wp-content\/uploads\/2021\/12\/1638378804534.jpg'><img loading=\"lazy\" decoding=\"async\" width=\"440\" height=\"473\" src=\"https:\/\/alume.org\/wp-content\/uploads\/2021\/12\/1638378804534-440x473.jpg\" class=\"attachment-portrait size-portrait\" alt=\"\" \/><\/a>\n\t\t\t<\/div><\/figure>\n\t\t<\/div>\n\n","protected":false},"excerpt":{"rendered":"<p>Esta Navidad propusimos como iniciativa hacer un Calendario de Adviento para que los\/las nuestros\/las usuarios\/las pudieran recibir un regalo en estas fechas. Hoy fue el primer d\u00eda que se inici\u00f3 la apertura y entrega de detalles, a lo que accede por sorteo, evidentemente aquel que recibe regalo un d\u00eda ya no vuelve a participar en [&hellip;]<\/p>\n","protected":false},"author":1,"featured_media":6005,"comment_status":"closed","ping_status":"closed","sticky":false,"template":"","format":"standard","meta":{"ngg_post_thumbnail":0,"footnotes":""},"categories":[62],"tags":[],"class_list":{"0":"post-6003","1":"post","2":"type-post","3":"status-publish","4":"format-standard","5":"has-post-thumbnail","7":"category-novas"},"yoast_head":"<!-- This site is optimized with the Yoast SEO plugin v27.5 - https:\/\/yoast.com\/product\/yoast-seo-wordpress\/ -->\n<title>Calendario de Adviento - Alume<\/title>\n<meta name=\"robots\" content=\"index, follow, max-snippet:-1, max-image-preview:large, max-video-preview:-1\" \/>\n<link rel=\"canonical\" href=\"https:\/\/alume.org\/es\/calendario-de-adviento\/\" \/>\n<meta property=\"og:locale\" content=\"es_ES\" \/>\n<meta property=\"og:type\" content=\"article\" \/>\n<meta property=\"og:title\" content=\"Calendario de Adviento - Alume\" \/>\n<meta property=\"og:description\" content=\"Esta Navidad propusimos como iniciativa hacer un Calendario de Adviento para que los\/las nuestros\/las usuarios\/las pudieran recibir un regalo en estas fechas. Hoy fue el primer d\u00eda que se inici\u00f3 la apertura y entrega de detalles, a lo que accede por sorteo, evidentemente aquel que recibe regalo un d\u00eda ya no vuelve a participar en [&hellip;]\" \/>\n<meta property=\"og:url\" content=\"https:\/\/alume.org\/es\/calendario-de-adviento\/\" \/>\n<meta property=\"og:site_name\" content=\"Alume\" \/>\n<meta property=\"article:published_time\" content=\"2021-12-10T12:34:24+00:00\" \/>\n<meta property=\"og:image\" content=\"https:\/\/alume.org\/wp-content\/uploads\/2021\/12\/1638378804534.jpg\" \/>\n\t<meta property=\"og:image:width\" content=\"1024\" \/>\n\t<meta property=\"og:image:height\" content=\"473\" \/>\n\t<meta property=\"og:image:type\" content=\"image\/jpeg\" \/>\n<meta name=\"author\" content=\"alume\" \/>\n<meta name=\"twitter:card\" content=\"summary_large_image\" \/>\n<meta name=\"twitter:label1\" content=\"Escrito por\" \/>\n\t<meta name=\"twitter:data1\" content=\"alume\" \/>\n\t<meta name=\"twitter:label2\" content=\"Tiempo de lectura\" \/>\n\t<meta name=\"twitter:data2\" content=\"1 minuto\" \/>\n<script type=\"application\/ld+json\" class=\"yoast-schema-graph\">{\"@context\":\"https:\\\/\\\/schema.org\",\"@graph\":[{\"@type\":\"Article\",\"@id\":\"https:\\\/\\\/alume.org\\\/es\\\/calendario-de-adviento\\\/#article\",\"isPartOf\":{\"@id\":\"https:\\\/\\\/alume.org\\\/es\\\/calendario-de-adviento\\\/\"},\"author\":{\"name\":\"alume\",\"@id\":\"https:\\\/\\\/alume.org\\\/es\\\/#\\\/schema\\\/person\\\/6e8d9dc61906f446062bcd178142786e\"},\"headline\":\"Calendario de Adviento\",\"datePublished\":\"2021-12-10T12:34:24+00:00\",\"mainEntityOfPage\":{\"@id\":\"https:\\\/\\\/alume.org\\\/es\\\/calendario-de-adviento\\\/\"},\"wordCount\":106,\"image\":{\"@id\":\"https:\\\/\\\/alume.org\\\/es\\\/calendario-de-adviento\\\/#primaryimage\"},\"thumbnailUrl\":\"https:\\\/\\\/alume.org\\\/wp-content\\\/uploads\\\/2021\\\/12\\\/1638378804534.jpg\",\"articleSection\":[\"Novas\"],\"inLanguage\":\"es\"},{\"@type\":\"WebPage\",\"@id\":\"https:\\\/\\\/alume.org\\\/es\\\/calendario-de-adviento\\\/\",\"url\":\"https:\\\/\\\/alume.org\\\/es\\\/calendario-de-adviento\\\/\",\"name\":\"Calendario de Adviento - Alume\",\"isPartOf\":{\"@id\":\"https:\\\/\\\/alume.org\\\/es\\\/#website\"},\"primaryImageOfPage\":{\"@id\":\"https:\\\/\\\/alume.org\\\/es\\\/calendario-de-adviento\\\/#primaryimage\"},\"image\":{\"@id\":\"https:\\\/\\\/alume.org\\\/es\\\/calendario-de-adviento\\\/#primaryimage\"},\"thumbnailUrl\":\"https:\\\/\\\/alume.org\\\/wp-content\\\/uploads\\\/2021\\\/12\\\/1638378804534.jpg\",\"datePublished\":\"2021-12-10T12:34:24+00:00\",\"author\":{\"@id\":\"https:\\\/\\\/alume.org\\\/es\\\/#\\\/schema\\\/person\\\/6e8d9dc61906f446062bcd178142786e\"},\"breadcrumb\":{\"@id\":\"https:\\\/\\\/alume.org\\\/es\\\/calendario-de-adviento\\\/#breadcrumb\"},\"inLanguage\":\"es\",\"potentialAction\":[{\"@type\":\"ReadAction\",\"target\":[\"https:\\\/\\\/alume.org\\\/es\\\/calendario-de-adviento\\\/\"]}]},{\"@type\":\"ImageObject\",\"inLanguage\":\"es\",\"@id\":\"https:\\\/\\\/alume.org\\\/es\\\/calendario-de-adviento\\\/#primaryimage\",\"url\":\"https:\\\/\\\/alume.org\\\/wp-content\\\/uploads\\\/2021\\\/12\\\/1638378804534.jpg\",\"contentUrl\":\"https:\\\/\\\/alume.org\\\/wp-content\\\/uploads\\\/2021\\\/12\\\/1638378804534.jpg\",\"width\":1024,\"height\":473},{\"@type\":\"BreadcrumbList\",\"@id\":\"https:\\\/\\\/alume.org\\\/es\\\/calendario-de-adviento\\\/#breadcrumb\",\"itemListElement\":[{\"@type\":\"ListItem\",\"position\":1,\"name\":\"Portada\",\"item\":\"https:\\\/\\\/alume.org\\\/es\\\/\"},{\"@type\":\"ListItem\",\"position\":2,\"name\":\"Calendario de Adviento\"}]},{\"@type\":\"WebSite\",\"@id\":\"https:\\\/\\\/alume.org\\\/es\\\/#website\",\"url\":\"https:\\\/\\\/alume.org\\\/es\\\/\",\"name\":\"Alume\",\"description\":\"Sa\u00fade Mental\",\"potentialAction\":[{\"@type\":\"SearchAction\",\"target\":{\"@type\":\"EntryPoint\",\"urlTemplate\":\"https:\\\/\\\/alume.org\\\/es\\\/?s={search_term_string}\"},\"query-input\":{\"@type\":\"PropertyValueSpecification\",\"valueRequired\":true,\"valueName\":\"search_term_string\"}}],\"inLanguage\":\"es\"},{\"@type\":\"Person\",\"@id\":\"https:\\\/\\\/alume.org\\\/es\\\/#\\\/schema\\\/person\\\/6e8d9dc61906f446062bcd178142786e\",\"name\":\"alume\"}]}<\/script>\n<!-- \/ Yoast SEO plugin. -->","yoast_head_json":{"title":"Calendario de Adviento - Alume","robots":{"index":"index","follow":"follow","max-snippet":"max-snippet:-1","max-image-preview":"max-image-preview:large","max-video-preview":"max-video-preview:-1"},"canonical":"https:\/\/alume.org\/es\/calendario-de-adviento\/","og_locale":"es_ES","og_type":"article","og_title":"Calendario de Adviento - Alume","og_description":"Esta Navidad propusimos como iniciativa hacer un Calendario de Adviento para que los\/las nuestros\/las usuarios\/las pudieran recibir un regalo en estas fechas. Hoy fue el primer d\u00eda que se inici\u00f3 la apertura y entrega de detalles, a lo que accede por sorteo, evidentemente aquel que recibe regalo un d\u00eda ya no vuelve a participar en [&hellip;]","og_url":"https:\/\/alume.org\/es\/calendario-de-adviento\/","og_site_name":"Alume","article_published_time":"2021-12-10T12:34:24+00:00","og_image":[{"width":1024,"height":473,"url":"https:\/\/alume.org\/wp-content\/uploads\/2021\/12\/1638378804534.jpg","type":"image\/jpeg"}],"author":"alume","twitter_card":"summary_large_image","twitter_misc":{"Escrito por":"alume","Tiempo de lectura":"1 minuto"},"schema":{"@context":"https:\/\/schema.org","@graph":[{"@type":"Article","@id":"https:\/\/alume.org\/es\/calendario-de-adviento\/#article","isPartOf":{"@id":"https:\/\/alume.org\/es\/calendario-de-adviento\/"},"author":{"name":"alume","@id":"https:\/\/alume.org\/es\/#\/schema\/person\/6e8d9dc61906f446062bcd178142786e"},"headline":"Calendario de Adviento","datePublished":"2021-12-10T12:34:24+00:00","mainEntityOfPage":{"@id":"https:\/\/alume.org\/es\/calendario-de-adviento\/"},"wordCount":106,"image":{"@id":"https:\/\/alume.org\/es\/calendario-de-adviento\/#primaryimage"},"thumbnailUrl":"https:\/\/alume.org\/wp-content\/uploads\/2021\/12\/1638378804534.jpg","articleSection":["Novas"],"inLanguage":"es"},{"@type":"WebPage","@id":"https:\/\/alume.org\/es\/calendario-de-adviento\/","url":"https:\/\/alume.org\/es\/calendario-de-adviento\/","name":"Calendario de Adviento - Alume","isPartOf":{"@id":"https:\/\/alume.org\/es\/#website"},"primaryImageOfPage":{"@id":"https:\/\/alume.org\/es\/calendario-de-adviento\/#primaryimage"},"image":{"@id":"https:\/\/alume.org\/es\/calendario-de-adviento\/#primaryimage"},"thumbnailUrl":"https:\/\/alume.org\/wp-content\/uploads\/2021\/12\/1638378804534.jpg","datePublished":"2021-12-10T12:34:24+00:00","author":{"@id":"https:\/\/alume.org\/es\/#\/schema\/person\/6e8d9dc61906f446062bcd178142786e"},"breadcrumb":{"@id":"https:\/\/alume.org\/es\/calendario-de-adviento\/#breadcrumb"},"inLanguage":"es","potentialAction":[{"@type":"ReadAction","target":["https:\/\/alume.org\/es\/calendario-de-adviento\/"]}]},{"@type":"ImageObject","inLanguage":"es","@id":"https:\/\/alume.org\/es\/calendario-de-adviento\/#primaryimage","url":"https:\/\/alume.org\/wp-content\/uploads\/2021\/12\/1638378804534.jpg","contentUrl":"https:\/\/alume.org\/wp-content\/uploads\/2021\/12\/1638378804534.jpg","width":1024,"height":473},{"@type":"BreadcrumbList","@id":"https:\/\/alume.org\/es\/calendario-de-adviento\/#breadcrumb","itemListElement":[{"@type":"ListItem","position":1,"name":"Portada","item":"https:\/\/alume.org\/es\/"},{"@type":"ListItem","position":2,"name":"Calendario de Adviento"}]},{"@type":"WebSite","@id":"https:\/\/alume.org\/es\/#website","url":"https:\/\/alume.org\/es\/","name":"Alume","description":"Sa\u00fade Mental","potentialAction":[{"@type":"SearchAction","target":{"@type":"EntryPoint","urlTemplate":"https:\/\/alume.org\/es\/?s={search_term_string}"},"query-input":{"@type":"PropertyValueSpecification","valueRequired":true,"valueName":"search_term_string"}}],"inLanguage":"es"},{"@type":"Person","@id":"https:\/\/alume.org\/es\/#\/schema\/person\/6e8d9dc61906f446062bcd178142786e","name":"alume"}]}},"_links":{"self":[{"href":"https:\/\/alume.org\/es\/wp-json\/wp\/v2\/posts\/6003","targetHints":{"allow":["GET"]}}],"collection":[{"href":"https:\/\/alume.org\/es\/wp-json\/wp\/v2\/posts"}],"about":[{"href":"https:\/\/alume.org\/es\/wp-json\/wp\/v2\/types\/post"}],"author":[{"embeddable":true,"href":"https:\/\/alume.org\/es\/wp-json\/wp\/v2\/users\/1"}],"replies":[{"embeddable":true,"href":"https:\/\/alume.org\/es\/wp-json\/wp\/v2\/comments?post=6003"}],"version-history":[{"count":6,"href":"https:\/\/alume.org\/es\/wp-json\/wp\/v2\/posts\/6003\/revisions"}],"predecessor-version":[{"id":6019,"href":"https:\/\/alume.org\/es\/wp-json\/wp\/v2\/posts\/6003\/revisions\/6019"}],"wp:featuredmedia":[{"embeddable":true,"href":"https:\/\/alume.org\/es\/wp-json\/wp\/v2\/media\/6005"}],"wp:attachment":[{"href":"https:\/\/alume.org\/es\/wp-json\/wp\/v2\/media?parent=6003"}],"wp:term":[{"taxonomy":"category","embeddable":true,"href":"https:\/\/alume.org\/es\/wp-json\/wp\/v2\/categories?post=6003"},{"taxonomy":"post_tag","embeddable":true,"href":"https:\/\/alume.org\/es\/wp-json\/wp\/v2\/tags?post=6003"}],"curies":[{"name":"wp","href":"https:\/\/api.w.org\/{rel}","templated":true}]}}