{"id":75,"date":"2016-04-11T11:49:49","date_gmt":"2016-04-11T11:49:49","guid":{"rendered":"http:\/\/nueva.alume.org\/?p=75"},"modified":"2016-06-21T11:00:34","modified_gmt":"2016-06-21T11:00:34","slug":"asambleas2016","status":"publish","type":"post","link":"https:\/\/alume.org\/es\/asambleas2016\/","title":{"rendered":"Asambleas xeral e ordinaria o d\u00eda 27 de abril"},"content":{"rendered":"<p><strong>Asamblea Xeral Ordinaria de ALUME<\/strong><\/p>\n<p>De conformidade c\u00f3 previsto no artigo 21 dos Estatutos da nosa asociaci\u00f3n, procedo a convocar a Asamblea Xeral Ordinaria de Alume, que se celebrar\u00e1 o d\u00eda 27 de abril de 2016 \u00e1s 18:30 horas en primeira convocatoria e, no seu caso, \u00e1s 19:00 horas en segunda convocatoria, na sede social de Alume (r\u00faa Nicomedes Pastor D\u00edaz, 6-8, baixo, de Lugo) para tratar os seguintes asuntos:<\/p>\n<p>Orde do d\u00eda<br \/>\n1.- Lectura e aprobaci\u00f3n, se procede, da acta da sesi\u00f3n anterior.<br \/>\n2.- Informe de actividades anual.<br \/>\n3.- Informe econ\u00f3mico do exercicio 2015.<br \/>\n4.- Orzamento do exercicio 2016.<br \/>\n5.- Rogos e preguntas.<\/p>\n<p><strong>Asamblea Xeral Extraordinaria de ALUME<\/strong><\/p>\n<p>De conformidade c\u00f3 previsto no artigo 21 dos Estatutos da nosa asociaci\u00f3n, procedo a convocar a Asamblea Xeral Extraordinaria de Alume, que se celebrar\u00e1 o d\u00eda 27 de abril de 2016 \u00e1s 18:45 horas en primeira convocatoria e, no seu caso, \u00e1s 19:15 horas en segunda convocatoria, na sede social de Alume (r\u00faa Nicomedes Pastor D\u00edaz, 6-8, baixo, de Lugo) para tratar os seguintes asuntos:<\/p>\n<p>Orde do d\u00eda<br \/>\n1.- Baixa de socios.<\/p>\n<p>En Lugo, a 11 de abril de 2016<\/p>\n<p>O presidente<\/p>\n","protected":false},"excerpt":{"rendered":"<p>Asamblea Xeral Ordinaria de ALUME De conformidade c\u00f3 previsto no artigo 21 dos Estatutos da nosa asociaci\u00f3n, procedo a convocar a Asamblea Xeral Ordinaria de Alume, que se celebrar\u00e1 o d\u00eda 27 de abril de 2016 \u00e1s 18:30 horas en primeira convocatoria e, no seu caso, \u00e1s 19:00 horas en segunda convocatoria, na sede social [&hellip;]<\/p>\n","protected":false},"author":1,"featured_media":4632,"comment_status":"open","ping_status":"closed","sticky":false,"template":"","format":"standard","meta":{"ngg_post_thumbnail":0,"footnotes":""},"categories":[62,1],"tags":[],"class_list":{"0":"post-75","1":"post","2":"type-post","3":"status-publish","4":"format-standard","5":"has-post-thumbnail","7":"category-novas","8":"category-uncategorized-gl"},"yoast_head":"<!-- This site is optimized with the Yoast SEO plugin v27.5 - https:\/\/yoast.com\/product\/yoast-seo-wordpress\/ -->\n<title>Asambleas xeral e ordinaria o d\u00eda 27 de abril - Alume<\/title>\n<meta name=\"robots\" content=\"index, follow, max-snippet:-1, max-image-preview:large, max-video-preview:-1\" \/>\n<link rel=\"canonical\" href=\"https:\/\/alume.org\/asambleas2016\/\" \/>\n<meta property=\"og:locale\" content=\"es_ES\" \/>\n<meta property=\"og:type\" content=\"article\" \/>\n<meta property=\"og:title\" content=\"Asambleas xeral e ordinaria o d\u00eda 27 de abril - Alume\" \/>\n<meta property=\"og:description\" content=\"Asamblea Xeral Ordinaria de ALUME De conformidade c\u00f3 previsto no artigo 21 dos Estatutos da nosa asociaci\u00f3n, procedo a convocar a Asamblea Xeral Ordinaria de Alume, que se celebrar\u00e1 o d\u00eda 27 de abril de 2016 \u00e1s 18:30 horas en primeira convocatoria e, no seu caso, \u00e1s 19:00 horas en segunda convocatoria, na sede social [&hellip;]\" \/>\n<meta property=\"og:url\" content=\"https:\/\/alume.org\/asambleas2016\/\" \/>\n<meta property=\"og:site_name\" content=\"Alume\" \/>\n<meta property=\"article:published_time\" content=\"2016-04-11T11:49:49+00:00\" \/>\n<meta property=\"article:modified_time\" content=\"2016-06-21T11:00:34+00:00\" \/>\n<meta property=\"og:image\" content=\"https:\/\/alume.org\/wp-content\/uploads\/2015\/10\/IMG_20131008_182428.jpg\" \/>\n\t<meta property=\"og:image:width\" content=\"1024\" \/>\n\t<meta property=\"og:image:height\" content=\"768\" \/>\n\t<meta property=\"og:image:type\" content=\"image\/jpeg\" \/>\n<meta name=\"author\" content=\"alume\" \/>\n<meta name=\"twitter:card\" content=\"summary_large_image\" \/>\n<meta name=\"twitter:label1\" content=\"Escrito por\" \/>\n\t<meta name=\"twitter:data1\" content=\"alume\" \/>\n\t<meta name=\"twitter:label2\" content=\"Tiempo de lectura\" \/>\n\t<meta name=\"twitter:data2\" content=\"1 minuto\" \/>\n<script type=\"application\/ld+json\" class=\"yoast-schema-graph\">{\"@context\":\"https:\\\/\\\/schema.org\",\"@graph\":[{\"@type\":\"Article\",\"@id\":\"https:\\\/\\\/alume.org\\\/asambleas2016\\\/#article\",\"isPartOf\":{\"@id\":\"https:\\\/\\\/alume.org\\\/asambleas2016\\\/\"},\"author\":{\"name\":\"alume\",\"@id\":\"https:\\\/\\\/alume.org\\\/es\\\/#\\\/schema\\\/person\\\/6e8d9dc61906f446062bcd178142786e\"},\"headline\":\"Asambleas xeral e ordinaria o d\u00eda 27 de abril\",\"datePublished\":\"2016-04-11T11:49:49+00:00\",\"dateModified\":\"2016-06-21T11:00:34+00:00\",\"mainEntityOfPage\":{\"@id\":\"https:\\\/\\\/alume.org\\\/asambleas2016\\\/\"},\"wordCount\":199,\"commentCount\":0,\"image\":{\"@id\":\"https:\\\/\\\/alume.org\\\/asambleas2016\\\/#primaryimage\"},\"thumbnailUrl\":\"https:\\\/\\\/alume.org\\\/wp-content\\\/uploads\\\/2015\\\/10\\\/IMG_20131008_182428.jpg\",\"articleSection\":[\"Novas\",\"Uncategorized @gl\"],\"inLanguage\":\"es\",\"potentialAction\":[{\"@type\":\"CommentAction\",\"name\":\"Comment\",\"target\":[\"https:\\\/\\\/alume.org\\\/asambleas2016\\\/#respond\"]}]},{\"@type\":\"WebPage\",\"@id\":\"https:\\\/\\\/alume.org\\\/asambleas2016\\\/\",\"url\":\"https:\\\/\\\/alume.org\\\/asambleas2016\\\/\",\"name\":\"Asambleas xeral e ordinaria o d\u00eda 27 de abril - Alume\",\"isPartOf\":{\"@id\":\"https:\\\/\\\/alume.org\\\/es\\\/#website\"},\"primaryImageOfPage\":{\"@id\":\"https:\\\/\\\/alume.org\\\/asambleas2016\\\/#primaryimage\"},\"image\":{\"@id\":\"https:\\\/\\\/alume.org\\\/asambleas2016\\\/#primaryimage\"},\"thumbnailUrl\":\"https:\\\/\\\/alume.org\\\/wp-content\\\/uploads\\\/2015\\\/10\\\/IMG_20131008_182428.jpg\",\"datePublished\":\"2016-04-11T11:49:49+00:00\",\"dateModified\":\"2016-06-21T11:00:34+00:00\",\"author\":{\"@id\":\"https:\\\/\\\/alume.org\\\/es\\\/#\\\/schema\\\/person\\\/6e8d9dc61906f446062bcd178142786e\"},\"breadcrumb\":{\"@id\":\"https:\\\/\\\/alume.org\\\/asambleas2016\\\/#breadcrumb\"},\"inLanguage\":\"es\",\"potentialAction\":[{\"@type\":\"ReadAction\",\"target\":[\"https:\\\/\\\/alume.org\\\/asambleas2016\\\/\"]}]},{\"@type\":\"ImageObject\",\"inLanguage\":\"es\",\"@id\":\"https:\\\/\\\/alume.org\\\/asambleas2016\\\/#primaryimage\",\"url\":\"https:\\\/\\\/alume.org\\\/wp-content\\\/uploads\\\/2015\\\/10\\\/IMG_20131008_182428.jpg\",\"contentUrl\":\"https:\\\/\\\/alume.org\\\/wp-content\\\/uploads\\\/2015\\\/10\\\/IMG_20131008_182428.jpg\",\"width\":1024,\"height\":768,\"caption\":\"Sede de Alume\"},{\"@type\":\"BreadcrumbList\",\"@id\":\"https:\\\/\\\/alume.org\\\/asambleas2016\\\/#breadcrumb\",\"itemListElement\":[{\"@type\":\"ListItem\",\"position\":1,\"name\":\"Portada\",\"item\":\"https:\\\/\\\/alume.org\\\/es\\\/\"},{\"@type\":\"ListItem\",\"position\":2,\"name\":\"Asambleas xeral e ordinaria o d\u00eda 27 de abril\"}]},{\"@type\":\"WebSite\",\"@id\":\"https:\\\/\\\/alume.org\\\/es\\\/#website\",\"url\":\"https:\\\/\\\/alume.org\\\/es\\\/\",\"name\":\"Alume\",\"description\":\"Sa\u00fade Mental\",\"potentialAction\":[{\"@type\":\"SearchAction\",\"target\":{\"@type\":\"EntryPoint\",\"urlTemplate\":\"https:\\\/\\\/alume.org\\\/es\\\/?s={search_term_string}\"},\"query-input\":{\"@type\":\"PropertyValueSpecification\",\"valueRequired\":true,\"valueName\":\"search_term_string\"}}],\"inLanguage\":\"es\"},{\"@type\":\"Person\",\"@id\":\"https:\\\/\\\/alume.org\\\/es\\\/#\\\/schema\\\/person\\\/6e8d9dc61906f446062bcd178142786e\",\"name\":\"alume\"}]}<\/script>\n<!-- \/ Yoast SEO plugin. -->","yoast_head_json":{"title":"Asambleas xeral e ordinaria o d\u00eda 27 de abril - Alume","robots":{"index":"index","follow":"follow","max-snippet":"max-snippet:-1","max-image-preview":"max-image-preview:large","max-video-preview":"max-video-preview:-1"},"canonical":"https:\/\/alume.org\/asambleas2016\/","og_locale":"es_ES","og_type":"article","og_title":"Asambleas xeral e ordinaria o d\u00eda 27 de abril - Alume","og_description":"Asamblea Xeral Ordinaria de ALUME De conformidade c\u00f3 previsto no artigo 21 dos Estatutos da nosa asociaci\u00f3n, procedo a convocar a Asamblea Xeral Ordinaria de Alume, que se celebrar\u00e1 o d\u00eda 27 de abril de 2016 \u00e1s 18:30 horas en primeira convocatoria e, no seu caso, \u00e1s 19:00 horas en segunda convocatoria, na sede social [&hellip;]","og_url":"https:\/\/alume.org\/asambleas2016\/","og_site_name":"Alume","article_published_time":"2016-04-11T11:49:49+00:00","article_modified_time":"2016-06-21T11:00:34+00:00","og_image":[{"width":1024,"height":768,"url":"https:\/\/alume.org\/wp-content\/uploads\/2015\/10\/IMG_20131008_182428.jpg","type":"image\/jpeg"}],"author":"alume","twitter_card":"summary_large_image","twitter_misc":{"Escrito por":"alume","Tiempo de lectura":"1 minuto"},"schema":{"@context":"https:\/\/schema.org","@graph":[{"@type":"Article","@id":"https:\/\/alume.org\/asambleas2016\/#article","isPartOf":{"@id":"https:\/\/alume.org\/asambleas2016\/"},"author":{"name":"alume","@id":"https:\/\/alume.org\/es\/#\/schema\/person\/6e8d9dc61906f446062bcd178142786e"},"headline":"Asambleas xeral e ordinaria o d\u00eda 27 de abril","datePublished":"2016-04-11T11:49:49+00:00","dateModified":"2016-06-21T11:00:34+00:00","mainEntityOfPage":{"@id":"https:\/\/alume.org\/asambleas2016\/"},"wordCount":199,"commentCount":0,"image":{"@id":"https:\/\/alume.org\/asambleas2016\/#primaryimage"},"thumbnailUrl":"https:\/\/alume.org\/wp-content\/uploads\/2015\/10\/IMG_20131008_182428.jpg","articleSection":["Novas","Uncategorized @gl"],"inLanguage":"es","potentialAction":[{"@type":"CommentAction","name":"Comment","target":["https:\/\/alume.org\/asambleas2016\/#respond"]}]},{"@type":"WebPage","@id":"https:\/\/alume.org\/asambleas2016\/","url":"https:\/\/alume.org\/asambleas2016\/","name":"Asambleas xeral e ordinaria o d\u00eda 27 de abril - Alume","isPartOf":{"@id":"https:\/\/alume.org\/es\/#website"},"primaryImageOfPage":{"@id":"https:\/\/alume.org\/asambleas2016\/#primaryimage"},"image":{"@id":"https:\/\/alume.org\/asambleas2016\/#primaryimage"},"thumbnailUrl":"https:\/\/alume.org\/wp-content\/uploads\/2015\/10\/IMG_20131008_182428.jpg","datePublished":"2016-04-11T11:49:49+00:00","dateModified":"2016-06-21T11:00:34+00:00","author":{"@id":"https:\/\/alume.org\/es\/#\/schema\/person\/6e8d9dc61906f446062bcd178142786e"},"breadcrumb":{"@id":"https:\/\/alume.org\/asambleas2016\/#breadcrumb"},"inLanguage":"es","potentialAction":[{"@type":"ReadAction","target":["https:\/\/alume.org\/asambleas2016\/"]}]},{"@type":"ImageObject","inLanguage":"es","@id":"https:\/\/alume.org\/asambleas2016\/#primaryimage","url":"https:\/\/alume.org\/wp-content\/uploads\/2015\/10\/IMG_20131008_182428.jpg","contentUrl":"https:\/\/alume.org\/wp-content\/uploads\/2015\/10\/IMG_20131008_182428.jpg","width":1024,"height":768,"caption":"Sede de Alume"},{"@type":"BreadcrumbList","@id":"https:\/\/alume.org\/asambleas2016\/#breadcrumb","itemListElement":[{"@type":"ListItem","position":1,"name":"Portada","item":"https:\/\/alume.org\/es\/"},{"@type":"ListItem","position":2,"name":"Asambleas xeral e ordinaria o d\u00eda 27 de abril"}]},{"@type":"WebSite","@id":"https:\/\/alume.org\/es\/#website","url":"https:\/\/alume.org\/es\/","name":"Alume","description":"Sa\u00fade Mental","potentialAction":[{"@type":"SearchAction","target":{"@type":"EntryPoint","urlTemplate":"https:\/\/alume.org\/es\/?s={search_term_string}"},"query-input":{"@type":"PropertyValueSpecification","valueRequired":true,"valueName":"search_term_string"}}],"inLanguage":"es"},{"@type":"Person","@id":"https:\/\/alume.org\/es\/#\/schema\/person\/6e8d9dc61906f446062bcd178142786e","name":"alume"}]}},"_links":{"self":[{"href":"https:\/\/alume.org\/es\/wp-json\/wp\/v2\/posts\/75","targetHints":{"allow":["GET"]}}],"collection":[{"href":"https:\/\/alume.org\/es\/wp-json\/wp\/v2\/posts"}],"about":[{"href":"https:\/\/alume.org\/es\/wp-json\/wp\/v2\/types\/post"}],"author":[{"embeddable":true,"href":"https:\/\/alume.org\/es\/wp-json\/wp\/v2\/users\/1"}],"replies":[{"embeddable":true,"href":"https:\/\/alume.org\/es\/wp-json\/wp\/v2\/comments?post=75"}],"version-history":[{"count":0,"href":"https:\/\/alume.org\/es\/wp-json\/wp\/v2\/posts\/75\/revisions"}],"wp:featuredmedia":[{"embeddable":true,"href":"https:\/\/alume.org\/es\/wp-json\/wp\/v2\/media\/4632"}],"wp:attachment":[{"href":"https:\/\/alume.org\/es\/wp-json\/wp\/v2\/media?parent=75"}],"wp:term":[{"taxonomy":"category","embeddable":true,"href":"https:\/\/alume.org\/es\/wp-json\/wp\/v2\/categories?post=75"},{"taxonomy":"post_tag","embeddable":true,"href":"https:\/\/alume.org\/es\/wp-json\/wp\/v2\/tags?post=75"}],"curies":[{"name":"wp","href":"https:\/\/api.w.org\/{rel}","templated":true}]}}