{"id":8690,"date":"2023-04-11T11:48:07","date_gmt":"2023-04-11T09:48:07","guid":{"rendered":"https:\/\/alume.org\/?p=8690"},"modified":"2023-10-10T13:44:23","modified_gmt":"2023-10-10T11:44:23","slug":"asamblea-ordinaria-e-extraordinaria-26-de-abril-de-2023","status":"publish","type":"post","link":"https:\/\/alume.org\/es\/asamblea-ordinaria-e-extraordinaria-26-de-abril-de-2023\/","title":{"rendered":"Asamblea Ordinaria e Extraordinaria &#8211; 26 de Abril de 2023"},"content":{"rendered":"<p>Conv\u00f3case Asamblea Ordinaria e Extraordinaria de Socios de Alume Sa\u00fade Mental<\/p>\n<p><strong>Asamblea Ordinaria<\/strong><br \/>\nData: Mi\u00e9rcoles, 26 de abril de 2023<br \/>\nHora primeira convocatoria: 16:00 horas.<br \/>\nHora segunda convocatoria: 16:30 horas.<br \/>\nLugar: Sede de Alume. R\u00faa Illa Coelleira, 3, Lugo.<\/p>\n<p><strong>Orde do D\u00eda:<\/strong><br \/>\n1.- Lectura e aprobaci\u00f3n, se procede, da acta da sesi\u00f3n anterior<br \/>\n2.- Presentaci\u00f3n memoria 2022<br \/>\n3.- Contas anuais 2022<br \/>\n4.- Plan de actividades 2023<br \/>\n5.- Orzamento 2023<br \/>\n6.- Rogos e preguntas&nbsp;<\/p>\n<p><strong>Asamblea Extraordinaria<\/strong><br \/>\nData: Mi\u00e9rcoles, 26 de abril de 2023<br \/>\nHora primeira convocatoria: 16:15 horas.<br \/>\nHora segunda convocatoria: 16:45 horas.<br \/>\nLugar: Sede de Alume. R\u00faa Illa Coelleira, 3, Lugo.<\/p>\n<p><strong>Orde do D\u00eda:<\/strong><br \/>\n1.- Lectura e aprobaci\u00f3n, se procede, da acta da sesi\u00f3n anterior<br \/>\n2.- Proposta para modificaci\u00f3n de estatutos.<br \/>\n3.- Elecci\u00f3n de Xunta Directiva<\/p>\n<p><strong><em>O presidente,<\/em><\/strong><br \/>\n<em>Manuel Fern\u00e1ndez Prado<\/em><\/p>\n","protected":false},"excerpt":{"rendered":"<p>Conv\u00f3case Asamblea Ordinaria e Extraordinaria de Socios de Alume Sa\u00fade Mental Asamblea Ordinaria Data: Mi\u00e9rcoles, 26 de abril de 2023 Hora primeira convocatoria: 16:00 horas. Hora segunda convocatoria: 16:30 horas. Lugar: Sede de Alume. R\u00faa Illa Coelleira, 3, Lugo. Orde do D\u00eda: 1.- Lectura e aprobaci\u00f3n, se procede, da acta da sesi\u00f3n anterior 2.- Presentaci\u00f3n [&hellip;]<\/p>\n","protected":false},"author":1,"featured_media":0,"comment_status":"closed","ping_status":"closed","sticky":false,"template":"","format":"standard","meta":{"ngg_post_thumbnail":0,"footnotes":""},"categories":[62],"tags":[],"class_list":{"0":"post-8690","1":"post","2":"type-post","3":"status-publish","4":"format-standard","6":"category-novas"},"yoast_head":"<!-- This site is optimized with the Yoast SEO plugin v27.5 - https:\/\/yoast.com\/product\/yoast-seo-wordpress\/ -->\n<title>Asamblea Ordinaria e Extraordinaria - 26 de Abril de 2023 - Alume<\/title>\n<meta name=\"robots\" content=\"index, follow, max-snippet:-1, max-image-preview:large, max-video-preview:-1\" \/>\n<link rel=\"canonical\" href=\"https:\/\/alume.org\/asamblea-ordinaria-e-extraordinaria-26-de-abril-de-2023\/\" \/>\n<meta property=\"og:locale\" content=\"es_ES\" \/>\n<meta property=\"og:type\" content=\"article\" \/>\n<meta property=\"og:title\" content=\"Asamblea Ordinaria e Extraordinaria - 26 de Abril de 2023 - Alume\" \/>\n<meta property=\"og:description\" content=\"Conv\u00f3case Asamblea Ordinaria e Extraordinaria de Socios de Alume Sa\u00fade Mental Asamblea Ordinaria Data: Mi\u00e9rcoles, 26 de abril de 2023 Hora primeira convocatoria: 16:00 horas. Hora segunda convocatoria: 16:30 horas. Lugar: Sede de Alume. R\u00faa Illa Coelleira, 3, Lugo. Orde do D\u00eda: 1.- Lectura e aprobaci\u00f3n, se procede, da acta da sesi\u00f3n anterior 2.- Presentaci\u00f3n [&hellip;]\" \/>\n<meta property=\"og:url\" content=\"https:\/\/alume.org\/asamblea-ordinaria-e-extraordinaria-26-de-abril-de-2023\/\" \/>\n<meta property=\"og:site_name\" content=\"Alume\" \/>\n<meta property=\"article:published_time\" content=\"2023-04-11T09:48:07+00:00\" \/>\n<meta property=\"article:modified_time\" content=\"2023-10-10T11:44:23+00:00\" \/>\n<meta name=\"author\" content=\"alume\" \/>\n<meta name=\"twitter:card\" content=\"summary_large_image\" \/>\n<meta name=\"twitter:label1\" content=\"Escrito por\" \/>\n\t<meta name=\"twitter:data1\" content=\"alume\" \/>\n\t<meta name=\"twitter:label2\" content=\"Tiempo de lectura\" \/>\n\t<meta name=\"twitter:data2\" content=\"1 minuto\" \/>\n<script type=\"application\/ld+json\" class=\"yoast-schema-graph\">{\"@context\":\"https:\\\/\\\/schema.org\",\"@graph\":[{\"@type\":\"Article\",\"@id\":\"https:\\\/\\\/alume.org\\\/asamblea-ordinaria-e-extraordinaria-26-de-abril-de-2023\\\/#article\",\"isPartOf\":{\"@id\":\"https:\\\/\\\/alume.org\\\/asamblea-ordinaria-e-extraordinaria-26-de-abril-de-2023\\\/\"},\"author\":{\"name\":\"alume\",\"@id\":\"https:\\\/\\\/alume.org\\\/es\\\/#\\\/schema\\\/person\\\/6e8d9dc61906f446062bcd178142786e\"},\"headline\":\"Asamblea Ordinaria e Extraordinaria &#8211; 26 de Abril de 2023\",\"datePublished\":\"2023-04-11T09:48:07+00:00\",\"dateModified\":\"2023-10-10T11:44:23+00:00\",\"mainEntityOfPage\":{\"@id\":\"https:\\\/\\\/alume.org\\\/asamblea-ordinaria-e-extraordinaria-26-de-abril-de-2023\\\/\"},\"wordCount\":142,\"articleSection\":[\"Novas\"],\"inLanguage\":\"es\"},{\"@type\":\"WebPage\",\"@id\":\"https:\\\/\\\/alume.org\\\/asamblea-ordinaria-e-extraordinaria-26-de-abril-de-2023\\\/\",\"url\":\"https:\\\/\\\/alume.org\\\/asamblea-ordinaria-e-extraordinaria-26-de-abril-de-2023\\\/\",\"name\":\"Asamblea Ordinaria e Extraordinaria - 26 de Abril de 2023 - Alume\",\"isPartOf\":{\"@id\":\"https:\\\/\\\/alume.org\\\/es\\\/#website\"},\"datePublished\":\"2023-04-11T09:48:07+00:00\",\"dateModified\":\"2023-10-10T11:44:23+00:00\",\"author\":{\"@id\":\"https:\\\/\\\/alume.org\\\/es\\\/#\\\/schema\\\/person\\\/6e8d9dc61906f446062bcd178142786e\"},\"breadcrumb\":{\"@id\":\"https:\\\/\\\/alume.org\\\/asamblea-ordinaria-e-extraordinaria-26-de-abril-de-2023\\\/#breadcrumb\"},\"inLanguage\":\"es\",\"potentialAction\":[{\"@type\":\"ReadAction\",\"target\":[\"https:\\\/\\\/alume.org\\\/asamblea-ordinaria-e-extraordinaria-26-de-abril-de-2023\\\/\"]}]},{\"@type\":\"BreadcrumbList\",\"@id\":\"https:\\\/\\\/alume.org\\\/asamblea-ordinaria-e-extraordinaria-26-de-abril-de-2023\\\/#breadcrumb\",\"itemListElement\":[{\"@type\":\"ListItem\",\"position\":1,\"name\":\"Portada\",\"item\":\"https:\\\/\\\/alume.org\\\/es\\\/\"},{\"@type\":\"ListItem\",\"position\":2,\"name\":\"Asamblea Ordinaria e Extraordinaria &#8211; 26 de Abril de 2023\"}]},{\"@type\":\"WebSite\",\"@id\":\"https:\\\/\\\/alume.org\\\/es\\\/#website\",\"url\":\"https:\\\/\\\/alume.org\\\/es\\\/\",\"name\":\"Alume\",\"description\":\"Sa\u00fade Mental\",\"potentialAction\":[{\"@type\":\"SearchAction\",\"target\":{\"@type\":\"EntryPoint\",\"urlTemplate\":\"https:\\\/\\\/alume.org\\\/es\\\/?s={search_term_string}\"},\"query-input\":{\"@type\":\"PropertyValueSpecification\",\"valueRequired\":true,\"valueName\":\"search_term_string\"}}],\"inLanguage\":\"es\"},{\"@type\":\"Person\",\"@id\":\"https:\\\/\\\/alume.org\\\/es\\\/#\\\/schema\\\/person\\\/6e8d9dc61906f446062bcd178142786e\",\"name\":\"alume\"}]}<\/script>\n<!-- \/ Yoast SEO plugin. -->","yoast_head_json":{"title":"Asamblea Ordinaria e Extraordinaria - 26 de Abril de 2023 - Alume","robots":{"index":"index","follow":"follow","max-snippet":"max-snippet:-1","max-image-preview":"max-image-preview:large","max-video-preview":"max-video-preview:-1"},"canonical":"https:\/\/alume.org\/asamblea-ordinaria-e-extraordinaria-26-de-abril-de-2023\/","og_locale":"es_ES","og_type":"article","og_title":"Asamblea Ordinaria e Extraordinaria - 26 de Abril de 2023 - Alume","og_description":"Conv\u00f3case Asamblea Ordinaria e Extraordinaria de Socios de Alume Sa\u00fade Mental Asamblea Ordinaria Data: Mi\u00e9rcoles, 26 de abril de 2023 Hora primeira convocatoria: 16:00 horas. Hora segunda convocatoria: 16:30 horas. Lugar: Sede de Alume. R\u00faa Illa Coelleira, 3, Lugo. Orde do D\u00eda: 1.- Lectura e aprobaci\u00f3n, se procede, da acta da sesi\u00f3n anterior 2.- Presentaci\u00f3n [&hellip;]","og_url":"https:\/\/alume.org\/asamblea-ordinaria-e-extraordinaria-26-de-abril-de-2023\/","og_site_name":"Alume","article_published_time":"2023-04-11T09:48:07+00:00","article_modified_time":"2023-10-10T11:44:23+00:00","author":"alume","twitter_card":"summary_large_image","twitter_misc":{"Escrito por":"alume","Tiempo de lectura":"1 minuto"},"schema":{"@context":"https:\/\/schema.org","@graph":[{"@type":"Article","@id":"https:\/\/alume.org\/asamblea-ordinaria-e-extraordinaria-26-de-abril-de-2023\/#article","isPartOf":{"@id":"https:\/\/alume.org\/asamblea-ordinaria-e-extraordinaria-26-de-abril-de-2023\/"},"author":{"name":"alume","@id":"https:\/\/alume.org\/es\/#\/schema\/person\/6e8d9dc61906f446062bcd178142786e"},"headline":"Asamblea Ordinaria e Extraordinaria &#8211; 26 de Abril de 2023","datePublished":"2023-04-11T09:48:07+00:00","dateModified":"2023-10-10T11:44:23+00:00","mainEntityOfPage":{"@id":"https:\/\/alume.org\/asamblea-ordinaria-e-extraordinaria-26-de-abril-de-2023\/"},"wordCount":142,"articleSection":["Novas"],"inLanguage":"es"},{"@type":"WebPage","@id":"https:\/\/alume.org\/asamblea-ordinaria-e-extraordinaria-26-de-abril-de-2023\/","url":"https:\/\/alume.org\/asamblea-ordinaria-e-extraordinaria-26-de-abril-de-2023\/","name":"Asamblea Ordinaria e Extraordinaria - 26 de Abril de 2023 - Alume","isPartOf":{"@id":"https:\/\/alume.org\/es\/#website"},"datePublished":"2023-04-11T09:48:07+00:00","dateModified":"2023-10-10T11:44:23+00:00","author":{"@id":"https:\/\/alume.org\/es\/#\/schema\/person\/6e8d9dc61906f446062bcd178142786e"},"breadcrumb":{"@id":"https:\/\/alume.org\/asamblea-ordinaria-e-extraordinaria-26-de-abril-de-2023\/#breadcrumb"},"inLanguage":"es","potentialAction":[{"@type":"ReadAction","target":["https:\/\/alume.org\/asamblea-ordinaria-e-extraordinaria-26-de-abril-de-2023\/"]}]},{"@type":"BreadcrumbList","@id":"https:\/\/alume.org\/asamblea-ordinaria-e-extraordinaria-26-de-abril-de-2023\/#breadcrumb","itemListElement":[{"@type":"ListItem","position":1,"name":"Portada","item":"https:\/\/alume.org\/es\/"},{"@type":"ListItem","position":2,"name":"Asamblea Ordinaria e Extraordinaria &#8211; 26 de Abril de 2023"}]},{"@type":"WebSite","@id":"https:\/\/alume.org\/es\/#website","url":"https:\/\/alume.org\/es\/","name":"Alume","description":"Sa\u00fade Mental","potentialAction":[{"@type":"SearchAction","target":{"@type":"EntryPoint","urlTemplate":"https:\/\/alume.org\/es\/?s={search_term_string}"},"query-input":{"@type":"PropertyValueSpecification","valueRequired":true,"valueName":"search_term_string"}}],"inLanguage":"es"},{"@type":"Person","@id":"https:\/\/alume.org\/es\/#\/schema\/person\/6e8d9dc61906f446062bcd178142786e","name":"alume"}]}},"_links":{"self":[{"href":"https:\/\/alume.org\/es\/wp-json\/wp\/v2\/posts\/8690","targetHints":{"allow":["GET"]}}],"collection":[{"href":"https:\/\/alume.org\/es\/wp-json\/wp\/v2\/posts"}],"about":[{"href":"https:\/\/alume.org\/es\/wp-json\/wp\/v2\/types\/post"}],"author":[{"embeddable":true,"href":"https:\/\/alume.org\/es\/wp-json\/wp\/v2\/users\/1"}],"replies":[{"embeddable":true,"href":"https:\/\/alume.org\/es\/wp-json\/wp\/v2\/comments?post=8690"}],"version-history":[{"count":3,"href":"https:\/\/alume.org\/es\/wp-json\/wp\/v2\/posts\/8690\/revisions"}],"predecessor-version":[{"id":8890,"href":"https:\/\/alume.org\/es\/wp-json\/wp\/v2\/posts\/8690\/revisions\/8890"}],"wp:attachment":[{"href":"https:\/\/alume.org\/es\/wp-json\/wp\/v2\/media?parent=8690"}],"wp:term":[{"taxonomy":"category","embeddable":true,"href":"https:\/\/alume.org\/es\/wp-json\/wp\/v2\/categories?post=8690"},{"taxonomy":"post_tag","embeddable":true,"href":"https:\/\/alume.org\/es\/wp-json\/wp\/v2\/tags?post=8690"}],"curies":[{"name":"wp","href":"https:\/\/api.w.org\/{rel}","templated":true}]}}